{"id":10136,"date":"2021-05-27T13:32:57","date_gmt":"2021-05-27T11:32:57","guid":{"rendered":"http:\/\/batimedianews.com\/live\/?p=10136"},"modified":"2021-10-21T11:31:44","modified_gmt":"2021-10-21T09:31:44","slug":"actis-triso-super-12-sur-les-toits-dun-immeuble-haussmannien-quand-isolation-rime-avec-preservation-du-patrimoine","status":"publish","type":"post","link":"http:\/\/batimedianews.com\/live\/index.php\/2021\/05\/27\/actis-triso-super-12-sur-les-toits-dun-immeuble-haussmannien-quand-isolation-rime-avec-preservation-du-patrimoine\/","title":{"rendered":"ACTIS TRISO-SUPER 12 sur les toits d\u2019un immeuble haussmannien : quand isolation rime avec pr\u00e9servation du patrimoine"},"content":{"rendered":"\n<figure class=\"wp-block-image\"><img loading=\"lazy\" width=\"720\" height=\"269\" src=\"https:\/\/i0.wp.com\/batimedianews.com\/live\/wp-content\/uploads\/2021\/05\/image-264.png?resize=720%2C269\" alt=\"\" class=\"wp-image-10137\" srcset=\"https:\/\/i0.wp.com\/batimedianews.com\/live\/wp-content\/uploads\/2021\/05\/image-264.png?resize=1024%2C382 1024w, https:\/\/i0.wp.com\/batimedianews.com\/live\/wp-content\/uploads\/2021\/05\/image-264.png?resize=300%2C112 300w, https:\/\/i0.wp.com\/batimedianews.com\/live\/wp-content\/uploads\/2021\/05\/image-264.png?resize=768%2C287 768w, https:\/\/i0.wp.com\/batimedianews.com\/live\/wp-content\/uploads\/2021\/05\/image-264.png?resize=10%2C4 10w, https:\/\/i0.wp.com\/batimedianews.com\/live\/wp-content\/uploads\/2021\/05\/image-264.png?resize=432%2C161 432w, https:\/\/i0.wp.com\/batimedianews.com\/live\/wp-content\/uploads\/2021\/05\/image-264.png?resize=396%2C148 396w, https:\/\/i0.wp.com\/batimedianews.com\/live\/wp-content\/uploads\/2021\/05\/image-264.png?resize=1120%2C418 1120w, https:\/\/i0.wp.com\/batimedianews.com\/live\/wp-content\/uploads\/2021\/05\/image-264.png?resize=660%2C246 660w, https:\/\/i0.wp.com\/batimedianews.com\/live\/wp-content\/uploads\/2021\/05\/image-264.png?resize=589%2C220 589w, https:\/\/i0.wp.com\/batimedianews.com\/live\/wp-content\/uploads\/2021\/05\/image-264.png?w=1484 1484w\" sizes=\"(max-width: 600px) 91vw, (max-width: 900px) 600px, (max-width: 1060px) 50vw, (max-width: 1200px) 520px, (max-width: 1400px) 43vw, 600px\" data-recalc-dims=\"1\" \/><\/figure>\n\n\n\n<p><strong>V\u00e9ritables chefs d\u2019oeuvres architecturaux, les toitures mansard\u00e9es des immeubles haussmanniens, rev\u00eatues de zinc et d\u2019ardoise, sont class\u00e9es aux monuments historiques de Paris.<\/strong><\/p>\n\n\n\n<p><strong>La r\u00e9novation de la toiture de l\u2019une d\u2019entre-elles, situ\u00e9e dans le 17\u00e8me arrondissement, a fait l\u2019objet de tout le savoir-faire de l\u2019entreprise de couverture Le M\u00e9haut\u00e9, Compagnons du Devoir. Pour l\u2019isoler par l\u2019ext\u00e9rieur en pr\u00e9servant l\u2019esth\u00e9tique de l\u2019ensemble, elle a choisi TRISO-SUPER 12 d\u2019ACTIS, un isolant deux en un qui assure l\u2019isolation thermique et l\u2019\u00e9tanch\u00e9it\u00e9.<\/strong><\/p>\n\n\n\n<p style=\"color:#b9ab6e\" class=\"has-text-color has-medium-font-size\"><strong>UNE SOLUTION D\u2019ISOLATION MULTICOUCHES POUR UNE ESTH\u00c9TIQUE PR\u00c9SERV\u00c9E<\/strong><\/p>\n\n\n\n<p>V\u00e9tuste et mal isol\u00e9e, la toiture de 1200 m2 d\u2019un immeuble haussmannien du 17\u00e8me arrondissement de Paris n\u00e9cessitait une r\u00e9fection totale pour apporter le confort, \u00e9t\u00e9 comme hiver, \u00e0 ses r\u00e9sidents. La copropri\u00e9t\u00e9 a fait appel \u00e0 l\u2019entreprise Le M\u00e9haut\u00e9, Compagnons du Devoir, pour assurer les travaux. <\/p>\n\n\n\n<p>Celle-ci a opt\u00e9 pour TRISO SUPER 12 d\u2019ACTIS, une solution d\u2019isolation multicouches r\u00e9flecteur qu\u2019elle utilise depuis 15 ans en ext\u00e9rieur pour pr\u00e9server l\u2019esth\u00e9tique des toitures.<\/p>\n\n\n\n<p>\u00ab A performance \u00e9gale, cet isolant nous permet de ne pas trop sur\u00e9lever le toit compar\u00e9 \u00e0 un isolant plus \u00e9pais. Apr\u00e8s la pose du zinc, nous obtenons une \u00e9paisseur de 6 cm de plus que la toiture initiale \u00bb explique Cyrille Le Bris, g\u00e9rant de l\u2019entreprise.<\/p>\n\n\n\n<figure class=\"wp-block-image\"><img loading=\"lazy\" width=\"720\" height=\"235\" src=\"https:\/\/i2.wp.com\/batimedianews.com\/live\/wp-content\/uploads\/2021\/05\/image-265.png?resize=720%2C235\" alt=\"\" class=\"wp-image-10138\" srcset=\"https:\/\/i2.wp.com\/batimedianews.com\/live\/wp-content\/uploads\/2021\/05\/image-265.png?resize=1024%2C334 1024w, https:\/\/i2.wp.com\/batimedianews.com\/live\/wp-content\/uploads\/2021\/05\/image-265.png?resize=300%2C98 300w, https:\/\/i2.wp.com\/batimedianews.com\/live\/wp-content\/uploads\/2021\/05\/image-265.png?resize=768%2C250 768w, https:\/\/i2.wp.com\/batimedianews.com\/live\/wp-content\/uploads\/2021\/05\/image-265.png?resize=10%2C3 10w, https:\/\/i2.wp.com\/batimedianews.com\/live\/wp-content\/uploads\/2021\/05\/image-265.png?resize=432%2C141 432w, https:\/\/i2.wp.com\/batimedianews.com\/live\/wp-content\/uploads\/2021\/05\/image-265.png?resize=396%2C129 396w, https:\/\/i2.wp.com\/batimedianews.com\/live\/wp-content\/uploads\/2021\/05\/image-265.png?resize=1120%2C365 1120w, https:\/\/i2.wp.com\/batimedianews.com\/live\/wp-content\/uploads\/2021\/05\/image-265.png?resize=660%2C215 660w, https:\/\/i2.wp.com\/batimedianews.com\/live\/wp-content\/uploads\/2021\/05\/image-265.png?resize=675%2C220 675w, https:\/\/i2.wp.com\/batimedianews.com\/live\/wp-content\/uploads\/2021\/05\/image-265.png?w=1484 1484w\" sizes=\"(max-width: 600px) 91vw, (max-width: 900px) 600px, (max-width: 1060px) 50vw, (max-width: 1200px) 520px, (max-width: 1400px) 43vw, 600px\" data-recalc-dims=\"1\" \/><\/figure>\n\n\n\n<p style=\"color:#bcb16c\" class=\"has-text-color has-medium-font-size\"><strong>UNE SOLUTION D\u2019ISOLATION EXT\u00c9RIEURE DEUX EN UN<\/strong><\/p>\n\n\n\n<p>Solution deux en un, TRISO-SUPER 12 d\u2019ACTIS assure \u00e0 la fois l\u2019isolation thermique gr\u00e2ce \u00e0 sa performance (R = 5,25 m2.K\/W) ainsi que l\u2019\u00e9tanch\u00e9it\u00e9 \u00e0 l\u2019air, \u00e0 l\u2019eau et \u00e0 la vapeur d\u2019eau gr\u00e2ce \u00e0 la membrane r\u00e9fl\u00e9chissante qui int\u00e8gre un \u00e9cran HPV. Elle permet ainsi d\u2019\u00e9conomiser la pose d\u2019un parevapeur, d\u2019un \u00e9cran de sous-toiture ou d\u2019un \u00e9cran pare-pluie.<\/p>\n\n\n\n<p>D\u2019une \u00e9paisseur de 35 mm, TRISO-SUPER 12 b\u00e9n\u00e9ficie de 2 lames d\u2019air naturelles cr\u00e9\u00e9es par l\u2019\u00e9paisseur du chevron d\u2019une part, les liteaux de support de couverture d\u2019autre part.<\/p>\n\n\n\n<p>TRISO-SUPER 12 est agraf\u00e9 au chevron avant d\u2019\u00eatre tendu. Ses bords d\u00e9cal\u00e9s avec languette adh\u00e9sive d\u00e9bordant de 8 cm permettent d\u2019effectuer un recouvrement des l\u00e9s parfaitement \u00e9tanche, tout en simplifiant la pose. \u00ab <em>La performance et la mise en oeuvre parfaite de cet isolant multicouches r\u00e9flecteur r\u00e9side dans la lame d\u2019air qui doit \u00eatre normalement de 3 cm. Pour assurer cette circulation d\u2019air et \u00e9viter tout ph\u00e9nom\u00e8ne de condensation, nous re-chevronnons par-dessus en laissant une lame d\u2019air d\u2019au moins 4 cm. Nous posons \u00e9galement des chati\u00e8res en quinconce, en partie haute de la toiture en zinc, comme le faisaient les anciens pour faire circuler l\u2019air. Nous utilisons ce produit en isolation par l\u2019ext\u00e9rieur depuis 15 ans et nous n\u2019avons jamais rencontr\u00e9 de probl\u00e8me. Il faut simplement qu\u2019il soit bien mis en oeuvre ! <\/em>\u00bb ajoute Cyrille Le Bris.<\/p>\n\n\n\n<p><strong>Gr\u00e2ce aux performances de TRISO-SUPER 12 d\u2019ACTIS, tous les r\u00e9sidents de ce bel immeuble du 19\u00e8me si\u00e8cle, vont enfin acc\u00e9der au confort de l\u2019isolation moderne sans sacrifier au charme esth\u00e9tique des toitures mansard\u00e9es.<\/strong><\/p>\n\n\n\n<div class=\"wp-block-image\"><figure class=\"aligncenter is-resized\"><img loading=\"lazy\" src=\"https:\/\/i2.wp.com\/batimedianews.com\/live\/wp-content\/uploads\/2021\/05\/image-266.png?resize=319%2C350\" alt=\"\" class=\"wp-image-10139\" width=\"319\" height=\"350\" srcset=\"https:\/\/i2.wp.com\/batimedianews.com\/live\/wp-content\/uploads\/2021\/05\/image-266.png?w=658 658w, https:\/\/i2.wp.com\/batimedianews.com\/live\/wp-content\/uploads\/2021\/05\/image-266.png?resize=273%2C300 273w, https:\/\/i2.wp.com\/batimedianews.com\/live\/wp-content\/uploads\/2021\/05\/image-266.png?resize=10%2C10 10w, https:\/\/i2.wp.com\/batimedianews.com\/live\/wp-content\/uploads\/2021\/05\/image-266.png?resize=432%2C474 432w, https:\/\/i2.wp.com\/batimedianews.com\/live\/wp-content\/uploads\/2021\/05\/image-266.png?resize=396%2C435 396w, https:\/\/i2.wp.com\/batimedianews.com\/live\/wp-content\/uploads\/2021\/05\/image-266.png?resize=200%2C220 200w\" sizes=\"(max-width: 600px) 91vw, (max-width: 900px) 600px, (max-width: 1060px) 50vw, (max-width: 1200px) 520px, (max-width: 1400px) 43vw, 600px\" data-recalc-dims=\"1\" \/><\/figure><\/div>\n\n\n\n<figure class=\"wp-block-image\"><img loading=\"lazy\" width=\"720\" height=\"491\" src=\"https:\/\/i2.wp.com\/batimedianews.com\/live\/wp-content\/uploads\/2021\/05\/image-267.png?resize=720%2C491\" alt=\"\" class=\"wp-image-10140\" srcset=\"https:\/\/i2.wp.com\/batimedianews.com\/live\/wp-content\/uploads\/2021\/05\/image-267.png?resize=1024%2C698 1024w, https:\/\/i2.wp.com\/batimedianews.com\/live\/wp-content\/uploads\/2021\/05\/image-267.png?resize=300%2C204 300w, https:\/\/i2.wp.com\/batimedianews.com\/live\/wp-content\/uploads\/2021\/05\/image-267.png?resize=768%2C523 768w, https:\/\/i2.wp.com\/batimedianews.com\/live\/wp-content\/uploads\/2021\/05\/image-267.png?resize=10%2C7 10w, https:\/\/i2.wp.com\/batimedianews.com\/live\/wp-content\/uploads\/2021\/05\/image-267.png?resize=432%2C294 432w, https:\/\/i2.wp.com\/batimedianews.com\/live\/wp-content\/uploads\/2021\/05\/image-267.png?resize=396%2C270 396w, https:\/\/i2.wp.com\/batimedianews.com\/live\/wp-content\/uploads\/2021\/05\/image-267.png?resize=1120%2C763 1120w, https:\/\/i2.wp.com\/batimedianews.com\/live\/wp-content\/uploads\/2021\/05\/image-267.png?resize=660%2C450 660w, https:\/\/i2.wp.com\/batimedianews.com\/live\/wp-content\/uploads\/2021\/05\/image-267.png?resize=323%2C220 323w, https:\/\/i2.wp.com\/batimedianews.com\/live\/wp-content\/uploads\/2021\/05\/image-267.png?w=1482 1482w\" sizes=\"(max-width: 600px) 91vw, (max-width: 900px) 600px, (max-width: 1060px) 50vw, (max-width: 1200px) 520px, (max-width: 1400px) 43vw, 600px\" data-recalc-dims=\"1\" \/><\/figure>\n\n\n\n<p style=\"color:#c2b475\" class=\"has-text-color\">A PROPOS D\u2019ACTIS<\/p>\n\n\n\n<p>ACTIS est le leader europ\u00e9en sur le march\u00e9 des isolants alv\u00e9olaires r\u00e9flecteurs.<\/p>\n\n\n\n<p>Cr\u00e9\u00e9e en 1980, ACTIS est une PME familiale fran\u00e7aise de 300 personnes, bas\u00e9e \u00e0 Limoux en r\u00e9gion Occitanie, qui a int\u00e9gr\u00e9 le groupe Laurent Thierry en 2003. ACTIS poss\u00e8de 4 sites de production en France, certifi\u00e9s ISO 9001 depuis 2005, et est pr\u00e9sente dans 8 pays en Europe.<\/p>\n\n\n\n<p>ACTIS propose des solutions performantes et certifi\u00e9es qui r\u00e9pondent \u00e0 l\u2019ensemble des besoins d\u2019isolation :<\/p>\n\n\n\n<p>. pour tous les b\u00e2timents (r\u00e9sidentiels et tertiaires)<\/p>\n\n\n\n<p>. pour toutes les applications (toitures, combles et murs)<\/p>\n\n\n\n<p>. en neuf comme en r\u00e9novation<\/p>\n\n\n\n<p>Les solutions ACTIS disposent de certifications d\u00e9livr\u00e9es par des organismes d\u2019\u00e9valuation accr\u00e9dit\u00e9s (ACERMI, BM Trada, CSTB, LNE\u2026)<\/p>\n","protected":false},"excerpt":{"rendered":"<p>V\u00e9ritables chefs d\u2019oeuvres architecturaux, les toitures mansard\u00e9es des immeubles haussmanniens, rev\u00eatues de zinc et d\u2019ardoise, sont class\u00e9es aux monuments historiques de Paris. La r\u00e9novation de la toiture de l\u2019une d\u2019entre-elles, situ\u00e9e dans le 17\u00e8me arrondissement, a fait l\u2019objet de tout le savoir-faire de l\u2019entreprise de couverture Le M\u00e9haut\u00e9, Compagnons du Devoir. Pour l\u2019isoler par l\u2019ext\u00e9rieur [&hellip;]<\/p>\n","protected":false},"author":41,"featured_media":10142,"comment_status":"open","ping_status":"open","sticky":false,"template":"","format":"standard","meta":{"spay_email":""},"categories":[4,29,80,108,126],"tags":[582,231,274,407],"jetpack_featured_media_url":"https:\/\/i2.wp.com\/batimedianews.com\/live\/wp-content\/uploads\/2021\/05\/Actis-Article.jpg?fit=1224%2C512","jetpack_sharing_enabled":true,"jetpack_likes_enabled":true,"jetpack-related-posts":[{"id":21518,"url":"http:\/\/batimedianews.com\/live\/index.php\/2022\/07\/04\/isolation-par-linterieur-et-par-lexterieur\/","url_meta":{"origin":10136,"position":0},"title":"Isolation par l\u2019int\u00e9rieur et par l\u2019ext\u00e9rieur","date":"4 juillet 2022","format":false,"excerpt":"Actis am\u00e9liore les performances de ses isolants r\u00e9flecteurs alv\u00e9olaires TRISO HYBRID\u2019, BOOST\u2019R HYBRID\u2019 et TRISO-TOITURE A l\u2019heure o\u00f9 la r\u00e9novation \u00e9nerg\u00e9tique des b\u00e2timents est une priorit\u00e9 nationale, Actis fait \u00e9voluer la composition de ses isolants r\u00e9flecteurs alv\u00e9olaires TRISO HYBRID\u2019, BOOST\u2019R HYBRID\u2019 et TRISO-TOITURE pour am\u00e9liorer leurs performances et leur facilit\u00e9\u2026","rel":"","context":"Dans &quot;Actualit\u00e9 Entreprises&quot;","img":{"alt_text":"","src":"https:\/\/i2.wp.com\/batimedianews.com\/live\/wp-content\/uploads\/2022\/06\/ACTIS-Article.jpg?fit=1080%2C1080&resize=350%2C200","width":350,"height":200},"classes":[]},{"id":32116,"url":"http:\/\/batimedianews.com\/live\/index.php\/2023\/10\/09\/actis-fait-son-tour-de-france-pour-former-ses-clients-a-la-pose-de-ses-isolants-reflecteurs\/","url_meta":{"origin":10136,"position":1},"title":"ACTIS fait son Tour de France pour former ses clients \u00e0 la pose de ses isolants r\u00e9flecteurs","date":"9 octobre 2023","format":false,"excerpt":"\u00a0Avec toujours pour leitmotiv la qualit\u00e9 de pose de ses produits, ACTIS engage ses \u00e9quipes techniques dans un tour de France, d\u2019octobre 2023 \u00e0 juin 2024, pour former ses clients couvreurs et plaquistes \u00e0 la pose de ses isolants r\u00e9flecteurs.\u00a0 \u00a0Bien isoler les combles, la toiture par l\u2019ext\u00e9rieur ou les\u2026","rel":"","context":"Dans &quot;Actualit\u00e9 Entreprises&quot;","img":{"alt_text":"","src":"https:\/\/i2.wp.com\/batimedianews.com\/live\/wp-content\/uploads\/2023\/10\/image-27.png?resize=350%2C200","width":350,"height":200},"classes":[]},{"id":27601,"url":"http:\/\/batimedianews.com\/live\/index.php\/2023\/04\/13\/confort-dete-les-solutions-disolation-dactis\/","url_meta":{"origin":10136,"position":2},"title":"Confort d\u2019\u00e9t\u00e9 : Les solutions d\u2019isolation d\u2019ACTIS","date":"13 avril 2023","format":false,"excerpt":"Avec le r\u00e9chauffement climatique, les \u00e9pisodes caniculaires sont de plus en plus fr\u00e9quents en \u00e9t\u00e9. Ils sont souvent source d\u2019inconfort \u00e0 l\u2019int\u00e9rieur de l\u2019habitat. Ainsi, dans le contexte \u00e9nerg\u00e9tique actuel o\u00f9 le co\u00fbt de l\u2019\u00e9lectricit\u00e9 est au plus haut, l\u2019isolation de l\u2019habitat est essentiel pour b\u00e9n\u00e9ficier pleinement, en \u00e9t\u00e9, d\u2019un\u2026","rel":"","context":"Dans &quot;Actualit\u00e9 Entreprises&quot;","img":{"alt_text":"","src":"https:\/\/i2.wp.com\/batimedianews.com\/live\/wp-content\/uploads\/2023\/04\/Actis-Article.jpg?fit=1080%2C1080&resize=350%2C200","width":350,"height":200},"classes":[]},{"id":40491,"url":"http:\/\/batimedianews.com\/live\/index.php\/2024\/10\/16\/sur-batimat-actis-innove-pour-mieux-isoler-avec-moins-et-devoile-hybris-facade\/","url_meta":{"origin":10136,"position":3},"title":"Sur BATIMAT, ACTIS innove pour mieux isoler avec moins et d\u00e9voile HYBRIS FA\u00c7ADE","date":"16 octobre 2024","format":false,"excerpt":"https:\/\/www.youtube.com\/watch?v=q9Y8iX0Xfug \u00a0Dans un contexte \u00e9conomique o\u00f9 la fili\u00e8re subit un fort ralentissement, l\u2019\u00e9dition 2024 de BATIMAT invite tous les acteurs de la construction \u00e0 changer de perspective \u00e0 travers l\u2019exploration de quatre th\u00e9matiques phares dont celle li\u00e9e \u00e0 l\u2019innovation pour r\u00e9pondre durablement aux enjeux des march\u00e9s de la construction et\u2026","rel":"","context":"Dans &quot;Actualit\u00e9 Entreprises&quot;","img":{"alt_text":"","src":"https:\/\/i0.wp.com\/batimedianews.com\/live\/wp-content\/uploads\/2024\/10\/ACTIS-articles-.jpg?fit=825%2C825&resize=350%2C200","width":350,"height":200},"classes":[]},{"id":39435,"url":"http:\/\/batimedianews.com\/live\/index.php\/2024\/09\/10\/a-batimat-actis-affiche-sa-nouvelle-communication-de-marque-et-presente-ses-dernieres-innovations-pour-isoler-mieux-avec-moins\/","url_meta":{"origin":10136,"position":4},"title":"A BATIMAT, ACTIS affiche sa nouvelle communication de marque et pr\u00e9sente ses derni\u00e8res innovations pour isoler mieux avec moins","date":"10 septembre 2024","format":false,"excerpt":"\u00a0Pour d\u00e9voiler ses derni\u00e8res innovations \u00e9co-con\u00e7ues, 100% recyclables et toujours plus performantes, ACTIS, fabricant fran\u00e7ais d\u2019isolants r\u00e9flecteurs alv\u00e9olaires, sera \u00e0 nouveau pr\u00e9sent \u00e0 BATIMAT.\u00a0 Le stand ACTIS arborera sa nouvelle communication ax\u00e9e sur ses technologies uniques capables \u00ab d\u2019isoler mieux avec moins \u00bb. Elles r\u00e9ussissent \u00e0 concilier \u00e0 la fois\u2026","rel":"","context":"Dans &quot;Actualit\u00e9 Entreprises&quot;","img":{"alt_text":"","src":"https:\/\/i2.wp.com\/batimedianews.com\/live\/wp-content\/uploads\/2024\/09\/Actis-articles-.jpg?fit=825%2C825&resize=350%2C200","width":350,"height":200},"classes":[]},{"id":23726,"url":"http:\/\/batimedianews.com\/live\/index.php\/2022\/09\/28\/actis-devoile-en-avant-premiere\/","url_meta":{"origin":10136,"position":5},"title":"ACTIS d\u00e9voile, en avant-premi\u00e8re,","date":"28 septembre 2022","format":false,"excerpt":"et la gamme Hybris se renforce avec un nouveau lambda 31 Actis, fabricant fran\u00e7ais d\u2019isolants r\u00e9flecteurs alv\u00e9olaires, continue \u00e0 proposer des solutions innovantes. Ainsi, au Mondial du B\u00e2timent, l\u2019entreprise d\u00e9voilera, en exclusivit\u00e9, sa gamme Hybris avec un lambda 31 et sa nouvelle technologie brevet\u00e9e, sans \u00e9quivalent sur le march\u00e9, dont\u2026","rel":"","context":"Dans &quot;Actualit\u00e9 Entreprises&quot;","img":{"alt_text":"","src":"https:\/\/i2.wp.com\/batimedianews.com\/live\/wp-content\/uploads\/2022\/09\/Actis-Article.jpg?fit=1080%2C1080&resize=350%2C200","width":350,"height":200},"classes":[]}],"_links":{"self":[{"href":"http:\/\/batimedianews.com\/live\/index.php\/wp-json\/wp\/v2\/posts\/10136"}],"collection":[{"href":"http:\/\/batimedianews.com\/live\/index.php\/wp-json\/wp\/v2\/posts"}],"about":[{"href":"http:\/\/batimedianews.com\/live\/index.php\/wp-json\/wp\/v2\/types\/post"}],"author":[{"embeddable":true,"href":"http:\/\/batimedianews.com\/live\/index.php\/wp-json\/wp\/v2\/users\/41"}],"replies":[{"embeddable":true,"href":"http:\/\/batimedianews.com\/live\/index.php\/wp-json\/wp\/v2\/comments?post=10136"}],"version-history":[{"count":2,"href":"http:\/\/batimedianews.com\/live\/index.php\/wp-json\/wp\/v2\/posts\/10136\/revisions"}],"predecessor-version":[{"id":10160,"href":"http:\/\/batimedianews.com\/live\/index.php\/wp-json\/wp\/v2\/posts\/10136\/revisions\/10160"}],"wp:featuredmedia":[{"embeddable":true,"href":"http:\/\/batimedianews.com\/live\/index.php\/wp-json\/wp\/v2\/media\/10142"}],"wp:attachment":[{"href":"http:\/\/batimedianews.com\/live\/index.php\/wp-json\/wp\/v2\/media?parent=10136"}],"wp:term":[{"taxonomy":"category","embeddable":true,"href":"http:\/\/batimedianews.com\/live\/index.php\/wp-json\/wp\/v2\/categories?post=10136"},{"taxonomy":"post_tag","embeddable":true,"href":"http:\/\/batimedianews.com\/live\/index.php\/wp-json\/wp\/v2\/tags?post=10136"}],"curies":[{"name":"wp","href":"https:\/\/api.w.org\/{rel}","templated":true}]}}