{"id":10217,"date":"2021-06-01T14:21:47","date_gmt":"2021-06-01T12:21:47","guid":{"rendered":"http:\/\/batimedianews.com\/live\/?p=10217"},"modified":"2021-10-21T11:26:41","modified_gmt":"2021-10-21T09:26:41","slug":"abri-co-presente-magnum-une-mega-structure-innovante-et-flexible-sans-poteaux-interieurs-pour-gagner-de-lespace","status":"publish","type":"post","link":"http:\/\/batimedianews.com\/live\/index.php\/2021\/06\/01\/abri-co-presente-magnum-une-mega-structure-innovante-et-flexible-sans-poteaux-interieurs-pour-gagner-de-lespace\/","title":{"rendered":"ABRI &amp; CO PR\u00c9SENTE MAGNUM Une m\u00e9ga-structure innovante et flexible sans poteaux int\u00e9rieurs pour gagner de l\u2019espace"},"content":{"rendered":"\n<p>Les sites de production ont souvent besoin d\u2019espace suppl\u00e9mentaire pour stocker ou pour produire des marchandises. Modifier les locaux n\u2019est pas toujours pertinent, car ce besoin peut \u00eatre temporaire. De plus, souvent, les entreprises ont besoin d\u2019\u00eatre r\u00e9actives pour faire face aux \u00e9volutions du march\u00e9, et de disposer rapidement d\u2019espace suppl\u00e9mentaire.&nbsp;<\/p>\n\n\n\n<p><strong>Abri &amp; Co<\/strong>, le sp\u00e9cialiste des b\u00e2timents d\u00e9montables, offre une solution innovante et flexible. Sa m\u00e9ga-structure Magnum permet de gagner en superficie sans construire. Personnalisable, elle s\u2019adapte aux besoins des entreprises et peut \u00eatre modifi\u00e9e rapidement \u00e0 tout moment pour r\u00e9pondre aux pics d\u2019activit\u00e9.<\/p>\n\n\n\n<p class=\"has-medium-font-size\"><strong>Une structure hors norme<\/strong><\/p>\n\n\n\n<figure class=\"wp-block-image\"><img loading=\"lazy\" width=\"658\" height=\"626\" src=\"https:\/\/i1.wp.com\/batimedianews.com\/live\/wp-content\/uploads\/2021\/05\/image-300.png?resize=658%2C626\" alt=\"\" class=\"wp-image-10218\" srcset=\"https:\/\/i1.wp.com\/batimedianews.com\/live\/wp-content\/uploads\/2021\/05\/image-300.png?w=658 658w, https:\/\/i1.wp.com\/batimedianews.com\/live\/wp-content\/uploads\/2021\/05\/image-300.png?resize=300%2C285 300w, https:\/\/i1.wp.com\/batimedianews.com\/live\/wp-content\/uploads\/2021\/05\/image-300.png?resize=10%2C10 10w, https:\/\/i1.wp.com\/batimedianews.com\/live\/wp-content\/uploads\/2021\/05\/image-300.png?resize=432%2C411 432w, https:\/\/i1.wp.com\/batimedianews.com\/live\/wp-content\/uploads\/2021\/05\/image-300.png?resize=396%2C377 396w, https:\/\/i1.wp.com\/batimedianews.com\/live\/wp-content\/uploads\/2021\/05\/image-300.png?resize=231%2C220 231w\" sizes=\"(max-width: 600px) 91vw, (max-width: 900px) 600px, (max-width: 1060px) 50vw, (max-width: 1200px) 520px, (max-width: 1400px) 43vw, 600px\" data-recalc-dims=\"1\" \/><\/figure>\n\n\n\n<p>Magnum est un produit de la <strong>gamme Eole <\/strong>Industrie d\u2019Abri &amp; Co. Cette gamme est compos\u00e9e de structures sp\u00e9ciales de grandes dimensions \u00e0 usage industriel, qui permet de cr\u00e9er des entrep\u00f4ts, des ateliers, des usines et autres b\u00e2timents.<\/p>\n\n\n\n<p>Magnum a pour particularit\u00e9 d\u2019\u00eatre une grande structure sans poteaux int\u00e9rieurs, d\u2019une largeur de plus de 80 m\u00e8tres, et d\u2019une hauteur de plus de 14 m\u00e8tres. Abri &amp; Co est une des rares soci\u00e9t\u00e9s \u00e0 concevoir des structures d\u2019une taille aussi importante.<\/p>\n\n\n\n<p class=\"has-medium-font-size\"><strong>Un b\u00e2timent, plusieurs usages possibles<\/strong><\/p>\n\n\n\n<p>La gamme Magnum r\u00e9pond \u00e0 plusieurs usages dans l\u2019industrie : les b\u00e2timents peuvent \u00eatre utilis\u00e9s pour cr\u00e9er un auvent, un atelier ou un lieu de stockage. Leur format hors norme est particuli\u00e8rement utile pour les industries de recyclage et de valorisation des d\u00e9chets. La structure s\u2019installe pr\u00e8s des lieux de production, ce qui permet de garantir la fluidit\u00e9 dans la gestion des stocks et de faciliter les d\u00e9placements et la r\u00e9activit\u00e9 des \u00e9quipes.<\/p>\n\n\n\n<p>Polyvalents, les b\u00e2timents Magnum sont \u00e9galement utilis\u00e9s par les secteurs de la distribution et de l\u2019\u00e9v\u00e9nementiel, par les collectivit\u00e9s locales, ou pour cr\u00e9er des salles multi-sports.<\/p>\n\n\n\n<figure class=\"wp-block-image\"><img loading=\"lazy\" width=\"562\" height=\"472\" src=\"https:\/\/i0.wp.com\/batimedianews.com\/live\/wp-content\/uploads\/2021\/05\/image-301.png?resize=562%2C472\" alt=\"\" class=\"wp-image-10219\" srcset=\"https:\/\/i0.wp.com\/batimedianews.com\/live\/wp-content\/uploads\/2021\/05\/image-301.png?w=562 562w, https:\/\/i0.wp.com\/batimedianews.com\/live\/wp-content\/uploads\/2021\/05\/image-301.png?resize=300%2C252 300w, https:\/\/i0.wp.com\/batimedianews.com\/live\/wp-content\/uploads\/2021\/05\/image-301.png?resize=10%2C8 10w, https:\/\/i0.wp.com\/batimedianews.com\/live\/wp-content\/uploads\/2021\/05\/image-301.png?resize=432%2C363 432w, https:\/\/i0.wp.com\/batimedianews.com\/live\/wp-content\/uploads\/2021\/05\/image-301.png?resize=396%2C333 396w, https:\/\/i0.wp.com\/batimedianews.com\/live\/wp-content\/uploads\/2021\/05\/image-301.png?resize=262%2C220 262w\" sizes=\"(max-width: 600px) 91vw, (max-width: 900px) 600px, (max-width: 1060px) 50vw, (max-width: 1200px) 520px, (max-width: 1400px) 43vw, 600px\" data-recalc-dims=\"1\" \/><\/figure>\n\n\n\n<p class=\"has-medium-font-size\"><strong>Les atouts de Magnum<\/strong><\/p>\n\n\n\n<p>Magnum a comme atout d\u2019\u00eatre rapide \u00e0 mettre en oeuvre. Les structures sont install\u00e9es 8 semaines apr\u00e8s la commande. Elles sont pr\u00e9fabriqu\u00e9es, ce qui permet une mise en oeuvre facile partout en France et ailleurs, en optimisant les transports. Sur place, elles sont install\u00e9es dans une d\u00e9marche z\u00e9ro d\u00e9chet et 100 % recyclage, sans fondation.<\/p>\n\n\n\n<p>Ces structures en aluminium offrent un grand confort aux utilisateurs. La toiture de Magnum est \u00e9cologique et thermogonfl\u00e9e \u00e0 l\u2019aide d\u2019un coussin d\u2019air. Elle laisse ainsi passer la lumi\u00e8re en journ\u00e9e et fournit une isolation thermique.<\/p>\n\n\n\n<p>Enfin, Magnum est flexible : les structures sont extensibles, ce qui permet de modifier \u00e0 tout moment leur superficie selon les besoins. Elles sont disponibles \u00e0 la location longue ou courte dur\u00e9e, ou \u00e0 l\u2019achat.<\/p>\n\n\n\n<p>Abri &amp; Co utilise des mat\u00e9riaux de qualit\u00e9 optimale. Ses structures sont con\u00e7ues sur la base d\u2019Eurocodes structurels, les normes europ\u00e9ennes du secteur de la construction. Elles sont donc conformes aux r\u00e9glementations en mati\u00e8re de construction et de charge applicables \u00e0 chaque zone d\u2019installation.<\/p>\n\n\n\n<figure class=\"wp-block-image\"><img loading=\"lazy\" width=\"720\" height=\"476\" src=\"https:\/\/i0.wp.com\/batimedianews.com\/live\/wp-content\/uploads\/2021\/05\/image-302.png?resize=720%2C476\" alt=\"\" class=\"wp-image-10220\" srcset=\"https:\/\/i0.wp.com\/batimedianews.com\/live\/wp-content\/uploads\/2021\/05\/image-302.png?resize=1024%2C677 1024w, https:\/\/i0.wp.com\/batimedianews.com\/live\/wp-content\/uploads\/2021\/05\/image-302.png?resize=300%2C198 300w, https:\/\/i0.wp.com\/batimedianews.com\/live\/wp-content\/uploads\/2021\/05\/image-302.png?resize=768%2C508 768w, https:\/\/i0.wp.com\/batimedianews.com\/live\/wp-content\/uploads\/2021\/05\/image-302.png?resize=10%2C7 10w, https:\/\/i0.wp.com\/batimedianews.com\/live\/wp-content\/uploads\/2021\/05\/image-302.png?resize=432%2C286 432w, https:\/\/i0.wp.com\/batimedianews.com\/live\/wp-content\/uploads\/2021\/05\/image-302.png?resize=396%2C262 396w, https:\/\/i0.wp.com\/batimedianews.com\/live\/wp-content\/uploads\/2021\/05\/image-302.png?resize=1120%2C741 1120w, https:\/\/i0.wp.com\/batimedianews.com\/live\/wp-content\/uploads\/2021\/05\/image-302.png?resize=660%2C437 660w, https:\/\/i0.wp.com\/batimedianews.com\/live\/wp-content\/uploads\/2021\/05\/image-302.png?resize=333%2C220 333w, https:\/\/i0.wp.com\/batimedianews.com\/live\/wp-content\/uploads\/2021\/05\/image-302.png?w=1276 1276w\" sizes=\"(max-width: 600px) 91vw, (max-width: 900px) 600px, (max-width: 1060px) 50vw, (max-width: 1200px) 520px, (max-width: 1400px) 43vw, 600px\" data-recalc-dims=\"1\" \/><\/figure>\n\n\n\n<p class=\"has-medium-font-size\"><strong>Une conception sur mesure<\/strong><\/p>\n\n\n\n<p>La conception des structures Magnum s\u2019adapte aux besoins des clients. Ceux-ci peuvent opter pour une structure standard ou sur mesure, avec divers \u00e9quipements en fonction de l\u2019activit\u00e9 abrit\u00e9e. Les entreprises peuvent choisir la hauteur et la largeur qui leur conviennent le mieux, en am\u00e9nageant par exemple une ouverture pour le passage de chariot \u00e9l\u00e9vateur de jusqu\u2019\u00e0 10 m\u00e8tres de large.<\/p>\n\n\n\n<p>\u00c0 l\u2019\u00e9coute de ses clients, Abri &amp; Co d\u00e9veloppe avec eux un projet adapt\u00e9 \u00e0 leurs besoins et contraintes. L\u2019expert technique de la soci\u00e9t\u00e9 se rend chez les clients pour recueillir les donn\u00e9es n\u00e9cessaires, et leur recommande la meilleure solution \u00e0 l\u2019aide des technologies CAO.<\/p>\n\n\n\n<figure class=\"wp-block-image\"><img loading=\"lazy\" width=\"656\" height=\"538\" src=\"https:\/\/i2.wp.com\/batimedianews.com\/live\/wp-content\/uploads\/2021\/05\/image-303.png?resize=656%2C538\" alt=\"\" class=\"wp-image-10221\" srcset=\"https:\/\/i2.wp.com\/batimedianews.com\/live\/wp-content\/uploads\/2021\/05\/image-303.png?w=656 656w, https:\/\/i2.wp.com\/batimedianews.com\/live\/wp-content\/uploads\/2021\/05\/image-303.png?resize=300%2C246 300w, https:\/\/i2.wp.com\/batimedianews.com\/live\/wp-content\/uploads\/2021\/05\/image-303.png?resize=10%2C8 10w, https:\/\/i2.wp.com\/batimedianews.com\/live\/wp-content\/uploads\/2021\/05\/image-303.png?resize=432%2C354 432w, https:\/\/i2.wp.com\/batimedianews.com\/live\/wp-content\/uploads\/2021\/05\/image-303.png?resize=396%2C325 396w, https:\/\/i2.wp.com\/batimedianews.com\/live\/wp-content\/uploads\/2021\/05\/image-303.png?resize=268%2C220 268w\" sizes=\"(max-width: 600px) 91vw, (max-width: 900px) 600px, (max-width: 1060px) 50vw, (max-width: 1200px) 520px, (max-width: 1400px) 43vw, 600px\" data-recalc-dims=\"1\" \/><\/figure>\n\n\n\n<p class=\"has-medium-font-size\"><strong>Eole : des b\u00e2timents en kits pour augmenter la r\u00e9activit\u00e9 des entreprises<\/strong><\/p>\n\n\n\n<figure class=\"wp-block-image\"><img loading=\"lazy\" width=\"656\" height=\"504\" src=\"https:\/\/i0.wp.com\/batimedianews.com\/live\/wp-content\/uploads\/2021\/05\/image-304.png?resize=656%2C504\" alt=\"\" class=\"wp-image-10222\" srcset=\"https:\/\/i0.wp.com\/batimedianews.com\/live\/wp-content\/uploads\/2021\/05\/image-304.png?w=656 656w, https:\/\/i0.wp.com\/batimedianews.com\/live\/wp-content\/uploads\/2021\/05\/image-304.png?resize=300%2C230 300w, https:\/\/i0.wp.com\/batimedianews.com\/live\/wp-content\/uploads\/2021\/05\/image-304.png?resize=10%2C8 10w, https:\/\/i0.wp.com\/batimedianews.com\/live\/wp-content\/uploads\/2021\/05\/image-304.png?resize=432%2C332 432w, https:\/\/i0.wp.com\/batimedianews.com\/live\/wp-content\/uploads\/2021\/05\/image-304.png?resize=396%2C304 396w, https:\/\/i0.wp.com\/batimedianews.com\/live\/wp-content\/uploads\/2021\/05\/image-304.png?resize=286%2C220 286w\" sizes=\"(max-width: 600px) 91vw, (max-width: 900px) 600px, (max-width: 1060px) 50vw, (max-width: 1200px) 520px, (max-width: 1400px) 43vw, 600px\" data-recalc-dims=\"1\" \/><\/figure>\n\n\n\n<p>Avec sa <strong>gamme Eole, <\/strong>Abri &amp; Co se donne pour mission de proposer \u00e0 ses clients des solutions de b\u00e2timents en kit, pr\u00e9fabriqu\u00e9s en usine, avec une mise en oeuvre rapide comprise entre 4 et 8 semaines. La soci\u00e9t\u00e9 augmente la flexibilit\u00e9 et la r\u00e9activit\u00e9 des entreprises en installant sur leur site le b\u00e2timent temporaire ou d\u00e9finitif adapt\u00e9 \u00e0 leurs besoins, \u00e0 la location ou \u00e0 l\u2019achat.<\/p>\n\n\n\n<p>Outre Magnum, la gamme Eole Industrie comprend des tunnels r\u00e9tractables, des chapiteaux \u00e0 deux pentes et des chapiteaux arqu\u00e9s. La gamme Eole Events, quant \u00e0 elle, est d\u00e9di\u00e9e aux chapiteaux \u00e9v\u00e9nementiels : chapiteaux de r\u00e9ception, couverture de sport, salles des f\u00eates ou couverture de paddle.<\/p>\n\n\n\n<p class=\"has-medium-font-size\"><strong>\u00c0 propos d\u2019Abri &amp; Co<\/strong><\/p>\n\n\n\n<p>Abri &amp; Co est une start-up cr\u00e9\u00e9e en 2008 par Benoit Cl\u00e9ment et Yann Langlois. Ses deux fondateurs ont des comp\u00e9tences compl\u00e9mentaires : Benoit Cl\u00e9ment a un parcours marketing et commercial chez Unilever et Orange, tandis que Yann Langlois a un parcours aux achat, la production et au d\u00e9veloppement .<\/p>\n\n\n\n<p>L\u2019entreprise est install\u00e9e dans la zone franche de la ville des Mureaux. Elle a \u00e9t\u00e9 soutenue dans son d\u00e9veloppement par Fran\u00e7ois Garay, le maire de la commune. Elle b\u00e9n\u00e9ficie \u00e9galement du soutien du Groupe Planet Finance, une soci\u00e9t\u00e9 de capital-risque solidaire d\u00e9di\u00e9e au financement des entreprises situ\u00e9es dans des quartiers et zones en difficult\u00e9, qui est entr\u00e9e dans son capital.<\/p>\n\n\n\n<p>Abri &amp; Co est aujourd\u2019hui implant\u00e9e en France, en Angleterre, au Portugal et en Afrique. En 2021, la soci\u00e9t\u00e9 ouvrira son capital \u00e0 ses salari\u00e9s.<\/p>\n\n\n\n<figure class=\"wp-block-image\"><img loading=\"lazy\" width=\"656\" height=\"458\" src=\"https:\/\/i1.wp.com\/batimedianews.com\/live\/wp-content\/uploads\/2021\/05\/image-305.png?resize=656%2C458\" alt=\"\" class=\"wp-image-10223\" srcset=\"https:\/\/i1.wp.com\/batimedianews.com\/live\/wp-content\/uploads\/2021\/05\/image-305.png?w=656 656w, https:\/\/i1.wp.com\/batimedianews.com\/live\/wp-content\/uploads\/2021\/05\/image-305.png?resize=300%2C209 300w, https:\/\/i1.wp.com\/batimedianews.com\/live\/wp-content\/uploads\/2021\/05\/image-305.png?resize=10%2C7 10w, https:\/\/i1.wp.com\/batimedianews.com\/live\/wp-content\/uploads\/2021\/05\/image-305.png?resize=432%2C302 432w, https:\/\/i1.wp.com\/batimedianews.com\/live\/wp-content\/uploads\/2021\/05\/image-305.png?resize=396%2C276 396w, https:\/\/i1.wp.com\/batimedianews.com\/live\/wp-content\/uploads\/2021\/05\/image-305.png?resize=315%2C220 315w\" sizes=\"(max-width: 600px) 91vw, (max-width: 900px) 600px, (max-width: 1060px) 50vw, (max-width: 1200px) 520px, (max-width: 1400px) 43vw, 600px\" data-recalc-dims=\"1\" \/><\/figure>\n","protected":false},"excerpt":{"rendered":"<p>Les sites de production ont souvent besoin d\u2019espace suppl\u00e9mentaire pour stocker ou pour produire des marchandises. Modifier les locaux n\u2019est pas toujours pertinent, car ce besoin peut \u00eatre temporaire. De plus, souvent, les entreprises ont besoin d\u2019\u00eatre r\u00e9actives pour faire face aux \u00e9volutions du march\u00e9, et de disposer rapidement d\u2019espace suppl\u00e9mentaire.&nbsp; Abri &amp; Co, le [&hellip;]<\/p>\n","protected":false},"author":41,"featured_media":10225,"comment_status":"open","ping_status":"open","sticky":false,"template":"","format":"standard","meta":{"spay_email":""},"categories":[4,40,141,952,59,941,122],"tags":[1053,1057,1055,1058,1059,1051,1054],"jetpack_featured_media_url":"https:\/\/i0.wp.com\/batimedianews.com\/live\/wp-content\/uploads\/2021\/05\/Abriandco-Article.jpg?fit=1224%2C512","jetpack_sharing_enabled":true,"jetpack_likes_enabled":true,"jetpack-related-posts":[{"id":623,"url":"http:\/\/batimedianews.com\/live\/index.php\/2018\/11\/21\/forma-stor-darmorgard\/","url_meta":{"origin":10217,"position":0},"title":"Forma-Stor d&#039;Armorgard","date":"21 novembre 2018","format":false,"excerpt":"Nous avons d\u00e9j\u00e0 parl\u00e9 d'Armorgard, une soci\u00e9t\u00e9 anglaise qui s'implante en France avec force depuis Septembre 2017. Voir l'article\u00a0Les solutions Armorgard Ils proposent de nombreux produits tr\u00e8s innovants pour assurer une meilleure s\u00e9curit\u00e9 sur les chantiers Nous allons aujourd'hui pr\u00e9senter le Forma-Stor, container de stockage s\u00e9curis\u00e9 pour outillages, \u00e9quipements et\u2026","rel":"","context":"Dans &quot;Actualit\u00e9 Entreprises&quot;","img":{"alt_text":"","src":"https:\/\/i2.wp.com\/batimedianews.com\/live\/wp-content\/uploads\/2019\/08\/forma-stor.jpg?fit=925%2C740&resize=350%2C200","width":350,"height":200},"classes":[]},{"id":15036,"url":"http:\/\/batimedianews.com\/live\/index.php\/2022\/01\/24\/placo-cube-la-nouvelle-solution-de-boites-dans-la-boite-autoportantes-innovation-et-modularite-au-service-du-confort-de-tous\/","url_meta":{"origin":10217,"position":1},"title":"PLACO\u00ae CUBE, LA NOUVELLE SOLUTION DE \u00ab BO\u00ceTES DANS LA BO\u00ceTE \u00bb AUTOPORTANTES INNOVATION ET MODULARIT\u00c9 AU SERVICE DU CONFORT DE TOUS","date":"24 janvier 2022","format":false,"excerpt":"Cr\u00e9dit photo : ON-X\u00a0 Am\u00e9nagement de bureaux dans un open-space, cr\u00e9ation de locaux techniques dans un b\u00e2timent industriel ou une zone de stockage, d\u2019un pop-up store dans un centre commercial, d\u2019un vestiaire dans une \u00e9cole, ouverture de chambres et de salles d\u2019attente dans un \u00e9tablissement de sant\u00e9\u2026 La tendance est\u2026","rel":"","context":"Dans &quot;Actualit\u00e9 Entreprises&quot;","img":{"alt_text":"","src":"https:\/\/i0.wp.com\/batimedianews.com\/live\/wp-content\/uploads\/2022\/01\/Placo-Article.jpg?fit=512%2C512&resize=350%2C200","width":350,"height":200},"classes":[]},{"id":43089,"url":"http:\/\/batimedianews.com\/live\/index.php\/2025\/02\/19\/lockall-signe-une-annee-2024-exceptionnelle-et-annonce-louverture-de-trois-nouveaux-sites-en-2025\/","url_meta":{"origin":10217,"position":2},"title":"LOCKALL signe une ann\u00e9e 2024 exceptionnelle et annonce l\u2019ouverture de trois nouveaux sites en 2025","date":"19 f\u00e9vrier 2025","format":false,"excerpt":"\u00c0 l\u2019heure du bilan, Lockall revient sur une ann\u00e9e 2024 exceptionnelle, marqu\u00e9e par sa lev\u00e9e de fonds de 155 millions d\u2019euros. En l\u2019espace d\u2019un an, le groupe qui d\u00e9ploie ses solutions de stockage 2.0 en \u00cele-de-France a ajout\u00e9 deux nouveaux sites \u00e0 son portefeuille et s\u2019est dot\u00e9 du plus grand\u2026","rel":"","context":"Dans &quot;achats et stocks&quot;","img":{"alt_text":"","src":"https:\/\/i2.wp.com\/batimedianews.com\/live\/wp-content\/uploads\/2025\/02\/Lockall-articles-.jpg?fit=825%2C825&resize=350%2C200","width":350,"height":200},"classes":[]},{"id":29307,"url":"http:\/\/batimedianews.com\/live\/index.php\/2023\/06\/13\/intersolar-2023-en-marche-vers-lautonomie-energetique\/","url_meta":{"origin":10217,"position":3},"title":"Intersolar 2023\u00a0: en marche vers l\u2019autonomie \u00e9nerg\u00e9tique","date":"13 juin 2023","format":false,"excerpt":"Le salon Intersolar 2023 \u00e0 Munich se d\u00e9roule du 14 au 16 juin. La veille une s\u00e9rie de conf\u00e9rences \u00e0d\u00e9voil\u00e9 les tendances du salon\u00a0: offres de solutions pour l\u2019autarcie \u00e9nerg\u00e9tique, nouvelle progressionde la puissances unitaire des panneaux photovolta\u00efques, augmentation des offres de panneauxphotovolta\u00efques ultra-l\u00e9gers, d\u00e9veloppement des offres de stockage d\u2019\u00e9lectricit\u00e9\u2026","rel":"","context":"Dans &quot;Articles et analyses&quot;","img":{"alt_text":"","src":"https:\/\/i0.wp.com\/batimedianews.com\/live\/wp-content\/uploads\/2023\/06\/image-intersolar-1-2.jpeg?fit=825%2C825&resize=350%2C200","width":350,"height":200},"classes":[]},{"id":36548,"url":"http:\/\/batimedianews.com\/live\/index.php\/2024\/03\/27\/surelever-sa-maison-avec-viveo-une-solution-innovante-pour-gagner-dessans-demenager\/","url_meta":{"origin":10217,"position":4},"title":"Sur\u00e9lever sa maison avec VIVEO, une solution innovante pour gagner des m\u00b2 sans d\u00e9m\u00e9nager","date":"27 mars 2024","format":false,"excerpt":"Face aux \u00e9volutions de la vie n\u00e9cessitant davantage d\u2019espace, la sur\u00e9l\u00e9vation appara\u00eet comme une solution p\u00e9renne, comp\u00e9titive et rapide pour gagner des m\u00e8tres carr\u00e9s. Le besoin croissant d\u2019espace dans les habitations\u00a0 L\u2019arriv\u00e9e d\u2019un nouvel enfant, la mise en place d\u2019un espace de t\u00e9l\u00e9travail, les nouvelles compositions familiales, ou encore la\u2026","rel":"","context":"Dans &quot;Actualit\u00e9 Entreprises&quot;","img":{"alt_text":"","src":"https:\/\/i0.wp.com\/batimedianews.com\/live\/wp-content\/uploads\/2024\/03\/Viveo.jpg?fit=825%2C825&resize=350%2C200","width":350,"height":200},"classes":[]},{"id":42593,"url":"http:\/\/batimedianews.com\/live\/index.php\/2025\/02\/04\/neustark-et-fehr-sassocient-pour-revolutionner-lindustrie-du-beton-en-alsace\/","url_meta":{"origin":10217,"position":5},"title":"Neustark et Fehr s&rsquo;associent pour r\u00e9volutionner l&rsquo;industrie du b\u00e9ton en Alsace","date":"4 f\u00e9vrier 2025","format":false,"excerpt":"\u00a0Le leader suisse de l'\u00e9limination du CO\u2082 et l'entreprise familiale alsacienne, sp\u00e9cialis\u00e9e dans le b\u00e9ton pr\u00eat \u00e0 l'emploi et les \u00e9l\u00e9ments pr\u00e9fabriqu\u00e9s, lancent le premier site de stockage permanent de CO\u2082 dans le b\u00e9ton recycl\u00e9 en Alsace.\u00a0 \u25cf Neustark et Fehr inaugurent la premi\u00e8re installation commerciale de stockage de CO\u2082\u2026","rel":"","context":"Dans &quot;Association&quot;","img":{"alt_text":"","src":"https:\/\/i1.wp.com\/batimedianews.com\/live\/wp-content\/uploads\/2025\/02\/Fehr-articles-.jpg?fit=825%2C825&resize=350%2C200","width":350,"height":200},"classes":[]}],"_links":{"self":[{"href":"http:\/\/batimedianews.com\/live\/index.php\/wp-json\/wp\/v2\/posts\/10217"}],"collection":[{"href":"http:\/\/batimedianews.com\/live\/index.php\/wp-json\/wp\/v2\/posts"}],"about":[{"href":"http:\/\/batimedianews.com\/live\/index.php\/wp-json\/wp\/v2\/types\/post"}],"author":[{"embeddable":true,"href":"http:\/\/batimedianews.com\/live\/index.php\/wp-json\/wp\/v2\/users\/41"}],"replies":[{"embeddable":true,"href":"http:\/\/batimedianews.com\/live\/index.php\/wp-json\/wp\/v2\/comments?post=10217"}],"version-history":[{"count":2,"href":"http:\/\/batimedianews.com\/live\/index.php\/wp-json\/wp\/v2\/posts\/10217\/revisions"}],"predecessor-version":[{"id":10227,"href":"http:\/\/batimedianews.com\/live\/index.php\/wp-json\/wp\/v2\/posts\/10217\/revisions\/10227"}],"wp:featuredmedia":[{"embeddable":true,"href":"http:\/\/batimedianews.com\/live\/index.php\/wp-json\/wp\/v2\/media\/10225"}],"wp:attachment":[{"href":"http:\/\/batimedianews.com\/live\/index.php\/wp-json\/wp\/v2\/media?parent=10217"}],"wp:term":[{"taxonomy":"category","embeddable":true,"href":"http:\/\/batimedianews.com\/live\/index.php\/wp-json\/wp\/v2\/categories?post=10217"},{"taxonomy":"post_tag","embeddable":true,"href":"http:\/\/batimedianews.com\/live\/index.php\/wp-json\/wp\/v2\/tags?post=10217"}],"curies":[{"name":"wp","href":"https:\/\/api.w.org\/{rel}","templated":true}]}}