{"id":10604,"date":"2021-06-25T10:32:36","date_gmt":"2021-06-25T08:32:36","guid":{"rendered":"http:\/\/batimedianews.com\/live\/?p=10604"},"modified":"2021-10-21T11:21:42","modified_gmt":"2021-10-21T09:21:42","slug":"lufme-cree-la-marque-fervam-filiere-engagee-pour-le-recyclage-et-la-valorisation-des-menuiseries","status":"publish","type":"post","link":"http:\/\/batimedianews.com\/live\/index.php\/2021\/06\/25\/lufme-cree-la-marque-fervam-filiere-engagee-pour-le-recyclage-et-la-valorisation-des-menuiseries\/","title":{"rendered":"L\u2019UFME CR\u00c9E LA MARQUE \u00ab FERVAM \u00bb : FILI\u00c8RE ENGAG\u00c9E POUR LE RECYCLAGE ET LA VALORISATION DES MENUISERIES"},"content":{"rendered":"\n<p>&nbsp;L\u2019environnement figure parmi les piliers majeurs des travaux de l\u2019Union des Fabricants de MEnuiseries (UFME). Fid\u00e8le \u00e0 ses engagements et toujours dans une dynamique mobilisatrice, elle lance aujourd\u2019hui la marque d\u00e9pos\u00e9e FERVAM. Ce sigle traduit la \u00ab Fili\u00e8re Engag\u00e9e pour le Recyclage et la VAlorisation des Menuiseries \u00bb. Il f\u00e9d\u00e8re tous les signataires de la Charte d\u2019engagement UFME pour la collecte et le recyclage des menuiseries en fin de vie, autour d\u2019une valeur forte : l\u2019engagement de la fili\u00e8re fen\u00eatre pour une valorisation responsable et durable. Il est symbolis\u00e9 par une identit\u00e9 visuelle clairement reconnaissable pour tous les publics. Clin d\u2019oeil au logo UFME, la marque fait \u00e9galement r\u00e9f\u00e9rence au made in France, crit\u00e8re de qualit\u00e9 que l\u2019Union oeuvre \u00e0 pr\u00e9server et valoriser.&nbsp;<\/p>\n\n\n\n<div class=\"wp-block-image\"><figure class=\"aligncenter is-resized\"><img loading=\"lazy\" src=\"https:\/\/i1.wp.com\/batimedianews.com\/live\/wp-content\/uploads\/2021\/06\/image-162.png?resize=219%2C78\" alt=\"\" class=\"wp-image-10605\" width=\"219\" height=\"78\" srcset=\"https:\/\/i1.wp.com\/batimedianews.com\/live\/wp-content\/uploads\/2021\/06\/image-162.png?w=664 664w, https:\/\/i1.wp.com\/batimedianews.com\/live\/wp-content\/uploads\/2021\/06\/image-162.png?resize=300%2C108 300w, https:\/\/i1.wp.com\/batimedianews.com\/live\/wp-content\/uploads\/2021\/06\/image-162.png?resize=10%2C4 10w, https:\/\/i1.wp.com\/batimedianews.com\/live\/wp-content\/uploads\/2021\/06\/image-162.png?resize=432%2C155 432w, https:\/\/i1.wp.com\/batimedianews.com\/live\/wp-content\/uploads\/2021\/06\/image-162.png?resize=396%2C142 396w, https:\/\/i1.wp.com\/batimedianews.com\/live\/wp-content\/uploads\/2021\/06\/image-162.png?resize=660%2C237 660w, https:\/\/i1.wp.com\/batimedianews.com\/live\/wp-content\/uploads\/2021\/06\/image-162.png?resize=614%2C220 614w\" sizes=\"(max-width: 600px) 91vw, (max-width: 900px) 600px, (max-width: 1060px) 50vw, (max-width: 1200px) 520px, (max-width: 1400px) 43vw, 600px\" data-recalc-dims=\"1\" \/><\/figure><\/div>\n\n\n\n<p class=\"has-background has-very-light-gray-background-color\">&nbsp;FERVAM a \u00e9t\u00e9 pr\u00e9sent\u00e9e en avant-premi\u00e8re lors de la conf\u00e9rence th\u00e9matique \u00ab La fili\u00e8re fen\u00eatre et le d\u00e9veloppement durable \u00bb, organis\u00e9e le 27 mai dernier par l\u2019UFME, dans la continuit\u00e9 de son Assembl\u00e9e G\u00e9n\u00e9rale. Un plateau d\u2019experts, venus d\u2019horizons professionnels compl\u00e9mentaires, ont d\u00e9battu des enjeux de la Responsabilit\u00e9 \u00c9largie des Producteurs (REP) pour la fili\u00e8re, des actions mises en place dans l\u2019objectif d\u2019une \u00e9conomie circulaire, et de la strat\u00e9gie d\u2019\u00e9co-conception des menuiseries dans la culture d\u2019entreprise.&nbsp;<\/p>\n\n\n\n<p><strong>Visionner le replay :&nbsp;<\/strong><\/p>\n\n\n\n<p><a href=\"https:\/\/livestream.mstream.fr\/conference-ufme\/\">https:\/\/livestream.mstream.fr\/conference-ufme\/<\/a><\/p>\n\n\n\n<figure class=\"wp-block-image\"><img loading=\"lazy\" width=\"720\" height=\"349\" src=\"https:\/\/i1.wp.com\/batimedianews.com\/live\/wp-content\/uploads\/2021\/06\/image-163.png?resize=720%2C349\" alt=\"\" class=\"wp-image-10606\" srcset=\"https:\/\/i1.wp.com\/batimedianews.com\/live\/wp-content\/uploads\/2021\/06\/image-163.png?resize=1024%2C496 1024w, https:\/\/i1.wp.com\/batimedianews.com\/live\/wp-content\/uploads\/2021\/06\/image-163.png?resize=300%2C145 300w, https:\/\/i1.wp.com\/batimedianews.com\/live\/wp-content\/uploads\/2021\/06\/image-163.png?resize=768%2C372 768w, https:\/\/i1.wp.com\/batimedianews.com\/live\/wp-content\/uploads\/2021\/06\/image-163.png?resize=10%2C5 10w, https:\/\/i1.wp.com\/batimedianews.com\/live\/wp-content\/uploads\/2021\/06\/image-163.png?resize=432%2C209 432w, https:\/\/i1.wp.com\/batimedianews.com\/live\/wp-content\/uploads\/2021\/06\/image-163.png?resize=396%2C192 396w, https:\/\/i1.wp.com\/batimedianews.com\/live\/wp-content\/uploads\/2021\/06\/image-163.png?resize=660%2C319 660w, https:\/\/i1.wp.com\/batimedianews.com\/live\/wp-content\/uploads\/2021\/06\/image-163.png?resize=454%2C220 454w, https:\/\/i1.wp.com\/batimedianews.com\/live\/wp-content\/uploads\/2021\/06\/image-163.png?w=1066 1066w\" sizes=\"(max-width: 600px) 91vw, (max-width: 900px) 600px, (max-width: 1060px) 50vw, (max-width: 1200px) 520px, (max-width: 1400px) 43vw, 600px\" data-recalc-dims=\"1\" \/><\/figure>\n\n\n\n<p class=\"has-small-font-size\">L\u2019UFME (Union des Fabricants de MEnuiseries) repr\u00e9sente la fili\u00e8re des portes et des fen\u00eatres. Comptant 145 adh\u00e9rents r\u00e9partis sur l\u2019ensemble du territoire national, elle a pour vocation d\u2019accompagner et de d\u00e9fendre les int\u00e9r\u00eats des concepteurs, fabricants et installateurs de menuiseries, ainsi que les professions compl\u00e9mentaires \u00e0 ces m\u00e9tiers. Compos\u00e9e de trois commissions (technique, sociale &amp; formation et communication), l\u2019UFME s\u2019attache \u00e0 repr\u00e9senter les int\u00e9r\u00eats des professionnels de la menuiserie en encourageant la promotion de menuiseries fran\u00e7aises de qualit\u00e9, en proposant une offre de formations \u00e9toff\u00e9e et en s\u2019impliquant dans le suivi actif des grandes th\u00e9matiques techniques. Par son dynamisme et l\u2019expertise de ses membres, l\u2019UFME participe aux d\u00e9bats d\u2019actualit\u00e9 autour du secteur de la construction et de la r\u00e9novation des logements.&nbsp;<\/p>\n\n\n\n<p><\/p>\n","protected":false},"excerpt":{"rendered":"<p>&nbsp;L\u2019environnement figure parmi les piliers majeurs des travaux de l\u2019Union des Fabricants de MEnuiseries (UFME). Fid\u00e8le \u00e0 ses engagements et toujours dans une dynamique mobilisatrice, elle lance aujourd\u2019hui la marque d\u00e9pos\u00e9e FERVAM. Ce sigle traduit la \u00ab Fili\u00e8re Engag\u00e9e pour le Recyclage et la VAlorisation des Menuiseries \u00bb. Il f\u00e9d\u00e8re tous les signataires de la [&hellip;]<\/p>\n","protected":false},"author":41,"featured_media":10608,"comment_status":"open","ping_status":"open","sticky":false,"template":"","format":"standard","meta":{"spay_email":""},"categories":[4,690],"tags":[1134],"jetpack_featured_media_url":"https:\/\/i2.wp.com\/batimedianews.com\/live\/wp-content\/uploads\/2021\/06\/UFME-Article-2.jpg?fit=1224%2C512","jetpack_sharing_enabled":true,"jetpack_likes_enabled":true,"jetpack-related-posts":[{"id":13990,"url":"http:\/\/batimedianews.com\/live\/index.php\/2021\/12\/02\/filiere-engagee-pour-le-recyclage-et-la-valorisation-des-menuiseries-fervam-lufme-enrichit-le-maillage-territorial-des-points-de-collecte-et-de-demantelement\/","url_meta":{"origin":10604,"position":0},"title":"Fili\u00e8re Engag\u00e9e pour le Recyclage et la VAlorisation des Menuiseries (FERVAM) : l\u2019UFME enrichit le maillage territorial des points de collecte et de d\u00e9mant\u00e8lement","date":"2 d\u00e9cembre 2021","format":false,"excerpt":"Les d\u00e9marches d\u2019\u00e9co-conception des fen\u00eatres et la gestion respectueuse de l\u2019environnement quant \u00e0 leur fin de vie sont des enjeux historiques de l\u2019Union des Fabricants de MEnuiseries (UFME). Cet engagement de la fili\u00e8re fen\u00eatre pour une valorisation responsable et durable, qui se concr\u00e9tise \u00e0 travers de multiples initiatives* et tout\u2026","rel":"","context":"Dans &quot;Actualit\u00e9 Entreprises&quot;","img":{"alt_text":"","src":"https:\/\/i1.wp.com\/batimedianews.com\/live\/wp-content\/uploads\/2021\/11\/UFME-Article.jpg?fit=512%2C512&resize=350%2C200","width":350,"height":200},"classes":[]},{"id":43628,"url":"http:\/\/batimedianews.com\/live\/index.php\/2025\/03\/17\/lufme-devoile-la-nouvelle-cartographie-interactive-fervam\/","url_meta":{"origin":10604,"position":1},"title":"L\u2019UFME d\u00e9voile la nouvelle cartographie interactive FERVAM","date":"17 mars 2025","format":false,"excerpt":"Engag\u00e9e dans une d\u00e9marche de recyclage en boucle ferm\u00e9e pour tous les composants de la menuiserie \u00e0 travers FERVAM II*, l\u2019UFME (Union des Fabricants de MEnuiseries) fait \u00e9voluer la cartographie des points de collecte et des prestataires FERVAM. Consultable par tous sur le site de l\u2019UFME, cette nouvelle version est\u2026","rel":"","context":"Dans &quot;Actualit\u00e9 Entreprises&quot;","img":{"alt_text":"","src":"https:\/\/i2.wp.com\/batimedianews.com\/live\/wp-content\/uploads\/2025\/03\/ufme-1.jpg?fit=825%2C825&resize=350%2C200","width":350,"height":200},"classes":[]},{"id":12232,"url":"http:\/\/batimedianews.com\/live\/index.php\/2021\/09\/23\/lufme-partie-prenante-dans-le-projet-deco-organisme-valobat-un-choix-dans-la-continuite-de-ses-engagements-environnementaux\/","url_meta":{"origin":10604,"position":2},"title":"L\u2019UFME, partie prenante dans le projet d\u2019\u00e9co-organisme VALOBAT : un choix dans la continuit\u00e9 de ses engagements environnementaux","date":"23 septembre 2021","format":false,"excerpt":"La r\u00e9duction de l\u2019impact environnemental li\u00e9 \u00e0 la fabrication des fen\u00eatres figure parmi les enjeux majeurs historiques de l\u2019Union des Fabricants de MEnuiseries (UFME). Un engagement qui s\u2019illustre \u00e0 travers de nombreuses initiatives : cr\u00e9ation et d\u00e9ploiement d\u2019une Charte d\u2019engagement, actions p\u00e9dagogiques, int\u00e9gration \u00e0 l\u2019Association europ\u00e9enne des producteurs de profil\u00e9s\u2026","rel":"","context":"Dans &quot;Actualit\u00e9 Entreprises&quot;","img":{"alt_text":"","src":"https:\/\/i2.wp.com\/batimedianews.com\/live\/wp-content\/uploads\/2021\/09\/UFME-Article.jpg?fit=512%2C512&resize=350%2C200","width":350,"height":200},"classes":[]},{"id":34960,"url":"http:\/\/batimedianews.com\/live\/index.php\/2024\/02\/12\/renovation-energetique-des-habitats-et-batiments-lufme-porte-haut-et-fort-la-fenetre-fabriquee-en-france\/","url_meta":{"origin":10604,"position":3},"title":"R\u00e9novation \u00e9nerg\u00e9tique des habitats et b\u00e2timents : L\u2019UFME porte haut et fort la fen\u00eatre fabriqu\u00e9e en France","date":"12 f\u00e9vrier 2024","format":false,"excerpt":"\u00a0L\u2019UFME (Union des Fabricants de MEnuiseries) repr\u00e9sente la fili\u00e8re des portes et des fen\u00eatres. Comptant 172 adh\u00e9rents r\u00e9partis sur l\u2019ensemble du territoire national, elle a pour vocation d\u2019accompagner et de d\u00e9fendre les int\u00e9r\u00eats des concepteurs, fabricants et installateurs de menuiseries, ainsi que les professions compl\u00e9mentaires \u00e0 ces m\u00e9tiers. Compos\u00e9e de\u2026","rel":"","context":"Dans &quot;Actualit\u00e9 Entreprises&quot;","img":{"alt_text":"","src":"https:\/\/i0.wp.com\/batimedianews.com\/live\/wp-content\/uploads\/2024\/02\/ufm.jpg?fit=825%2C825&resize=350%2C200","width":350,"height":200},"classes":[]},{"id":44973,"url":"http:\/\/batimedianews.com\/live\/index.php\/2025\/05\/21\/lufme-vient-de-clore-son-assemblee-generale-ordinaire-une-annee-passee-riche-en-projets-et-de-nouvelles-actions-ambitieuses-a-venir\/","url_meta":{"origin":10604,"position":4},"title":"L\u2019UFME vient de clore son Assembl\u00e9e G\u00e9n\u00e9rale Ordinaire : Une ann\u00e9e pass\u00e9e riche en projets et de nouvelles actions ambitieuses \u00e0 venir","date":"21 mai 2025","format":false,"excerpt":"Ce mercredi 14 mai, l\u2019Union des Fabricants de MEnuiseries (UFME) a r\u00e9uni pr\u00e8s de 170 participants, dont ses 11 nouveaux adh\u00e9rents lors de son Assembl\u00e9e G\u00e9n\u00e9rale Ordinaire. L\u2019occasion de rendre compte de la richesse des travaux men\u00e9s par les trois commissions et les groupes de travail, et de pr\u00e9senter les\u2026","rel":"","context":"Dans &quot;Actualit\u00e9 Entreprises&quot;","img":{"alt_text":"","src":"https:\/\/i0.wp.com\/batimedianews.com\/live\/wp-content\/uploads\/2025\/05\/ufme-1.jpg?fit=825%2C825&resize=350%2C200","width":350,"height":200},"classes":[]},{"id":10302,"url":"http:\/\/batimedianews.com\/live\/index.php\/2021\/06\/10\/assemblee-generale-ordinaire-lufme-dresse-le-bilan-de-lannee-ecoulee-et-presente-ses-nouvelles-ambitions\/","url_meta":{"origin":10604,"position":5},"title":"ASSEMBL\u00c9E G\u00c9N\u00c9RALE ORDINAIRE : L\u2019UFME dresse le bilan de l\u2019ann\u00e9e \u00e9coul\u00e9e et pr\u00e9sente ses nouvelles ambitions","date":"10 juin 2021","format":false,"excerpt":"Jeudi 27 mai dernier, l\u2019Union des Fabricants de MEnuiseries (UFME) a tenu son Assembl\u00e9e G\u00e9n\u00e9rale annuelle sous la forme d\u2019un JT digital qui a rassembl\u00e9 pr\u00e8s d\u2019un adh\u00e9rent sur deux. L\u2019occasion de faire un bilan de l\u2019ann\u00e9e exceptionnelle \u00e9coul\u00e9e et de mettre en perspective ses projets. La valorisation de la\u2026","rel":"","context":"Dans &quot;Actualit\u00e9 Entreprises&quot;","img":{"alt_text":"","src":"https:\/\/i0.wp.com\/batimedianews.com\/live\/wp-content\/uploads\/2021\/06\/UFME-Article.jpg?fit=512%2C512&resize=350%2C200","width":350,"height":200},"classes":[]}],"_links":{"self":[{"href":"http:\/\/batimedianews.com\/live\/index.php\/wp-json\/wp\/v2\/posts\/10604"}],"collection":[{"href":"http:\/\/batimedianews.com\/live\/index.php\/wp-json\/wp\/v2\/posts"}],"about":[{"href":"http:\/\/batimedianews.com\/live\/index.php\/wp-json\/wp\/v2\/types\/post"}],"author":[{"embeddable":true,"href":"http:\/\/batimedianews.com\/live\/index.php\/wp-json\/wp\/v2\/users\/41"}],"replies":[{"embeddable":true,"href":"http:\/\/batimedianews.com\/live\/index.php\/wp-json\/wp\/v2\/comments?post=10604"}],"version-history":[{"count":2,"href":"http:\/\/batimedianews.com\/live\/index.php\/wp-json\/wp\/v2\/posts\/10604\/revisions"}],"predecessor-version":[{"id":10737,"href":"http:\/\/batimedianews.com\/live\/index.php\/wp-json\/wp\/v2\/posts\/10604\/revisions\/10737"}],"wp:featuredmedia":[{"embeddable":true,"href":"http:\/\/batimedianews.com\/live\/index.php\/wp-json\/wp\/v2\/media\/10608"}],"wp:attachment":[{"href":"http:\/\/batimedianews.com\/live\/index.php\/wp-json\/wp\/v2\/media?parent=10604"}],"wp:term":[{"taxonomy":"category","embeddable":true,"href":"http:\/\/batimedianews.com\/live\/index.php\/wp-json\/wp\/v2\/categories?post=10604"},{"taxonomy":"post_tag","embeddable":true,"href":"http:\/\/batimedianews.com\/live\/index.php\/wp-json\/wp\/v2\/tags?post=10604"}],"curies":[{"name":"wp","href":"https:\/\/api.w.org\/{rel}","templated":true}]}}