{"id":10631,"date":"2021-06-25T10:35:45","date_gmt":"2021-06-25T08:35:45","guid":{"rendered":"http:\/\/batimedianews.com\/live\/?p=10631"},"modified":"2021-10-21T11:21:35","modified_gmt":"2021-10-21T09:21:35","slug":"nomination-2","status":"publish","type":"post","link":"http:\/\/batimedianews.com\/live\/index.php\/2021\/06\/25\/nomination-2\/","title":{"rendered":"Nomination"},"content":{"rendered":"\n<div class=\"wp-block-image\"><figure class=\"alignleft is-resized\"><img loading=\"lazy\" src=\"https:\/\/i1.wp.com\/batimedianews.com\/live\/wp-content\/uploads\/2021\/06\/image-179.png?resize=197%2C240\" alt=\"\" class=\"wp-image-10632\" width=\"197\" height=\"240\" srcset=\"https:\/\/i1.wp.com\/batimedianews.com\/live\/wp-content\/uploads\/2021\/06\/image-179.png?w=694 694w, https:\/\/i1.wp.com\/batimedianews.com\/live\/wp-content\/uploads\/2021\/06\/image-179.png?resize=246%2C300 246w, https:\/\/i1.wp.com\/batimedianews.com\/live\/wp-content\/uploads\/2021\/06\/image-179.png?resize=8%2C10 8w, https:\/\/i1.wp.com\/batimedianews.com\/live\/wp-content\/uploads\/2021\/06\/image-179.png?resize=432%2C528 432w, https:\/\/i1.wp.com\/batimedianews.com\/live\/wp-content\/uploads\/2021\/06\/image-179.png?resize=396%2C484 396w, https:\/\/i1.wp.com\/batimedianews.com\/live\/wp-content\/uploads\/2021\/06\/image-179.png?resize=660%2C806 660w, https:\/\/i1.wp.com\/batimedianews.com\/live\/wp-content\/uploads\/2021\/06\/image-179.png?resize=180%2C220 180w\" sizes=\"(max-width: 600px) 91vw, (max-width: 900px) 600px, (max-width: 1060px) 50vw, (max-width: 1200px) 520px, (max-width: 1400px) 43vw, 600px\" data-recalc-dims=\"1\" \/><\/figure><\/div>\n\n\n\n<p class=\"has-text-color has-medium-font-size has-vivid-cyan-blue-color\"><strong>G\u00e9rard S\u00e9nior, architecte repr\u00e9sentant de l\u2019UNSFA (Union Nationale des Syndicats Fran\u00e7ais d\u2019Architectes), membre du bureau de Qualibat, a \u00e9t\u00e9 \u00e9lu pr\u00e9sident de Qualibat \u00e0 l\u2019occasion du conseil d\u2019administration du 15juin.<\/strong><\/p>\n\n\n\n<p>&nbsp;Il succ\u00e8de \u00e0 <strong>Alain Maugard<\/strong>, pr\u00e9sident depuis 2009.&nbsp;<\/p>\n\n\n\n<p>Alain Maugard, qui fut directeur de la construction au minist\u00e8re du logement et qui dirigea le CSTB, aura eu l\u2019occasion d\u2019insuffler une \u00e9nergie constante et aura accompagn\u00e9 avec succ\u00e8s l\u2019association dans plusieurs transitions majeures : ouverture de l\u2019offre de qualification aux \u00e9nergies renouvelables, int\u00e9gration de l\u2019\u00e9co-conditionnalit\u00e9 avec la qualification RGE, adaptation de la nomenclature aux besoins nouveaux des donneurs d\u2019ordre, acheminement vers la transition num\u00e9rique, contribution active aux enjeux de la mesure, qui correspondent pour les entrepreneurs \u00e0 une obligation de r\u00e9sultat (\u00e9nergie, \u00e9tanch\u00e9it\u00e9 \u00e0 l\u2019air, r\u00e9seaux a\u00e9rauliques et bient\u00f4t r\u00e9sistance thermique), avec une ambition et une passion connue de tous pour le b\u00e2timent et les entrepreneurs d\u2019aujourd\u2019hui et de demain.<\/p>\n\n\n\n<p class=\"has-text-color has-vivid-cyan-blue-color\">&nbsp;<strong>A propos de QUALIBAT:<\/strong><\/p>\n\n\n\n<p>QUALIBAT est une association loi 1901 regroupant les principales organisations professionnelles du secteur de la construction (entreprises, artisans, ma\u00eetres d\u2019ouvrage, ma\u00eetres d\u2019\u0153uvre, contr\u00f4leurs techniques\u2026). \u00c0 travers ses qualifications et certifications, QUALIBAT valorise une s\u00e9lection d\u2019artisans et d\u2019entreprises ayant fait preuve de leurs comp\u00e9tences et de leur savoir-faire. Ind\u00e9pendant depuis sa cr\u00e9ation en 1949, QUALIBAT couvre tous les secteurs du b\u00e2timent, \u00e0 l\u2019exception de l\u2019\u00e9lectricit\u00e9.<\/p>\n\n\n\n<p>Pr\u00e8s de 65.000 entreprises sont aujourd\u2019hui qualifi\u00e9es dont pr\u00e8s de 57.000 professionnels RGE.<\/p>\n","protected":false},"excerpt":{"rendered":"<p>G\u00e9rard S\u00e9nior, architecte repr\u00e9sentant de l\u2019UNSFA (Union Nationale des Syndicats Fran\u00e7ais d\u2019Architectes), membre du bureau de Qualibat, a \u00e9t\u00e9 \u00e9lu pr\u00e9sident de Qualibat \u00e0 l\u2019occasion du conseil d\u2019administration du 15juin. &nbsp;Il succ\u00e8de \u00e0 Alain Maugard, pr\u00e9sident depuis 2009.&nbsp; Alain Maugard, qui fut directeur de la construction au minist\u00e8re du logement et qui dirigea le CSTB, [&hellip;]<\/p>\n","protected":false},"author":41,"featured_media":0,"comment_status":"open","ping_status":"open","sticky":false,"template":"","format":"standard","meta":{"spay_email":""},"categories":[4,14,39,88],"tags":[],"jetpack_featured_media_url":"","jetpack_sharing_enabled":true,"jetpack_likes_enabled":true,"jetpack-related-posts":[{"id":42126,"url":"http:\/\/batimedianews.com\/live\/index.php\/2025\/01\/14\/domial-et-qualibat-sassocient-pour-renforcer-la-qualite-des-projets-de-construction-et-de-renovation-en-alsace\/","url_meta":{"origin":10631,"position":0},"title":"Domial et Qualibat s\u2019associent pour renforcer la qualit\u00e9 des projets de construction et de r\u00e9novation en Alsace","date":"14 janvier 2025","format":false,"excerpt":"Paris, le 13 janvier 2025 \u2013 Domial, acteur majeur de l\u2019habitat et du logement en Alsace, filiale du Groupe Action Logement, annonce un partenariat strat\u00e9gique avec Qualibat, organisme de r\u00e9f\u00e9rence en mati\u00e8re de qualifications et certifications des entreprises du secteur de la construction. Cette collaboration vise \u00e0 garantir des projets\u2026","rel":"","context":"Dans &quot;Actualit\u00e9 Entreprises&quot;","img":{"alt_text":"","src":"https:\/\/i1.wp.com\/batimedianews.com\/live\/wp-content\/uploads\/2025\/01\/Qualibat.jpg?fit=825%2C825&resize=350%2C200","width":350,"height":200},"classes":[]},{"id":12515,"url":"http:\/\/batimedianews.com\/live\/index.php\/2021\/10\/07\/nomination-dominique-weber-nomme-vice-president-du-comite-strategique-de-filiere-bois\/","url_meta":{"origin":10631,"position":1},"title":"NOMINATION: DOMINIQUE WEBER NOMM\u00c9 VICE-PR\u00c9SIDENT DU COMIT\u00c9 STRAT\u00c9GIQUE DE FILI\u00c8RE BOIS","date":"7 octobre 2021","format":false,"excerpt":"\u00a0 \u00a0Dominique Weber, 62 ans, vient d\u2019\u00eatre nomm\u00e9 vice-Pr\u00e9sident du Comit\u00e9 Strat\u00e9gique de Fili\u00e8re Bois (CSF Bois) lors de la r\u00e9union du bureau du Comit\u00e9 du 22 septembre. Cette nomination pr\u00e9figure la transmission de la pr\u00e9sidence, qui aura lieu dans quelques mois, et facilitera ainsi la transition.\u00a0 Le Pr\u00e9sident du\u2026","rel":"","context":"Dans &quot;Actualit\u00e9 Entreprises&quot;","img":{"alt_text":"","src":"https:\/\/i0.wp.com\/batimedianews.com\/live\/wp-content\/uploads\/2021\/10\/FiliereBois-Article.jpg?fit=512%2C512&resize=350%2C200","width":350,"height":200},"classes":[]},{"id":9327,"url":"http:\/\/batimedianews.com\/live\/index.php\/2021\/04\/27\/nomination-philippe-gruat-elu-president-de-laimcc\/","url_meta":{"origin":10631,"position":2},"title":"Nomination Philippe Gruat \u00e9lu Pr\u00e9sident de l&rsquo;AIMCC","date":"27 avril 2021","format":false,"excerpt":"Le vendredi 16 avril 2021, Philippe Gruat a \u00e9t\u00e9 \u00e9lu \u00e0 la pr\u00e9sidence de l'AIMCC (Association fran\u00e7aise des industries des produits de construction). Il succ\u00e8de ainsi \u00e0 Herv\u00e9 De Maistre, \u00e9lu en 2015, qu'il remercie pour ses 6 ann\u00e9es de pr\u00e9sidence. Philippe Gruat a un parcours riche dans le secteur\u2026","rel":"","context":"Dans &quot;Actualit\u00e9 Entreprises&quot;","img":{"alt_text":"","src":"https:\/\/i0.wp.com\/batimedianews.com\/live\/wp-content\/uploads\/2021\/04\/image-174.png?fit=550%2C732&resize=350%2C200","width":350,"height":200},"classes":[]},{"id":40480,"url":"http:\/\/batimedianews.com\/live\/index.php\/2024\/10\/16\/assemblee-generale-dunicem-entreprises-engagees-uee-coup-de-projecteur-sur-la-transition-ecologique-ses-conditions-de-reussite-et-les-moteurs-de-progres\/","url_meta":{"origin":10631,"position":3},"title":"Assembl\u00e9e g\u00e9n\u00e9rale d\u2019UNICEM entreprises engag\u00e9es (UEE) : coup de projecteur sur la transition \u00e9cologique, ses conditions de r\u00e9ussite et les moteurs de progr\u00e8s","date":"16 octobre 2024","format":false,"excerpt":"\u00a0En cette rentr\u00e9e, l\u2019association UNICEM entreprises engag\u00e9es a r\u00e9uni \u00e0 l\u2019occasion de son Assembl\u00e9e g\u00e9n\u00e9rale adh\u00e9rents, partenaires et interlocuteurs historiques pour r\u00e9fl\u00e9chir et \u00e9changer sur les enjeux environnementaux du secteur de l\u2019industrie des mat\u00e9riaux min\u00e9raux, les actions d\u00e9ploy\u00e9es et les leviers pour acc\u00e9l\u00e9rer la transition. \u00a0 Les d\u00e9bats ont \u00e9t\u00e9\u2026","rel":"","context":"Dans &quot;Actualit\u00e9 Entreprises&quot;","img":{"alt_text":"","src":"https:\/\/i1.wp.com\/batimedianews.com\/live\/wp-content\/uploads\/2024\/10\/UNICEM.jpg?fit=825%2C825&resize=350%2C200","width":350,"height":200},"classes":[]},{"id":32996,"url":"http:\/\/batimedianews.com\/live\/index.php\/2023\/11\/13\/louis-natter-reelu-president-de-lassociation-unicem-entreprises-engagees\/","url_meta":{"origin":10631,"position":4},"title":"Louis Natter r\u00e9\u00e9lu Pr\u00e9sident de l\u2019association UNICEM entreprises engag\u00e9es","date":"13 novembre 2023","format":false,"excerpt":"\u00a0R\u00e9\u00e9lu \u00e0 l\u2019unanimit\u00e9 \u00e0 l\u2019occasion de l\u2019Assembl\u00e9e g\u00e9n\u00e9rale du 25 octobre, Louis Natter occupera durant trois nouvelles ann\u00e9es la pr\u00e9sidence de l\u2019association UNICEM entreprises engag\u00e9es, qui a pour mission de porter les d\u00e9marches de progr\u00e8s et les enjeux RSE de l\u2019Union nationale des Industries de Carri\u00e8res et Mat\u00e9riaux de construction\u2026","rel":"","context":"Dans &quot;Nominations&quot;","img":{"alt_text":"","src":"https:\/\/i2.wp.com\/batimedianews.com\/live\/wp-content\/uploads\/2023\/11\/UNICEM-Image-articles-.jpg?fit=825%2C825&resize=350%2C200","width":350,"height":200},"classes":[]},{"id":38276,"url":"http:\/\/batimedianews.com\/live\/index.php\/2024\/06\/20\/christophe-millet-est-elu-president-du-conseil-national-de-lordre-des-architectes\/","url_meta":{"origin":10631,"position":5},"title":"Christophe MILLET est \u00e9lu pr\u00e9sident du Conseil national de l\u2019Ordre des architectes","date":"20 juin 2024","format":false,"excerpt":"Dans le prolongement de l\u2019\u00e9lection des 12 conseillers nationaux, le 3 juin dernier, les 24 conseillers ordinaux ont \u00e9lu, hier, \u00e0 l\u2019unanimit\u00e9, Christophe MILLET, pr\u00e9sident du Conseil national. \u00ab Un ordre qui porte un projet de soci\u00e9t\u00e9 \u00bb A l\u2019occasion du renouvellement par moiti\u00e9 du Conseil national de l\u2019Ordre des\u2026","rel":"","context":"Dans &quot;Actualit\u00e9 Entreprises&quot;","img":{"alt_text":"","src":"https:\/\/i0.wp.com\/batimedianews.com\/live\/wp-content\/uploads\/2024\/06\/CNOA-articles-.jpg?fit=825%2C825&resize=350%2C200","width":350,"height":200},"classes":[]}],"_links":{"self":[{"href":"http:\/\/batimedianews.com\/live\/index.php\/wp-json\/wp\/v2\/posts\/10631"}],"collection":[{"href":"http:\/\/batimedianews.com\/live\/index.php\/wp-json\/wp\/v2\/posts"}],"about":[{"href":"http:\/\/batimedianews.com\/live\/index.php\/wp-json\/wp\/v2\/types\/post"}],"author":[{"embeddable":true,"href":"http:\/\/batimedianews.com\/live\/index.php\/wp-json\/wp\/v2\/users\/41"}],"replies":[{"embeddable":true,"href":"http:\/\/batimedianews.com\/live\/index.php\/wp-json\/wp\/v2\/comments?post=10631"}],"version-history":[{"count":5,"href":"http:\/\/batimedianews.com\/live\/index.php\/wp-json\/wp\/v2\/posts\/10631\/revisions"}],"predecessor-version":[{"id":10738,"href":"http:\/\/batimedianews.com\/live\/index.php\/wp-json\/wp\/v2\/posts\/10631\/revisions\/10738"}],"wp:attachment":[{"href":"http:\/\/batimedianews.com\/live\/index.php\/wp-json\/wp\/v2\/media?parent=10631"}],"wp:term":[{"taxonomy":"category","embeddable":true,"href":"http:\/\/batimedianews.com\/live\/index.php\/wp-json\/wp\/v2\/categories?post=10631"},{"taxonomy":"post_tag","embeddable":true,"href":"http:\/\/batimedianews.com\/live\/index.php\/wp-json\/wp\/v2\/tags?post=10631"}],"curies":[{"name":"wp","href":"https:\/\/api.w.org\/{rel}","templated":true}]}}