{"id":1120,"date":"2019-04-10T09:10:40","date_gmt":"2019-04-10T07:10:40","guid":{"rendered":"http:\/\/batimedialive.com\/?p=1120"},"modified":"2021-10-20T12:49:30","modified_gmt":"2021-10-20T10:49:30","slug":"cas-client-airwell-equipe-en-solution-drv-la-concession-ford-de-limoges","status":"publish","type":"post","link":"http:\/\/batimedianews.com\/live\/index.php\/2019\/04\/10\/cas-client-airwell-equipe-en-solution-drv-la-concession-ford-de-limoges\/","title":{"rendered":"Cas client : AIRWELL \u00e9quipe en solution DRV la concession FORD de Limoges"},"content":{"rendered":"<p style=\"text-align:justify;\">Parot Automotive, la concession automobile Ford situ\u00e9e \u00e0 Limoges, avait&nbsp;besoin d&rsquo;une solution pour chauffer et climatiser ses locaux. Ils ont donc fait confiance \u00e0 l&rsquo;expertise<br \/>\nAirwell.<\/p>\n<h2 style=\"text-align:justify;\">La probl\u00e9matique :<\/h2>\n<p style=\"text-align:justify;\">La concession disposant de baies vitr\u00e9es et par cons\u00e9quent d&rsquo;une isolation thermique faible, le d\u00e9fi \u00e9tait&nbsp;de rendre cet espace d\u2019accueil et de vente confortable pour le client. Ford souhaitait \u00e9quiper la&nbsp;concession d\u2019un syst\u00e8me de climatisation r\u00e9versible. Etant donn\u00e9 que ce showroom \u00e9tait destin\u00e9 \u00e0&nbsp;accueillir les clients, la solution devait \u00e9galement r\u00e9pondre aussi \u00e0 une n\u00e9cessit\u00e9 esth\u00e9tique.<\/p>\n<p style=\"text-align:justify;\"><img loading=\"lazy\" class=\"alignnone size-full wp-image-1121\" src=\"https:\/\/batimedialive.files.wordpress.com\/2019\/04\/airwell1.jpg?resize=720%2C467\" alt=\"airwell1\" width=\"720\" height=\"467\"  data-recalc-dims=\"1\"><\/p>\n<h2 style=\"text-align:justify;\">L&rsquo;expertise Airwell :<\/h2>\n<p style=\"text-align:justify;\">Etant donn\u00e9 les contraintes de surfaces et hauteur sous plafond importantes, la gamme DRV Airwell avec sa&nbsp;large gamme de puissances a \u00e9t\u00e9 s\u00e9lectionn\u00e9e. Cette gamme, certifi\u00e9e Eurovent, permet une extr\u00eame&nbsp;mall\u00e9abilit\u00e9. En effet, c\u2019est un syst\u00e8me extensible qui permet un changement de mode imm\u00e9diat et s\u2019adapte&nbsp;\u00e0 tous types d&rsquo;unit\u00e9s&nbsp; int\u00e9rieures. Les deux groupes ext\u00e9rieurs fonctionnant au fluide frigorig\u00e8ne R410A, ont&nbsp;\u00e9t\u00e9 install\u00e9s dans un angle de fa\u00e7on \u00e0 ce qu\u2019ils ne soient pas visibles des clients et n\u2019entrave pas l\u2019esth\u00e9tisme&nbsp;de la devanture de la concession automobile. Equip\u00e9s d\u2019un compresseur Scroll DC Inverter ultra-performant&nbsp;assurant une diminution du niveau sonore et de la consommation \u00e9lectrique, ils garantissent une r\u00e9duction&nbsp;des pertes de charge par frottement ainsi qu\u2019un rendement optimal sur toute la gamme de vitesse. Le&nbsp;syst\u00e8me comprend une double ventilation verticale \u00e0 l\u2019aide de moteurs DC de haute&nbsp; efficacit\u00e9.<\/p>\n<p style=\"text-align:justify;\">Ford a naturellement d\u00e9cid\u00e9 de s\u2019adresser \u00e0 Airwell pour les performances techniques de ses produits alliant le savoir-faire de l\u2019installateur FL Services faisant parti de son r\u00e9seau d\u2019installateur partenaire.<\/p>\n<p style=\"text-align:justify;\">L\u2019int\u00e9rieur de la concession a \u00e9t\u00e9 \u00e9quip\u00e9 de 6 cassettes, dont la disposition a \u00e9t\u00e9 \u00e9tudi\u00e9e de mani\u00e8re \u00e0 couvrir l&rsquo;ensemble de la surface d&rsquo;accueil et de vente. Ces unit\u00e9s int\u00e9rieures b\u00e9n\u00e9ficient d\u2019un design compact et d\u2019un d\u00e9bit d\u2019air important, permettant une&nbsp; r\u00e9partition d\u2019air homog\u00e8ne dans toute l\u2019espace de vente. Les d\u00e9perditions et les apports de chaleur via les baies vitr\u00e9es n&rsquo;auront plus d&rsquo;impact sur la temp\u00e9rature int\u00e9rieure de la concession. Ainsi, le confort est assur\u00e9 et maintenu toute l&rsquo;ann\u00e9e.<\/p>\n<p style=\"text-align:justify;\"><strong><em>Descriptifs des produits Airwell :<\/em><\/strong><strong><em>&nbsp;<\/em><\/strong><strong><em>&nbsp;<\/em><\/strong><\/p>\n<ul style=\"text-align:justify;\">\n<li>Combinaison de 2 groupes ext\u00e9rieurs DRV de la gamme YDV850 pour faire un ensemble de 95 kW en mode<\/li>\n<li>6 cassettes<\/li>\n<li>Un confort tout l\u2019ann\u00e9e avec cette solution r\u00e9versible.<\/li>\n<li>Gestion centralis\u00e9e gr\u00e2ce aux t\u00e9l\u00e9commandes.<\/li>\n<\/ul>\n<p style=\"text-align:justify;\"><img loading=\"lazy\" class=\"alignnone size-full wp-image-1122\" src=\"https:\/\/batimedialive.files.wordpress.com\/2019\/04\/airwell2.jpg?resize=381%2C679\" alt=\"airwell2\" width=\"381\" height=\"679\"  data-recalc-dims=\"1\"><\/p>\n<p style=\"text-align:justify;\">Dor\u00e9navant, la concession peut r\u00e9ceptionner ses clients dans de bonnes circonstances d\u2019accueil.<\/p>\n<p style=\"text-align:justify;\"><strong><em>A propos d\u2019Airwell \u2013 Just feel well<\/em><\/strong><\/p>\n<p style=\"text-align:justify;\"><em>Depuis 70 ans Airwell met son expertise en syst\u00e8mes de climatisation et de solutions thermiques au service des particuliers et des entreprises. D\u00e8s sa cr\u00e9ation en 1947, le fabricant est une r\u00e9f\u00e9rence incontournable du secteur pour les entreprises en France, en Afrique et au Moyen-Orient. L\u2019entreprise est d\u2019ailleurs \u00e0 cette \u00e9poque la premi\u00e8re au niveau europ\u00e9en. Sa technologie lui permet quelques ann\u00e9es plus tard de produire des climatiseurs pour les r\u00e9sidences et les petits \u00e9tablissements. Son observation des besoins et tendances du march\u00e9 lui ont au fil des d\u00e9cennies permis de cr\u00e9er, ajuster et innover ses produits, tout d\u2019abord dans les ann\u00e9es 50 avec la climatisation positionnable aux fen\u00eatres des maisons et dans les ann\u00e9es 70 avec les unit\u00e9s \u00ab splits \u00bb. Des partenariats judicieux offrent \u00e0 Airwell une envergure nationale. En parall\u00e8le \u00e0 cela, la soci\u00e9t\u00e9 accroit et renforce son r\u00e9seau de distribution sur le march\u00e9 r\u00e9sidentiel. Aujourd\u2019hui, fournisseur majeur de syst\u00e8mes de conditionnement d\u2019air \u00e0 destination des particuliers et du tertiaire, Airwell b\u00e9n\u00e9fice de la gamme de produits la plus large du secteur. C\u2019est dans une d\u00e9marche \u00e9co-responsable qu\u2019Airwell inscrit aujourd\u2019hui sa Recherche &amp; D\u00e9veloppement pour r\u00e9pondre aux imp\u00e9ratifs \u00e9cologiques de notre plan\u00e8te et r\u00e9pondre \u00e0 la demande de ses clients. En 2016, Airwell affiche un chiffre d\u2019affaires de 46 millions d\u2019euros avec une pr\u00e9sence dans plus de 80 pays. L\u2019entreprise compte aujourd\u2019hui une cinquantaine de collaborateurs.<\/em><\/p>\n<p style=\"text-align:justify;\">\n","protected":false},"excerpt":{"rendered":"<p>Parot Automotive, la concession automobile Ford situ\u00e9e \u00e0 Limoges, avait&nbsp;besoin d&rsquo;une solution pour chauffer et climatiser ses locaux. Ils ont donc fait confiance \u00e0 l&rsquo;expertise Airwell. La probl\u00e9matique : La concession disposant de baies vitr\u00e9es et par cons\u00e9quent d&rsquo;une isolation thermique faible, le d\u00e9fi \u00e9tait&nbsp;de rendre cet espace d\u2019accueil et de vente confortable pour le [&hellip;]<\/p>\n","protected":false},"author":2,"featured_media":2115,"comment_status":"open","ping_status":"open","sticky":false,"template":"","format":"standard","meta":{"spay_email":""},"categories":[4,31,35],"tags":[],"jetpack_featured_media_url":"https:\/\/i1.wp.com\/batimedianews.com\/live\/wp-content\/uploads\/2019\/08\/airwell3.jpg?fit=1054%2C644","jetpack_sharing_enabled":true,"jetpack_likes_enabled":true,"jetpack-related-posts":[{"id":3176,"url":"http:\/\/batimedianews.com\/live\/index.php\/2019\/10\/14\/airwell-presentera-ses-solutions-connectees-ses-services-associes-et-sa-gamme-residentielle-et-tertiaire-au-salon-interclima-elec\/","url_meta":{"origin":1120,"position":0},"title":"Airwell pr\u00e9sentera ses solutions connect\u00e9es, ses services associ\u00e9s et sa gamme r\u00e9sidentielle et tertiaire au salon INTERCLIMA + ELEC","date":"14 octobre 2019","format":false,"excerpt":"Airwell, fabricant r\u00e9f\u00e9rent de solutions de climatisation et de chauffage de haute qualit\u00e9, annonce sa pr\u00e9sence au salon INTERCLIMA+ELEC, du 5 au 8 novembre. Rendez-vous incontournable des professionnels du secteur, le salon rassemblera de nombreux d\u00e9cideurs et installateurs de la fili\u00e8re en mati\u00e8re de confort et d\u2019efficacit\u00e9 \u00e9nerg\u00e9tique pour l\u2019habitat\u2026","rel":"","context":"Dans &quot;Actualit\u00e9 Entreprises&quot;","img":{"alt_text":"","src":"https:\/\/i2.wp.com\/batimedianews.com\/live\/wp-content\/uploads\/2019\/10\/airwell5-1.jpg?fit=1130%2C679&resize=350%2C200","width":350,"height":200},"classes":[]},{"id":21783,"url":"http:\/\/batimedianews.com\/live\/index.php\/2022\/07\/11\/interclima-mondial-du-batiment-airwell-laureat-de-bronze-des-awards-de-linnovation-pour-la-solution-ma-maison-hybride\/","url_meta":{"origin":1120,"position":1},"title":"Interclima mondial du b\u00e2timent AIRWELL laur\u00e9at de bronze des awards de l&rsquo;innovation pour la solution ma maison  HYBRIDE","date":"11 juillet 2022","format":false,"excerpt":"\u00a0Lundi 4 juillet, pour la solution Ma Maison Hybride, Airwell acteur majeur cr\u00e9ateur fran\u00e7ais de solutions climatiques et thermiques est Laur\u00e9at de Bronze dans la cat\u00e9gorie Construction Tech\u00ae - Start-Up et Nouvelles Technologies. Ma Maison Hybride con\u00e7ue par Airwell est une solution globale de services qui permet \u00e0 l\u2019utilisateur de\u2026","rel":"","context":"Dans &quot;Actualit\u00e9 Entreprises&quot;","img":{"alt_text":"","src":"https:\/\/i1.wp.com\/batimedianews.com\/live\/wp-content\/uploads\/2022\/07\/Airwell-Article-1.jpg?fit=1080%2C1080&resize=350%2C200","width":350,"height":200},"classes":[]},{"id":27221,"url":"http:\/\/batimedianews.com\/live\/index.php\/2023\/03\/24\/le-groupe-airwell-inaugure-son-2nd-centre-de-formation-airwell-academy\/","url_meta":{"origin":1120,"position":2},"title":"Le groupe  AIRWELL inaugure son 2ND centre de formation  AIRWELL ACADEMY","date":"24 mars 2023","format":false,"excerpt":"Fournisseur et cr\u00e9ateur fran\u00e7ais de solutions climatiques et thermiques, expert en climatisation et chauffage depuis plus de 75 ans, Airwell lance son second centre de formation Airwell Academy \u00e0 Montigny Le Bretonneux (78), St Quentin en Yvelines, si\u00e8ge du groupe. Deux nouveaux modules de formation d\u00e9di\u00e9s \u00e0 l\u2019insertion ont \u00e9t\u00e9\u2026","rel":"","context":"Dans &quot;Actualit\u00e9 Entreprises&quot;","img":{"alt_text":"","src":"https:\/\/i0.wp.com\/batimedianews.com\/live\/wp-content\/uploads\/2023\/03\/Airwell-Article.jpg?fit=1080%2C1080&resize=350%2C200","width":350,"height":200},"classes":[]},{"id":899,"url":"http:\/\/batimedianews.com\/live\/index.php\/2019\/02\/19\/airwell-devoile-sa-nouvelle-pac-air-eau-bt-solar-ready\/","url_meta":{"origin":1120,"position":3},"title":"Airwell d\u00e9voile sa nouvelle PAC Air\/eau BT Solar Ready","date":"19 f\u00e9vrier 2019","format":false,"excerpt":"Zoom sur la Pompe \u00e0 Chaleur Air\/Eau basse temp\u00e9rature\u00a0Solar ready La PAC BT Airwell, plus qu\u2019un produit, une r\u00e9volution verte ! Airwell, expert en solutions de climatisation et de chauffage de haute\u00a0qualit\u00e9, pr\u00e9sente sa pompe \u00e0 chaleur basse temp\u00e9rature solaire triple services : r\u00e9versible avec ballon\u00a0d\u2019ECS compl\u00e9mentaire. Cette solution est\u2026","rel":"","context":"Dans &quot;Actualit\u00e9 Entreprises&quot;","img":{"alt_text":"","src":"https:\/\/i2.wp.com\/batimedianews.com\/live\/wp-content\/uploads\/2019\/08\/airwell2.jpg?fit=1079%2C1079&resize=350%2C200","width":350,"height":200},"classes":[]},{"id":29847,"url":"http:\/\/batimedianews.com\/live\/index.php\/2023\/07\/06\/pompe-a-chaleur-air-eau-wellea-split-eau-chaude-chauffage-rafraichissement-la-solution-de-gestion-tout-en-1-signee-airwell\/","url_meta":{"origin":1120,"position":4},"title":"Pompe \u00e0 chaleur air\/eau WELLEA SPLIT &#8211; eau chaude \/chauffage \/ rafraichissement la solution de gestion tout &#8211; en &#8211; 1 sign\u00e9e AIRWELL","date":"6 juillet 2023","format":false,"excerpt":"En r\u00e9novation comme en neuf, la pompe \u00e0 chaleur air-eau Wellea est une solution tout-en-1 pour la gestion de l\u2019eau chaude, du chauffage et le rafra\u00eechissement de l\u2019int\u00e9rieur de la maison. Wellea Split offre des performances exceptionnelles et ceci m\u00eame lors de pics de temp\u00e9ratures.\u00a0 Compos\u00e9e de 2 unit\u00e9s, une\u2026","rel":"","context":"Dans &quot;Actualit\u00e9 Entreprises&quot;","img":{"alt_text":"","src":"https:\/\/i2.wp.com\/batimedianews.com\/live\/wp-content\/uploads\/2023\/06\/airelle-article.jpg?fit=1080%2C1080&resize=350%2C200","width":350,"height":200},"classes":[]},{"id":29929,"url":"http:\/\/batimedianews.com\/live\/index.php\/2023\/07\/04\/le-groupe-airwell-leve-6-millions-deuros-et-cree-airwell-industrie-en-integrant-le-site-de-production-amzair-concepteur-breton-de-pompes-a-chaleur-pour-le-residentiel-et-le-petit-tertiaire\/","url_meta":{"origin":1120,"position":5},"title":"Le groupe AIRWELL l\u00e8ve 6 millions d&rsquo;euros et cr\u00e9\u00e9 AIRWELL INDUSTRIE  en int\u00e9grant le site de production AMZAIR, concepteur breton de pompes \u00e0 chaleur pour le r\u00e9sidentiel et le petit tertiaire","date":"4 juillet 2023","format":false,"excerpt":"\u00a0Acteur majeur de l\u2019univers des pompes \u00e0 chaleur, du chauffage et de la gestion des \u00e9nergies depuis plus de 75 ans, le Groupe Airwell l\u00e8ve 6 millions d\u2019euros. Des fonds et des investisseurs des pays Scandinaves notamment, participent \u00e0 ce tour de financement. Dans le m\u00eame temps, le Groupe Airwell\u2026","rel":"","context":"Dans &quot;Pompe \u00e0 chaleur&quot;","img":{"alt_text":"","src":"https:\/\/i1.wp.com\/batimedianews.com\/live\/wp-content\/uploads\/2023\/07\/Airwell-article.jpg?fit=1080%2C1080&resize=350%2C200","width":350,"height":200},"classes":[]}],"_links":{"self":[{"href":"http:\/\/batimedianews.com\/live\/index.php\/wp-json\/wp\/v2\/posts\/1120"}],"collection":[{"href":"http:\/\/batimedianews.com\/live\/index.php\/wp-json\/wp\/v2\/posts"}],"about":[{"href":"http:\/\/batimedianews.com\/live\/index.php\/wp-json\/wp\/v2\/types\/post"}],"author":[{"embeddable":true,"href":"http:\/\/batimedianews.com\/live\/index.php\/wp-json\/wp\/v2\/users\/2"}],"replies":[{"embeddable":true,"href":"http:\/\/batimedianews.com\/live\/index.php\/wp-json\/wp\/v2\/comments?post=1120"}],"version-history":[{"count":1,"href":"http:\/\/batimedianews.com\/live\/index.php\/wp-json\/wp\/v2\/posts\/1120\/revisions"}],"predecessor-version":[{"id":2400,"href":"http:\/\/batimedianews.com\/live\/index.php\/wp-json\/wp\/v2\/posts\/1120\/revisions\/2400"}],"wp:featuredmedia":[{"embeddable":true,"href":"http:\/\/batimedianews.com\/live\/index.php\/wp-json\/wp\/v2\/media\/2115"}],"wp:attachment":[{"href":"http:\/\/batimedianews.com\/live\/index.php\/wp-json\/wp\/v2\/media?parent=1120"}],"wp:term":[{"taxonomy":"category","embeddable":true,"href":"http:\/\/batimedianews.com\/live\/index.php\/wp-json\/wp\/v2\/categories?post=1120"},{"taxonomy":"post_tag","embeddable":true,"href":"http:\/\/batimedianews.com\/live\/index.php\/wp-json\/wp\/v2\/tags?post=1120"}],"curies":[{"name":"wp","href":"https:\/\/api.w.org\/{rel}","templated":true}]}}