{"id":11365,"date":"2021-08-04T08:49:38","date_gmt":"2021-08-04T06:49:38","guid":{"rendered":"http:\/\/batimedianews.com\/live\/?p=11365"},"modified":"2022-01-24T12:14:03","modified_gmt":"2022-01-24T11:14:03","slug":"newheat-parmi-les-laureats-du-programme-innovation-fund-de-la-commission-europeenne-avec-decarbomalt-croatia-son-premier-projet-a-linternational","status":"publish","type":"post","link":"http:\/\/batimedianews.com\/live\/index.php\/2021\/08\/04\/newheat-parmi-les-laureats-du-programme-innovation-fund-de-la-commission-europeenne-avec-decarbomalt-croatia-son-premier-projet-a-linternational\/","title":{"rendered":"NewHeat parmi les laur\u00e9ats du programme \u00ab Innovation Fund \u00bb de la Commission Europ\u00e9enne avec DECARBOMALT CROATIA, son premier projet \u00e0 l\u2019international"},"content":{"rendered":"\n<p><strong>Bordeaux, le 28 juillet 2021 \u2013 NewHeat est fier d\u2019annoncer son premier projet \u00e0 l\u2019international de chaleur renouvelable pour l&rsquo;industrie  -pour d\u00e9carboner une malterie croate et sa s\u00e9lection -pour b\u00e9n\u00e9ficier du support du programme Innovation Fund. Le Bordelais fait ainsi partie des 30 laur\u00e9ats retenus parmi 232 candidats venus de toute l\u2019Europe, pour le caract\u00e8re innovant et impactant de leurs projets et qui changeront la donne dans la lutte contre les \u00e9missions de GES.&nbsp;<\/strong><\/p>\n\n\n\n<figure class=\"wp-block-image size-large\"><img loading=\"lazy\" width=\"720\" height=\"186\" src=\"https:\/\/i1.wp.com\/batimedianews.com\/live\/wp-content\/uploads\/2021\/07\/image-251.png?resize=720%2C186\" alt=\"\" class=\"wp-image-11366\" srcset=\"https:\/\/i1.wp.com\/batimedianews.com\/live\/wp-content\/uploads\/2021\/07\/image-251.png?resize=1024%2C264 1024w, https:\/\/i1.wp.com\/batimedianews.com\/live\/wp-content\/uploads\/2021\/07\/image-251.png?resize=300%2C77 300w, https:\/\/i1.wp.com\/batimedianews.com\/live\/wp-content\/uploads\/2021\/07\/image-251.png?resize=768%2C198 768w, https:\/\/i1.wp.com\/batimedianews.com\/live\/wp-content\/uploads\/2021\/07\/image-251.png?resize=10%2C3 10w, https:\/\/i1.wp.com\/batimedianews.com\/live\/wp-content\/uploads\/2021\/07\/image-251.png?resize=432%2C111 432w, https:\/\/i1.wp.com\/batimedianews.com\/live\/wp-content\/uploads\/2021\/07\/image-251.png?resize=396%2C102 396w, https:\/\/i1.wp.com\/batimedianews.com\/live\/wp-content\/uploads\/2021\/07\/image-251.png?resize=1120%2C288 1120w, https:\/\/i1.wp.com\/batimedianews.com\/live\/wp-content\/uploads\/2021\/07\/image-251.png?resize=660%2C170 660w, https:\/\/i1.wp.com\/batimedianews.com\/live\/wp-content\/uploads\/2021\/07\/image-251.png?resize=710%2C183 710w, https:\/\/i1.wp.com\/batimedianews.com\/live\/wp-content\/uploads\/2021\/07\/image-251.png?w=1258 1258w\" sizes=\"(max-width: 600px) 91vw, (max-width: 900px) 600px, (max-width: 1060px) 50vw, (max-width: 1200px) 520px, (max-width: 1400px) 43vw, 600px\" data-recalc-dims=\"1\" \/><\/figure>\n\n\n\n<p class=\"has-white-color has-luminous-vivid-orange-background-color has-text-color has-background\"><strong><strong>Premier projet \u00e0 l\u2019international et plus grande centrale solaire thermique de production de chaleur renouvelable \u00e0 usage industriel en Europe&nbsp;<\/strong><\/strong><\/p>\n\n\n\n<p>Le projet DECARBOMALT CROATIA <strong>vise \u00e0 d\u00e9carboner un site agroalimentaire en couvrant dans un premier temps 54% de ses besoins en chaleur industrielle (potentiellement jusqu\u2019\u00e0 100% d\u2019ici 5 \u00e0 6 ans). Il s\u2019agira du plus grand site de production de chaleur solaire \u00e0 usage industriel en Europe. <\/strong>Le montant du projet s\u2019\u00e9l\u00e8ve \u00e0 7,5 millions d\u2019euros, l\u2019Innovation Fund apportera une aide de 4,5 millions d\u2019euros.&nbsp; <\/p>\n\n\n\n<p>NewHeat construira ainsi une centrale solaire thermique de 20 MWth, un syst\u00e8me de stockage de 4000 m3 (500GWh) et deux types de pompes \u00e0 chaleur pour (pr\u00e9)chauffer l&rsquo;air destin\u00e9 au s\u00e9chage du malt. La combinaison &#8211; in\u00e9dite \u00e0 cette \u00e9chelle &#8211; de ces \u00e9l\u00e9ments permettra des synergies en termes d&rsquo;efficacit\u00e9, de couverture des besoins du site, de s\u00e9curit\u00e9 de l&rsquo;approvisionnement et de potentiel d&rsquo;\u00e9volution dans le cadre de sa transition \u00e9nerg\u00e9tique. DECARBOMALT CROATIA n&rsquo;utilisera aucun combustible (fossile ou d&rsquo;origine biologique) et minimisera la consommation d&rsquo;\u00e9lectricit\u00e9.&nbsp; <\/p>\n\n\n\n<p><strong>Le site agroalimentaire \u00e9met aujourd\u2019hui environ 7 500 tCO2\/an. En fournissant environ 20 GWh\/an de chaleur renouvelable, DECARBOMALT CROATIA \u00e9vitera ainsi l\u2019\u00e9mission de 4 000 tCO2\/an d\u00e8s 2023.&nbsp;<\/strong><\/p>\n\n\n\n<p class=\"has-white-color has-luminous-vivid-orange-background-color has-text-color has-background\"><strong>Une solution reconnue comme innovante et impactante par la Commission Europ\u00e9enne&nbsp;<\/strong><\/p>\n\n\n\n<p>L\u2019efficacit\u00e9 de ce projet en termes d\u2019\u00e9vitement d\u2019\u00e9missions de GES, son degr\u00e9 d\u2019innovation, sa maturit\u00e9, son \u00e9volutivit\u00e9 et son rapport co\u00fbt tCO2-efficacit\u00e9 lui ont permis de <strong>r\u00e9pondre aux crit\u00e8res&nbsp;de l\u2019Innovation Fund de la Commission Europ\u00e9enne, l&rsquo;un des plus grands programmes de financement au monde (20 milliards \u20ac sur 2020-2030) pour la d\u00e9monstration de technologies innovantes \u00e0 faible \u00e9mission de carbone, dans le cadre de son premier appel \u00e0 projet.&nbsp;<\/strong> <\/p>\n\n\n\n<p>Son objectif : aider les entreprises \u00e0 investir dans les \u00e9nergies renouvelables et les solutions industrielles durables pour stimuler la croissance \u00e9conomique, cr\u00e9er des emplois locaux d&rsquo;avenir, renforcer le leadership technologique europ\u00e9en \u00e0 l&rsquo;\u00e9chelle mondiale mais aussi assurer son ind\u00e9pendance \u00e9nerg\u00e9tique. Il se concentre sur les technologies hautement innovantes et les grands projets phares en Europe, susceptibles d&rsquo;entra\u00eener d&rsquo;importantes r\u00e9ductions des \u00e9missions.&nbsp; <\/p>\n\n\n\n<p>Pour Hugues Defr\u00e9ville, cofondateur de NewHeat : \u00ab <em>Nous sommes extr\u00eamement fiers d\u2019avoir \u00e9t\u00e9 retenus par un programme aussi s\u00e9lectif que l\u2019Innovation Fund, qui reconnait par l\u00e0 le r\u00f4le majeur de la chaleur renouvelable dans la lutte contre le changement climatique En effet, l\u2019utilisation d\u2019\u00e9nergie sous forme de chaleur pour des utilisations industrielles ou collectives repr\u00e9sente pr\u00e8s de 50% de la consommation d\u2019\u00e9nergie primaire en Europe et d\u00e9pend encore \u00e0 90% des \u00e9nergies fossiles. Ce premier pas \u00e0 l\u2019international et pour un projet de cette ampleur marque en outre le d\u00e9but d\u2019une nouvelle \u00e9tape pour notre \u00e9quipe. Les projets internationaux de NewHeat devraient prendre une part majoritaire d\u2019ici 3 ou 4 ans dans notre activit\u00e9 et nous y sommes pleinement pr\u00e9par\u00e9s.&nbsp;<\/em><\/p>\n\n\n\n<p class=\"has-small-font-size\"><strong><em>A propos de NewHeat : cr\u00e9\u00e9 en <\/em><\/strong><em>2015, NewHeat con\u00e7oit, finance, r\u00e9alise et exploite des centrales solaires de production de chaleur renouvelable, de r\u00e9cup\u00e9ration et de stockage thermique, pour fournir une chaleur durable, locale et comp\u00e9titive aux grands sites industriels, aux r\u00e9seaux de chaleur urbains et aux serres mara\u00eech\u00e8res ; et d\u00e9carboner ainsi massivement le secteur de la chaleur en Europe et dans le reste du monde, responsable de 50% de la consommation d\u2019\u00e9nergie primaire rien qu\u2019en Europe. Bas\u00e9e \u00e0 Bordeaux, la soci\u00e9t\u00e9 compte aujourd\u2019hui 22 collaborateurs. Depuis sa cr\u00e9ation, NewHeat a lev\u00e9 plus de 4 millions d\u2019euros pour financer son d\u00e9veloppement, et mobilis\u00e9 15 millions d\u2019euros pour ses projets. Elle a actuellement 6 sites en exploitation \/ construction dont les trois plus importantes centrales solaire thermiques pour l\u2019industrie en Europe.&nbsp;<\/em><\/p>\n\n\n\n<figure class=\"wp-block-image size-large\"><img loading=\"lazy\" width=\"720\" height=\"402\" src=\"https:\/\/i0.wp.com\/batimedianews.com\/live\/wp-content\/uploads\/2021\/07\/image-252.png?resize=720%2C402\" alt=\"\" class=\"wp-image-11367\" srcset=\"https:\/\/i0.wp.com\/batimedianews.com\/live\/wp-content\/uploads\/2021\/07\/image-252.png?w=734 734w, https:\/\/i0.wp.com\/batimedianews.com\/live\/wp-content\/uploads\/2021\/07\/image-252.png?resize=300%2C168 300w, https:\/\/i0.wp.com\/batimedianews.com\/live\/wp-content\/uploads\/2021\/07\/image-252.png?resize=10%2C6 10w, https:\/\/i0.wp.com\/batimedianews.com\/live\/wp-content\/uploads\/2021\/07\/image-252.png?resize=432%2C241 432w, https:\/\/i0.wp.com\/batimedianews.com\/live\/wp-content\/uploads\/2021\/07\/image-252.png?resize=396%2C221 396w, https:\/\/i0.wp.com\/batimedianews.com\/live\/wp-content\/uploads\/2021\/07\/image-252.png?resize=660%2C369 660w, https:\/\/i0.wp.com\/batimedianews.com\/live\/wp-content\/uploads\/2021\/07\/image-252.png?resize=394%2C220 394w\" sizes=\"(max-width: 600px) 91vw, (max-width: 900px) 600px, (max-width: 1060px) 50vw, (max-width: 1200px) 520px, (max-width: 1400px) 43vw, 600px\" data-recalc-dims=\"1\" \/><figcaption><em>Exemple d\u2019un projet NewHeat : Centrale solaire thermique sur la pap\u00e8terie de Condat (cr\u00e9dit photo NewHeat)&nbsp;<\/em><\/figcaption><\/figure>\n","protected":false},"excerpt":{"rendered":"<p>Bordeaux, le 28 juillet 2021 \u2013 NewHeat est fier d\u2019annoncer son premier projet \u00e0 l\u2019international de chaleur renouvelable pour l&rsquo;industrie -pour d\u00e9carboner une malterie croate et sa s\u00e9lection -pour b\u00e9n\u00e9ficier du support du programme Innovation Fund. Le Bordelais fait ainsi partie des 30 laur\u00e9ats retenus parmi 232 candidats venus de toute l\u2019Europe, pour le caract\u00e8re [&hellip;]<\/p>\n","protected":false},"author":41,"featured_media":11369,"comment_status":"open","ping_status":"open","sticky":false,"template":"","format":"standard","meta":{"spay_email":""},"categories":[4],"tags":[950],"jetpack_featured_media_url":"https:\/\/i0.wp.com\/batimedianews.com\/live\/wp-content\/uploads\/2021\/07\/NEWHEAT-Article.jpg?fit=1224%2C512","jetpack_sharing_enabled":true,"jetpack_likes_enabled":true,"jetpack-related-posts":[{"id":33195,"url":"http:\/\/batimedianews.com\/live\/index.php\/2023\/11\/21\/newheat-leve-30-me-pour-deployer-massivement-ses-solutions-de-fourniture-de-chaleur-renouvelable-100-vertueuse-et-devenir-un-leader-europeen-de-la-filiere\/","url_meta":{"origin":11365,"position":0},"title":"Newheat l\u00e8ve 30 M\u20ac pour d\u00e9ployer massivement ses solutions de fourniture de chaleur renouvelable \u00ab 100% vertueuse \u00bb, et devenir un leader europ\u00e9en de la fili\u00e8re","date":"21 novembre 2023","format":false,"excerpt":"\u00d8\u00a0\u00a0\u00a0\u00a0\u00a0\u00a0\u00a0\u00a0La chaleur renouvelable\u00a0est aujourd'hui identifi\u00e9e\u00a0par les d\u00e9cideurs priv\u00e9s et publics\u00a0comme un secteur prioritaire\u00a0pour\u00a0atteindre\u00a0les\u00a0objectifs climatiques et r\u00e9duire\u00a0la\u00a0d\u00e9pendance aux \u00e9nergies fossiles. \u00d8\u00a0\u00a0\u00a0\u00a0\u00a0\u00a0\u00a0\u00a0Focalis\u00e9e sur la d\u00e9carbonation des grands sites industriels et des r\u00e9seaux de chaleur urbains,\u00a0Newheat\u00a0s'appr\u00eate \u00e0\u00a0d\u00e9cupler\u00a0son rythme de d\u00e9veloppement avec\u00a0l'objectif de d\u00e9ployer\u00a015\u00a0nouveaux\u00a0projets d'ici 3 ans, pour un total d'investissement de 150 M\u20ac\u00a0et\u2026","rel":"","context":"Dans &quot;Actualit\u00e9 Entreprises&quot;","img":{"alt_text":"","src":"https:\/\/i1.wp.com\/batimedianews.com\/live\/wp-content\/uploads\/2023\/11\/Newheat-Image-articles-.jpg?fit=825%2C825&resize=350%2C200","width":350,"height":200},"classes":[]},{"id":48795,"url":"http:\/\/batimedianews.com\/live\/index.php\/2026\/01\/13\/energaia-2025-lintelligence-collective-et-linnovation-moteurs-de-la-transition-energetique\/","url_meta":{"origin":11365,"position":1},"title":"EnerGa\u00efa 2025 : l\u2019intelligence collective et l\u2019innovation, moteurs de la transition \u00e9nerg\u00e9tique","date":"13 janvier 2026","format":false,"excerpt":"Rendez-vous les 9 et 10 d\u00e9cembre 2026 pour la 20e \u00e9dition ! La 19\u00e8me \u00e9dition du Forum EnerGa\u00efa qui s\u2019est d\u00e9roul\u00e9e du 10 et 11 d\u00e9cembre 2025 au Parc des Expositions de Montpellier, a une nouvelle fois confirm\u00e9 sa place de rendez-vous professionnel majeur des \u00e9nergies renouvelables. V\u00e9ritable barom\u00e8tre national\u2026","rel":"","context":"Dans &quot;Actualit\u00e9s salons&quot;","img":{"alt_text":"","src":"https:\/\/i1.wp.com\/batimedianews.com\/live\/wp-content\/uploads\/2026\/01\/enerGaia.jpg?fit=825%2C825&resize=350%2C200","width":350,"height":200},"classes":[]},{"id":19625,"url":"http:\/\/batimedianews.com\/live\/index.php\/2022\/05\/04\/la-17-eme-edition-des-trophees-placo-est-lance\/","url_meta":{"origin":11365,"position":2},"title":"La 17 eme \u00e9dition des troph\u00e9es PlACO est lanc\u00e9","date":"4 mai 2022","format":false,"excerpt":"VALORISER LE SAVOIR-FAIRE DES ENTREPRISES\u00a0ET L\u2019EXCELLENCE DES M\u00c9TIERS DU PL\u00c2TRE\u00a0 C\u2019est en 1989 que le Club Entreprises Placo\u00ae lan\u00e7ait ses Troph\u00e9es Placo\u00ae qui restent uniques dans l\u2019univers du b\u00e2timent par leur p\u00e9rennit\u00e9, la qualit\u00e9 des ouvrages pr\u00e9sent\u00e9s et l\u2019excellence des entreprises participantes. Ce concours bisannuel met \u00e0 l\u2019honneur le savoir-faire\u2026","rel":"","context":"Dans &quot;Placo&quot;","img":{"alt_text":"","src":"https:\/\/i0.wp.com\/batimedianews.com\/live\/wp-content\/uploads\/2022\/05\/Placo-Article.jpg?fit=1080%2C1080&resize=350%2C200","width":350,"height":200},"classes":[]},{"id":26917,"url":"http:\/\/batimedianews.com\/live\/index.php\/2023\/03\/21\/ombree-le-projet-qui-oeuvre-a-la-reduction-des-consommations-denergie-dans-les-batiments-ultramarins-prend-de-lampleur\/","url_meta":{"origin":11365,"position":3},"title":"OMBREE, le projet qui oeuvre \u00e0 la r\u00e9duction des consommations d\u2019\u00e9nergie dans les b\u00e2timents ultramarins, prend de l\u2019ampleur !","date":"21 mars 2023","format":false,"excerpt":"\u00a0Depuis 2020, le projet OMBREE accompagne et sensibilise les professionnels ultramarins de la construction, afin de faire \u00e9merger des solutions concr\u00e8tes pour un b\u00e2timent ultramarin performant. Des ressources sont d\u2019ores et d\u00e9j\u00e0 disponibles et un appel \u00e0 projets lanc\u00e9 en 2020 a permis d\u2019accompagner 10 porteurs ultramarins via l\u2019incubateur OMBREE.\u2026","rel":"","context":"Dans &quot;Actualit\u00e9 Entreprises&quot;","img":{"alt_text":"","src":"https:\/\/i1.wp.com\/batimedianews.com\/live\/wp-content\/uploads\/2023\/03\/Profile-Article.jpg?fit=1080%2C1080&resize=350%2C200","width":350,"height":200},"classes":[]},{"id":275,"url":"http:\/\/batimedianews.com\/live\/index.php\/2018\/10\/15\/vers-des-operations-damenagement-a-energie-positive-et-bas-carbone-le-projet-de-recherche-quartier-ec-est-lance\/","url_meta":{"origin":11365,"position":4},"title":"Vers des op\u00e9rations d\u2019am\u00e9nagement \u00e0 \u00e9nergie positive et bas carbone : le projet de recherche Quartier E+C- est lanc\u00e9 !","date":"15 octobre 2018","format":false,"excerpt":"Dans la lign\u00e9e de l\u2019Accord de Paris, la fili\u00e8re fran\u00e7aise du b\u00e2timent s\u2019est engag\u00e9e dans une d\u00e9marche collective ambitieuse visant \u00e0 produire des b\u00e2timents \u00e0 \u00e9nergie positive et faible empreinte carbone. Lanc\u00e9e en 2016, l\u2019exp\u00e9rimentation E+C- pr\u00e9figure ainsi la future r\u00e9glementation environnementale. Cette exp\u00e9rimentation prend aujourd\u2019hui une nouvelle dimension avec\u2026","rel":"","context":"Dans &quot;Bas carbone&quot;","img":{"alt_text":"","src":"https:\/\/i2.wp.com\/batimedianews.com\/live\/wp-content\/uploads\/2018\/10\/quartier_image1.jpg?fit=696%2C696&resize=350%2C200","width":350,"height":200},"classes":[]},{"id":21783,"url":"http:\/\/batimedianews.com\/live\/index.php\/2022\/07\/11\/interclima-mondial-du-batiment-airwell-laureat-de-bronze-des-awards-de-linnovation-pour-la-solution-ma-maison-hybride\/","url_meta":{"origin":11365,"position":5},"title":"Interclima mondial du b\u00e2timent AIRWELL laur\u00e9at de bronze des awards de l&rsquo;innovation pour la solution ma maison  HYBRIDE","date":"11 juillet 2022","format":false,"excerpt":"\u00a0Lundi 4 juillet, pour la solution Ma Maison Hybride, Airwell acteur majeur cr\u00e9ateur fran\u00e7ais de solutions climatiques et thermiques est Laur\u00e9at de Bronze dans la cat\u00e9gorie Construction Tech\u00ae - Start-Up et Nouvelles Technologies. Ma Maison Hybride con\u00e7ue par Airwell est une solution globale de services qui permet \u00e0 l\u2019utilisateur de\u2026","rel":"","context":"Dans &quot;Actualit\u00e9 Entreprises&quot;","img":{"alt_text":"","src":"https:\/\/i1.wp.com\/batimedianews.com\/live\/wp-content\/uploads\/2022\/07\/Airwell-Article-1.jpg?fit=1080%2C1080&resize=350%2C200","width":350,"height":200},"classes":[]}],"_links":{"self":[{"href":"http:\/\/batimedianews.com\/live\/index.php\/wp-json\/wp\/v2\/posts\/11365"}],"collection":[{"href":"http:\/\/batimedianews.com\/live\/index.php\/wp-json\/wp\/v2\/posts"}],"about":[{"href":"http:\/\/batimedianews.com\/live\/index.php\/wp-json\/wp\/v2\/types\/post"}],"author":[{"embeddable":true,"href":"http:\/\/batimedianews.com\/live\/index.php\/wp-json\/wp\/v2\/users\/41"}],"replies":[{"embeddable":true,"href":"http:\/\/batimedianews.com\/live\/index.php\/wp-json\/wp\/v2\/comments?post=11365"}],"version-history":[{"count":6,"href":"http:\/\/batimedianews.com\/live\/index.php\/wp-json\/wp\/v2\/posts\/11365\/revisions"}],"predecessor-version":[{"id":11437,"href":"http:\/\/batimedianews.com\/live\/index.php\/wp-json\/wp\/v2\/posts\/11365\/revisions\/11437"}],"wp:featuredmedia":[{"embeddable":true,"href":"http:\/\/batimedianews.com\/live\/index.php\/wp-json\/wp\/v2\/media\/11369"}],"wp:attachment":[{"href":"http:\/\/batimedianews.com\/live\/index.php\/wp-json\/wp\/v2\/media?parent=11365"}],"wp:term":[{"taxonomy":"category","embeddable":true,"href":"http:\/\/batimedianews.com\/live\/index.php\/wp-json\/wp\/v2\/categories?post=11365"},{"taxonomy":"post_tag","embeddable":true,"href":"http:\/\/batimedianews.com\/live\/index.php\/wp-json\/wp\/v2\/tags?post=11365"}],"curies":[{"name":"wp","href":"https:\/\/api.w.org\/{rel}","templated":true}]}}