{"id":11846,"date":"2021-09-09T11:22:52","date_gmt":"2021-09-09T09:22:52","guid":{"rendered":"http:\/\/batimedianews.com\/live\/?p=11846"},"modified":"2022-01-24T12:46:08","modified_gmt":"2022-01-24T11:46:08","slug":"le-secretaire-detat-charge-de-la-transition-numerique-et-des-communications-electroniques-cedric-o-en-visite-a-crolles-chez-adeunis","status":"publish","type":"post","link":"http:\/\/batimedianews.com\/live\/index.php\/2021\/09\/09\/le-secretaire-detat-charge-de-la-transition-numerique-et-des-communications-electroniques-cedric-o-en-visite-a-crolles-chez-adeunis\/","title":{"rendered":"Le Secr\u00e9taire d\u2019\u00c9tat charg\u00e9 de la Transition num\u00e9rique et des communications \u00e9lectroniques, C\u00e9dric O en visite \u00e0 Crolles chez Adeunis"},"content":{"rendered":"\n<figure class=\"wp-block-image size-large\"><img loading=\"lazy\" width=\"720\" height=\"166\" src=\"https:\/\/i1.wp.com\/batimedianews.com\/live\/wp-content\/uploads\/2021\/09\/image-85.png?resize=720%2C166\" alt=\"\" class=\"wp-image-11847\" srcset=\"https:\/\/i1.wp.com\/batimedianews.com\/live\/wp-content\/uploads\/2021\/09\/image-85.png?resize=1024%2C236 1024w, https:\/\/i1.wp.com\/batimedianews.com\/live\/wp-content\/uploads\/2021\/09\/image-85.png?resize=300%2C69 300w, https:\/\/i1.wp.com\/batimedianews.com\/live\/wp-content\/uploads\/2021\/09\/image-85.png?resize=768%2C177 768w, https:\/\/i1.wp.com\/batimedianews.com\/live\/wp-content\/uploads\/2021\/09\/image-85.png?resize=1536%2C354 1536w, https:\/\/i1.wp.com\/batimedianews.com\/live\/wp-content\/uploads\/2021\/09\/image-85.png?resize=10%2C2 10w, https:\/\/i1.wp.com\/batimedianews.com\/live\/wp-content\/uploads\/2021\/09\/image-85.png?resize=432%2C100 432w, https:\/\/i1.wp.com\/batimedianews.com\/live\/wp-content\/uploads\/2021\/09\/image-85.png?resize=396%2C91 396w, https:\/\/i1.wp.com\/batimedianews.com\/live\/wp-content\/uploads\/2021\/09\/image-85.png?resize=1120%2C258 1120w, https:\/\/i1.wp.com\/batimedianews.com\/live\/wp-content\/uploads\/2021\/09\/image-85.png?resize=660%2C152 660w, https:\/\/i1.wp.com\/batimedianews.com\/live\/wp-content\/uploads\/2021\/09\/image-85.png?resize=710%2C164 710w, https:\/\/i1.wp.com\/batimedianews.com\/live\/wp-content\/uploads\/2021\/09\/image-85.png?w=1682 1682w, https:\/\/i1.wp.com\/batimedianews.com\/live\/wp-content\/uploads\/2021\/09\/image-85.png?w=1440 1440w\" sizes=\"(max-width: 600px) 91vw, (max-width: 900px) 600px, (max-width: 1060px) 50vw, (max-width: 1200px) 520px, (max-width: 1400px) 43vw, 600px\" data-recalc-dims=\"1\" \/><\/figure>\n\n\n\n<p><strong>Adeunis, l\u2019expert des capteurs et solutions IoT, a eu le plaisir d\u2019accueillir ce jour dans ses locaux C\u00e9dric O, Secr\u00e9taire d&rsquo;\u00c9tat charg\u00e9 de la Transition num\u00e9rique et des Communications \u00e9lectroniques. Cette visite s\u2019inscrit dans le cadre d\u2019un d\u00e9placement en Is\u00e8re afin de valoriser les opportunit\u00e9s \u00e9conomiques li\u00e9es \u00e0 l\u2019innovation num\u00e9rique pour ce territoire.&nbsp;<\/strong><\/p>\n\n\n\n<figure class=\"wp-block-image size-large\"><img loading=\"lazy\" width=\"720\" height=\"534\" src=\"https:\/\/i1.wp.com\/batimedianews.com\/live\/wp-content\/uploads\/2021\/09\/image-86.png?resize=720%2C534\" alt=\"\" class=\"wp-image-11848\" srcset=\"https:\/\/i1.wp.com\/batimedianews.com\/live\/wp-content\/uploads\/2021\/09\/image-86.png?resize=1024%2C760 1024w, https:\/\/i1.wp.com\/batimedianews.com\/live\/wp-content\/uploads\/2021\/09\/image-86.png?resize=300%2C223 300w, https:\/\/i1.wp.com\/batimedianews.com\/live\/wp-content\/uploads\/2021\/09\/image-86.png?resize=768%2C570 768w, https:\/\/i1.wp.com\/batimedianews.com\/live\/wp-content\/uploads\/2021\/09\/image-86.png?resize=1536%2C1140 1536w, https:\/\/i1.wp.com\/batimedianews.com\/live\/wp-content\/uploads\/2021\/09\/image-86.png?resize=2048%2C1520 2048w, https:\/\/i1.wp.com\/batimedianews.com\/live\/wp-content\/uploads\/2021\/09\/image-86.png?resize=10%2C7 10w, https:\/\/i1.wp.com\/batimedianews.com\/live\/wp-content\/uploads\/2021\/09\/image-86.png?resize=432%2C321 432w, https:\/\/i1.wp.com\/batimedianews.com\/live\/wp-content\/uploads\/2021\/09\/image-86.png?resize=396%2C294 396w, https:\/\/i1.wp.com\/batimedianews.com\/live\/wp-content\/uploads\/2021\/09\/image-86.png?resize=1120%2C831 1120w, https:\/\/i1.wp.com\/batimedianews.com\/live\/wp-content\/uploads\/2021\/09\/image-86.png?resize=660%2C490 660w, https:\/\/i1.wp.com\/batimedianews.com\/live\/wp-content\/uploads\/2021\/09\/image-86.png?resize=297%2C220 297w, https:\/\/i1.wp.com\/batimedianews.com\/live\/wp-content\/uploads\/2021\/09\/image-86.png?w=1440 1440w, https:\/\/i1.wp.com\/batimedianews.com\/live\/wp-content\/uploads\/2021\/09\/image-86.png?w=2160 2160w\" sizes=\"(max-width: 600px) 91vw, (max-width: 900px) 600px, (max-width: 1060px) 50vw, (max-width: 1200px) 520px, (max-width: 1400px) 43vw, 600px\" data-recalc-dims=\"1\" \/><\/figure>\n\n\n\n<p>Un vaste programme d\u2019acc\u00e9l\u00e9ration de la 5G et plus largement des futures technologies de communication a \u00e9t\u00e9 lanc\u00e9 en septembre 2020 par le Gouvernement dans le cadre du plan France Relance. L\u2019objectif de ce programme est de permettre \u00e0 la France de saisir l\u2019ensemble des opportunit\u00e9s offertes par la 5G et de se positionner \u00e0 la pointe des futures technologies de r\u00e9seaux, le tout en cr\u00e9ant de nouveaux emplois.&nbsp;<\/p>\n\n\n\n<p>Dans le cadre de cet appel \u00e0 manifestation d\u2019int\u00e9r\u00eat \u00ab Solutions souveraines pour les r\u00e9seaux de t\u00e9l\u00e9communication \u00bb, Adeunis, \u00e0 travers son projet \u00ab 5G for IoT \u00bb, a obtenu en juillet dernier un financement de 600 k\u20ac afin de conforter son avance technologique dans le domaine de l&rsquo;IoT 5G et d&rsquo;acc\u00e9l\u00e9rer le d\u00e9veloppement d&rsquo;innovations \u00e0 forte valeur ajout\u00e9e.&nbsp;<\/p>\n\n\n\n<p>\u00c1 cette occasion, Le Ministre C\u00e9dric O a souhait\u00e9 se rendre en Is\u00e8re afin de saluer ces soci\u00e9t\u00e9s innovantes du territoire qui ont b\u00e9n\u00e9fici\u00e9 de soutien du Gouvernement.&nbsp;<\/p>\n\n\n\n<p><em>\u00ab Nous sommes tr\u00e8s honor\u00e9s de compter parmi les p\u00e9pites technologiques de la r\u00e9gion et d\u2019accueillir M. Le Secr\u00e9taire d&rsquo;\u00c9tat C\u00e9dric O. C\u2019est une grande reconnaissance pour Adeunis et pour les travaux de recherche men\u00e9s par nos \u00e9quipes autour des technologies 5G et de l&rsquo;IoT. Nous sommes tr\u00e8s fiers de la confiance de l&rsquo;\u00c9tat en notre capacit\u00e9 \u00e0 contribuer au d\u00e9ploiement et \u00e0 l\u2019essor de ces nouvelles technologies et \u00e0 la garantie du savoir-faire fran\u00e7ais. \u00bb <\/em>indique Frank Fischer, PDG d\u2019Adeunis.&nbsp;<\/p>\n\n\n\n<p class=\"has-text-color\" style=\"color:#0270a0\"><strong>\u00c0 propos d\u2019Adeunis&nbsp;<\/strong><\/p>\n\n\n\n<p class=\"has-text-color has-small-font-size\" style=\"color:#7fdac8\">Dans un monde connect\u00e9, Adeunis con\u00e7oit, fabrique et commercialise des capteurs et des solutions sans fil au service de la performance op\u00e9rationnelle des professionnels. Adeunis est l&rsquo;expert des solutions IIoT (Industrial Internet of Things) d\u00e9di\u00e9es \u00e0 l\u2019optimisation de la gestion des b\u00e2timents (Smart Building), des process et services industriels (Smart Industry), au d\u00e9veloppement de l\u2019attractivit\u00e9 des villes (Smart City).&nbsp;<\/p>\n\n\n\n<p class=\"has-text-color has-small-font-size\" style=\"color:#7fdac8\">Notre mission : accompagner la digitalisation des m\u00e9tiers de nos clients \u00e0 travers des solutions IoT, en garantissant la cha\u00eene compl\u00e8te de l\u2019information, des capteurs jusqu\u2019au transfert de la donn\u00e9e vers leur application.&nbsp;<\/p>\n\n\n\n<p class=\"has-text-color has-small-font-size\" style=\"color:#7fdac8\">Fort d&rsquo;une approche technologique agnostique reconnue depuis plus de 20 ans, d&rsquo;une v\u00e9ritable dimension industrielle avec plusieurs millions de produits d\u00e9j\u00e0 mis sur le march\u00e9, Adeunis offre des solutions adapt\u00e9es \u00e0 tous les besoins. Adeunis compte 32 collaborateurs sur 1 site unique en France (pr\u00e8s de Grenoble). En 2020\/2021, cette activit\u00e9, qualifi\u00e9e \u00ab Entreprise Innovante \u00bb par Bpifrance, a r\u00e9alis\u00e9 un chiffre d\u2019affaires de 5,3 millions d\u2019euros sur son nouveau p\u00e9rim\u00e8tre.&nbsp;<\/p>\n\n\n\n<p><\/p>\n","protected":false},"excerpt":{"rendered":"<p>Adeunis, l\u2019expert des capteurs et solutions IoT, a eu le plaisir d\u2019accueillir ce jour dans ses locaux C\u00e9dric O, Secr\u00e9taire d&rsquo;\u00c9tat charg\u00e9 de la Transition num\u00e9rique et des Communications \u00e9lectroniques. Cette visite s\u2019inscrit dans le cadre d\u2019un d\u00e9placement en Is\u00e8re afin de valoriser les opportunit\u00e9s \u00e9conomiques li\u00e9es \u00e0 l\u2019innovation num\u00e9rique pour ce territoire.&nbsp; Un vaste [&hellip;]<\/p>\n","protected":false},"author":41,"featured_media":11849,"comment_status":"open","ping_status":"open","sticky":false,"template":"","format":"standard","meta":{"spay_email":""},"categories":[4,120],"tags":[],"jetpack_featured_media_url":"https:\/\/i1.wp.com\/batimedianews.com\/live\/wp-content\/uploads\/2021\/09\/adeunis-Article.jpg?fit=1224%2C512","jetpack_sharing_enabled":true,"jetpack_likes_enabled":true,"jetpack-related-posts":[{"id":29860,"url":"http:\/\/batimedianews.com\/live\/index.php\/2023\/07\/06\/le-pole-fibres-energivie-devient-le-pole-build-connect-et-change-de-president\/","url_meta":{"origin":11846,"position":0},"title":"Le P\u00f4le Fibres Energivie devient le P\u00f4le Build &#038; Connect et change de Pr\u00e9sident","date":"6 juillet 2023","format":false,"excerpt":"Une nouvelle identit\u00e9 pour r\u00e9-affimer notre mission Le P\u00f4le a r\u00e9\u00e9crit sa feuille de route \u00e0 l'occasion du d\u00e9marrage d\u00e9but 2023 de la phase V des p\u00f4les de comp\u00e9titivit\u00e9. L\u2019ancien nom h\u00e9rit\u00e9 de la fusion en 2015 entre les p\u00f4les Alsace Energivie et Fibres ne correspondait plus \u00e0 notre \u00e9volution\u2026","rel":"","context":"Dans &quot;Actualit\u00e9 Entreprises&quot;","img":{"alt_text":"","src":"https:\/\/i0.wp.com\/batimedianews.com\/live\/wp-content\/uploads\/2023\/06\/BUILDConnect-article.jpg?fit=1080%2C1080&resize=350%2C200","width":350,"height":200},"classes":[]},{"id":760,"url":"http:\/\/batimedianews.com\/live\/index.php\/2019\/01\/10\/ces-2019-visitez-le-jumeau-numerique-de-votre-futur-logement\/","url_meta":{"origin":11846,"position":1},"title":"CES 2019 VISITEZ LE JUMEAU NUM\u00c9RIQUE DE VOTRE FUTUR LOGEMENT","date":"10 janvier 2019","format":false,"excerpt":"Apr\u00e8s un premier passage tr\u00e8s remarqu\u00e9 au CES Las Vegas en 2018,\u00a0la start up aixoise PERSPECTIVE[S] revient sur le plus grand salon \u00e9lectronique au monde avec une\u00a0nouvelle innovation : la visite virtuelle de son futur logement, comme si l\u2019on y \u00e9tait, avec la possibilit\u00e9\u00a0de le personnaliser selon ses go\u00fbts. Les\u2026","rel":"","context":"Dans &quot;Actualit\u00e9 Entreprises&quot;","img":{"alt_text":"","src":"https:\/\/i1.wp.com\/batimedianews.com\/live\/wp-content\/uploads\/2019\/08\/reve-ces-01.jpg?fit=1080%2C1080&resize=350%2C200","width":350,"height":200},"classes":[]},{"id":23769,"url":"http:\/\/batimedianews.com\/live\/index.php\/2022\/09\/29\/budget-2023-du-ministere-de-la-transition-ecologique\/","url_meta":{"origin":11846,"position":2},"title":"Budget 2023 du minist\u00e8re de la Transition\u2002\u00e9cologique et de la Coh\u00e9sion des territoires","date":"29 septembre 2022","format":false,"excerpt":"Dot\u00e9s de 60 Md\u20ac dans le projet de loi de finances pour 2023, les minist\u00e8res de la transition \u00e9cologique, de la coh\u00e9sion des territoires et de la transition \u00e9nerg\u00e9tique voient leurs budgets atteindre un niveau in\u00e9dit. Ce budget 2023 amorce la hausse de nos moyens avant la d\u00e9clinaison de nos\u2026","rel":"","context":"Dans &quot;Actualit\u00e9 Entreprises&quot;","img":{"alt_text":"","src":"https:\/\/i2.wp.com\/batimedianews.com\/live\/wp-content\/uploads\/2022\/09\/Ministeretransitioneco-Article.jpg?fit=1080%2C1080&resize=350%2C200","width":350,"height":200},"classes":[]},{"id":38167,"url":"http:\/\/batimedianews.com\/live\/index.php\/2024\/06\/18\/contrat-dobjectifs-et-de-performance-cop-2024-2027-entre-letat-la-fib-federation-de-lindustrie-du-beton-et-le-cerib-centre-detudes-et-de-recherches-de-l\/","url_meta":{"origin":11846,"position":3},"title":"Contrat d\u2019Objectifs et de Performance (COP) 2024-2027 entre l\u2019\u00c9tat, la FIB (F\u00e9d\u00e9ration de l\u2019Industrie du B\u00e9ton) et le CERIB (Centre d\u2019\u00c9tudes et de Recherches de l\u2019Industrie du B\u00e9ton)","date":"18 juin 2024","format":false,"excerpt":"\u00ab\u00a0Les grandes transitions de la construction au c\u0153ur de notre engagement\u00a0\u00bb Bertrand Bedel, pr\u00e9sident de la FIB et du CERIB et St\u00e9phane Le Guirriec, directeur g\u00e9n\u00e9ral du CERIB ont sign\u00e9 le 7 juin, lors d\u2019une c\u00e9r\u00e9monie de signature au\u00a0Minist\u00e8re de l\u2019\u00c9conomie, des Finances et de la Souverainet\u00e9 Industrielle et Num\u00e9rique\u2026","rel":"","context":"Dans &quot;Actualit\u00e9 Entreprises&quot;","img":{"alt_text":"","src":"https:\/\/i1.wp.com\/batimedianews.com\/live\/wp-content\/uploads\/2024\/06\/Cerib-articles-.jpg?fit=825%2C825&resize=350%2C200","width":350,"height":200},"classes":[]},{"id":18634,"url":"http:\/\/batimedianews.com\/live\/index.php\/2022\/04\/05\/bim-creation-du-dictionnaire-de-donnees-de-lindustrie-du-beton\/","url_meta":{"origin":11846,"position":4},"title":"BIM : cr\u00e9ation du Dictionnaire de donn\u00e9es de l\u2019Industrie du B\u00e9ton","date":"5 avril 2022","format":false,"excerpt":"Le d\u00e9veloppement des process num\u00e9riques dans la construction n\u00e9cessite la cr\u00e9ation de langages communs pour les \u00e9changes d\u2019informations entre les parties prenantes d\u2019un projet. Port\u00e9s par des dictionnaires de donn\u00e9es, ces langages permettent l\u2019utilisation de d\u00e9finitions coh\u00e9rentes pour d\u00e9crire les ouvrages, les syst\u00e8mes et les composants dans les maquettes num\u00e9riques.\u00a0\u2026","rel":"","context":"Dans &quot;Actualit\u00e9 Entreprises&quot;","img":{"alt_text":"","src":"https:\/\/i0.wp.com\/batimedianews.com\/live\/wp-content\/uploads\/2022\/04\/CERIB-Article.jpg?fit=512%2C512&resize=350%2C200","width":350,"height":200},"classes":[]},{"id":39728,"url":"http:\/\/batimedianews.com\/live\/index.php\/2024\/09\/26\/cinov-conseil-devoile-son-nouveau-bureau-des-talents-diversifies-pour-une-gouvernance-efficace\/","url_meta":{"origin":11846,"position":5},"title":"Cinov Conseil d\u00e9voile son nouveau Bureau : des talents diversifi\u00e9s pour une gouvernance efficace","date":"26 septembre 2024","format":false,"excerpt":"\u00a0Cinov Conseil, syndicat repr\u00e9sentatif des m\u00e9tiers du conseil en management, a annonc\u00e9 la constitution de son nouveau Bureau \u00e9lu lors Conseil d\u2019administration du 28 juin 2024. Ce Bureau est plac\u00e9 sous la co-pr\u00e9sidence de Chantal Dagnaud et Bernard Antonucci, deux figures \u00e9minentes du secteur du conseil, reconnus pour leur vision\u2026","rel":"","context":"Dans &quot;Actualit\u00e9 Entreprises&quot;","img":{"alt_text":"","src":"https:\/\/i2.wp.com\/batimedianews.com\/live\/wp-content\/uploads\/2024\/09\/Cinov-articles-.jpg?fit=825%2C825&resize=350%2C200","width":350,"height":200},"classes":[]}],"_links":{"self":[{"href":"http:\/\/batimedianews.com\/live\/index.php\/wp-json\/wp\/v2\/posts\/11846"}],"collection":[{"href":"http:\/\/batimedianews.com\/live\/index.php\/wp-json\/wp\/v2\/posts"}],"about":[{"href":"http:\/\/batimedianews.com\/live\/index.php\/wp-json\/wp\/v2\/types\/post"}],"author":[{"embeddable":true,"href":"http:\/\/batimedianews.com\/live\/index.php\/wp-json\/wp\/v2\/users\/41"}],"replies":[{"embeddable":true,"href":"http:\/\/batimedianews.com\/live\/index.php\/wp-json\/wp\/v2\/comments?post=11846"}],"version-history":[{"count":2,"href":"http:\/\/batimedianews.com\/live\/index.php\/wp-json\/wp\/v2\/posts\/11846\/revisions"}],"predecessor-version":[{"id":11953,"href":"http:\/\/batimedianews.com\/live\/index.php\/wp-json\/wp\/v2\/posts\/11846\/revisions\/11953"}],"wp:featuredmedia":[{"embeddable":true,"href":"http:\/\/batimedianews.com\/live\/index.php\/wp-json\/wp\/v2\/media\/11849"}],"wp:attachment":[{"href":"http:\/\/batimedianews.com\/live\/index.php\/wp-json\/wp\/v2\/media?parent=11846"}],"wp:term":[{"taxonomy":"category","embeddable":true,"href":"http:\/\/batimedianews.com\/live\/index.php\/wp-json\/wp\/v2\/categories?post=11846"},{"taxonomy":"post_tag","embeddable":true,"href":"http:\/\/batimedianews.com\/live\/index.php\/wp-json\/wp\/v2\/tags?post=11846"}],"curies":[{"name":"wp","href":"https:\/\/api.w.org\/{rel}","templated":true}]}}