{"id":12048,"date":"2021-09-15T14:16:32","date_gmt":"2021-09-15T12:16:32","guid":{"rendered":"http:\/\/batimedianews.com\/live\/?p=12048"},"modified":"2022-01-24T11:53:15","modified_gmt":"2022-01-24T10:53:15","slug":"le-bookstore-de-la-fondation-jerome-seydoux-pathe-les-profiles-descasystem-jansen-au-service-dun-design-unique","status":"publish","type":"post","link":"http:\/\/batimedianews.com\/live\/index.php\/2021\/09\/15\/le-bookstore-de-la-fondation-jerome-seydoux-pathe-les-profiles-descasystem-jansen-au-service-dun-design-unique\/","title":{"rendered":"Le bookstore de la fondation J\u00e9r\u00f4me Seydoux-Path\u00e9, les profil\u00e9s Descasystem-Jansen au service d\u2019un design unique"},"content":{"rendered":"\n<figure class=\"wp-block-image size-large is-resized\"><img loading=\"lazy\" src=\"https:\/\/i0.wp.com\/batimedianews.com\/live\/wp-content\/uploads\/2021\/09\/image-185.png?resize=709%2C451\" alt=\"\" class=\"wp-image-12049\" width=\"709\" height=\"451\" srcset=\"https:\/\/i0.wp.com\/batimedianews.com\/live\/wp-content\/uploads\/2021\/09\/image-185.png?resize=1024%2C653 1024w, https:\/\/i0.wp.com\/batimedianews.com\/live\/wp-content\/uploads\/2021\/09\/image-185.png?resize=300%2C191 300w, https:\/\/i0.wp.com\/batimedianews.com\/live\/wp-content\/uploads\/2021\/09\/image-185.png?resize=768%2C489 768w, https:\/\/i0.wp.com\/batimedianews.com\/live\/wp-content\/uploads\/2021\/09\/image-185.png?resize=10%2C6 10w, https:\/\/i0.wp.com\/batimedianews.com\/live\/wp-content\/uploads\/2021\/09\/image-185.png?resize=432%2C275 432w, https:\/\/i0.wp.com\/batimedianews.com\/live\/wp-content\/uploads\/2021\/09\/image-185.png?resize=396%2C252 396w, https:\/\/i0.wp.com\/batimedianews.com\/live\/wp-content\/uploads\/2021\/09\/image-185.png?resize=1120%2C714 1120w, https:\/\/i0.wp.com\/batimedianews.com\/live\/wp-content\/uploads\/2021\/09\/image-185.png?resize=660%2C421 660w, https:\/\/i0.wp.com\/batimedianews.com\/live\/wp-content\/uploads\/2021\/09\/image-185.png?resize=345%2C220 345w, https:\/\/i0.wp.com\/batimedianews.com\/live\/wp-content\/uploads\/2021\/09\/image-185.png?w=1290 1290w\" sizes=\"(max-width: 600px) 91vw, (max-width: 900px) 600px, (max-width: 1060px) 50vw, (max-width: 1200px) 520px, (max-width: 1400px) 43vw, 600px\" data-recalc-dims=\"1\" \/><figcaption>\u00a9 Cr\u00e9dits photo : M\u00e9tallerie Blanchet&nbsp;<\/figcaption><\/figure>\n\n\n\n<p><strong>Descasystem a collabor\u00e9 avec la M\u00e9tallerie Blanchet pour r\u00e9aliser deux fa\u00e7ades vitr\u00e9es en profils acier de la gamme Arte et Janisol. C\u2019est dans le cadre de la cr\u00e9ation d\u2019un bookstore\/caf\u00e9 au sein de la fondation J\u00e9r\u00f4me Seydoux-Path\u00e9 \u00e0 Paris, que les deux partenaires de longue date ont pris part \u00e0 ce chantier aux d\u00e9fis enrichissants.&nbsp;<\/strong><\/p>\n\n\n\n<p><strong>Le nouveau si\u00e8ge de la fondation J\u00e9r\u00f4me Seydoux-Path\u00e9, qui oeuvre \u00e0 la conservation et \u00e0 la mise \u00e0 disposition au public du patrimoine historique de Path\u00e9, a \u00e9t\u00e9 construit en 2015. Il abrite une salle de projection de 70 places, des espaces d\u2019exposition, des ateliers p\u00e9dagogiques, un centre de recherche et de documentation et d\u00e9sormais, un bookstore\/caf\u00e9.&nbsp;<\/strong><\/p>\n\n\n\n<p><strong>Ce b\u00e2timent de 2200 m2 se d\u00e9marque par sa verri\u00e8re recouverte de sept mille \u00e9cailles d\u2019aluminium anodis\u00e9 perfor\u00e9 et par son jardin de 200 m2. C\u2019est \u00e0 cet endroit que s\u2019est implant\u00e9 le projet de cr\u00e9ation d\u2019un bookstore et salon de th\u00e9, dans un style atelier parisien en m\u00e9tal et en verre.&nbsp;<\/strong><\/p>\n\n\n\n<p class=\"has-text-color has-medium-font-size\" style=\"color:#026691\"><strong>Un chantier exigeant tant sur le plan technique qu\u2019esth\u00e9tique&nbsp;<\/strong><\/p>\n\n\n\n<div class=\"wp-block-image\"><figure class=\"alignright size-large is-resized\"><img loading=\"lazy\" src=\"https:\/\/i2.wp.com\/batimedianews.com\/live\/wp-content\/uploads\/2021\/09\/image-186.png?resize=288%2C210\" alt=\"\" class=\"wp-image-12050\" width=\"288\" height=\"210\" srcset=\"https:\/\/i2.wp.com\/batimedianews.com\/live\/wp-content\/uploads\/2021\/09\/image-186.png?w=628 628w, https:\/\/i2.wp.com\/batimedianews.com\/live\/wp-content\/uploads\/2021\/09\/image-186.png?resize=300%2C219 300w, https:\/\/i2.wp.com\/batimedianews.com\/live\/wp-content\/uploads\/2021\/09\/image-186.png?resize=10%2C7 10w, https:\/\/i2.wp.com\/batimedianews.com\/live\/wp-content\/uploads\/2021\/09\/image-186.png?resize=432%2C315 432w, https:\/\/i2.wp.com\/batimedianews.com\/live\/wp-content\/uploads\/2021\/09\/image-186.png?resize=396%2C289 396w, https:\/\/i2.wp.com\/batimedianews.com\/live\/wp-content\/uploads\/2021\/09\/image-186.png?resize=302%2C220 302w\" sizes=\"(max-width: 600px) 91vw, (max-width: 900px) 600px, (max-width: 1060px) 50vw, (max-width: 1200px) 520px, (max-width: 1400px) 43vw, 600px\" data-recalc-dims=\"1\" \/><figcaption>Le bookstore\/caf\u00e9 de la Fondation J\u00e9r\u00f4me Seydoux-Path\u00e9 : un lieu lumineux et convivial d\u00e9di\u00e9 au Septi\u00e8me art.&nbsp;<\/figcaption><\/figure><\/div>\n\n\n\n<p>Pour ce chantier, l\u2019entreprise Blanchet, sp\u00e9cialis\u00e9e dans la r\u00e9alisation d\u2019ouvrages en m\u00e9tal, a \u00e9t\u00e9 choisie pour construire les deux fa\u00e7ades vitr\u00e9es dot\u00e9es de menuiseries en acier du bookstore.&nbsp;<\/p>\n\n\n\n<p>La premi\u00e8re, d\u2019une surface de 6 m2, et situ\u00e9e sur la fa\u00e7ade ext\u00e9rieure du c\u00f4t\u00e9 rue du b\u00e2timent, n\u2019a pas pos\u00e9 de probl\u00e8me particulier aux \u00e9quipes de Blanchet. La fa\u00e7ade vitr\u00e9e int\u00e9rieure de 50 m2, c\u00f4t\u00e9 cour, pr\u00e9sentait quant \u00e0 elle plusieurs challenges.&nbsp;<\/p>\n\n\n\n<p>Le premier concernait l\u2019acc\u00e8s \u00e0 la fa\u00e7ade. Il se faisait par l\u2019int\u00e9rieur et a ainsi rendu la manutention plus difficile pour les poseurs travaillant sur le projet. Mais le plus gros d\u00e9fi r\u00e9sidait dans la technique d\u2019assemblage exig\u00e9e par le cabinet d\u2019architectes Renzo Piano Public Workshop : \u00ab <em>Pour un aspect esth\u00e9tique, nous devions souder les plats au laser sur tous les profils de la gamme Jansen<\/em>. \u00bb pr\u00e9cise Sylvain Duchez, responsable bureau d\u2019\u00e9tude chez Blanchet.&nbsp;<\/p>\n\n\n\n<p>Afin de r\u00e9pondre \u00e0 cette demande, l\u2019entreprise Blanchet a mis \u00e0 contribution les sp\u00e9cialistes de son bureau d\u2019\u00e9tudes et a trouv\u00e9 une solution adapt\u00e9e aux profil\u00e9s Jansen. \u00ab <em>M\u00eame s\u2019il s\u2019agissait d\u2019un petit chantier pour notre entreprise, il nous a demand\u00e9 beaucoup de r\u00e9flexion et nous a permis de grandir. C\u2019\u00e9tait une exp\u00e9rience enrichissante pour nous comme pour Descasystem<\/em>. \u00bb se f\u00e9licite Sylvain Duchez.&nbsp;<\/p>\n\n\n\n<p class=\"has-text-color has-medium-font-size\" style=\"color:#036c99\"><strong>Des fa\u00e7ades vitr\u00e9es r\u00e9alis\u00e9es gr\u00e2ce \u00e0 l\u2019association de deux profils en acier&nbsp;<\/strong><\/p>\n\n\n\n<div class=\"wp-block-image\"><figure class=\"alignright size-large is-resized\"><img loading=\"lazy\" src=\"https:\/\/i0.wp.com\/batimedianews.com\/live\/wp-content\/uploads\/2021\/09\/image-187.png?resize=298%2C224\" alt=\"\" class=\"wp-image-12051\" width=\"298\" height=\"224\" srcset=\"https:\/\/i0.wp.com\/batimedianews.com\/live\/wp-content\/uploads\/2021\/09\/image-187.png?w=620 620w, https:\/\/i0.wp.com\/batimedianews.com\/live\/wp-content\/uploads\/2021\/09\/image-187.png?resize=300%2C225 300w, https:\/\/i0.wp.com\/batimedianews.com\/live\/wp-content\/uploads\/2021\/09\/image-187.png?resize=10%2C8 10w, https:\/\/i0.wp.com\/batimedianews.com\/live\/wp-content\/uploads\/2021\/09\/image-187.png?resize=432%2C325 432w, https:\/\/i0.wp.com\/batimedianews.com\/live\/wp-content\/uploads\/2021\/09\/image-187.png?resize=396%2C298 396w, https:\/\/i0.wp.com\/batimedianews.com\/live\/wp-content\/uploads\/2021\/09\/image-187.png?resize=293%2C220 293w\" sizes=\"(max-width: 600px) 91vw, (max-width: 900px) 600px, (max-width: 1060px) 50vw, (max-width: 1200px) 520px, (max-width: 1400px) 43vw, 600px\" data-recalc-dims=\"1\" \/><figcaption>D\u2019une surface de 50 m2, la fa\u00e7ade vitr\u00e9e int\u00e9rieure (c\u00f4t\u00e9 cour) a pos\u00e9 de multiples d\u00e9fis aux \u00e9quipes.&nbsp;<\/figcaption><\/figure><\/div>\n\n\n\n<p>Pour r\u00e9aliser ces fa\u00e7ades vitr\u00e9es, deux gammes de profils acier ont \u00e9t\u00e9 choisies par les \u00e9quipes de Blanchet : \u00ab <em>Nous avons associ\u00e9 2 gammes de chez Jansen : Arte et Janisol. Nous l\u2019avions d\u00e9j\u00e0 fait auparavant pour un autre projet en collaboration avec Descasystem et cela avait bien fonctionn\u00e9. La gamme Arte est celle qui apporte le plus de confort gr\u00e2ce \u00e0 ses propri\u00e9t\u00e9s thermiques et sa finesse. La gamme Janisol est quant \u00e0 elle id\u00e9ale pour les ouvrants de portes<\/em>. \u00bb rappelle Sylvain Duchez.&nbsp;<\/p>\n\n\n\n<p>En effet, cette fa\u00e7ade comprenait une casquette vitr\u00e9e abritant la passerelle \u00e0 ossature m\u00e9tallique et une porte d\u2019acc\u00e8s PMR \u00e9quip\u00e9e d\u2019un pivot encastr\u00e9 motoris\u00e9 d\u00e9port\u00e9. L\u2019installation de ce type de motorisation Record \u00e0 pivot bas est une premi\u00e8re en France.&nbsp;<\/p>\n\n\n\n<p>Le chantier, dont les premiers plans ont \u00e9t\u00e9 dessin\u00e9s en juillet 2020 et dont la pose s\u2019est termin\u00e9e en d\u00e9cembre de la m\u00eame ann\u00e9e, a \u00e9t\u00e9 un succ\u00e8s en r\u00e9pondant aux attentes esth\u00e9tiques et techniques du cabinet d\u2019architectes. C\u2019est le savoir-faire de Blanchet associ\u00e9 \u00e0 l\u2019\u00e9tendue de la gamme Descasystem Jansen qui a rendu cela possible.&nbsp;<\/p>\n\n\n\n<p class=\"has-text-color has-medium-font-size\" style=\"color:#026a97\"><strong>Une relation de confiance entre deux sp\u00e9cialistes de l\u2019acier&nbsp;<\/strong><\/p>\n\n\n\n<p>La collaboration historique entre Descasystem et Blanchet groupe remonte \u00e0 plus de 25 ans : un m\u00eame go\u00fbt pour la technicit\u00e9 et le travail bien fait. \u00ab <em>Gr\u00e2ce \u00e0 notre structure sp\u00e9cialis\u00e9e dans un produit unique, nous proposons un accompagnement technique adapt\u00e9 aux attentes de Blanchet<\/em>. \u00bb explique Dominique Vitti, responsable des ventes chez Descasystem.&nbsp;<\/p>\n\n\n\n<div class=\"wp-block-image\"><figure class=\"alignright size-large is-resized\"><img loading=\"lazy\" src=\"https:\/\/i0.wp.com\/batimedianews.com\/live\/wp-content\/uploads\/2021\/09\/image-188.png?resize=312%2C232\" alt=\"\" class=\"wp-image-12052\" width=\"312\" height=\"232\" srcset=\"https:\/\/i0.wp.com\/batimedianews.com\/live\/wp-content\/uploads\/2021\/09\/image-188.png?w=724 724w, https:\/\/i0.wp.com\/batimedianews.com\/live\/wp-content\/uploads\/2021\/09\/image-188.png?resize=300%2C223 300w, https:\/\/i0.wp.com\/batimedianews.com\/live\/wp-content\/uploads\/2021\/09\/image-188.png?resize=10%2C7 10w, https:\/\/i0.wp.com\/batimedianews.com\/live\/wp-content\/uploads\/2021\/09\/image-188.png?resize=432%2C321 432w, https:\/\/i0.wp.com\/batimedianews.com\/live\/wp-content\/uploads\/2021\/09\/image-188.png?resize=396%2C294 396w, https:\/\/i0.wp.com\/batimedianews.com\/live\/wp-content\/uploads\/2021\/09\/image-188.png?resize=660%2C490 660w, https:\/\/i0.wp.com\/batimedianews.com\/live\/wp-content\/uploads\/2021\/09\/image-188.png?resize=296%2C220 296w\" sizes=\"(max-width: 600px) 91vw, (max-width: 900px) 600px, (max-width: 1060px) 50vw, (max-width: 1200px) 520px, (max-width: 1400px) 43vw, 600px\" data-recalc-dims=\"1\" \/><figcaption>Les menuiseries en acier Jansen apportent lumi\u00e8re et confort thermique \u00e0 cet espace.&nbsp;<\/figcaption><\/figure><\/div>\n\n\n\n<p>Blanchet est une entreprise familiale qui fait r\u00e9f\u00e9rence dans le milieu. Recherch\u00e9e et r\u00e9guli\u00e8rement sollicit\u00e9e pour les chantiers de toutes tailles, elle poss\u00e8de un grand volume de possibilit\u00e9s et fait ainsi souvent appel aux produits Descasystem. \u00ab <em>Nous travaillons tr\u00e8s r\u00e9guli\u00e8rement avec Descasystem. La communication se fait facilement entre nous et les chantiers se d\u00e9roulent toujours bien<\/em>. \u00bb constate Sylvain Duchez.&nbsp;<\/p>\n\n\n\n<p>En effet, ce partenariat historique repose sur un dialogue en direct et une v\u00e9ritable relation de confiance comme le pr\u00e9cise Dominique Vitti : \u00ab <em>L\u2019\u00e9thique et l\u2019humain sont au coeur de nos \u00e9changes avec les \u00e9quipes de Blanchet. C\u2019est aussi pour cela que notre collaboration perdure, au-del\u00e0 des prix attractifs et de l\u2019accompagnement sp\u00e9cialis\u00e9 que nous fournissons<\/em>. \u00bb&nbsp;<\/p>\n\n\n\n<p><strong>Equipe projet \u2013 Le bookstore de la fondation J\u00e9r\u00f4me Seydoux-Path\u00e9, Paris :&nbsp;<\/strong><\/p>\n\n\n\n<p><strong>Architectes <\/strong>: Renzo Piano Public Workshop&nbsp;<\/p>\n\n\n\n<p><strong>Entreprise de m\u00e9tallerie : <\/strong>M\u00e9tallerie Blanchet&nbsp;<\/p>\n\n\n\n<p><strong>Menuiseries : <\/strong>Descasystem Jansen&nbsp;<\/p>\n","protected":false},"excerpt":{"rendered":"<p>Descasystem a collabor\u00e9 avec la M\u00e9tallerie Blanchet pour r\u00e9aliser deux fa\u00e7ades vitr\u00e9es en profils acier de la gamme Arte et Janisol. C\u2019est dans le cadre de la cr\u00e9ation d\u2019un bookstore\/caf\u00e9 au sein de la fondation J\u00e9r\u00f4me Seydoux-Path\u00e9 \u00e0 Paris, que les deux partenaires de longue date ont pris part \u00e0 ce chantier aux d\u00e9fis enrichissants.&nbsp; [&hellip;]<\/p>\n","protected":false},"author":41,"featured_media":12054,"comment_status":"open","ping_status":"open","sticky":false,"template":"","format":"standard","meta":{"spay_email":""},"categories":[4,29,690],"tags":[1283],"jetpack_featured_media_url":"https:\/\/i1.wp.com\/batimedianews.com\/live\/wp-content\/uploads\/2021\/09\/Descasystem-Article.jpg?fit=1224%2C512","jetpack_sharing_enabled":true,"jetpack_likes_enabled":true,"jetpack-related-posts":[{"id":46775,"url":"http:\/\/batimedianews.com\/live\/index.php\/2025\/09\/24\/la-manufacture-darmes-de-saint-etienne-une-rehabilitation-denvergure\/","url_meta":{"origin":12048,"position":0},"title":"La manufacture d\u2019armes de Saint-\u00c9tienne, une r\u00e9habilitation d\u2019envergure","date":"24 septembre 2025","format":false,"excerpt":"Descasystem a particip\u00e9 \u00e0 la r\u00e9novation d\u2019un lieu embl\u00e9matique de Saint-\u00c9tienne en collaboration avec l\u2019entreprise Cherpin. Au total, ce sont plus d\u2019une centaine de ch\u00e2ssis de la gamme Arte qui ont \u00e9t\u00e9 install\u00e9s pour redonner toute sa splendeur \u00e0 ce b\u00e2timent historique. Arte est une gamme compl\u00e8te et d\u2019excellente qualit\u00e9.\u2026","rel":"","context":"Dans &quot;Actualit\u00e9 Entreprises&quot;","img":{"alt_text":"","src":"https:\/\/i2.wp.com\/batimedianews.com\/live\/wp-content\/uploads\/2025\/09\/Descasystem.jpg?fit=825%2C825&resize=350%2C200","width":350,"height":200},"classes":[]},{"id":11398,"url":"http:\/\/batimedianews.com\/live\/index.php\/2021\/08\/04\/les-plaques-en-polycarbonate-onduclair-pc-crystal-onduline-eclairent-un-atelier-dartiste\/","url_meta":{"origin":12048,"position":1},"title":"Les plaques en polycarbonate ONDUCLAIR PC Crystal ONDULINE \u00e9clairent un atelier d\u2019artiste","date":"4 ao\u00fbt 2021","format":false,"excerpt":"La lumi\u00e8re joue un r\u00f4le essentiel dans la cr\u00e9ation artistique en favorisant la perception des \u00e9l\u00e9ments, des reliefs et des couleurs. Jean-Marie BLANCHET, artiste peintre, tenait \u00e0 avoir un maximum de lumi\u00e8re naturelle dans son nouvel atelier.\u00a0 \u00a0\u00c0 Villeneuve sur Lot (47), un artiste peintre a r\u00e9alis\u00e9 une extension neuve\u2026","rel":"","context":"Dans &quot;Actualit\u00e9 Entreprises&quot;","img":{"alt_text":"","src":"https:\/\/i0.wp.com\/batimedianews.com\/live\/wp-content\/uploads\/2021\/07\/Onduline-Article.jpg?fit=512%2C512&resize=350%2C200","width":350,"height":200},"classes":[]},{"id":31717,"url":"http:\/\/batimedianews.com\/live\/index.php\/2023\/10\/05\/le-point-de-vente-de-cholet-du-groupe-champion-toujours-plus-engage-aupres-de-la-filiere-metallurgie\/","url_meta":{"origin":12048,"position":2},"title":"Le point de vente de Cholet du Groupe CHAMPION toujours plus engag\u00e9 aupr\u00e8s de la fili\u00e8re m\u00e9tallurgie","date":"5 octobre 2023","format":false,"excerpt":"\u00a0La sp\u00e9cialisation dans le n\u00e9goce des aciers est ancr\u00e9e dans l\u2019ADN du Groupe familial CHAMPION qui a d\u00e9but\u00e9 son histoire il y a plus de 100 ans par la distribution de poutrelles et de t\u00f4les. Acteur r\u00e9gional de r\u00e9f\u00e9rence dans le Grand Ouest, CHAMPION a constitu\u00e9 un maillage de proximit\u00e9\u2026","rel":"","context":"Dans &quot;Actualit\u00e9 Entreprises&quot;","img":{"alt_text":"","src":"https:\/\/i0.wp.com\/batimedianews.com\/live\/wp-content\/uploads\/2023\/09\/Champion-articles.jpg?fit=825%2C825&resize=350%2C200","width":350,"height":200},"classes":[]},{"id":22614,"url":"http:\/\/batimedianews.com\/live\/index.php\/2022\/09\/03\/a-lyon-sur-le-batiment-s-one-le-nouveau-systeme-de-chassis-cadres-wicline-65-de-wicona-fait-le-mur\/","url_meta":{"origin":12048,"position":3},"title":"A Lyon , sur le b\u00e2timent S-ONE , le nouveau syst\u00e8me de ch\u00e2ssis cadre WICLINE 65 de WICLINE 65 de WICONA fait le mur","date":"3 septembre 2022","format":false,"excerpt":"LE CONTEXTE Vitrine embl\u00e9matique de la mutation urbaine du 9\u00e8 arrondissement de Lyon, le B\u00e2timent tertiaire S-One situ\u00e9 \u00e0 l'angle de la rue Marietton et de l'avenue Sidoine Apollinaire jouit d'un emplacement strat\u00e9gique entre Vaise et Gorge de Loup. Livr\u00e9 en mai 2022, il a \u00e9t\u00e9 \u00e9rig\u00e9 en lieu et\u2026","rel":"","context":"Dans &quot;Actualit\u00e9 Entreprises&quot;","img":{"alt_text":"","src":"https:\/\/i1.wp.com\/batimedianews.com\/live\/wp-content\/uploads\/2022\/08\/Wicona-Article.jpg?fit=1080%2C1080&resize=350%2C200","width":350,"height":200},"classes":[]},{"id":30257,"url":"http:\/\/batimedianews.com\/live\/index.php\/2023\/07\/17\/rehabilitation-de-la-fondation-avicenne-a-paris-un-batiment-darchitecture-moderne-classe-monument-historique\/","url_meta":{"origin":12048,"position":4},"title":"R\u00e9habilitation de la Fondation Avicenne \u00e0 Paris, un b\u00e2timent d\u2019architecture moderne class\u00e9 Monument Historique","date":"17 juillet 2023","format":false,"excerpt":"Imagin\u00e9e d\u00e8s 1958 par des architectes iraniens sous le nom de Maison de l\u2019Iran, livr\u00e9e finalement en tant que Fondation Avicenne par l\u2019architecte fran\u00e7ais Claude Parent, cette \u0153uvre architecturale tout \u00e0 fait inhabituelle est en cours de r\u00e9novation compl\u00e8te. \u00a9OlivierWogenscky Install\u00e9e en bordure du boulevard p\u00e9riph\u00e9rique parisien dans le parc\u2026","rel":"","context":"Dans &quot;R\u00e9novation&quot;","img":{"alt_text":"","src":"https:\/\/i1.wp.com\/batimedianews.com\/live\/wp-content\/uploads\/2023\/07\/avicenne-image-1-1.jpeg?fit=787%2C787&resize=350%2C200","width":350,"height":200},"classes":[]},{"id":14229,"url":"http:\/\/batimedianews.com\/live\/index.php\/2021\/12\/03\/maf-atlantique-mise-sur-la-motorisation-en-2022-vers-une-offre-complete-de-menuiserie-acier-vitree-motorisee\/","url_meta":{"origin":12048,"position":5},"title":"MAF ATLANTIQUE MISE SUR LA MOTORISATION EN 2022 vers une offre compl\u00e8te de menuiserie acier vitr\u00e9e motoris\u00e9e.","date":"3 d\u00e9cembre 2021","format":false,"excerpt":"Dans un contexte o\u00f9 les gestes barri\u00e8re s\u2019imposent \u00e0 tous, les portes automatiques des \u00c9tablissements Recevant du Public (ERP) sont plus que jamais de rigueur. En mati\u00e8re de s\u00e9curit\u00e9, les normes anti incendie, les d\u00e9tecteurs de pr\u00e9sence, syst\u00e8mes d\u2019arr\u00eat automatiques, acc\u00e8s PMR \u2026 sont autant de crit\u00e8res qui doivent \u00e9galement\u2026","rel":"","context":"Dans &quot;accessibilit\u00e9 Universelle&quot;","img":{"alt_text":"","src":"https:\/\/i1.wp.com\/batimedianews.com\/live\/wp-content\/uploads\/2021\/12\/MAF-Atlantique-Article.jpg?fit=512%2C512&resize=350%2C200","width":350,"height":200},"classes":[]}],"_links":{"self":[{"href":"http:\/\/batimedianews.com\/live\/index.php\/wp-json\/wp\/v2\/posts\/12048"}],"collection":[{"href":"http:\/\/batimedianews.com\/live\/index.php\/wp-json\/wp\/v2\/posts"}],"about":[{"href":"http:\/\/batimedianews.com\/live\/index.php\/wp-json\/wp\/v2\/types\/post"}],"author":[{"embeddable":true,"href":"http:\/\/batimedianews.com\/live\/index.php\/wp-json\/wp\/v2\/users\/41"}],"replies":[{"embeddable":true,"href":"http:\/\/batimedianews.com\/live\/index.php\/wp-json\/wp\/v2\/comments?post=12048"}],"version-history":[{"count":2,"href":"http:\/\/batimedianews.com\/live\/index.php\/wp-json\/wp\/v2\/posts\/12048\/revisions"}],"predecessor-version":[{"id":12112,"href":"http:\/\/batimedianews.com\/live\/index.php\/wp-json\/wp\/v2\/posts\/12048\/revisions\/12112"}],"wp:featuredmedia":[{"embeddable":true,"href":"http:\/\/batimedianews.com\/live\/index.php\/wp-json\/wp\/v2\/media\/12054"}],"wp:attachment":[{"href":"http:\/\/batimedianews.com\/live\/index.php\/wp-json\/wp\/v2\/media?parent=12048"}],"wp:term":[{"taxonomy":"category","embeddable":true,"href":"http:\/\/batimedianews.com\/live\/index.php\/wp-json\/wp\/v2\/categories?post=12048"},{"taxonomy":"post_tag","embeddable":true,"href":"http:\/\/batimedianews.com\/live\/index.php\/wp-json\/wp\/v2\/tags?post=12048"}],"curies":[{"name":"wp","href":"https:\/\/api.w.org\/{rel}","templated":true}]}}