{"id":1208,"date":"2019-04-24T12:03:04","date_gmt":"2019-04-24T10:03:04","guid":{"rendered":"http:\/\/batimedialive.com\/?p=1208"},"modified":"2021-10-20T12:48:15","modified_gmt":"2021-10-20T10:48:15","slug":"des-terrasses-en-bois-accoya-pour-larbre-blanc-de-montpellier","status":"publish","type":"post","link":"http:\/\/batimedianews.com\/live\/index.php\/2019\/04\/24\/des-terrasses-en-bois-accoya-pour-larbre-blanc-de-montpellier\/","title":{"rendered":"Des terrasses en bois Accoya\u00ae pour l&#039;Arbre Blanc de Montpellier"},"content":{"rendered":"<h2 style=\"text-align:justify;\"><strong>DES TERRASSES EN BOIS ACCOYA\u00ae POUR L&rsquo;ARBRE BLANC, FOLIE&nbsp; ARCHITECTURALE DE MONTPELLIER<\/strong><\/h2>\n<p style=\"text-align:justify;\">L&rsquo;Arbre Blanc est un projet qui a vu le jour dans le cadre du concours des \u00ab&nbsp;Folies architecturales&nbsp;\u00bb organis\u00e9 par la ville de Montpellier pour sublimer et mettre en valeur des quartiers de la capitale m\u00e9diterran\u00e9enne.<br \/>\nCe d\u00e9fi architectural a \u00e9t\u00e9 imagin\u00e9 par les architectes Sou Fujimoto, Nicolas Laisn\u00e9 et Manal Rachdi, en collaboration avec les promoteurs priv\u00e9s Opalia, Evolvis, Cr\u00e9dit Agricole et Gavinenq.&nbsp; Ils ont choisi le bois modifi\u00e9 Accoya\u00ae&nbsp;pour la r\u00e9alisation des 193 terrasses de l&rsquo;immeuble et son roof-top.<\/p>\n<figure id=\"attachment_1209\" aria-describedby=\"caption-attachment-1209\" style=\"width: 1200px\" class=\"wp-caption alignnone\"><img loading=\"lazy\" class=\"alignnone size-full wp-image-1209\" src=\"https:\/\/batimedialive.files.wordpress.com\/2019\/04\/accoya2.jpg?resize=720%2C1118\" alt=\"accoya2\" width=\"720\" height=\"1118\"  data-recalc-dims=\"1\"><figcaption id=\"caption-attachment-1209\" class=\"wp-caption-text\">&nbsp; Cr\u00e9dit photos : Sou Fujimoto Architect, Laisn\u00e9 Roussel et Oxo Architectes<\/figcaption><\/figure>\n<p style=\"text-align:justify;\"><strong>La vie dans un arbre<\/strong><br \/>\nS&rsquo;il est devenu le point culminant de la ville de Montpellier, c&rsquo;est bien par son audace architecturale qu&rsquo;il fascine et interroge. D&rsquo;une hauteur de 56 m\u00e8tres, L&rsquo;Arbre Blanc est un espace commun de vie de 17 \u00e9tages prolong\u00e9s par 193 balcons m\u00e9talliques recouverts de terrasses en bois Accoya\u00ae. Alors que les 2 premiers niveaux accueillent un restaurant, une galerie d&rsquo;art et des bureaux, les 15 autres \u00e9tages sont consacr\u00e9s \u00e0 des logements avec 110 appartements. Chaque appartement est dot\u00e9 d&rsquo;une terrasse de 10 \u00e0 30 m2, comme de petites pi\u00e8ces suppl\u00e9mentaires, dress\u00e9es dans diff\u00e9rentes directions. &nbsp;Sans oublier le toit, avec un bar panoramique et un espace de d\u00e9tente r\u00e9serv\u00e9 aux habitants de l&rsquo;immeuble.<\/p>\n<figure id=\"attachment_1210\" aria-describedby=\"caption-attachment-1210\" style=\"width: 1200px\" class=\"wp-caption alignnone\"><img loading=\"lazy\" class=\"alignnone size-full wp-image-1210\" src=\"https:\/\/batimedialive.files.wordpress.com\/2019\/04\/accoya-3.jpg?resize=720%2C405\" alt=\"accoya 3\" width=\"720\" height=\"405\"  data-recalc-dims=\"1\"><figcaption id=\"caption-attachment-1210\" class=\"wp-caption-text\">&nbsp;Cr\u00e9dit photos : Sou Fujimoto Architect, Laisn\u00e9 Roussel et Oxo Architectes<\/figcaption><\/figure>\n<p style=\"text-align:justify;\"><strong>Un bois parfaitement adapt\u00e9 aux usages et au climat<\/strong><br \/>\nLe bois massif Accoya\u00ae, b\u00e9n\u00e9ficie d&rsquo;une grande r\u00e9sistance \u00e0 la pourriture et d&rsquo;une stabilit\u00e9 dimensionnelle sans \u00e9quivalent, il est parfait pour concevoir des platelages bois capables de r\u00e9sister au climat m\u00e9diterran\u00e9en. Performant, l\u00e9ger et d&rsquo;aspect clair et sans n\u0153ud, c&rsquo;est le bois le mieux adapt\u00e9 au projet car il devra r\u00e9sister aux intemp\u00e9ries tout en prenant une patine grise et esth\u00e9tique dans le temps. Pas moins de 4000 m2 de lames rabot\u00e9es aux sections finies en 20 X 145 mn ont \u00e9t\u00e9 fournies pour ce projet avec un syst\u00e8me de clip invisible \u00ab&nbsp;hardwoodclip&nbsp;\u00bb (Novlek), permettant de garder un aspect contemporain et de respecter les exigences du DTU 51.4.&nbsp; Gr\u00e2ce \u00e0 sa surface douce sans n\u0153ud ni \u00e9charde et sa capacit\u00e9 \u00e0 ne pas surchauffer en \u00e9t\u00e9, les terrasses en bois modifi\u00e9 Accoya\u00ae de l&rsquo;Arbre Blanc sont tr\u00e8s agr\u00e9ables pour les pieds. Elles remportent d\u00e9j\u00e0 l&rsquo;adh\u00e9sion des premiers utilisateurs qui peuvent profiter de la magnifique vue qui leur est offerte.<\/p>\n<figure id=\"attachment_1211\" aria-describedby=\"caption-attachment-1211\" style=\"width: 935px\" class=\"wp-caption alignnone\"><img loading=\"lazy\" class=\"alignnone size-full wp-image-1211\" src=\"https:\/\/batimedialive.files.wordpress.com\/2019\/04\/accoya1.png?resize=720%2C400\" alt=\"accoya1\" width=\"720\" height=\"400\"  data-recalc-dims=\"1\"><figcaption id=\"caption-attachment-1211\" class=\"wp-caption-text\">&nbsp;&nbsp;Cr\u00e9dit photos : Sou Fujimoto Architect, Laisn\u00e9 Roussel et Oxo Architectes<\/figcaption><\/figure>\n<p style=\"text-align:justify;\"><strong>Le bois Accoya\u00ae, solution durable en mati\u00e8re d&rsquo;architecture<\/strong><br \/>\nL&rsquo;architecte Manal Rachdi est passionn\u00e9 depuis l&rsquo;enfance par le dessin et les balades immersives en for\u00eat. Avec ses projets, il essaie de marier ses 2 passions&nbsp;: l&rsquo;architecture contemporaine et la nature.&nbsp;Tous ses projets sont \u00e9co-con\u00e7us et int\u00e8grent de grands pans de nature : terrasses, comme celles en bois Accoya\u00ae de l&rsquo;Arbre Blanc, for\u00eats int\u00e9rieures, murs v\u00e9g\u00e9talis\u00e9s\u2026<br \/>\nLe choix de mat\u00e9riaux durables et \u00e9cologiques, l&rsquo;orientation des b\u00e2timents, tout est judicieusement pens\u00e9 pour \u00eatre durable sans nuire \u00e0 l&rsquo;environnement. D&rsquo;o\u00f9 l&rsquo;utilisation du bois Accoya\u00ae pour la construction de leurs terrasses ext\u00e9rieures.<\/p>\n<p style=\"text-align:justify;\">\n<blockquote>\n<h3><em>\u00ab&nbsp;Pour nous, l&rsquo;\u00e9cologie est \u00e9vidente, n\u00e9cessaire et la r\u00e9flexion que nous menons sur la durabilit\u00e9 de nos b\u00e2timents se doit d&rsquo;\u00eatre pragmatique&nbsp;\u00bb<\/em><em>,<\/em>&nbsp;insiste Manal Rachdi.<\/h3>\n<\/blockquote>\n<p style=\"text-align:justify;\">\n<blockquote>\n<h3>Quant \u00e0 Nicolas Laisn\u00e9, il d\u00e9fend une&nbsp;<em>\u00ab&nbsp;<strong>architecture augment\u00e9e<\/strong>&nbsp;qui inverse les sch\u00e9mas et les organisations. Des circulations courant sur les fa\u00e7ades pour lib\u00e9rer les espaces int\u00e9rieurs, des terrasses con\u00e7ues comme des pi\u00e8ces \u00e0 vivre, des espaces&nbsp;mutualis\u00e9s multiples.<\/em><em>Une&nbsp;<strong>architecture augment\u00e9e<\/strong>&nbsp;qui est con\u00e7ue pour s&rsquo;adapter aux climats des r\u00e9gions d&rsquo;implantation. Des fa\u00e7ades \u00e9largies qui prot\u00e8gent de la surchauffe et du froid, l&rsquo;utilisation de mat\u00e9riaux bio-sourc\u00e9s privil\u00e9giant le bois, des am\u00e9nagements de terrasses pr\u00e9-\u00e9quip\u00e9es de chauffages et de brumisateurs&nbsp;\u00bb<\/em>.<\/h3>\n<\/blockquote>\n<p style=\"text-align:justify;\"><strong>Une architecture orient\u00e9e vers l&rsquo;ext\u00e9rieur<\/strong><br \/>\nL&rsquo;Arbre Blanc est un b\u00e2timent d&rsquo;un \u00e9quilibre parfait&nbsp;: les s\u00e9jours&nbsp;et les chambres se trouvent en liaison directe avec l&rsquo;ext\u00e9rieur par le biais des terrasses agr\u00e9ment\u00e9es de brises soleils et jardini\u00e8res, positionn\u00e9es en quinconce, de fa\u00e7on \u00e0 donner le sentiment d&rsquo;intimit\u00e9. Habill\u00e9es de bois Accoya\u00ae sans n\u0153uds et d&rsquo;aspect contemporain, les terrasses prolongent les habitations de 7 \u00e0 8 m\u00e8tres en porte-\u00e0-faux de la fa\u00e7ade, gr\u00e2ce \u00e0 une structure m\u00e9tallique con\u00e7ue et pos\u00e9e par la soci\u00e9t\u00e9 SPCM.<\/p>\n<figure id=\"attachment_1212\" aria-describedby=\"caption-attachment-1212\" style=\"width: 910px\" class=\"wp-caption alignnone\"><img loading=\"lazy\" class=\"alignnone size-full wp-image-1212\" src=\"https:\/\/batimedialive.files.wordpress.com\/2019\/04\/accoya4.png?resize=720%2C540\" alt=\"accoya4\" width=\"720\" height=\"540\"  data-recalc-dims=\"1\"><figcaption id=\"caption-attachment-1212\" class=\"wp-caption-text\">Cr\u00e9dit photos : Sou Fujimoto Architect, Laisn\u00e9 Roussel et Oxo Architectes<\/figcaption><\/figure>\n<p style=\"text-align:justify;\"><strong>\u00c0 propos d&rsquo;Accoya\u00ae&nbsp;:<\/strong><br \/>\nIssu de 90 ann\u00e9es de recherche et de d\u00e9veloppement, le bois Accoya\u00ae, fabriqu\u00e9 \u00e0 l&rsquo;aide d&rsquo;un proc\u00e9d\u00e9 d&rsquo;ac\u00e9tylation brevet\u00e9, offre des niveaux remarquables de stabilit\u00e9 et de durabilit\u00e9. Certifi\u00e9 par de nombreux instituts dans le monde, et par le FCBA en France, Accoya\u00ae figure parmi les bois modifi\u00e9s les plus avanc\u00e9s du march\u00e9 \u00e0 l&rsquo;heure actuelle. Durables, stables et renouvelables, ces performances en font un bois id\u00e9al pour d&rsquo;autres applications comme les terrasses, bardage et menuiseries ext\u00e9rieures<\/p>\n<p style=\"text-align:justify;\">\n<p style=\"text-align:justify;\">\n<p style=\"text-align:justify;\">\n<p style=\"text-align:justify;\">\n","protected":false},"excerpt":{"rendered":"<p>DES TERRASSES EN BOIS ACCOYA\u00ae POUR L&rsquo;ARBRE BLANC, FOLIE&nbsp; ARCHITECTURALE DE MONTPELLIER L&rsquo;Arbre Blanc est un projet qui a vu le jour dans le cadre du concours des \u00ab&nbsp;Folies architecturales&nbsp;\u00bb organis\u00e9 par la ville de Montpellier pour sublimer et mettre en valeur des quartiers de la capitale m\u00e9diterran\u00e9enne. Ce d\u00e9fi architectural a \u00e9t\u00e9 imagin\u00e9 par [&hellip;]<\/p>\n","protected":false},"author":2,"featured_media":2107,"comment_status":"open","ping_status":"open","sticky":false,"template":"","format":"standard","meta":{"spay_email":""},"categories":[4,15,24],"tags":[],"jetpack_featured_media_url":"https:\/\/i0.wp.com\/batimedianews.com\/live\/wp-content\/uploads\/2019\/08\/accoya_image.jpg?fit=1727%2C960","jetpack_sharing_enabled":true,"jetpack_likes_enabled":true,"jetpack-related-posts":[{"id":39136,"url":"http:\/\/batimedianews.com\/live\/index.php\/2024\/08\/02\/nouvelles-lames-de-terrasses-accoya-lalliance-de-la-durabilite-et-de-leco-responsabilite\/","url_meta":{"origin":1208,"position":0},"title":"Nouvelles lames de terrasses ACCOYA, l\u2019alliance de la durabilit\u00e9 et de l\u2019\u00e9co-responsabilit\u00e9","date":"2 ao\u00fbt 2024","format":false,"excerpt":"Lames de terrasses ACCOYA, profil 21x145 cm, coloris gris, finitions invisibles. Sp\u00e9cialiste des produits bois pour l\u2019habitat et l\u2019ext\u00e9rieur (bardage, lambris, terrasse, cl\u00f4ture et bois de construction), PROTAC \u00e9largit son offre de solutions d\u2019am\u00e9nagements ext\u00e9rieurs avec 3 nouveaux profils de lames de terrasses ACCOYA. Disponibles en 2 dimensions, 21 x\u2026","rel":"","context":"Dans &quot;Actualit\u00e9 Entreprises&quot;","img":{"alt_text":"","src":"https:\/\/i0.wp.com\/batimedianews.com\/live\/wp-content\/uploads\/2024\/07\/Protac-articles-.jpg?fit=825%2C825&resize=350%2C200","width":350,"height":200},"classes":[]},{"id":41751,"url":"http:\/\/batimedianews.com\/live\/index.php\/2024\/11\/27\/nouvelles-lames-de-terrasses-accoya-lalliance-de-la-durabilite-et-de-leco-responsabilite-2\/","url_meta":{"origin":1208,"position":1},"title":"Nouvelles lames de terrasses ACCOYA, l\u2019alliance de la durabilit\u00e9 et de l\u2019\u00e9co-responsabilit\u00e9","date":"27 novembre 2024","format":false,"excerpt":"Lames de terrasses ACCOYA, profil 21x145 cm, coloris gris, finitions invisibles. Sp\u00e9cialiste des produits bois pour l\u2019habitat et l\u2019ext\u00e9rieur (bardage, lambris, terrasse, cl\u00f4ture et bois de construction), PROTAC \u00e9largit son offre de solutions d\u2019am\u00e9nagements ext\u00e9rieurs avec 3 nouveaux profils de lames de terrasses ACCOYA. Disponibles en 2 dimensions, 21 x\u2026","rel":"","context":"Dans &quot;Bardage&quot;","img":{"alt_text":"","src":"https:\/\/i1.wp.com\/batimedianews.com\/live\/wp-content\/uploads\/2024\/11\/Protac-articles-.jpg?fit=825%2C825&resize=350%2C200","width":350,"height":200},"classes":[]},{"id":3839,"url":"http:\/\/batimedianews.com\/live\/index.php\/2020\/02\/13\/poetique-ce-paradis-pour-les-observateurs-doiseaux-aux-pays-bas-est-realise-en-bois-accoya\/","url_meta":{"origin":1208,"position":2},"title":"Po\u00e9tique, ce paradis pour les observateurs d&rsquo;oiseaux aux Pays-Bas est r\u00e9alis\u00e9 en bois Accoya\u00ae","date":"13 f\u00e9vrier 2020","format":false,"excerpt":"Aux Pays-Bas, un observatoire en forme d'\u0153uf r\u00e9alis\u00e9 en bois, pos\u00e9 sur le sable, constitue le point de vue id\u00e9al pour admirer la nature et les oiseaux. La partie basse de cet observatoire \u00e9tant inond\u00e9e lors des mar\u00e9es, elle a \u00e9t\u00e9 con\u00e7ue en bois modifi\u00e9 Accoya\u00ae, choisi pour sa grande\u2026","rel":"","context":"Dans &quot;Bois&quot;","img":{"alt_text":"","src":"https:\/\/i2.wp.com\/batimedianews.com\/live\/wp-content\/uploads\/2020\/02\/accoya4.jpg?fit=1200%2C1046&resize=350%2C200","width":350,"height":200},"classes":[]},{"id":16423,"url":"http:\/\/batimedianews.com\/live\/index.php\/2022\/02\/23\/roxim-signe-evanesens-une-tour-vegetale-et-vivante-a-montpellier\/","url_meta":{"origin":1208,"position":3},"title":"Roxim signe EVANESENS, une Tour v\u00e9g\u00e9tale et vivante \u00e0 Montpellier.","date":"23 f\u00e9vrier 2022","format":false,"excerpt":"Face au lez, aux c\u00f4t\u00e9s de l\u2019h\u00f4tel de ville et son parc paysager, Montpellier accueillera la r\u00e9sidence EVANESENS, une tour v\u00e9g\u00e9tale d\u00e9velopp\u00e9e par Roxim et con\u00e7ue par l\u2019Architecte Fran\u00e7ois Font\u00e8s. Cette v\u00e9ritable for\u00eat verticale, sur pr\u00e8s de 50 m\u00e8tres de hauteur, n\u00e9cessite de prendre en consid\u00e9ration les exigences li\u00e9es au\u2026","rel":"","context":"Dans &quot;Actualit\u00e9 Entreprises&quot;","img":{"alt_text":"","src":"https:\/\/i2.wp.com\/batimedianews.com\/live\/wp-content\/uploads\/2022\/02\/Roxim-Article.jpg?fit=512%2C512&resize=350%2C200","width":350,"height":200},"classes":[]},{"id":13564,"url":"http:\/\/batimedianews.com\/live\/index.php\/2021\/11\/03\/bardage\/","url_meta":{"origin":1208,"position":4},"title":"BARDAGE","date":"3 novembre 2021","format":false,"excerpt":"Acteur majeur fran\u00e7ais de la production de bois de premi\u00e8re qualit\u00e9 \u00e0 destination des professionnels (industriels, distributeurs professionnels) et des grandes surfaces de bricolage, NORSILK propose des gammes compl\u00e8tes de produits en bois massif usin\u00e9s pour les am\u00e9nagements int\u00e9rieurs et ext\u00e9rieurs des b\u00e2timents (collectifs, tertiaires\u2026) et des maisons individuelles avec\u2026","rel":"","context":"Dans &quot;Actualit\u00e9 Entreprises&quot;","img":{"alt_text":"","src":"https:\/\/i2.wp.com\/batimedianews.com\/live\/wp-content\/uploads\/2021\/11\/Norslik-Article.jpg?fit=512%2C512&resize=350%2C200","width":350,"height":200},"classes":[]},{"id":34507,"url":"http:\/\/batimedianews.com\/live\/index.php\/2024\/01\/23\/a-montpellier-une-oasis-se-dessine-a-lentree-du-quartier-ovalie\/","url_meta":{"origin":1208,"position":5},"title":"A Montpellier, une oasis se dessine \u00e0 l\u2019entr\u00e9e du quartier Ovalie","date":"23 janvier 2024","format":false,"excerpt":"SOGEPROM-PRAGMA vient de d\u00e9poser le permis de construire de son programme OASIS, con\u00e7u par l\u2019agence Coldefy, laur\u00e9at des nouvelles \u00ab Folies architecturales de Montpellier \u00bb. \u00a9 Agence Coldefy Le programme OASIS de SOGEPROM-PRAGMA se concr\u00e9tise. Le dossier de demande de permis de construire d\u00e9pos\u00e9 respecte les images d\u00e9voil\u00e9es dans le\u2026","rel":"","context":"Dans &quot;Actualit\u00e9 Entreprises&quot;","img":{"alt_text":"","src":"https:\/\/i2.wp.com\/batimedianews.com\/live\/wp-content\/uploads\/2024\/01\/SOGEPROM.jpg?fit=825%2C825&resize=350%2C200","width":350,"height":200},"classes":[]}],"_links":{"self":[{"href":"http:\/\/batimedianews.com\/live\/index.php\/wp-json\/wp\/v2\/posts\/1208"}],"collection":[{"href":"http:\/\/batimedianews.com\/live\/index.php\/wp-json\/wp\/v2\/posts"}],"about":[{"href":"http:\/\/batimedianews.com\/live\/index.php\/wp-json\/wp\/v2\/types\/post"}],"author":[{"embeddable":true,"href":"http:\/\/batimedianews.com\/live\/index.php\/wp-json\/wp\/v2\/users\/2"}],"replies":[{"embeddable":true,"href":"http:\/\/batimedianews.com\/live\/index.php\/wp-json\/wp\/v2\/comments?post=1208"}],"version-history":[{"count":1,"href":"http:\/\/batimedianews.com\/live\/index.php\/wp-json\/wp\/v2\/posts\/1208\/revisions"}],"predecessor-version":[{"id":2386,"href":"http:\/\/batimedianews.com\/live\/index.php\/wp-json\/wp\/v2\/posts\/1208\/revisions\/2386"}],"wp:featuredmedia":[{"embeddable":true,"href":"http:\/\/batimedianews.com\/live\/index.php\/wp-json\/wp\/v2\/media\/2107"}],"wp:attachment":[{"href":"http:\/\/batimedianews.com\/live\/index.php\/wp-json\/wp\/v2\/media?parent=1208"}],"wp:term":[{"taxonomy":"category","embeddable":true,"href":"http:\/\/batimedianews.com\/live\/index.php\/wp-json\/wp\/v2\/categories?post=1208"},{"taxonomy":"post_tag","embeddable":true,"href":"http:\/\/batimedianews.com\/live\/index.php\/wp-json\/wp\/v2\/tags?post=1208"}],"curies":[{"name":"wp","href":"https:\/\/api.w.org\/{rel}","templated":true}]}}