{"id":12137,"date":"2021-09-20T14:10:25","date_gmt":"2021-09-20T12:10:25","guid":{"rendered":"http:\/\/batimedianews.com\/live\/?p=12137"},"modified":"2022-01-24T11:36:08","modified_gmt":"2022-01-24T10:36:08","slug":"parexlanko-propose-les-collections","status":"publish","type":"post","link":"http:\/\/batimedianews.com\/live\/index.php\/2021\/09\/20\/parexlanko-propose-les-collections\/","title":{"rendered":"PAREXLANKO propose  \u201cLES COLLECTIONS\u201d"},"content":{"rendered":"\n<h3 class=\"has-text-align-center has-text-color\" style=\"color:#02884c\">&nbsp;SON OFFRE D\u2019ENDUITS DE FA\u00c7ADES D\u00c9DI\u00c9E AUX ARCHITECTES&nbsp;<\/h3>\n\n\n\n<figure class=\"wp-block-image size-large\"><img loading=\"lazy\" width=\"720\" height=\"255\" src=\"https:\/\/i0.wp.com\/batimedianews.com\/live\/wp-content\/uploads\/2021\/09\/image-217.png?resize=720%2C255\" alt=\"\" class=\"wp-image-12138\" srcset=\"https:\/\/i0.wp.com\/batimedianews.com\/live\/wp-content\/uploads\/2021\/09\/image-217.png?resize=1024%2C362 1024w, https:\/\/i0.wp.com\/batimedianews.com\/live\/wp-content\/uploads\/2021\/09\/image-217.png?resize=300%2C106 300w, https:\/\/i0.wp.com\/batimedianews.com\/live\/wp-content\/uploads\/2021\/09\/image-217.png?resize=768%2C272 768w, https:\/\/i0.wp.com\/batimedianews.com\/live\/wp-content\/uploads\/2021\/09\/image-217.png?resize=10%2C4 10w, https:\/\/i0.wp.com\/batimedianews.com\/live\/wp-content\/uploads\/2021\/09\/image-217.png?resize=432%2C153 432w, https:\/\/i0.wp.com\/batimedianews.com\/live\/wp-content\/uploads\/2021\/09\/image-217.png?resize=396%2C140 396w, https:\/\/i0.wp.com\/batimedianews.com\/live\/wp-content\/uploads\/2021\/09\/image-217.png?resize=1120%2C396 1120w, https:\/\/i0.wp.com\/batimedianews.com\/live\/wp-content\/uploads\/2021\/09\/image-217.png?resize=660%2C234 660w, https:\/\/i0.wp.com\/batimedianews.com\/live\/wp-content\/uploads\/2021\/09\/image-217.png?resize=622%2C220 622w, https:\/\/i0.wp.com\/batimedianews.com\/live\/wp-content\/uploads\/2021\/09\/image-217.png?w=1368 1368w\" sizes=\"(max-width: 600px) 91vw, (max-width: 900px) 600px, (max-width: 1060px) 50vw, (max-width: 1200px) 520px, (max-width: 1400px) 43vw, 600px\" data-recalc-dims=\"1\" \/><\/figure>\n\n\n\n<p>Depuis plus de 40 ans, <strong>PAREXLANKO<\/strong> propose des solutions destin\u00e9es \u00e0 la d\u00e9coration des fa\u00e7ades du b\u00e2ti neuf comme du b\u00e2ti ancien ainsi qu\u2019\u00e0 l\u2019Isolation Thermique par l\u2019Ext\u00e9rieur. Disposant d\u2019un large \u00e9ventail d\u2019enduits de finition <strong>PAREXLANKO<\/strong> a r\u00e9uni l\u2019\u00e9tendue de son savoir-faire dans \u201cLES COLLECTIONS\u201d. Cette offre destin\u00e9e aux architectes met en exergue le champ des possibles en fa\u00e7ade et se d\u00e9cline en quatre collections d\u2019enduits de finition : Les Grain\u00e9s, Les Liss\u00e9s, Les Stri\u00e9s, Les Pierres.&nbsp;<\/p>\n\n\n\n<h3 class=\"has-text-align-center has-text-color\" style=\"color:#02884c\">&nbsp;<strong>Une signat<\/strong>u<strong>re <\/strong>u<strong>niq<\/strong>u<strong>e po<\/strong>u<strong>r les projets architect<\/strong>u<strong>ra<\/strong>u<strong>x&nbsp;<\/strong><\/h3>\n\n\n\n<p>Imaginer une mati\u00e8re avec un fil rouge sensoriel est l\u2019essence m\u00eame des <strong>COLLECTIONS PAREXLANKO <\/strong>qui offrent un toucher du plus velout\u00e9 au plus granuleux et qui se parent de multiples aspects, du plus lisse au plus textur\u00e9. <strong>LES COLLECTIONS<\/strong> s\u2019inspirent de la sensorialit\u00e9 de la peau et de la richesse des min\u00e9raux. Elles cristallisent toutes les variations de textures propos\u00e9es par les enduits de d\u00e9coration <strong>PAREXLANKO<\/strong> pour habiller et animer toutes les fa\u00e7ades neuves et anciennes.&nbsp;<\/p>\n\n\n\n<h3 class=\"has-text-align-center has-text-color\" style=\"color:#02884c\">&nbsp;<strong>Une offre <\/strong>u<strong>niq<\/strong>u<strong>e s<\/strong>u<strong>r le march\u00e9&nbsp;<\/strong><\/h3>\n\n\n\n<p><strong>LES COLLECTIONS PAREXLANKO<\/strong> est une offre d\u2019enduits de fa\u00e7ade unique sur le march\u00e9 con\u00e7ue \u00e0 partir des enduits suivants :&nbsp;<\/p>\n\n\n\n<p>&nbsp;<strong>&gt; <\/strong>Enduits monocouches \u00e0 base de sables, de liants et d\u2019adjuvants MONODECOR, MONOREX&nbsp;<\/p>\n\n\n\n<p><strong>&gt; <\/strong>Enduit monocouche structur\u00e9 PAREX DECO DESIGN&nbsp;<\/p>\n\n\n\n<p><strong>&gt; <\/strong>Enduits de finition, de parement ou de restauration \u00e0 la chaux a\u00e9rienne teint\u00e9s dans la masse : CALCID\u00c9CO, CALCILISSE, CALCILANE, CALCIFIN, PAREXAL, PARLUMI\u00c8RE MOYEN, PARLUMI\u00c8RE FIN&nbsp;<\/p>\n\n\n\n<p><strong>&gt; <\/strong>Enduits de parement organique ignifug\u00e9 REVLANE, REVLANE SILOXANE&nbsp;<\/p>\n\n\n\n<p><strong>&gt; <\/strong>Enduit de parement traditionnel PARDECO&nbsp;<\/p>\n\n\n\n<p><strong>&gt; <\/strong>Peinture min\u00e9rale ou enduit de parement SILICANE<\/p>\n\n\n\n<h3 class=\"has-text-align-center has-text-color\" style=\"color:#02884c\"><strong>LES 4 COLLECTIONS PAREXLANKO<\/strong><\/h3>\n\n\n\n<h3 class=\"has-text-align-center has-text-color has-background\" style=\"background-color:#ecf3ef;color:#02884c\"><strong>Les Grain\u00e9s&nbsp;<\/strong><\/h3>\n\n\n\n<p class=\"has-background\" style=\"background-color:#ecf3ef\">Cette collection fait r\u00e9f\u00e9rence au grain de peau grains de sable dont la granulom\u00e9trie varie de la plus fine \u00e0 celle, plus dense, d\u2019un gravier. Les enduits grain\u00e9s sont propos\u00e9s en treize textures.&nbsp;<\/p>\n\n\n\n<figure class=\"wp-block-image size-large\"><img loading=\"lazy\" width=\"720\" height=\"287\" src=\"https:\/\/i0.wp.com\/batimedianews.com\/live\/wp-content\/uploads\/2021\/09\/image-218.png?resize=720%2C287\" alt=\"\" class=\"wp-image-12139\" srcset=\"https:\/\/i0.wp.com\/batimedianews.com\/live\/wp-content\/uploads\/2021\/09\/image-218.png?resize=1024%2C408 1024w, https:\/\/i0.wp.com\/batimedianews.com\/live\/wp-content\/uploads\/2021\/09\/image-218.png?resize=300%2C120 300w, https:\/\/i0.wp.com\/batimedianews.com\/live\/wp-content\/uploads\/2021\/09\/image-218.png?resize=768%2C306 768w, https:\/\/i0.wp.com\/batimedianews.com\/live\/wp-content\/uploads\/2021\/09\/image-218.png?resize=10%2C4 10w, https:\/\/i0.wp.com\/batimedianews.com\/live\/wp-content\/uploads\/2021\/09\/image-218.png?resize=432%2C172 432w, https:\/\/i0.wp.com\/batimedianews.com\/live\/wp-content\/uploads\/2021\/09\/image-218.png?resize=396%2C158 396w, https:\/\/i0.wp.com\/batimedianews.com\/live\/wp-content\/uploads\/2021\/09\/image-218.png?resize=1120%2C447 1120w, https:\/\/i0.wp.com\/batimedianews.com\/live\/wp-content\/uploads\/2021\/09\/image-218.png?resize=660%2C263 660w, https:\/\/i0.wp.com\/batimedianews.com\/live\/wp-content\/uploads\/2021\/09\/image-218.png?resize=552%2C220 552w, https:\/\/i0.wp.com\/batimedianews.com\/live\/wp-content\/uploads\/2021\/09\/image-218.png?w=1324 1324w\" sizes=\"(max-width: 600px) 91vw, (max-width: 900px) 600px, (max-width: 1060px) 50vw, (max-width: 1200px) 520px, (max-width: 1400px) 43vw, 600px\" data-recalc-dims=\"1\" \/><figcaption><em>Enduits de fa\u00e7ades Les Grain\u00e9s, LES COLLECTIONS PAREXLANKO&nbsp;<\/em><\/figcaption><\/figure>\n\n\n\n<h3 class=\"has-text-align-center has-text-color has-background\" style=\"background-color:#ecf3ef;color:#02884c\"><strong>Les Liss\u00e9s&nbsp;<\/strong><\/h3>\n\n\n\n<p class=\"has-background\" style=\"background-color:#ecf3ef\">Les enduits liss\u00e9s proposent une \u00e9criture intemporelle et chaleureuse de la fa\u00e7ade avec des textures feutr\u00e9es, ferr\u00e9es, glac\u00e9es ou stuqu\u00e9es. Les finitions offrent aux fa\u00e7ades un aspect brillant ou laiteux, mais aussi mat poudr\u00e9.&nbsp;<\/p>\n\n\n\n<div class=\"wp-block-image\"><figure class=\"aligncenter size-large is-resized\"><img loading=\"lazy\" src=\"https:\/\/i0.wp.com\/batimedianews.com\/live\/wp-content\/uploads\/2021\/09\/image-219.png?resize=544%2C274\" alt=\"\" class=\"wp-image-12140\" width=\"544\" height=\"274\" srcset=\"https:\/\/i0.wp.com\/batimedianews.com\/live\/wp-content\/uploads\/2021\/09\/image-219.png?resize=1024%2C517 1024w, https:\/\/i0.wp.com\/batimedianews.com\/live\/wp-content\/uploads\/2021\/09\/image-219.png?resize=300%2C151 300w, https:\/\/i0.wp.com\/batimedianews.com\/live\/wp-content\/uploads\/2021\/09\/image-219.png?resize=768%2C388 768w, https:\/\/i0.wp.com\/batimedianews.com\/live\/wp-content\/uploads\/2021\/09\/image-219.png?resize=10%2C5 10w, https:\/\/i0.wp.com\/batimedianews.com\/live\/wp-content\/uploads\/2021\/09\/image-219.png?resize=432%2C218 432w, https:\/\/i0.wp.com\/batimedianews.com\/live\/wp-content\/uploads\/2021\/09\/image-219.png?resize=396%2C200 396w, https:\/\/i0.wp.com\/batimedianews.com\/live\/wp-content\/uploads\/2021\/09\/image-219.png?resize=660%2C333 660w, https:\/\/i0.wp.com\/batimedianews.com\/live\/wp-content\/uploads\/2021\/09\/image-219.png?resize=436%2C220 436w, https:\/\/i0.wp.com\/batimedianews.com\/live\/wp-content\/uploads\/2021\/09\/image-219.png?w=1046 1046w\" sizes=\"(max-width: 600px) 91vw, (max-width: 900px) 600px, (max-width: 1060px) 50vw, (max-width: 1200px) 520px, (max-width: 1400px) 43vw, 600px\" data-recalc-dims=\"1\" \/><figcaption><em>Enduits de fa\u00e7ades Les Liss\u00e9s, LES COLLECTIONS PAREXLANKO<\/em><\/figcaption><\/figure><\/div>\n\n\n\n<h3 class=\"has-text-align-center has-text-color has-background\" style=\"background-color:#ecf3ef;color:#02884c\"><strong>Les Stri\u00e9s&nbsp;<\/strong><\/h3>\n\n\n\n<p class=\"has-background\" style=\"background-color:#ecf3ef\">Les enduits stri\u00e9s sont, quant \u00e0 eux, l\u2019expression singuli\u00e8re de la fa\u00e7ade. Leur mise en oeuvre s\u2019effectue \u00e0 l\u2019aide d\u2019outils sp\u00e9cifiquement d\u00e9di\u00e9s.&nbsp;<\/p>\n\n\n\n<div class=\"wp-block-image\"><figure class=\"aligncenter size-large is-resized\"><img loading=\"lazy\" src=\"https:\/\/i2.wp.com\/batimedianews.com\/live\/wp-content\/uploads\/2021\/09\/image-220.png?resize=542%2C242\" alt=\"\" class=\"wp-image-12141\" width=\"542\" height=\"242\" srcset=\"https:\/\/i2.wp.com\/batimedianews.com\/live\/wp-content\/uploads\/2021\/09\/image-220.png?resize=1024%2C457 1024w, https:\/\/i2.wp.com\/batimedianews.com\/live\/wp-content\/uploads\/2021\/09\/image-220.png?resize=300%2C134 300w, https:\/\/i2.wp.com\/batimedianews.com\/live\/wp-content\/uploads\/2021\/09\/image-220.png?resize=768%2C342 768w, https:\/\/i2.wp.com\/batimedianews.com\/live\/wp-content\/uploads\/2021\/09\/image-220.png?resize=10%2C4 10w, https:\/\/i2.wp.com\/batimedianews.com\/live\/wp-content\/uploads\/2021\/09\/image-220.png?resize=432%2C193 432w, https:\/\/i2.wp.com\/batimedianews.com\/live\/wp-content\/uploads\/2021\/09\/image-220.png?resize=396%2C177 396w, https:\/\/i2.wp.com\/batimedianews.com\/live\/wp-content\/uploads\/2021\/09\/image-220.png?resize=1120%2C499 1120w, https:\/\/i2.wp.com\/batimedianews.com\/live\/wp-content\/uploads\/2021\/09\/image-220.png?resize=660%2C294 660w, https:\/\/i2.wp.com\/batimedianews.com\/live\/wp-content\/uploads\/2021\/09\/image-220.png?resize=493%2C220 493w, https:\/\/i2.wp.com\/batimedianews.com\/live\/wp-content\/uploads\/2021\/09\/image-220.png?w=1184 1184w\" sizes=\"(max-width: 600px) 91vw, (max-width: 900px) 600px, (max-width: 1060px) 50vw, (max-width: 1200px) 520px, (max-width: 1400px) 43vw, 600px\" data-recalc-dims=\"1\" \/><figcaption><em>Enduits de fa\u00e7ades Les Stri\u00e9s, LES COLLECTIONS PAREXLANKO&nbsp;<\/em><\/figcaption><\/figure><\/div>\n\n\n\n<h3 class=\"has-text-align-center has-text-color has-background\" style=\"background-color:#ecf3ef;color:#02884c\"><strong>Les Pierres&nbsp;<\/strong><\/h3>\n\n\n\n<p class=\"has-background\" style=\"background-color:#ecf3ef\">Les enduits pierres rappellent naturellement la sensorialit\u00e9 min\u00e9rale des granulats de marbre, pierre s\u00e9dimentaire calcaire, pierre de taille, pierre s\u00e8che, etc.&nbsp;<\/p>\n\n\n\n<div class=\"wp-block-image\"><figure class=\"aligncenter size-large is-resized\"><img loading=\"lazy\" src=\"https:\/\/i1.wp.com\/batimedianews.com\/live\/wp-content\/uploads\/2021\/09\/image-221.png?resize=529%2C268\" alt=\"\" class=\"wp-image-12142\" width=\"529\" height=\"268\" srcset=\"https:\/\/i1.wp.com\/batimedianews.com\/live\/wp-content\/uploads\/2021\/09\/image-221.png?resize=1024%2C520 1024w, https:\/\/i1.wp.com\/batimedianews.com\/live\/wp-content\/uploads\/2021\/09\/image-221.png?resize=300%2C152 300w, https:\/\/i1.wp.com\/batimedianews.com\/live\/wp-content\/uploads\/2021\/09\/image-221.png?resize=768%2C390 768w, https:\/\/i1.wp.com\/batimedianews.com\/live\/wp-content\/uploads\/2021\/09\/image-221.png?resize=10%2C5 10w, https:\/\/i1.wp.com\/batimedianews.com\/live\/wp-content\/uploads\/2021\/09\/image-221.png?resize=432%2C219 432w, https:\/\/i1.wp.com\/batimedianews.com\/live\/wp-content\/uploads\/2021\/09\/image-221.png?resize=396%2C201 396w, https:\/\/i1.wp.com\/batimedianews.com\/live\/wp-content\/uploads\/2021\/09\/image-221.png?resize=660%2C335 660w, https:\/\/i1.wp.com\/batimedianews.com\/live\/wp-content\/uploads\/2021\/09\/image-221.png?resize=433%2C220 433w, https:\/\/i1.wp.com\/batimedianews.com\/live\/wp-content\/uploads\/2021\/09\/image-221.png?w=1040 1040w\" sizes=\"(max-width: 600px) 91vw, (max-width: 900px) 600px, (max-width: 1060px) 50vw, (max-width: 1200px) 520px, (max-width: 1400px) 43vw, 600px\" data-recalc-dims=\"1\" \/><figcaption><em>Enduits de fa\u00e7ades Les Pierres, LES COLLECTIONS PAREXLANKO<\/em><\/figcaption><\/figure><\/div>\n\n\n\n<h3 class=\"has-text-align-center has-text-color has-background\" style=\"background-color:#ecf3ef;color:#02884c\">D<strong>es g<\/strong>u<strong>ides d\u00e9di\u00e9s&nbsp;<\/strong><\/h3>\n\n\n\n<figure class=\"wp-block-image size-large is-resized\"><img loading=\"lazy\" src=\"https:\/\/i0.wp.com\/batimedianews.com\/live\/wp-content\/uploads\/2021\/09\/image-222.png?resize=264%2C184\" alt=\"\" class=\"wp-image-12143\" width=\"264\" height=\"184\" srcset=\"https:\/\/i0.wp.com\/batimedianews.com\/live\/wp-content\/uploads\/2021\/09\/image-222.png?w=556 556w, https:\/\/i0.wp.com\/batimedianews.com\/live\/wp-content\/uploads\/2021\/09\/image-222.png?resize=300%2C209 300w, https:\/\/i0.wp.com\/batimedianews.com\/live\/wp-content\/uploads\/2021\/09\/image-222.png?resize=10%2C7 10w, https:\/\/i0.wp.com\/batimedianews.com\/live\/wp-content\/uploads\/2021\/09\/image-222.png?resize=432%2C301 432w, https:\/\/i0.wp.com\/batimedianews.com\/live\/wp-content\/uploads\/2021\/09\/image-222.png?resize=396%2C276 396w, https:\/\/i0.wp.com\/batimedianews.com\/live\/wp-content\/uploads\/2021\/09\/image-222.png?resize=315%2C220 315w\" sizes=\"(max-width: 600px) 91vw, (max-width: 900px) 600px, (max-width: 1060px) 50vw, (max-width: 1200px) 520px, (max-width: 1400px) 43vw, 600px\" data-recalc-dims=\"1\" \/><figcaption><em>Documentation de r\u00e9f\u00e9rence LES COLLECTIONS PAREXANKO&nbsp;<\/em><\/figcaption><\/figure>\n\n\n\n<figure class=\"wp-block-image size-large is-resized\"><img loading=\"lazy\" src=\"https:\/\/i0.wp.com\/batimedianews.com\/live\/wp-content\/uploads\/2021\/09\/image-223.png?resize=260%2C181\" alt=\"\" class=\"wp-image-12144\" width=\"260\" height=\"181\" srcset=\"https:\/\/i0.wp.com\/batimedianews.com\/live\/wp-content\/uploads\/2021\/09\/image-223.png?w=556 556w, https:\/\/i0.wp.com\/batimedianews.com\/live\/wp-content\/uploads\/2021\/09\/image-223.png?resize=300%2C209 300w, https:\/\/i0.wp.com\/batimedianews.com\/live\/wp-content\/uploads\/2021\/09\/image-223.png?resize=10%2C7 10w, https:\/\/i0.wp.com\/batimedianews.com\/live\/wp-content\/uploads\/2021\/09\/image-223.png?resize=432%2C301 432w, https:\/\/i0.wp.com\/batimedianews.com\/live\/wp-content\/uploads\/2021\/09\/image-223.png?resize=396%2C276 396w, https:\/\/i0.wp.com\/batimedianews.com\/live\/wp-content\/uploads\/2021\/09\/image-223.png?resize=315%2C220 315w\" sizes=\"(max-width: 600px) 91vw, (max-width: 900px) 600px, (max-width: 1060px) 50vw, (max-width: 1200px) 520px, (max-width: 1400px) 43vw, 600px\" data-recalc-dims=\"1\" \/><figcaption><em>Guide de prescription enduits par famille&nbsp;<\/em><\/figcaption><\/figure>\n\n\n\n<p class=\"has-text-align-center has-text-color\" style=\"color:#02884c\"><strong>Lancement des COLLECTIONS: <\/strong>septembre 2021&nbsp;<\/p>\n\n\n\n<p class=\"has-text-align-center has-text-color\" style=\"color:#02884c\"><strong>Distribution : prescription&nbsp;<\/strong><\/p>\n\n\n\n<p class=\"has-text-color has-small-font-size\" style=\"color:#02884c\"><strong>A propos de PAREXLANKO&nbsp;<\/strong><\/p>\n\n\n\n<p class=\"has-small-font-size\">Depuis plus de 40 ans, la marque PAREXLANKO propose des solutions de sp\u00e9cialit\u00e9s pour les professionnels du b\u00e2timent et du g\u00e9nie civil. Ses gammes de produits sont destin\u00e9es \u00e0 la protection et \u00e0 la d\u00e9coration des fa\u00e7ades du b\u00e2ti neuf comme du b\u00e2ti ancien, \u00e0 l\u2019Isolation Thermique par l\u2019Ext\u00e9rieur (ITE) mais aussi \u00e0 la pr\u00e9paration des sols et \u00e0 la pose de carrelage et enfin, \u00e0 la r\u00e9paration, la protection et l\u2019imperm\u00e9abilisation des ouvrages en b\u00e9ton.&nbsp;<\/p>\n\n\n\n<p class=\"has-small-font-size\">En 2020, PAREXLANKO a r\u00e9alis\u00e9 un chiffre d\u2019affaires de 270 millions d\u2019euros avec 710 collaborateurs r\u00e9partis sur six usines, un centre de R&amp;D et de formation implant\u00e9 pr\u00e8s de Lyon (69), deux plateformes de service et un si\u00e8ge situ\u00e9 \u00e0 Issy-les-Moulineaux (92).&nbsp;<\/p>\n\n\n\n<div class=\"wp-block-image\"><figure class=\"alignleft size-large is-resized\"><img loading=\"lazy\" src=\"https:\/\/i1.wp.com\/batimedianews.com\/live\/wp-content\/uploads\/2021\/09\/image-224.png?resize=64%2C64\" alt=\"\" class=\"wp-image-12145\" width=\"64\" height=\"64\" srcset=\"https:\/\/i1.wp.com\/batimedianews.com\/live\/wp-content\/uploads\/2021\/09\/image-224.png?w=170 170w, https:\/\/i1.wp.com\/batimedianews.com\/live\/wp-content\/uploads\/2021\/09\/image-224.png?resize=150%2C150 150w, https:\/\/i1.wp.com\/batimedianews.com\/live\/wp-content\/uploads\/2021\/09\/image-224.png?resize=10%2C10 10w\" sizes=\"(max-width: 600px) 91vw, (max-width: 900px) 600px, (max-width: 1060px) 50vw, (max-width: 1200px) 520px, (max-width: 1400px) 43vw, 600px\" data-recalc-dims=\"1\" \/><\/figure><\/div>\n\n\n\n<p class=\"has-small-font-size\">Tous les produits PAREXLANKO sont d\u00e9velopp\u00e9s et fabriqu\u00e9s en France. Dans chaque r\u00e9gion, les \u00e9quipes commerciales et techniques sp\u00e9cialis\u00e9es par m\u00e9tier sont sur le terrain pour accompagner leurs clients sur leurs chantiers. \u201cNotre ADN ? Partager notre expertise avec nos clients et continuer d\u2019innover pour eux avec, notamment, des produits \u00e9co-con\u00e7us ou des produits all\u00e9g\u00e9s \u00e0 iso-rendement. Nous sommes fiers de trouver des solutions, \u00e0 leurs c\u00f4t\u00e9s, et d\u2019\u00eatre ainsi leur partenaire d\u2019exp\u00e9rience\u201d d\u00e9clare PAREXLANKO.&nbsp;<\/p>\n\n\n\n<p class=\"has-small-font-size\">PAREXLANKO est une marque du groupe Sika, leader dans le d\u00e9veloppement et la fabrication de syst\u00e8mes et de produits pour le collage, l\u2019\u00e9tanch\u00e9it\u00e9, l\u2019insonorisation, le renforcement et la protection dans les secteurs de la construction et de l\u2019industrie.&nbsp;<\/p>\n","protected":false},"excerpt":{"rendered":"<p>&nbsp;SON OFFRE D\u2019ENDUITS DE FA\u00c7ADES D\u00c9DI\u00c9E AUX ARCHITECTES&nbsp; Depuis plus de 40 ans, PAREXLANKO propose des solutions destin\u00e9es \u00e0 la d\u00e9coration des fa\u00e7ades du b\u00e2ti neuf comme du b\u00e2ti ancien ainsi qu\u2019\u00e0 l\u2019Isolation Thermique par l\u2019Ext\u00e9rieur. Disposant d\u2019un large \u00e9ventail d\u2019enduits de finition PAREXLANKO a r\u00e9uni l\u2019\u00e9tendue de son savoir-faire dans \u201cLES COLLECTIONS\u201d. Cette offre [&hellip;]<\/p>\n","protected":false},"author":41,"featured_media":12146,"comment_status":"open","ping_status":"open","sticky":false,"template":"","format":"standard","meta":{"spay_email":""},"categories":[4,1222,51,1300,64,80,771,108,921],"tags":[920,235],"jetpack_featured_media_url":"https:\/\/i2.wp.com\/batimedianews.com\/live\/wp-content\/uploads\/2021\/09\/Parexlanko-Article.jpg?fit=1224%2C512","jetpack_sharing_enabled":true,"jetpack_likes_enabled":true,"jetpack-related-posts":[{"id":32844,"url":"http:\/\/batimedianews.com\/live\/index.php\/2023\/11\/09\/parexlanko-propose-en-avant-premiere-son-premier-enduit-geosource-parnatur-finition-interieure-argile\/","url_meta":{"origin":12137,"position":0},"title":"PAREXLANKO propose, en avant-premi\u00e8re, son premier enduit g\u00e9osourc\u00e9, parnatur finition int\u00e9rieure argile","date":"9 novembre 2023","format":false,"excerpt":"Sp\u00e9cialiste de la chimie de la construction depuis plus de 40 ans, PAREXLANKO compl\u00e8te sa gamme PARNATUR \u00e0 l\u2019occasion du salon International du Patrimoine Culturel \u00e0 Paris avec son premier parement g\u00e9osourc\u00e9 PARNATUR Finition Int\u00e9rieure Argile. Le nouvel enduit assure une parfaite perm\u00e9abilit\u00e9 \u00e0 la vapeur pour la r\u00e9novation int\u00e9rieure\u2026","rel":"","context":"Dans &quot;Actualit\u00e9 Entreprises&quot;","img":{"alt_text":"","src":"https:\/\/i2.wp.com\/batimedianews.com\/live\/wp-content\/uploads\/2023\/11\/Parexlanko-Image-articles-.jpg?fit=825%2C825&resize=350%2C200","width":350,"height":200},"classes":[]},{"id":49769,"url":"http:\/\/batimedianews.com\/live\/index.php\/2026\/03\/23\/parexlanko-innove-avec-parexkrea-son-application-de-simulation-denduit-de-facade-developpee-grace-a-lintelligence-artificielle\/","url_meta":{"origin":12137,"position":1},"title":"PAREXLANKO innove avec PAREXKREA : son application de simulation d\u2019enduit de fa\u00e7ade d\u00e9velopp\u00e9e gr\u00e2ce \u00e0 l\u2019intelligence artificielle","date":"23 mars 2026","format":false,"excerpt":"Paris, le 31 mars 2026 - PAREXLANKO, marque Sika, et acteur de r\u00e9f\u00e9rence dans les solutions pour la construction, se rapproche encore plus de ses clients en lan\u00e7ant PAREXKREA, une nouvelle application de simulation de couleur pour enduits de fa\u00e7ade. Cet outil in\u00e9dit, accessible gratuitement, permet aux particuliers et aux\u2026","rel":"","context":"Dans &quot;Actualit\u00e9 Entreprises&quot;","img":{"alt_text":"","src":"https:\/\/i2.wp.com\/batimedianews.com\/live\/wp-content\/uploads\/2026\/03\/Parexlanko.jpg?fit=825%2C825&resize=350%2C200","width":350,"height":200},"classes":[]},{"id":18497,"url":"http:\/\/batimedianews.com\/live\/index.php\/2022\/04\/06\/nouvel-isolant-parnatur-isolant-fibres-de-bois-destine-a-lisolation-thermique-par-lexterieur\/","url_meta":{"origin":12137,"position":2},"title":"Nouvel isolant : PARNATUR isolant fibres de bois destin\u00e9 \u00e0 l&rsquo;isolation thermique par l&rsquo;ext\u00e9rieur","date":"6 avril 2022","format":false,"excerpt":"Depuis plus de 40 ans, PAREXLANKO propose des solutions destin\u00e9es\u2002\u00e0 la d\u00e9coration des fa\u00e7ades du b\u00e2ti neuf comme du b\u00e2ti ancien ainsi qu\u2019\u00e0 l\u2019isolation thermique par l\u2019ext\u00e9rieur (ITE). PAREXLANKO propose d\u00e9sormais un isolant en fibres de bois : PARNATUR ISOLANT FIBRES DE BOIS. Celui-ci s\u2019int\u00e8gre dans le nouveau syst\u00e8me PARISO\u2026","rel":"","context":"Dans &quot;Batimaison&quot;","img":{"alt_text":"","src":"https:\/\/i1.wp.com\/batimedianews.com\/live\/wp-content\/uploads\/2022\/03\/Parexlanko-Article.png?fit=512%2C512&resize=350%2C200","width":350,"height":200},"classes":[]},{"id":13501,"url":"http:\/\/batimedianews.com\/live\/index.php\/2021\/11\/02\/parexlanko-propose-paracreme-sth-et-parlumiere-sth-le-duo-parfait-pour-traiter-les-remontees-dhumidite\/","url_meta":{"origin":12137,"position":3},"title":"PAREXLANKO propose PARACR\u00c8ME STH et PARLUMI\u00c8RE STH, LE DUO PARFAIT POUR TRAITER LES REMONT\u00c9ES D\u2019HUMIDIT\u00c9","date":"2 novembre 2021","format":false,"excerpt":"PAREXLANKO, sp\u00e9cialiste de la chimie de la construction, innove avec la premi\u00e8re solution compl\u00e8te pour traiter les remont\u00e9es d\u2019humidit\u00e9. Cette solution est compos\u00e9e du KIT PARCREME STH (Sp\u00e9cial Traitement Humidit\u00e9) et de l\u2019enduit d\u2019assainissement PARLUMIERE STH. V\u00e9ritable solution \u00e0 destination des professionnels du b\u00e2timent pour traiter et assainir les maisons\u2026","rel":"","context":"Dans &quot;enduits de fa\u00e7ades&quot;","img":{"alt_text":"","src":"https:\/\/i2.wp.com\/batimedianews.com\/live\/wp-content\/uploads\/2021\/10\/Parexlanko-Article.jpg?fit=512%2C512&resize=350%2C200","width":350,"height":200},"classes":[]},{"id":32550,"url":"http:\/\/batimedianews.com\/live\/index.php\/2023\/10\/25\/parexlanko-propose-son-premier-mortier-de-couverture-hydrofuge-a-la-chaux-153-lankocouv\/","url_meta":{"origin":12137,"position":4},"title":"PAREXLANKO propose son premier mortier de couverture hydrofug\u00e9 \u00e0 la chaux, 153 LANKOCOUV","date":"25 octobre 2023","format":false,"excerpt":"\u00a0Sp\u00e9cialiste de la chimie de la construction depuis plus de 40 ans, PAREXLANKO pr\u00e9sente son premier mortier hydrofug\u00e9 destin\u00e9 aux travaux de couverture, 153 LANKOCOUV. Pr\u00eat \u00e0 g\u00e2cher et disponible en gris clair et blanc cass\u00e9, le nouveau mortier a \u00e9galement \u00e9t\u00e9 imagin\u00e9 par le fabricant pour la r\u00e9alisation de\u2026","rel":"","context":"Dans &quot;Actualit\u00e9 Entreprises&quot;","img":{"alt_text":"","src":"https:\/\/i0.wp.com\/batimedianews.com\/live\/wp-content\/uploads\/2023\/10\/Parexlanko-Image-articles-.jpg?fit=825%2C825&resize=350%2C200","width":350,"height":200},"classes":[]},{"id":31941,"url":"http:\/\/batimedianews.com\/live\/index.php\/2023\/10\/02\/parexlanko-continue-dinnover-avec-153-lankocouv-nouveau-mortier-tout-en-un-dedie-aux-travaux-de-couverture-et-a-la-maconnerie\/","url_meta":{"origin":12137,"position":5},"title":"PAREXLANKO continue d\u2019innover avec 153 LANKOCOUV, nouveau mortier tout en un d\u00e9di\u00e9 aux travaux de couverture et \u00e0 la ma\u00e7onnerie.","date":"2 octobre 2023","format":false,"excerpt":"Sp\u00e9cialiste de la chimie de la construction depuis plus de 40 ans et marque du Groupe SIKA, PAREXLANKO participe \u00e0 l\u2019\u00e9dition 2023 du salon ARTIBAT \u00e0 Rennes (35) qui se tiendra du 18 au 20 octobre prochain. Forte de son expertise, la marque accompagne quotidiennement les professionnels du b\u00e2timent (architectes,\u2026","rel":"","context":"Dans &quot;Couverture&quot;","img":{"alt_text":"","src":"https:\/\/i2.wp.com\/batimedianews.com\/live\/wp-content\/uploads\/2023\/09\/Parexlanko-articles.jpg?fit=825%2C825&resize=350%2C200","width":350,"height":200},"classes":[]}],"_links":{"self":[{"href":"http:\/\/batimedianews.com\/live\/index.php\/wp-json\/wp\/v2\/posts\/12137"}],"collection":[{"href":"http:\/\/batimedianews.com\/live\/index.php\/wp-json\/wp\/v2\/posts"}],"about":[{"href":"http:\/\/batimedianews.com\/live\/index.php\/wp-json\/wp\/v2\/types\/post"}],"author":[{"embeddable":true,"href":"http:\/\/batimedianews.com\/live\/index.php\/wp-json\/wp\/v2\/users\/41"}],"replies":[{"embeddable":true,"href":"http:\/\/batimedianews.com\/live\/index.php\/wp-json\/wp\/v2\/comments?post=12137"}],"version-history":[{"count":5,"href":"http:\/\/batimedianews.com\/live\/index.php\/wp-json\/wp\/v2\/posts\/12137\/revisions"}],"predecessor-version":[{"id":12213,"href":"http:\/\/batimedianews.com\/live\/index.php\/wp-json\/wp\/v2\/posts\/12137\/revisions\/12213"}],"wp:featuredmedia":[{"embeddable":true,"href":"http:\/\/batimedianews.com\/live\/index.php\/wp-json\/wp\/v2\/media\/12146"}],"wp:attachment":[{"href":"http:\/\/batimedianews.com\/live\/index.php\/wp-json\/wp\/v2\/media?parent=12137"}],"wp:term":[{"taxonomy":"category","embeddable":true,"href":"http:\/\/batimedianews.com\/live\/index.php\/wp-json\/wp\/v2\/categories?post=12137"},{"taxonomy":"post_tag","embeddable":true,"href":"http:\/\/batimedianews.com\/live\/index.php\/wp-json\/wp\/v2\/tags?post=12137"}],"curies":[{"name":"wp","href":"https:\/\/api.w.org\/{rel}","templated":true}]}}