{"id":1215,"date":"2019-04-25T13:48:27","date_gmt":"2019-04-25T11:48:27","guid":{"rendered":"http:\/\/batimedialive.com\/?p=1215"},"modified":"2021-10-20T12:48:09","modified_gmt":"2021-10-20T10:48:09","slug":"groupe-renault-le-vehicule-utilitaire-entre-dans-une-nouvelle-dimension","status":"publish","type":"post","link":"http:\/\/batimedianews.com\/live\/index.php\/2019\/04\/25\/groupe-renault-le-vehicule-utilitaire-entre-dans-une-nouvelle-dimension\/","title":{"rendered":"Groupe Renault : le v\u00e9hicule utilitaire entre dans une nouvelle dimension"},"content":{"rendered":"<ul>\n<li id=\"li_0\">\n<p id=\"p_0\" class=\"Introduction\" style=\"text-align:justify;\"><strong>Leader des fourgons et des v\u00e9hicules utilitaires \u00e9lectriques en Europe, le Groupe Renault r\u00e9v\u00e8le quatre mod\u00e8les : Nouveau Renault MASTER, Nouveau Renault TRAFIC, Nouveau Renault ALASKAN et KANGOO Z.E. Concept.<\/strong><\/p>\n<\/li>\n<li id=\"li_1\" style=\"text-align:justify;\">\n<p id=\"p_1\" class=\"Introduction\"><strong>Le Groupe Renault poursuit une strat\u00e9gie ambitieuse pour ses v\u00e9hicules utilitaires et a comme objectif d\u2019\u00e9tendre son leadership sur de nouveaux march\u00e9s.<\/strong><\/p>\n<\/li>\n<li id=\"li_2\" style=\"text-align:justify;\">\n<p id=\"p_2\" class=\"Introduction\"><strong>Pour incarner sa vision du futur, Renault pr\u00e9sente EZ-FLEX, une exp\u00e9rimentation innovante pour appr\u00e9hender la livraison urbaine du dernier kilom\u00e8tre.<br \/>\n<\/strong><\/li>\n<\/ul>\n<blockquote><p>2018 a \u00e9t\u00e9 une ann\u00e9e record pour les v\u00e9hicules utilitaires du Groupe&nbsp;Renault, avec 34 % de croissance par rapport \u00e0 l\u2019ann\u00e9e pr\u00e9c\u00e9dente. En&nbsp;2019, nous poursuivons le renouvellement de notre gamme pour&nbsp;r\u00e9pondre aux attentes de nos clients. Gr\u00e2ce \u00e0 notre marque expert&nbsp;Renault Pro+ et \u00e0 notre offre de services connect\u00e9s, nous allons<br \/>\ncontinuer \u00e0 d\u00e9velopper des solutions innovantes pour accompagner le&nbsp;d\u00e9veloppement de l&rsquo;activit\u00e9 de nos clients professionnels.<br \/>\nDenis Le Vot, Directeur Alliance de la Division V\u00e9hicules Utilitaires&nbsp;Renault\u00adNissan<\/p><\/blockquote>\n<figure id=\"attachment_1217\" aria-describedby=\"caption-attachment-1217\" style=\"width: 4134px\" class=\"wp-caption alignnone\"><img loading=\"lazy\" class=\"alignnone size-full wp-image-1217\" src=\"https:\/\/batimedialive.files.wordpress.com\/2019\/04\/21225300_2019_-_conf_rence_de_presse_gamme_v_hicules_utilitaires_renault.jpg?resize=720%2C449\" alt=\"2019 - Conf\u00e9rence de presse Gamme V\u00e9hicules Utilitaires Renault\" width=\"720\" height=\"449\"  data-recalc-dims=\"1\"><figcaption id=\"caption-attachment-1217\" class=\"wp-caption-text\">Denis Le Vot&nbsp; et Laurens van den Acker<\/figcaption><\/figure>\n<blockquote><p>Dans le cadre du renouvellement de sa gamme, Renault offre \u00e0&nbsp;Nouveau Master et \u00e0 Nouveau Trafic, une identit\u00e9 visuelle commune&nbsp;renforc\u00e9e. Ce design moderne, robuste, expressif et valorisant se&nbsp;retrouve sur la face avant de tous nos v\u00e9hicules utilitaires, \u00e0 l\u2019image de&nbsp;celle de Renault Alaskan. Il b\u00e9n\u00e9ficiera aussi \u00e0 la prochaine g\u00e9n\u00e9ration&nbsp;de Kangoo pr\u00e9figur\u00e9e par le show\u00adcar urbain et \u00e9lectrique Kangoo Z.E.&nbsp;Concept.<br \/>\nLaurens van den Acker \u2013 Directeur du Design industriel du&nbsp;Groupe Renault<\/p><\/blockquote>\n<h2 style=\"text-align:justify;\">Pour satisfaire au mieux les nouveaux&nbsp;besoins des professionnels, Renault renouvelle sa gamme de V\u00e9hicules&nbsp;Utilitaires pour y apporter plus de design, de confort,&nbsp; \u2019\u00e9quipements innovants&nbsp;et de services sur mesure.<\/h2>\n<p style=\"text-align:justify;\">Nouveau Renault Master propose une nouvelle face avant plus robuste, un int\u00e9rieur&nbsp;totalement renouvel\u00e9, de nouvelles aides \u00e0 la conduite (Rear View Assist, Side&nbsp; Wind&nbsp;Assist\u2026) et des motorisations plus puissantes (jusqu\u2019\u00e0 180 ch \/400 Nm). Il simplifie&nbsp;la vie des professionnels gr\u00e2ce \u00e0 des \u00e9quipements innovants. Nouveau Master&nbsp;existe en version 100% \u00e9lectrique avec Nouveau Master Z.E..<\/p>\n<div class=\"jetpack-video-wrapper\"><iframe loading=\"lazy\" title=\"Nouveau Renault MASTER | Groupe Renault\" width=\"720\" height=\"405\" src=\"https:\/\/www.youtube.com\/embed\/m2EnVjspgpI?feature=oembed\" frameborder=\"0\" allow=\"accelerometer; autoplay; clipboard-write; encrypted-media; gyroscope; picture-in-picture\" allowfullscreen><\/iframe><\/div>\n<p style=\"text-align:justify;\">\nNouveau Renault Trafic est un fourgon polyvalent revisit\u00e9, au design int\u00e9rieur et&nbsp;ext\u00e9rieur sublim\u00e9 avec de nouvelles motorisations et une nouvelle bo\u00eete de vitesses&nbsp;automatique. Nouveau Renault Trafic est \u00e9galement propos\u00e9 dans ses versions&nbsp;transport de personnes Combi, Bus et SpaceClass.<\/p>\n<div class=\"jetpack-video-wrapper\"><iframe loading=\"lazy\" title=\"Nouveau Renault TRAFIC | Groupe Renault\" width=\"720\" height=\"405\" src=\"https:\/\/www.youtube.com\/embed\/BkIqArE2cpY?feature=oembed\" frameborder=\"0\" allow=\"accelerometer; autoplay; clipboard-write; encrypted-media; gyroscope; picture-in-picture\" allowfullscreen><\/iframe><\/div>\n<p style=\"text-align:justify;\">Le pick\u00adup Nouveau Renault Alaskan conserve son design muscl\u00e9 et se dote de&nbsp;nouvelles fonctionnalit\u00e9s pour toujours plus de robustesse et de s\u00e9curit\u00e9 avec&nbsp;notamment une charge utile augment\u00e9e \u00e0 1,1 tonne.<\/p>\n<p style=\"text-align:justify;\"><img loading=\"lazy\" class=\"alignnone size-full wp-image-1216\" src=\"https:\/\/batimedialive.files.wordpress.com\/2019\/04\/21224864_2019_-_nouveau_renault_alaskan.jpg?resize=720%2C405\" alt=\"2019 - Nouveau Renault ALASKAN\" width=\"720\" height=\"405\"  data-recalc-dims=\"1\"><br \/>\nRenault Kangoo Z.E. Concept pr\u00e9figure la nouvelle g\u00e9n\u00e9ration de Kangoo qui sera&nbsp;commercialis\u00e9e \u00e0 partir de 2020. Ce show\u00adcar au design sculpt\u00e9 et dynamique&nbsp;propose une adaptation aux \u00e9volutions des modes de travail et de mobilit\u00e9.<br \/>\nEnfin, apr\u00e8s le concept\u00adcar EZ\u00adPRO, le Groupe Renault continue de pr\u00e9parer le futur en&nbsp; explorant les nouveaux usages de&nbsp;la livraison urbaine du dernier kilom\u00e8tre avec EZ\u00adFLEX, un v\u00e9hicule utilitaire \u00e9lectrique, connect\u00e9, compact et agile.<\/p>\n<div class=\"jetpack-video-wrapper\"><iframe loading=\"lazy\" title=\"Renault KANGOO Z.E. Concept | Groupe Renault\" width=\"720\" height=\"405\" src=\"https:\/\/www.youtube.com\/embed\/FKjdbPSHbi8?feature=oembed\" frameborder=\"0\" allow=\"accelerometer; autoplay; clipboard-write; encrypted-media; gyroscope; picture-in-picture\" allowfullscreen><\/iframe><\/div>\n<p>&nbsp;<\/p>\n<h2>A propos du Groupe Renault<\/h2>\n<p style=\"text-align:justify;\">Acteur historique embl\u00e9matique des v\u00e9hicules utilitaires depuis 120 ans, le Groupe&nbsp; Renault enregistre un nouveau record&nbsp;de ventes mondiales en 2018 avec 619 229 immatriculations. Renault reste la marque leader sur le march\u00e9 des vans en&nbsp;Europe depuis 1998, et le Groupe renforce ses positions en Am\u00e9rique latine et en Asie Pacifique. Avec le lancement de&nbsp;Master Z.E. et gr\u00e2ce \u00e0 son best\u00adseller Kangoo Z.E., Renault est&nbsp; pionnier et leader en Europe du v\u00e9hicule utilitaire&nbsp;\u00e9lectrique (46,2% de part de march\u00e9).<br \/>\nLe Groupe r\u00e9affirme sa volont\u00e9 de devenir le premier acteur mondial des utilitaires&nbsp; gr\u00e2ce \u00e0 l\u2019Alliance avec Nissan et&nbsp;Mitsubishi, qui vise plus de 2,5 millions d\u2019unit\u00e9s vendues d\u2019ici 2022. Pour soutenir son expansion \u00e0 l\u2019international, Renault&nbsp;lance le premier fourgon Master en Cor\u00e9e, un Kangoo adapt\u00e9 au march\u00e9 sud\u00adam\u00e9ricain ainsi que Duster&nbsp; Oroch leader en&nbsp;Argentine et en Colombie. En Chine, le Groupe Renault s\u2019appuie sur&nbsp; RBJAC (Renault Brilliance Jinbei Automotive&nbsp;Company) pour l\u2019accompagner dans la fabrication et la vente de sept v\u00e9hicules utilitaires en Chine, dont trois \u00e9lectriques&nbsp;&nbsp;d\u2019ici 2022.<\/p>\n<p style=\"text-align:justify;\">\n","protected":false},"excerpt":{"rendered":"<p>Leader des fourgons et des v\u00e9hicules utilitaires \u00e9lectriques en Europe, le Groupe Renault r\u00e9v\u00e8le quatre mod\u00e8les : Nouveau Renault MASTER, Nouveau Renault TRAFIC, Nouveau Renault ALASKAN et KANGOO Z.E. Concept. Le Groupe Renault poursuit une strat\u00e9gie ambitieuse pour ses v\u00e9hicules utilitaires et a comme objectif d\u2019\u00e9tendre son leadership sur de nouveaux march\u00e9s. Pour incarner sa [&hellip;]<\/p>\n","protected":false},"author":2,"featured_media":2105,"comment_status":"open","ping_status":"open","sticky":false,"template":"","format":"standard","meta":{"spay_email":""},"categories":[4,59,131,132],"tags":[],"jetpack_featured_media_url":"https:\/\/i0.wp.com\/batimedianews.com\/live\/wp-content\/uploads\/2019\/08\/21225131_2019_-_gamme_v_hicules_utilitaires_renault.jpg?fit=4134%2C2069","jetpack_sharing_enabled":true,"jetpack_likes_enabled":true,"jetpack-related-posts":[{"id":26454,"url":"http:\/\/batimedianews.com\/live\/index.php\/2023\/02\/21\/lhydrogene-se-developpe-dabord-en-mobilite\/","url_meta":{"origin":1215,"position":0},"title":"L\u2019hydrog\u00e8ne se d\u00e9veloppe d\u2019abord en mobilit\u00e9","date":"21 f\u00e9vrier 2023","format":false,"excerpt":"Le salon Hyvolution l\u2019a clairement montr\u00e9\u00a0: l\u2019essentiel des efforts de d\u00e9veloppements de l\u2019hydrog\u00e8ne s\u2019adresse avant tout \u00e0 la mobilit\u00e9 d\u00e9carbon\u00e9e. Pascal Poggi Le Fran\u00e7ais Hyvia a \u00e9t\u00e9 cr\u00e9\u00e9 par Renault et l\u2019am\u00e9ricain Plug pour proposer des solutions de mobilit\u00e9 hydrog\u00e8ne \u00e0 partir de piles \u00e0 combustible. Il fournit \u00e9galement des\u2026","rel":"","context":"Dans &quot;hydrog\u00e8ne&quot;","img":{"alt_text":"","src":"https:\/\/i1.wp.com\/batimedianews.com\/live\/wp-content\/uploads\/2023\/02\/article-pascal-3-1.jpeg?fit=1200%2C1200&resize=350%2C200","width":350,"height":200},"classes":[]},{"id":28138,"url":"http:\/\/batimedianews.com\/live\/index.php\/2023\/04\/25\/deploiement-des-zfe-zones-a-faibles-emissions-la-ffb-accompagne-les-entreprises-et-alerte-sur-une-situation-contrastee\/","url_meta":{"origin":1215,"position":1},"title":"D\u00e9ploiement des ZFE &#8211; Zones \u00e0 Faibles Emissions : la FFB accompagne les entreprises et alerte sur une situation contrast\u00e9e","date":"25 avril 2023","format":false,"excerpt":"Le 18 avril 2023, la FFB Auvergne-Rh\u00f4ne-Alpes et la F\u00e9d\u00e9ration du BTP du Puy-de-D\u00f4me ont organis\u00e9 une \u00ab Journ\u00e9e de la Mobilit\u00e9 \u00bb \u00e0 Cournon-d\u2019Auvergne (63), au Studio 120. Une 3e \u00e9dition, apr\u00e8s celles de Grenoble et Villeurbanne, en pr\u00e9sence de Patricia DELEPINE, Pr\u00e9sidente de la F\u00e9d\u00e9ration d\u00e9partementale du BTP\u2026","rel":"","context":"Dans &quot;construction BTP&quot;","img":{"alt_text":"","src":"https:\/\/i0.wp.com\/batimedianews.com\/live\/wp-content\/uploads\/2023\/04\/FFB-Article.jpg?fit=1080%2C1080&resize=350%2C200","width":350,"height":200},"classes":[]},{"id":3493,"url":"http:\/\/batimedianews.com\/live\/index.php\/2019\/11\/11\/groupe-rsm-equipement-de-vehicules-utilitaires\/","url_meta":{"origin":1215,"position":2},"title":"Groupe RSM \u00e9quipement de v\u00e9hicules utilitaires","date":"11 novembre 2019","format":"video","excerpt":"https:\/\/youtu.be\/wMHYzYcYsHE","rel":"","context":"Dans &quot;Actualit\u00e9 Entreprises&quot;","img":{"alt_text":"","src":"https:\/\/i2.wp.com\/img.youtube.com\/vi\/wMHYzYcYsHE\/0.jpg?resize=350%2C200","width":350,"height":200},"classes":[]},{"id":12227,"url":"http:\/\/batimedianews.com\/live\/index.php\/2021\/09\/21\/supervan-nomme-alexandre-ple-au-poste-de-head-of-operations\/","url_meta":{"origin":1215,"position":3},"title":"Supervan nomme Alexandre Pl\u00e9 au poste de Head of Operations","date":"21 septembre 2021","format":false,"excerpt":"Apr\u00e8s sa lev\u00e9e de fonds en novembre 2020 et le lancement de sa nouvelle offre \u201cXXL\u201d de livraison par poids lourd en juin 2021, Supervan continue de cro\u00eetre et structure ses \u00e9quipes en recrutant un Head of Operations.Alexandre Pl\u00e9 aura pour mission d\u2019organiser le p\u00f4le Op\u00e9rations et de d\u00e9velopper l\u2019activit\u00e9\u2026","rel":"","context":"Dans &quot;Actualit\u00e9 Entreprises&quot;","img":{"alt_text":"","src":"https:\/\/i0.wp.com\/batimedianews.com\/live\/wp-content\/uploads\/2021\/09\/Supervan-Article.jpg?fit=512%2C512&resize=350%2C200","width":350,"height":200},"classes":[]},{"id":34517,"url":"http:\/\/batimedianews.com\/live\/index.php\/2024\/01\/23\/ocean-orange-business-exposera-aux-rencontres-flotauto-paris-le-08-fevrier\/","url_meta":{"origin":1215,"position":4},"title":"Oc\u00e9an \u2013 Orange Business exposera aux Rencontres Flotauto Paris le 08 f\u00e9vrier","date":"23 janvier 2024","format":false,"excerpt":"La division d\u00e9di\u00e9e aux v\u00e9hicules connect\u00e9s d\u2019Orange Business r\u00e9pondra pr\u00e9sent lors de la 13\u00e8me \u00e9dition des Rencontres Flotauto, le 08 mars 2024 \u00e0 la Grande Halle de la Villette, stand C45. Les \u00e9quipes Oc\u00e9an viendront pr\u00e9senter une actualit\u00e9 riche et une roadmap produits innovante, construite pour r\u00e9pondre aux enjeux li\u00e9s\u2026","rel":"","context":"Dans &quot;Actualit\u00e9 Entreprises&quot;","img":{"alt_text":"","src":"https:\/\/i1.wp.com\/batimedianews.com\/live\/wp-content\/uploads\/2024\/01\/Orange.jpg?fit=825%2C825&resize=350%2C200","width":350,"height":200},"classes":[]},{"id":49495,"url":"http:\/\/batimedianews.com\/live\/index.php\/2026\/03\/04\/pourquoi-de-plus-en-plus-dartisans-choisissent-un-utilitaire-mercedes\/","url_meta":{"origin":1215,"position":5},"title":"Pourquoi de plus en plus d\u2019artisans choisissent un utilitaire Mercedes ?","date":"4 mars 2026","format":false,"excerpt":"Fiabilit\u00e9, s\u00e9curit\u00e9 et confort : l\u2019utilitaire devient un v\u00e9ritable outil de travail pour les professionnels du b\u00e2timent Pour les artisans et entreprises du b\u00e2timent, le v\u00e9hicule utilitaire est bien plus qu\u2019un simple moyen de transport. Il est \u00e0 la fois atelier mobile, espace de stockage et outil de travail quotidien.\u2026","rel":"","context":"Dans &quot;Outils connect\u00e9s&quot;","img":{"alt_text":"","src":"https:\/\/i2.wp.com\/batimedianews.com\/live\/wp-content\/uploads\/2026\/03\/lMercedes_Image_Article-1.png?fit=1169%2C638&resize=350%2C200","width":350,"height":200},"classes":[]}],"_links":{"self":[{"href":"http:\/\/batimedianews.com\/live\/index.php\/wp-json\/wp\/v2\/posts\/1215"}],"collection":[{"href":"http:\/\/batimedianews.com\/live\/index.php\/wp-json\/wp\/v2\/posts"}],"about":[{"href":"http:\/\/batimedianews.com\/live\/index.php\/wp-json\/wp\/v2\/types\/post"}],"author":[{"embeddable":true,"href":"http:\/\/batimedianews.com\/live\/index.php\/wp-json\/wp\/v2\/users\/2"}],"replies":[{"embeddable":true,"href":"http:\/\/batimedianews.com\/live\/index.php\/wp-json\/wp\/v2\/comments?post=1215"}],"version-history":[{"count":1,"href":"http:\/\/batimedianews.com\/live\/index.php\/wp-json\/wp\/v2\/posts\/1215\/revisions"}],"predecessor-version":[{"id":2385,"href":"http:\/\/batimedianews.com\/live\/index.php\/wp-json\/wp\/v2\/posts\/1215\/revisions\/2385"}],"wp:featuredmedia":[{"embeddable":true,"href":"http:\/\/batimedianews.com\/live\/index.php\/wp-json\/wp\/v2\/media\/2105"}],"wp:attachment":[{"href":"http:\/\/batimedianews.com\/live\/index.php\/wp-json\/wp\/v2\/media?parent=1215"}],"wp:term":[{"taxonomy":"category","embeddable":true,"href":"http:\/\/batimedianews.com\/live\/index.php\/wp-json\/wp\/v2\/categories?post=1215"},{"taxonomy":"post_tag","embeddable":true,"href":"http:\/\/batimedianews.com\/live\/index.php\/wp-json\/wp\/v2\/tags?post=1215"}],"curies":[{"name":"wp","href":"https:\/\/api.w.org\/{rel}","templated":true}]}}