{"id":12485,"date":"2021-10-06T11:56:29","date_gmt":"2021-10-06T09:56:29","guid":{"rendered":"http:\/\/batimedianews.com\/live\/?p=12485"},"modified":"2022-08-07T12:56:19","modified_gmt":"2022-08-07T10:56:19","slug":"croissance-verte-presente-son-accompagnement-dedie-aux-professionnels-du-batiment-qualifies-rge-lors-du-salon-artibat","status":"publish","type":"post","link":"http:\/\/batimedianews.com\/live\/index.php\/2021\/10\/06\/croissance-verte-presente-son-accompagnement-dedie-aux-professionnels-du-batiment-qualifies-rge-lors-du-salon-artibat\/","title":{"rendered":"Croissance Verte pr\u00e9sente son accompagnement d\u00e9di\u00e9 aux professionnels du b\u00e2timent qualifi\u00e9s RGE lors du salon Artibat"},"content":{"rendered":"\n<div class=\"wp-block-group\"><div class=\"wp-block-group__inner-container\">\n<div class=\"wp-block-group\"><div class=\"wp-block-group__inner-container\">\n<div class=\"wp-block-group\"><div class=\"wp-block-group__inner-container\">\n<p class=\"has-text-align-center has-medium-font-size\"><strong>Parc Expo Rennes \u2013 Hall 4 Stand D47<\/strong><\/p>\n\n\n\n<p class=\"has-text-align-center has-medium-font-size\"><strong>&#8211; du 13 au 15 octobre 2021 &#8211;<\/strong><\/p>\n<\/div><\/div>\n\n\n\n<p>Croissance Verte, la nouvelle offre de services port\u00e9e par les collectivit\u00e9s territoriales pour faciliter les projets de r\u00e9novation \u00e9nerg\u00e9tique en Pays de la Loire, vous donne <strong>rendez-vous sur son stand<\/strong> (Hall 4 Stand D47 &#8211; P\u00f4le Second-OEuvre) \u00e0 l\u2019occasion du salon Artibat les 13, 14 et 15 octobre prochain.<\/p>\n\n\n\n<p>Vous pourrez notamment \u00e9changer avec Virginie Senlis, Responsable Entreprises et B\u00e2timent durable, qui vous pr\u00e9sentera l\u2019accompagnement <strong>PRO Croissance Verte d\u00e9di\u00e9 aux professionnels des Pays de la Loire qualifi\u00e9s RGE et l\u2019offre \u00ab Devenir RGE \u00bb pour ceux qui souhaitent acc\u00e9der \u00e0 cette qualification<\/strong>. Vous pourrez \u00e9galement assister aux mini conf\u00e9rences qui pr\u00e9senteront les derni\u00e8res \u00e9volutions des dispositifs d\u2019aide \u00e0 la r\u00e9novation \u00e9nerg\u00e9tique et les modalit\u00e9s pour devenir PRO Croissance Verte<\/p>\n<\/div><\/div>\n<\/div><\/div>\n\n\n\n<p>Ce nouveau service PRO Croissance Verte a pour objectifs :<\/p>\n\n\n\n<p>&#8211; de soutenir et valoriser la fili\u00e8re locale du BTP en <strong>r\u00e9f\u00e9ren\u00e7ant les professionnels du b\u00e2timent <\/strong>des Pays de la Loire et en leur donnant acc\u00e8s \u00e0 des projets concrets et qualifi\u00e9s de r\u00e9novation \u00e9nerg\u00e9tique,<\/p>\n\n\n\n<p>&#8211; de permettre aux b\u00e9n\u00e9ficiaires (particuliers, entreprises et collectivit\u00e9s) de <strong>s\u00e9curiser leurs travaux<\/strong> en faisant appel \u00e0 des professionnels pr\u00e8s de chez eux qui s\u2019engagent sur une qualit\u00e9 de service.<\/p>\n\n\n\n<p>Pour en savoir plus, rendez-vous sur la page d\u00e9di\u00e9e PRO Croissance Verte.<\/p>\n\n\n\n<p class=\"has-small-font-size\"><strong>Informations compl\u00e9mentaires sur Croissance Verte<\/strong><\/p>\n\n\n\n<p class=\"has-small-font-size\">Cr\u00e9\u00e9e \u00e0 l\u2019initiative de la R\u00e9gion des Pays de la Loire et port\u00e9e par l\u2019ensemble des acteurs du territoire r\u00e9gional (collectivit\u00e9s, syndicats d\u2019\u00e9nergies\u2026), l\u2019accompagnement propos\u00e9 par Croissance Verte s&rsquo;adresse aux particuliers, entreprises et collectivit\u00e9s. Il s\u2019appuie sur une nouvelle plateforme en ligne, qui d\u00e9crypte l\u2019information et apporte des conseils neutres et objectifs pour comprendre la r\u00e9glementation, trouver des aides, faire ses d\u00e9marches et \u00eatre mis en relation avec des professionnels du b\u00e2timent locaux. <\/p>\n\n\n\n<p><\/p>\n","protected":false},"excerpt":{"rendered":"<p>Ce nouveau service PRO Croissance Verte a pour objectifs : &#8211; de soutenir et valoriser la fili\u00e8re locale du BTP en r\u00e9f\u00e9ren\u00e7ant les professionnels du b\u00e2timent des Pays de la Loire et en leur donnant acc\u00e8s \u00e0 des projets concrets et qualifi\u00e9s de r\u00e9novation \u00e9nerg\u00e9tique, &#8211; de permettre aux b\u00e9n\u00e9ficiaires (particuliers, entreprises et collectivit\u00e9s) de [&hellip;]<\/p>\n","protected":false},"author":41,"featured_media":12486,"comment_status":"open","ping_status":"open","sticky":false,"template":"","format":"standard","meta":{"spay_email":""},"categories":[5,1260,31,35,1348,59,80,108,128],"tags":[1077,1325,1349,358,1350],"jetpack_featured_media_url":"https:\/\/i0.wp.com\/batimedianews.com\/live\/wp-content\/uploads\/2021\/10\/CroissanceVerte-Article.jpg?fit=1224%2C512","jetpack_sharing_enabled":true,"jetpack_likes_enabled":true,"jetpack-related-posts":[{"id":13184,"url":"http:\/\/batimedianews.com\/live\/index.php\/2021\/10\/22\/demonstration-live-artibat-2021croissance-verte\/","url_meta":{"origin":12485,"position":0},"title":"D\u00c9MONSTRATION LIVE ARTIBAT 2021:CROISSANCE VERTE","date":"22 octobre 2021","format":false,"excerpt":"Croissance Verte pr\u00e9sente son accompagnement d\u00e9di\u00e9 aux professionnels du b\u00e2timent qualifi\u00e9s RGE lors du salon Artibat","rel":"","context":"Dans &quot;Artibat 2021&quot;","img":{"alt_text":"","src":"https:\/\/i2.wp.com\/batimedianews.com\/live\/wp-content\/uploads\/2021\/10\/CROISSANCE-VERTE_image.jpg?fit=1080%2C1080&resize=350%2C200","width":350,"height":200},"classes":[]},{"id":11570,"url":"http:\/\/batimedianews.com\/live\/index.php\/2021\/08\/28\/contribuer-a-un-monde-plus-sur\/","url_meta":{"origin":12485,"position":1},"title":"\u00ab CONTRIBUER \u00c0 UN MONDE PLUS S\u00dbR \u00bb","date":"28 ao\u00fbt 2021","format":false,"excerpt":"Dans le contexte in\u00e9dit de crise sanitaire actuelle, le stand MALERBA (Hall 4 Stand B37), sign\u00e9 de l\u2019Atelier Gilles Bail, a \u00e9t\u00e9 con\u00e7u pourassurer une circulation relativement fluide et respecter au mieux les distances de s\u00e9curit\u00e9. MALERBA sera pr\u00e9sent au salon ARTIBAT qui se tiendra les 13, 14 et 15\u2026","rel":"","context":"Dans &quot;Actualit\u00e9 Entreprises&quot;","img":{"alt_text":"","src":"https:\/\/i2.wp.com\/batimedianews.com\/live\/wp-content\/uploads\/2021\/08\/Malerba-Article.jpg?fit=512%2C512&resize=350%2C200","width":350,"height":200},"classes":[]},{"id":12700,"url":"http:\/\/batimedianews.com\/live\/index.php\/2021\/10\/08\/sto-present-au-salon-artibat\/","url_meta":{"origin":12485,"position":2},"title":"Sto pr\u00e9sent au salon Artibat","date":"8 octobre 2021","format":false,"excerpt":"Rendez-vous Hall 10B - stand G21 pour parler \u00e9l\u00e9ments d\u00e9coratifs de fa\u00e7ade et formation des artisans La 17\u00e8me\u00a0\u00e9dition du Salon ARTIBAT, Salon de la Construction et des Travaux Publics approche \u00e0 grands pas\u00a0! Elle se tiendra Parc des Expositions de Rennes du 13 au 15 octobre 2021.Organis\u00e9 par la \u00a0CAPEB\u2026","rel":"","context":"Dans &quot;Actualit\u00e9 Entreprises&quot;","img":{"alt_text":"","src":"https:\/\/i2.wp.com\/batimedianews.com\/live\/wp-content\/uploads\/2021\/10\/sto-Article.jpg?fit=512%2C512&resize=350%2C200","width":350,"height":200},"classes":[]},{"id":12751,"url":"http:\/\/batimedianews.com\/live\/index.php\/2021\/10\/11\/panasonic-solutions-chauffage-refroidissement-presente-ses-dernieres-innovations-sur-le-salon-artibat\/","url_meta":{"origin":12485,"position":3},"title":"Panasonic solutions chauffage &amp; refroidissement pr\u00e9sente ses derni\u00e8res innovations sur le Salon Artibat","date":"11 octobre 2021","format":false,"excerpt":"Parc des expositions de Rennes Les 13, 14 et 15 octobre 2021 Hall 7 - Stand B31 Gennevilliers, le 8 octobre 2021 \u2013 Panasonic solutions chauffage & refroidissement annonce sa pr\u00e9sence sur Artibat, le salon de la construction de l\u2019ouest pour les professionnels. Les 13, 14 et 15 Octobre, le\u2026","rel":"","context":"Dans &quot;Actualit\u00e9 Entreprises&quot;","img":{"alt_text":"","src":"https:\/\/i0.wp.com\/batimedianews.com\/live\/wp-content\/uploads\/2021\/10\/Panasonic-Article.jpg?fit=512%2C512&resize=350%2C200","width":350,"height":200},"classes":[]},{"id":12094,"url":"http:\/\/batimedianews.com\/live\/index.php\/2021\/09\/16\/laqc-et-artibat-partenaires-majeurs-pour-lamelioration-de-la-qai\/","url_meta":{"origin":12485,"position":4},"title":"L\u2019AQC et Artibat, partenaires majeurs pour l\u2019am\u00e9lioration de la QAI","date":"16 septembre 2021","format":false,"excerpt":"L\u2019AQC et le salon Artibat s\u2019associent pour faire conna\u00eetre les enjeux de la qualit\u00e9 de l\u2019air int\u00e9rieur (QAI). L\u2019\u00e9dition 2021 accueillera, \u00e0 Rennes, du 13 au 15 octobre, un stand d\u00e9di\u00e9 cr\u00e9\u00e9 par l\u2019AQC, sur lequel seront propos\u00e9s des outils p\u00e9dagogiques innovants pour comprendre et agir pour l\u2019am\u00e9lioration de la\u2026","rel":"","context":"Dans &quot;Actualit\u00e9 Entreprises&quot;","img":{"alt_text":"","src":"https:\/\/i1.wp.com\/batimedianews.com\/live\/wp-content\/uploads\/2021\/09\/AQC-Article.jpg?fit=512%2C512&resize=350%2C200","width":350,"height":200},"classes":[]},{"id":32270,"url":"http:\/\/batimedianews.com\/live\/index.php\/2023\/10\/13\/somfy-sera-present-a-artibat-2023\/","url_meta":{"origin":12485,"position":5},"title":"SOMFY sera pr\u00e9sent \u00e0 ARTIBAT 2023 !","date":"13 octobre 2023","format":false,"excerpt":"Somfy, le leader mondial de l'automatisation des ouvertures et des fermetures de la maison et du b\u00e2timent, annonce sa participation \u00e0 Artibat 2023, le rendez-vous incontournable pour les professionnels du b\u00e2timent. L'\u00e9v\u00e9nement se d\u00e9roulera du 18 au 20 octobre au Parc des Expositions de Rennes. Somfy profitera de cette occasion\u2026","rel":"","context":"Dans &quot;Actualit\u00e9 Entreprises&quot;","img":{"alt_text":"","src":"https:\/\/i0.wp.com\/batimedianews.com\/live\/wp-content\/uploads\/2023\/10\/somfy-artibat.png?fit=1200%2C1200&resize=350%2C200","width":350,"height":200},"classes":[]}],"_links":{"self":[{"href":"http:\/\/batimedianews.com\/live\/index.php\/wp-json\/wp\/v2\/posts\/12485"}],"collection":[{"href":"http:\/\/batimedianews.com\/live\/index.php\/wp-json\/wp\/v2\/posts"}],"about":[{"href":"http:\/\/batimedianews.com\/live\/index.php\/wp-json\/wp\/v2\/types\/post"}],"author":[{"embeddable":true,"href":"http:\/\/batimedianews.com\/live\/index.php\/wp-json\/wp\/v2\/users\/41"}],"replies":[{"embeddable":true,"href":"http:\/\/batimedianews.com\/live\/index.php\/wp-json\/wp\/v2\/comments?post=12485"}],"version-history":[{"count":1,"href":"http:\/\/batimedianews.com\/live\/index.php\/wp-json\/wp\/v2\/posts\/12485\/revisions"}],"predecessor-version":[{"id":12487,"href":"http:\/\/batimedianews.com\/live\/index.php\/wp-json\/wp\/v2\/posts\/12485\/revisions\/12487"}],"wp:featuredmedia":[{"embeddable":true,"href":"http:\/\/batimedianews.com\/live\/index.php\/wp-json\/wp\/v2\/media\/12486"}],"wp:attachment":[{"href":"http:\/\/batimedianews.com\/live\/index.php\/wp-json\/wp\/v2\/media?parent=12485"}],"wp:term":[{"taxonomy":"category","embeddable":true,"href":"http:\/\/batimedianews.com\/live\/index.php\/wp-json\/wp\/v2\/categories?post=12485"},{"taxonomy":"post_tag","embeddable":true,"href":"http:\/\/batimedianews.com\/live\/index.php\/wp-json\/wp\/v2\/tags?post=12485"}],"curies":[{"name":"wp","href":"https:\/\/api.w.org\/{rel}","templated":true}]}}