{"id":1284,"date":"2019-05-21T09:03:27","date_gmt":"2019-05-21T07:03:27","guid":{"rendered":"http:\/\/batimedialive.com\/?p=1284"},"modified":"2021-10-20T12:50:09","modified_gmt":"2021-10-20T10:50:09","slug":"reveler-la-nature-par-technal-lancement-pre-batimat","status":"publish","type":"post","link":"http:\/\/batimedianews.com\/live\/index.php\/2019\/05\/21\/reveler-la-nature-par-technal-lancement-pre-batimat\/","title":{"rendered":"R\u00e9v\u00e9ler la Nature par Technal"},"content":{"rendered":"<p>Pla\u00e7ant le d\u00e9veloppement durable au coeur de ses&nbsp;priorit\u00e9s, TECHNAL est pr\u00eat \u00e0 relever l\u2019un des plus&nbsp;grands d\u00e9fis de l\u2019industrie. Une d\u00e9marche engag\u00e9e&nbsp;qui s\u2019est illustr\u00e9e au fil des ann\u00e9es \u00e0 travers la cr\u00e9ation&nbsp;de menuiseries innovantes et de concepts synonymes&nbsp;de confort thermique et acoustique. En mars dernier,&nbsp;elle s\u2019est renforc\u00e9e avec la&nbsp; commercialisation de son&nbsp;aluminium \u00ab CIRCAL 75R \u00bb. Ce mat\u00e9riau bas carbone&nbsp;pr\u00e9sente le taux de mati\u00e8res recycl\u00e9es&nbsp;post-consommation le plus \u00e9lev\u00e9 du march\u00e9,&nbsp;\u00e9gal ou&nbsp; sup\u00e9rieur \u00e0 75 %, soit 2,0 kg de CO2e\/kg*&nbsp;d\u2019aluminium en moyenne.<br \/>\nSur le salon BATIMAT, cet esprit volontaire et&nbsp;pr\u00e9curseur se lit \u00e0 travers tout le stand TECHNAL&nbsp;r\u00e9alis\u00e9 pour la premi\u00e8re fois en aluminium recycl\u00e9&nbsp;\u00ab CIRCAL 75R \u00bb. Imagin\u00e9 par l\u2019architecte italien&nbsp;Stefano Boeri, le \u00ab Pavillon BOERI x TECHNAL \u00bb&nbsp;refl\u00e8te leur vision commune : l\u2019effacement de la&nbsp;notion int\u00e9rieur\/ext\u00e9rieur pour se rapprocher au&nbsp;plus pr\u00e8s de la nature.<br \/>\n<img loading=\"lazy\" class=\"alignnone size-full wp-image-1286\" src=\"https:\/\/batimedialive.files.wordpress.com\/2019\/05\/technal2.jpg?resize=720%2C351\" alt=\"technal2\" width=\"720\" height=\"351\"  data-recalc-dims=\"1\"><br \/>\n<img loading=\"lazy\" class=\"alignnone size-full wp-image-1287\" src=\"https:\/\/batimedialive.files.wordpress.com\/2019\/05\/technal3.jpg?resize=720%2C607\" alt=\"technal3\" width=\"720\" height=\"607\"  data-recalc-dims=\"1\"><br \/>\nAvec la verticalisation des&nbsp;villes et la densification urbaine, cette&nbsp; composante&nbsp;devient essentielle pour optimiser le confort des&nbsp;femmes et des hommes, et leur qualit\u00e9 de vie au&nbsp;quotidien. Le \u00ab Pavillon BOERI x TECHNAL \u00bb est&nbsp;con\u00e7u comme un cocon, un espace intime. Son voile&nbsp;m\u00e9tallique ext\u00e9rieur prot\u00e8ge un \u00e9crin de verdure ou<br \/>\nune \u00ab for\u00eat urbaine \u00bb magnifi\u00e9e \u00e0 travers les seuils&nbsp;mat\u00e9rialis\u00e9s par les innovations TECHNAL.<br \/>\n<img loading=\"lazy\" class=\"alignnone size-full wp-image-1288\" src=\"https:\/\/batimedialive.files.wordpress.com\/2019\/05\/technal4.jpg?resize=720%2C533\" alt=\"technal4\" width=\"720\" height=\"533\"  data-recalc-dims=\"1\"><br \/>\nle concept de FA\u00c7ADE E+C- \u00c0 \u00c9NERGIE POSITIVE&nbsp;ET BAS CARBONE qui produit sa propre \u00e9lectricit\u00e9&nbsp;\u00ab verte \u00bb en captant tous les \u00e9l\u00e9ments naturels&nbsp;ext\u00e9rieurs (bruits, vent, pluie&#8230;).<br \/>\n<img loading=\"lazy\" class=\"alignnone size-full wp-image-1289\" src=\"https:\/\/batimedialive.files.wordpress.com\/2019\/05\/technal5.jpg?resize=720%2C493\" alt=\"technal5\" width=\"720\" height=\"493\"  data-recalc-dims=\"1\"><br \/>\nSon aluminium&nbsp;\u00ab CIRCAL 75R \u00bb participe \u00e9galement \u00e0 la&nbsp;conception de b\u00e2tis bas carbone,<br \/>\nla nouvelle DOUBLE FEN\u00caTRE COULISSANTE 2 EN 1&nbsp;permettant d\u2019obtenir un&nbsp; affaiblissement&nbsp;acoustique de 46 dB RA,tr. Sa conception&nbsp;intelligente permet \u00e9galement de ventiler sans&nbsp;faire l\u2019impasse sur la protection efficace contre&nbsp;les intrusions, les bruits et m\u00eame les moustiques&nbsp;gr\u00e2ce \u00e0 son syst\u00e8me innovant \u00ab Smart Opening \u00bb,<br \/>\n<img loading=\"lazy\" class=\"alignnone size-full wp-image-1290\" src=\"https:\/\/batimedialive.files.wordpress.com\/2019\/05\/technal6.jpg?resize=720%2C431\" alt=\"technal6\" width=\"720\" height=\"431\"  data-recalc-dims=\"1\"><br \/>\nla FEN\u00caTRE ANTI-BRUIT PASSIVE qui,&nbsp;en position ouverte, att\u00e9nue jusqu\u2019\u00e0 25 dB&nbsp;les hautes et&nbsp; moyennes fr\u00e9quences, soit 300 fois&nbsp;moins de bruit \u00e0 l\u2019int\u00e9rieur.<br \/>\n<img loading=\"lazy\" class=\"alignnone  wp-image-1291\" src=\"https:\/\/batimedialive.files.wordpress.com\/2019\/05\/technal7.jpg?resize=297%2C258\" alt=\"technal7\" width=\"297\" height=\"258\"  data-recalc-dims=\"1\"><img loading=\"lazy\" class=\"alignnone  wp-image-1292\" src=\"https:\/\/batimedialive.files.wordpress.com\/2019\/05\/technal8.jpg?resize=300%2C319\" alt=\"technal8\" width=\"300\" height=\"319\"  data-recalc-dims=\"1\"><br \/>\n<img loading=\"lazy\" class=\"alignnone  wp-image-1293\" src=\"https:\/\/batimedialive.files.wordpress.com\/2019\/05\/technal9.jpg?resize=449%2C436\" alt=\"technal9\" width=\"449\" height=\"436\"  data-recalc-dims=\"1\"><br \/>\nla FEN\u00caTRE CLIMATIQUE CONNECT\u00c9E,&nbsp;qui en compl\u00e9ment de sa production de chaleur&nbsp;et de froid, int\u00e8gre un syst\u00e8me de micro-capteurs&nbsp;dans les profil\u00e9s pour r\u00e9guler la temp\u00e9rature,&nbsp;purifier l\u2019air&#8230; depuis une t\u00e9l\u00e9commande,&nbsp;un smartphone ou une tablette.<br \/>\n<img loading=\"lazy\" class=\"alignnone size-full wp-image-1294\" src=\"https:\/\/batimedialive.files.wordpress.com\/2019\/05\/technal10.jpg?resize=720%2C536\" alt=\"technal10\" width=\"720\" height=\"536\"  data-recalc-dims=\"1\"><br \/>\n<img loading=\"lazy\" class=\"alignnone size-full wp-image-1295\" src=\"https:\/\/batimedialive.files.wordpress.com\/2019\/05\/technal11.jpg?resize=720%2C459\" alt=\"technal11\" width=\"720\" height=\"459\"  data-recalc-dims=\"1\"><br \/>\nR\u00e9sultats des travaux de recherche du d\u00e9partement&nbsp;Innovation de TECHNAL, ces&nbsp; solutions avant-gardistes&nbsp;r\u00e9pondent aux enjeux architecturaux actuels et&nbsp;\u00e0 venir en termes de r\u00e9duction des \u00eelots de chaleur,&nbsp;de ma\u00eetrise des \u00e9nergies, de protection sonore&#8230;<br \/>\nPens\u00e9es dans le soin du d\u00e9tail, elles se distinguent&nbsp;\u00e9galement par leurs lignes \u00e9l\u00e9gantes et<br \/>\nen \u00ab harmonie \u00bb pour offrir un bien-\u00eatre optimal&nbsp;aux utilisateurs. Autant d\u2019atouts qui&nbsp; font \u00e9cho&nbsp;\u00e0 l\u2019ADN de la marque : \u00ab innovation, design et&nbsp;confort \u00bb.<\/p>\n","protected":false},"excerpt":{"rendered":"<p>Pla\u00e7ant le d\u00e9veloppement durable au coeur de ses&nbsp;priorit\u00e9s, TECHNAL est pr\u00eat \u00e0 relever l\u2019un des plus&nbsp;grands d\u00e9fis de l\u2019industrie. Une d\u00e9marche engag\u00e9e&nbsp;qui s\u2019est illustr\u00e9e au fil des ann\u00e9es \u00e0 travers la cr\u00e9ation&nbsp;de menuiseries innovantes et de concepts synonymes&nbsp;de confort thermique et acoustique. En mars dernier,&nbsp;elle s\u2019est renforc\u00e9e avec la&nbsp; commercialisation de son&nbsp;aluminium \u00ab CIRCAL 75R [&hellip;]<\/p>\n","protected":false},"author":2,"featured_media":2243,"comment_status":"open","ping_status":"open","sticky":false,"template":"","format":"standard","meta":{"spay_email":""},"categories":[4,7,66,84],"tags":[],"jetpack_featured_media_url":"https:\/\/i1.wp.com\/batimedianews.com\/live\/wp-content\/uploads\/2019\/08\/technal1.jpg?fit=1283%2C806","jetpack_sharing_enabled":true,"jetpack_likes_enabled":true,"jetpack-related-posts":[{"id":37646,"url":"http:\/\/batimedianews.com\/live\/index.php\/2024\/05\/27\/technal-decarbone-a-tout-va\/","url_meta":{"origin":1284,"position":0},"title":"Technal d\u00e9carbone \u00e0 tout va !","date":"27 mai 2024","format":false,"excerpt":"Pascal Poggi pour Batimedia Tous les profil\u00e9s aluminium Technal, pour les fen\u00eatres, les fa\u00e7ades et les portes, sont aujourd\u2019hui fabriqu\u00e9s en aluminium Hydro Circal 75R, issu \u00e0 75% d\u2019aluminium recycl\u00e9. Technal introduit peu \u00e0 peu l\u2019Hydro Circal 100R, fabriqu\u00e9 \u00e0 100% \u00e0 partir d\u2019aluminium recycl\u00e9. https:\/\/youtu.be\/GQab6PQNgN8?si=NoucuXE7aeUH0zGM Technal et les autres\u2026","rel":"","context":"Dans &quot;Aluminium&quot;","img":{"alt_text":"","src":"https:\/\/i1.wp.com\/batimedianews.com\/live\/wp-content\/uploads\/2024\/05\/technal_image-scaled.jpeg?fit=1200%2C1200&resize=350%2C200","width":350,"height":200},"classes":[]},{"id":3529,"url":"http:\/\/batimedianews.com\/live\/index.php\/2019\/11\/18\/technal-vers-un-bilan-carbone-neutre\/","url_meta":{"origin":1284,"position":1},"title":"Technal : VERS UN BILAN CARBONE NEUTRE","date":"18 novembre 2019","format":false,"excerpt":"Leader international de la production aluminium, Hydro capitalise sur la durabilit\u00e9 de ce mat\u00e9riau en d\u00e9veloppant sa propre fili\u00e8re de recyclage. D\u00e9but 2019, il est ainsi devenu le premier producteur au monde capable de fournir de l\u2019aluminium bas carbone certifi\u00e9. D\u00e9positaire de ce savoir-faire unique, TECHNAL, marque du groupe Hydro,\u2026","rel":"","context":"Dans &quot;Aluminium&quot;","img":{"alt_text":"","src":"https:\/\/i2.wp.com\/batimedianews.com\/live\/wp-content\/uploads\/2019\/11\/technal2image.jpg?fit=549%2C331&resize=350%2C200","width":350,"height":200},"classes":[]},{"id":37607,"url":"http:\/\/batimedianews.com\/live\/index.php\/2024\/05\/29\/technal-acteur-precurseur-et-leader-de-la-decarbonation\/","url_meta":{"origin":1284,"position":2},"title":"TECHNAL, acteur pr\u00e9curseur et leader de la d\u00e9carbonation","date":"29 mai 2024","format":false,"excerpt":"Conscient des enjeux environnementaux actuels et futurs, TECHNAL a la conviction qu\u2019il est de sa responsabilit\u00e9 de participer activement au changement du march\u00e9 de la construction et de la r\u00e9novation. Pr\u00e9curseur avec la commercialisation d\u00e8s 2019 de ses gammes en aluminium recycl\u00e9 post-consommation Hydro CIRCAL 75R, la marque n\u2019a cess\u00e9\u2026","rel":"","context":"Dans &quot;D\u00e9carbonation&quot;","img":{"alt_text":"","src":"https:\/\/i0.wp.com\/batimedianews.com\/live\/wp-content\/uploads\/2024\/05\/Technal-articles-.jpg?fit=825%2C825&resize=350%2C200","width":350,"height":200},"classes":[]},{"id":33969,"url":"http:\/\/batimedianews.com\/live\/index.php\/2023\/12\/19\/nomination-de-david-chauny-au-poste-de-directeur-commercial-france-technal-sapa\/","url_meta":{"origin":1284,"position":3},"title":"Nomination de David Chauny au poste de Directeur commercial France Technal-Sapa","date":"19 d\u00e9cembre 2023","format":false,"excerpt":"\u00a0David CHAUNY vient d\u2019\u00eatre nomm\u00e9 Directeur Commercial France TECHNAL-SAPA. Fort d'une exp\u00e9rience de 27 ans au sein du groupe Hydro Building Systems, il oeuvre depuis 15 ans, en France et dans le monde, au service des clients du gammiste aluminium TECHNAL, implant\u00e9 \u00e0 Toulouse depuis plus de 60 ans. Directeur\u2026","rel":"","context":"Dans &quot;Actualit\u00e9 Entreprises&quot;","img":{"alt_text":"","src":"https:\/\/i1.wp.com\/batimedianews.com\/live\/wp-content\/uploads\/2023\/12\/Technal-Image-articles-1-1.jpg?fit=825%2C825&resize=350%2C200","width":350,"height":200},"classes":[]},{"id":6697,"url":"http:\/\/batimedianews.com\/live\/index.php\/2020\/11\/29\/deux-solutions-sapa-disponibles-en-aluminium-bas-carbone-recycle-hydro-circal-75r-coulissant-a-levage-confort-smartline-et-facade-elegance-52\/","url_meta":{"origin":1284,"position":4},"title":"Deux solutions Sapa disponibles en aluminium bas carbone recycl\u00e9 Hydro CIRCAL 75R : Coulissant \u00e0 levage CONFORT SMARTLINE et Fa\u00e7ade ELEGANCE 52","date":"29 novembre 2020","format":false,"excerpt":"Sapa poursuit sa dynamique en proposant, depuis fin septembre, deux de ses solutions phares en aluminium bas carbone recycl\u00e9 Hydro CIRCAL 75R : le Coulissant \u00e0 levage CONFORT SMARTLINE et la Fa\u00e7ade ELEGANCE 52. Cet alliage de seconde fusion est le seul sur le march\u00e9 \u00e0 se composer d\u2019au minimum\u2026","rel":"","context":"Dans &quot;Actualit\u00e9 Entreprises&quot;","img":{"alt_text":"","src":"https:\/\/i1.wp.com\/batimedianews.com\/live\/wp-content\/uploads\/2020\/11\/image-77.png?fit=690%2C512&resize=350%2C200","width":350,"height":200},"classes":[]},{"id":18946,"url":"http:\/\/batimedianews.com\/live\/index.php\/2022\/04\/12\/technal_lance_le_label_all_for_good\/","url_meta":{"origin":1284,"position":5},"title":"TECHNAL lance le label  \u00ab\u00a0ALL FOR GOOD\u00a0\u00bb qui guide et distingue les actions \u00e9co-responsables de son r\u00e9seau des aluminiers agr\u00e9\u00e9s \u2002","date":"12 avril 2022","format":false,"excerpt":"https:\/\/www.youtube.com\/embed\/8STSKVXaIR0?autoplay=1&rel=0En D\u00e9voil\u00e9 en avant-premi\u00e8re lors de la 30\u00e8me Convention du R\u00e9seau national des ALUMINIERS AGR\u00c9ES TECHNAL fin 2021, le label TECHNAL \u00ab ALL FOR GOOD \u00bb est officiellement lanc\u00e9 en avril. Sa vocation : guider et am\u00e9liorer les pratiques de ses 230 membres en mati\u00e8re de responsabilit\u00e9 soci\u00e9tale et environnementale.\u2026","rel":"","context":"Dans &quot;Actualit\u00e9 Entreprises&quot;","img":{"alt_text":"","src":"https:\/\/i2.wp.com\/batimedianews.com\/live\/wp-content\/uploads\/2022\/04\/Technal-Article.jpg?fit=1080%2C1080&resize=350%2C200","width":350,"height":200},"classes":[]}],"_links":{"self":[{"href":"http:\/\/batimedianews.com\/live\/index.php\/wp-json\/wp\/v2\/posts\/1284"}],"collection":[{"href":"http:\/\/batimedianews.com\/live\/index.php\/wp-json\/wp\/v2\/posts"}],"about":[{"href":"http:\/\/batimedianews.com\/live\/index.php\/wp-json\/wp\/v2\/types\/post"}],"author":[{"embeddable":true,"href":"http:\/\/batimedianews.com\/live\/index.php\/wp-json\/wp\/v2\/users\/2"}],"replies":[{"embeddable":true,"href":"http:\/\/batimedianews.com\/live\/index.php\/wp-json\/wp\/v2\/comments?post=1284"}],"version-history":[{"count":2,"href":"http:\/\/batimedianews.com\/live\/index.php\/wp-json\/wp\/v2\/posts\/1284\/revisions"}],"predecessor-version":[{"id":3527,"href":"http:\/\/batimedianews.com\/live\/index.php\/wp-json\/wp\/v2\/posts\/1284\/revisions\/3527"}],"wp:featuredmedia":[{"embeddable":true,"href":"http:\/\/batimedianews.com\/live\/index.php\/wp-json\/wp\/v2\/media\/2243"}],"wp:attachment":[{"href":"http:\/\/batimedianews.com\/live\/index.php\/wp-json\/wp\/v2\/media?parent=1284"}],"wp:term":[{"taxonomy":"category","embeddable":true,"href":"http:\/\/batimedianews.com\/live\/index.php\/wp-json\/wp\/v2\/categories?post=1284"},{"taxonomy":"post_tag","embeddable":true,"href":"http:\/\/batimedianews.com\/live\/index.php\/wp-json\/wp\/v2\/tags?post=1284"}],"curies":[{"name":"wp","href":"https:\/\/api.w.org\/{rel}","templated":true}]}}