{"id":12844,"date":"2021-10-20T08:43:42","date_gmt":"2021-10-20T06:43:42","guid":{"rendered":"http:\/\/batimedianews.com\/live\/?p=12844"},"modified":"2022-01-24T11:26:36","modified_gmt":"2022-01-24T10:26:36","slug":"beatrice-vila-nommee-nouvelle-directrice-marketing-prescription-communication-et-digital-dedycem","status":"publish","type":"post","link":"http:\/\/batimedianews.com\/live\/index.php\/2021\/10\/20\/beatrice-vila-nommee-nouvelle-directrice-marketing-prescription-communication-et-digital-dedycem\/","title":{"rendered":"&nbsp;<strong>B\u00c9ATRICE VILA, NOMM\u00c9E NOUVELLE DIRECTRICE&nbsp;<\/strong>MARKETING, PRESCRIPTION, COMMUNICATION ET DIGITAL D\u2019EDYCEM"},"content":{"rendered":"\n<p>Olivier COLLIN, Directeur G\u00e9n\u00e9ral d\u2019EDYCEM, l\u2019annon\u00e7ait il y a quelques mois : les ambitions et la transformation d\u2019EDYCEM passeront notamment par la cr\u00e9ation et le recrutement de nouvelles fonctions. Depuis ce lundi 11 octobre, la nomination de B\u00e9atrice VILA au nouveau poste de Directrice Marketing, Prescription, Communication et Digital, confirme sa volont\u00e9 de renforcer son positionnement de b\u00e9tonnier ind\u00e9pendant r\u00e9f\u00e9rent pour la conception et la production de solutions min\u00e9rales innovantes et durables, notamment en faisant \u00e9voluer son offre marketing et digitale. Cette femme proche du terrain s\u2019appuiera sur pr\u00e8s de vingt ans d\u2019exp\u00e9rience au sein d\u2019un grand Groupe, pour accompagner EDYCEM dans son d\u00e9veloppement et sa performance, accro\u00eetre l\u2019attractivit\u00e9 de l\u2019entreprise, promouvoir et dynamiser les ventes des solutions.&nbsp;<\/p>\n\n\n\n<div class=\"wp-block-image\"><figure class=\"alignright size-large is-resized\"><img loading=\"lazy\" src=\"https:\/\/i0.wp.com\/batimedianews.com\/live\/wp-content\/uploads\/2021\/10\/image-160.png?resize=240%2C359\" alt=\"\" class=\"wp-image-12845\" width=\"240\" height=\"359\" srcset=\"https:\/\/i0.wp.com\/batimedianews.com\/live\/wp-content\/uploads\/2021\/10\/image-160.png?resize=682%2C1024 682w, https:\/\/i0.wp.com\/batimedianews.com\/live\/wp-content\/uploads\/2021\/10\/image-160.png?resize=200%2C300 200w, https:\/\/i0.wp.com\/batimedianews.com\/live\/wp-content\/uploads\/2021\/10\/image-160.png?resize=100%2C150 100w, https:\/\/i0.wp.com\/batimedianews.com\/live\/wp-content\/uploads\/2021\/10\/image-160.png?resize=7%2C10 7w, https:\/\/i0.wp.com\/batimedianews.com\/live\/wp-content\/uploads\/2021\/10\/image-160.png?zoom=2&amp;resize=240%2C359 480w\" sizes=\"(max-width: 600px) 91vw, (max-width: 900px) 600px, (max-width: 1060px) 50vw, (max-width: 1200px) 520px, (max-width: 1400px) 43vw, 600px\" data-recalc-dims=\"1\" \/><figcaption>&nbsp;B\u00e9atrice VILA&nbsp;<br>Cr\u00e9dit photo : Charles Marion&nbsp;<\/figcaption><\/figure><\/div>\n\n\n\n<p>&nbsp;\u00ab <em>Je suis tr\u00e8s fi\u00e8re d\u2019int\u00e9grer EDYCEM, l\u2019activit\u00e9 b\u00e9ton du Groupe HERIGE, un acteur visionnaire et porteur de la transformation du secteur de la construction. La trajectoire est claire : il y a une v\u00e9ritable volont\u00e9 de se donner les moyens et l\u2019\u00e9nergie pour se transformer et s\u2019adapter. L\u2019ancrage local, tr\u00e8s fort, fait \u00e9cho \u00e0 mes valeurs de proximit\u00e9 terrain, des \u00e9quipes, des clients et des partenaires institutionnels. Je rejoins \u00e9galement l\u2019enthousiasme des \u00e9quipes, leur envie, leur simplicit\u00e9 et leur esprit collectif. L\u2019\u00e9quipe marketing aura la responsabilit\u00e9 de porter et d\u2019accompagner l\u2019entreprise dans les nouveaux enjeux du march\u00e9 et la transformation qu\u2019ils requi\u00e8rent, tout en gardant au coeur de sa d\u00e9marche la satisfaction de ses clients. <\/em>\u00bb.&nbsp;<\/p>\n\n\n\n<div class=\"wp-block-group\"><div class=\"wp-block-group__inner-container\">\n<p class=\"has-small-font-size\">Dates cl\u00e9s&nbsp;<\/p>\n\n\n\n<p class=\"has-small-font-size\">2018-2020 Responsable March\u00e9 B\u00e2timent et Industrie, LafargeHolcim France (92)&nbsp;<\/p>\n\n\n\n<p class=\"has-small-font-size\">2012-2017 Responsable R\u00e9gional Prescription LafargeHolcim France (69)&nbsp;<\/p>\n\n\n\n<p class=\"has-small-font-size\">2009-2011 Charg\u00e9e D\u00e9veloppement B\u00e2timent, Lafarge B\u00e9tons Agence Languedoc-Roussillon (34)&nbsp;<\/p>\n\n\n\n<p class=\"has-small-font-size\">2006-2008 Charg\u00e9e D\u00e9veloppement Produits Sp\u00e9ciaux, Lafarge B\u00e9tons Agence P\u00e9rigord Garonne (47)&nbsp;<\/p>\n\n\n\n<p class=\"has-small-font-size\">2002-2006 Ing\u00e9nieure R&amp;D, th\u00e8se de Doctorat Mat\u00e9riaux et Structures, ENTPE et Lafarge Centre de Recherche&nbsp;<\/p>\n\n\n\n<p class=\"has-small-font-size\">Dipl\u00f4m\u00e9e de l\u2019INSA Toulouse, Ing\u00e9nieur G\u00e9nie Civil Sp\u00e9. B\u00e2timent Ouvrages (1999-2002) et d\u2019un DEA Mat\u00e9riaux et Structures (major de promotion 2001-2002).&nbsp;<\/p>\n<\/div><\/div>\n\n\n\n<figure class=\"wp-block-image size-large\"><img loading=\"lazy\" width=\"720\" height=\"68\" src=\"https:\/\/i1.wp.com\/batimedianews.com\/live\/wp-content\/uploads\/2021\/10\/image-161.png?resize=720%2C68\" alt=\"\" class=\"wp-image-12846\" srcset=\"https:\/\/i1.wp.com\/batimedianews.com\/live\/wp-content\/uploads\/2021\/10\/image-161.png?resize=1024%2C96 1024w, https:\/\/i1.wp.com\/batimedianews.com\/live\/wp-content\/uploads\/2021\/10\/image-161.png?resize=300%2C28 300w, https:\/\/i1.wp.com\/batimedianews.com\/live\/wp-content\/uploads\/2021\/10\/image-161.png?resize=150%2C14 150w, https:\/\/i1.wp.com\/batimedianews.com\/live\/wp-content\/uploads\/2021\/10\/image-161.png?resize=768%2C72 768w, https:\/\/i1.wp.com\/batimedianews.com\/live\/wp-content\/uploads\/2021\/10\/image-161.png?resize=1536%2C145 1536w, https:\/\/i1.wp.com\/batimedianews.com\/live\/wp-content\/uploads\/2021\/10\/image-161.png?resize=10%2C1 10w, https:\/\/i1.wp.com\/batimedianews.com\/live\/wp-content\/uploads\/2021\/10\/image-161.png?resize=432%2C41 432w, https:\/\/i1.wp.com\/batimedianews.com\/live\/wp-content\/uploads\/2021\/10\/image-161.png?resize=396%2C37 396w, https:\/\/i1.wp.com\/batimedianews.com\/live\/wp-content\/uploads\/2021\/10\/image-161.png?resize=1120%2C105 1120w, https:\/\/i1.wp.com\/batimedianews.com\/live\/wp-content\/uploads\/2021\/10\/image-161.png?resize=660%2C62 660w, https:\/\/i1.wp.com\/batimedianews.com\/live\/wp-content\/uploads\/2021\/10\/image-161.png?resize=710%2C67 710w, https:\/\/i1.wp.com\/batimedianews.com\/live\/wp-content\/uploads\/2021\/10\/image-161.png?w=1614 1614w, https:\/\/i1.wp.com\/batimedianews.com\/live\/wp-content\/uploads\/2021\/10\/image-161.png?w=1440 1440w\" sizes=\"(max-width: 600px) 91vw, (max-width: 900px) 600px, (max-width: 1060px) 50vw, (max-width: 1200px) 520px, (max-width: 1400px) 43vw, 600px\" data-recalc-dims=\"1\" \/><\/figure>\n","protected":false},"excerpt":{"rendered":"<p>Olivier COLLIN, Directeur G\u00e9n\u00e9ral d\u2019EDYCEM, l\u2019annon\u00e7ait il y a quelques mois : les ambitions et la transformation d\u2019EDYCEM passeront notamment par la cr\u00e9ation et le recrutement de nouvelles fonctions. Depuis ce lundi 11 octobre, la nomination de B\u00e9atrice VILA au nouveau poste de Directrice Marketing, Prescription, Communication et Digital, confirme sa volont\u00e9 de renforcer son [&hellip;]<\/p>\n","protected":false},"author":41,"featured_media":12848,"comment_status":"open","ping_status":"open","sticky":false,"template":"","format":"standard","meta":{"spay_email":""},"categories":[21,867,88],"tags":[],"jetpack_featured_media_url":"https:\/\/i1.wp.com\/batimedianews.com\/live\/wp-content\/uploads\/2021\/10\/Edycem-Article.jpg?fit=1224%2C512","jetpack_sharing_enabled":true,"jetpack_likes_enabled":true,"jetpack-related-posts":[{"id":43846,"url":"http:\/\/batimedianews.com\/live\/index.php\/2025\/03\/27\/edycem-deploie-un-service-et-des-outils-dedies-a-la-prescription\/","url_meta":{"origin":12844,"position":0},"title":"EDYCEM d\u00e9ploie un service et des outils d\u00e9di\u00e9s \u00e0 la prescription","date":"27 mars 2025","format":false,"excerpt":"Convaincue que les projets doivent \u00eatre trait\u00e9s d\u00e8s la phase de faisabilit\u00e9, EDYCEM s\u2019est structur\u00e9e pour r\u00e9pondre aux besoins sp\u00e9cifiques des ma\u00eetres d\u2019ouvrage, architectes, bureaux d\u2019\u00e9tudes, \u00e9conomistes\u2026 L\u2019activit\u00e9 b\u00e9ton d\u2019HERIGE Industries a ainsi mis en place une \u00e9quipe d\u00e9di\u00e9e \u00e0 la prescription. Pilot\u00e9e par B\u00e9atrice VILA, Directrice Marketing, Communication, Prescription\u2026","rel":"","context":"Dans &quot;Actualit\u00e9 Entreprises&quot;","img":{"alt_text":"","src":"https:\/\/i2.wp.com\/batimedianews.com\/live\/wp-content\/uploads\/2025\/03\/Edycem.jpg?fit=825%2C825&resize=350%2C200","width":350,"height":200},"classes":[]},{"id":29885,"url":"http:\/\/batimedianews.com\/live\/index.php\/2023\/07\/04\/edycem-leve-le-voile-sur-sa-nouvelle-identite-edycem-donnons-un-nouveau-sens-a-la-construction\/","url_meta":{"origin":12844,"position":1},"title":"EDYCEM l\u00e8ve le voile sur sa nouvelle identit\u00e9 : \u00ab EDYCEM, donnons un nouveau sens \u00e0 la construction \u00bb","date":"4 juillet 2023","format":false,"excerpt":"\u00a0EDYCEM, l\u2019activit\u00e9 b\u00e9ton du Groupe HERIGE, a choisi de r\u00e9v\u00e9ler son nouveau positionnement ce vendredi 23 juin \u00e0 l\u2019occasion d\u2019un jour symbolique, l\u2019inauguration de son si\u00e8ge social situ\u00e9 \u00e0 Montaigu Vend\u00e9e (85). La volont\u00e9 est claire : conjuguer pass\u00e9, pr\u00e9sent et avenir en affirmant ses ambitions sur un secteur qui\u2026","rel":"","context":"Dans &quot;Actualit\u00e9 Entreprises&quot;","img":{"alt_text":"","src":"https:\/\/i2.wp.com\/batimedianews.com\/live\/wp-content\/uploads\/2023\/06\/Edycem-article.jpg?fit=1080%2C1080&resize=350%2C200","width":350,"height":200},"classes":[]},{"id":37689,"url":"http:\/\/batimedianews.com\/live\/index.php\/2024\/05\/29\/la-residence-le-cottage-a-ploemeur-fait-la-part-belle-au-beton-a-empreinte-carbone-reduite-vitaliss-dedycem\/","url_meta":{"origin":12844,"position":2},"title":"La r\u00e9sidence le cottage \u00e0 Ploemeur fait la part belle au b\u00e9ton \u00e0 empreinte carbone r\u00e9duite VITALISS\u00ae D\u2019EDYCEM","date":"29 mai 2024","format":false,"excerpt":"Cr\u00e9dit photo : Hive & Co\u00a0 Log\u00e9e au c\u0153ur de Ploemeur, commune du bord de mer morbihannais, la r\u00e9sidence Le Cottage, imagin\u00e9e par Nomade Architectes pour le promoteur SEEMO, propose un juste \u00e9quilibre entre intimit\u00e9 et proximit\u00e9 du centre-ville. A deux pas de la Place de l\u2019Eglise et des commerces,\u2026","rel":"","context":"Dans &quot;Actualit\u00e9 Entreprises&quot;","img":{"alt_text":"","src":"https:\/\/i1.wp.com\/batimedianews.com\/live\/wp-content\/uploads\/2024\/05\/Edycem-1.jpg?fit=825%2C825&resize=350%2C200","width":350,"height":200},"classes":[]},{"id":49207,"url":"http:\/\/batimedianews.com\/live\/index.php\/2026\/02\/09\/edycem-presente-sa-feuille-de-route-2026-des-investissements-majeurs-au-service-de-la-performance-et-de-la-transition-environnementale\/","url_meta":{"origin":12844,"position":3},"title":"EDYCEM pr\u00e9sente sa feuille de route 2026 &#8211; Des investissements majeurs au service de la performance et de la transition environnementale","date":"9 f\u00e9vrier 2026","format":false,"excerpt":"Acteur industriel de r\u00e9f\u00e9rence dans le Grand Ouest, sp\u00e9cialiste du b\u00e9ton pr\u00eat \u00e0 l\u2019emploi et des produits pr\u00e9fabriqu\u00e9s en b\u00e9ton, EDYCEM, filiale d\u2019HERIGE Industries, pr\u00e9sente sa feuille de route 2026. Inscrite dans la continuit\u00e9 de ses engagements, structur\u00e9s autour de quatre piliers fondateurs \u00ab le progr\u00e8s humain \u00bb, \u00ab l\u2019environnement\u2026","rel":"","context":"Dans &quot;Actualit\u00e9 Entreprises&quot;","img":{"alt_text":"","src":"https:\/\/i2.wp.com\/batimedianews.com\/live\/wp-content\/uploads\/2026\/02\/Edycem.jpg?fit=825%2C825&resize=350%2C200","width":350,"height":200},"classes":[]},{"id":34191,"url":"http:\/\/batimedianews.com\/live\/index.php\/2024\/01\/10\/edycem-lance-sa-nouvelle-chape-fluide-kalkiss-hpc-une-reponse-technique-adaptee-aux-projets-classes-u4p3e3c2\/","url_meta":{"origin":12844,"position":4},"title":"EDYCEM lance sa nouvelle chape fluide KALKISS\u00ae HPC  : une r\u00e9ponse technique adapt\u00e9e aux projets classes \u00ab U4P3E3C2 \u00bb","date":"10 janvier 2024","format":false,"excerpt":"\u00a0A l\u2019\u00e9coute des besoins du terrain, EDYCEM, l\u2019activit\u00e9 b\u00e9ton du Groupe HERIGE, enrichit une nouvelle fois sa gamme de chapes fluides KALKISS\u00ae, d\u00e9j\u00e0 compos\u00e9e de trois r\u00e9f\u00e9rences* pour r\u00e9pondre au plus grand nombre d\u2019applications. La nouvelle chape fluide KALKISS\u00ae HPC est destin\u00e9e aux sols int\u00e9rieurs hors planchers chauffants.\u00a0 Sa r\u00e9sistance\u2026","rel":"","context":"Dans &quot;Actualit\u00e9 Entreprises&quot;","img":{"alt_text":"","src":"https:\/\/i2.wp.com\/batimedianews.com\/live\/wp-content\/uploads\/2024\/01\/Edycem.jpg?fit=825%2C825&resize=350%2C200","width":350,"height":200},"classes":[]},{"id":27662,"url":"http:\/\/batimedianews.com\/live\/index.php\/2023\/04\/13\/walid-chebbi-nomme-directeur-technique-innovation-edycem-consolide-sa-strategie-recherche-et-developpement\/","url_meta":{"origin":12844,"position":5},"title":"WALID CHEBBI nomm\u00e9 directeur technique innovation : EDYCEM consolide sa strat\u00e9gie recherche et d\u00e9veloppement","date":"13 avril 2023","format":false,"excerpt":"\u00a0EDYCEM, l\u2019activit\u00e9 b\u00e9ton du groupe HERIGE, a nomm\u00e9 en novembre dernier, Walid Chebbi, nouveau Directeur Technique & Innovation. Cette cr\u00e9ation de poste confirme l\u2019ambition de l\u2019entreprise de renforcer sa strat\u00e9gie Recherche & D\u00e9veloppement. Walid Chebbi, accompagn\u00e9 de son \u00e9quipe de 18 collaborateurs.trices, soutient cettedynamique d\u2019innovationqui fait historiquement partie de l\u2019ADN\u2026","rel":"","context":"Dans &quot;Edycem&quot;","img":{"alt_text":"","src":"https:\/\/i2.wp.com\/batimedianews.com\/live\/wp-content\/uploads\/2023\/04\/Edycem-Article.jpg?fit=1080%2C1080&resize=350%2C200","width":350,"height":200},"classes":[]}],"_links":{"self":[{"href":"http:\/\/batimedianews.com\/live\/index.php\/wp-json\/wp\/v2\/posts\/12844"}],"collection":[{"href":"http:\/\/batimedianews.com\/live\/index.php\/wp-json\/wp\/v2\/posts"}],"about":[{"href":"http:\/\/batimedianews.com\/live\/index.php\/wp-json\/wp\/v2\/types\/post"}],"author":[{"embeddable":true,"href":"http:\/\/batimedianews.com\/live\/index.php\/wp-json\/wp\/v2\/users\/41"}],"replies":[{"embeddable":true,"href":"http:\/\/batimedianews.com\/live\/index.php\/wp-json\/wp\/v2\/comments?post=12844"}],"version-history":[{"count":2,"href":"http:\/\/batimedianews.com\/live\/index.php\/wp-json\/wp\/v2\/posts\/12844\/revisions"}],"predecessor-version":[{"id":13015,"href":"http:\/\/batimedianews.com\/live\/index.php\/wp-json\/wp\/v2\/posts\/12844\/revisions\/13015"}],"wp:featuredmedia":[{"embeddable":true,"href":"http:\/\/batimedianews.com\/live\/index.php\/wp-json\/wp\/v2\/media\/12848"}],"wp:attachment":[{"href":"http:\/\/batimedianews.com\/live\/index.php\/wp-json\/wp\/v2\/media?parent=12844"}],"wp:term":[{"taxonomy":"category","embeddable":true,"href":"http:\/\/batimedianews.com\/live\/index.php\/wp-json\/wp\/v2\/categories?post=12844"},{"taxonomy":"post_tag","embeddable":true,"href":"http:\/\/batimedianews.com\/live\/index.php\/wp-json\/wp\/v2\/tags?post=12844"}],"curies":[{"name":"wp","href":"https:\/\/api.w.org\/{rel}","templated":true}]}}