{"id":13173,"date":"2021-10-21T15:04:46","date_gmt":"2021-10-21T13:04:46","guid":{"rendered":"http:\/\/batimedianews.com\/live\/?p=13173"},"modified":"2022-01-24T11:23:20","modified_gmt":"2022-01-24T10:23:20","slug":"lindispensable-pour-une-salle-de-bain-accessible-autour-de-laccessibilite-pour-tous-adaptee-aux-besoins-des-clients","status":"publish","type":"post","link":"http:\/\/batimedianews.com\/live\/index.php\/2021\/10\/21\/lindispensable-pour-une-salle-de-bain-accessible-autour-de-laccessibilite-pour-tous-adaptee-aux-besoins-des-clients\/","title":{"rendered":"L\u2019INDISPENSABLE POUR UNE salle de bain accessible autour de l\u2019accessibilit\u00e9 pour tous  ADAPT\u00c9E AUX BESOINS DES CLIENTS"},"content":{"rendered":"\n<div class=\"wp-block-group has-text-color\" style=\"color:#0037a3\"><div class=\"wp-block-group__inner-container\">\n<p class=\"has-text-align-center has-sm-light-primary-color has-text-color has-background\" style=\"background-color:#01356a\">&nbsp;<strong>Envie de salle de bain, le showroom CEDEO,&nbsp;<\/strong><\/p>\n\n\n\n<p class=\"has-text-align-center has-sm-light-primary-color has-text-color has-background\" style=\"background-color:#01356a\">l\u2019enseigne sp\u00e9cialis\u00e9e salle de bain de Saint-Gobain Distribution B\u00e2timent France, lance la nouvelle \u00e9dition 2021-2022 de son <strong>catalogue Habitat Confort<\/strong>.&nbsp;<\/p>\n<\/div><\/div>\n\n\n\n<div class=\"wp-block-image\"><figure class=\"alignleft size-large is-resized\"><img loading=\"lazy\" src=\"https:\/\/i0.wp.com\/batimedianews.com\/live\/wp-content\/uploads\/2021\/10\/image-260.png?resize=183%2C103\" alt=\"\" class=\"wp-image-13175\" width=\"183\" height=\"103\" srcset=\"https:\/\/i0.wp.com\/batimedianews.com\/live\/wp-content\/uploads\/2021\/10\/image-260.png?w=650 650w, https:\/\/i0.wp.com\/batimedianews.com\/live\/wp-content\/uploads\/2021\/10\/image-260.png?resize=600%2C342 600w, https:\/\/i0.wp.com\/batimedianews.com\/live\/wp-content\/uploads\/2021\/10\/image-260.png?resize=10%2C6 10w, https:\/\/i0.wp.com\/batimedianews.com\/live\/wp-content\/uploads\/2021\/10\/image-260.png?resize=432%2C246 432w, https:\/\/i0.wp.com\/batimedianews.com\/live\/wp-content\/uploads\/2021\/10\/image-260.png?resize=396%2C225 396w, https:\/\/i0.wp.com\/batimedianews.com\/live\/wp-content\/uploads\/2021\/10\/image-260.png?resize=386%2C220 386w\" sizes=\"(max-width: 600px) 91vw, (max-width: 900px) 600px, (max-width: 1060px) 50vw, (max-width: 1200px) 520px, (max-width: 1400px) 43vw, 600px\" data-recalc-dims=\"1\" \/><\/figure><\/div>\n\n\n\n<p>&nbsp;Rythm\u00e9 par des photos d\u2019ambiances et des guides de choix, ce catalogue r\u00e9unit plus de <strong>500 r\u00e9f\u00e9rences <\/strong>sur&nbsp;100 pages pour accompagner les clients dans leur&nbsp; projet de <strong>salle de bain accessible<\/strong>.&nbsp;<\/p>\n\n\n\n<p class=\"has-text-align-center\">&nbsp;<strong>UN V\u00c9RITABLE GUIDE DE CONSEILS ET SOLUTIONS&nbsp;<\/strong><\/p>\n\n\n\n<p class=\"has-text-align-center has-medium-font-size\">&nbsp;<strong><em>autour de l\u2019accessibilit\u00e9 pour tous&nbsp;<\/em><\/strong><\/p>\n\n\n\n<figure class=\"wp-block-image size-large\"><img loading=\"lazy\" width=\"720\" height=\"387\" src=\"https:\/\/i0.wp.com\/batimedianews.com\/live\/wp-content\/uploads\/2021\/10\/image-261.png?resize=720%2C387\" alt=\"\" class=\"wp-image-13176\" srcset=\"https:\/\/i0.wp.com\/batimedianews.com\/live\/wp-content\/uploads\/2021\/10\/image-261.png?resize=1024%2C551 1024w, https:\/\/i0.wp.com\/batimedianews.com\/live\/wp-content\/uploads\/2021\/10\/image-261.png?resize=600%2C323 600w, https:\/\/i0.wp.com\/batimedianews.com\/live\/wp-content\/uploads\/2021\/10\/image-261.png?resize=768%2C414 768w, https:\/\/i0.wp.com\/batimedianews.com\/live\/wp-content\/uploads\/2021\/10\/image-261.png?resize=10%2C5 10w, https:\/\/i0.wp.com\/batimedianews.com\/live\/wp-content\/uploads\/2021\/10\/image-261.png?resize=432%2C233 432w, https:\/\/i0.wp.com\/batimedianews.com\/live\/wp-content\/uploads\/2021\/10\/image-261.png?resize=396%2C213 396w, https:\/\/i0.wp.com\/batimedianews.com\/live\/wp-content\/uploads\/2021\/10\/image-261.png?resize=1120%2C603 1120w, https:\/\/i0.wp.com\/batimedianews.com\/live\/wp-content\/uploads\/2021\/10\/image-261.png?resize=660%2C355 660w, https:\/\/i0.wp.com\/batimedianews.com\/live\/wp-content\/uploads\/2021\/10\/image-261.png?resize=409%2C220 409w, https:\/\/i0.wp.com\/batimedianews.com\/live\/wp-content\/uploads\/2021\/10\/image-261.png?w=1482 1482w\" sizes=\"(max-width: 600px) 91vw, (max-width: 900px) 600px, (max-width: 1060px) 50vw, (max-width: 1200px) 520px, (max-width: 1400px) 43vw, 600px\" data-recalc-dims=\"1\" \/><\/figure>\n\n\n\n<div class=\"wp-block-group\"><div class=\"wp-block-group__inner-container\">\n<p class=\"has-text-align-center has-medium-font-size\"><strong><em>Accessibilit\u00e9 pour tous :&nbsp;<\/em><\/strong><\/p>\n\n\n\n<p class=\"has-text-align-center\"><strong>en plus de son catalogue, Envie de salle de bain&nbsp;<\/strong> <strong>accompagne ses clients de A \u00e0 Z dans leur projet de salle de bain.&nbsp;<\/strong><\/p>\n<\/div><\/div>\n\n\n\n<div class=\"wp-block-image\"><figure class=\"alignleft size-large is-resized\"><img loading=\"lazy\" src=\"https:\/\/i0.wp.com\/batimedianews.com\/live\/wp-content\/uploads\/2021\/10\/image-263.png?resize=221%2C171\" alt=\"\" class=\"wp-image-13178\" width=\"221\" height=\"171\" srcset=\"https:\/\/i0.wp.com\/batimedianews.com\/live\/wp-content\/uploads\/2021\/10\/image-263.png?w=764 764w, https:\/\/i0.wp.com\/batimedianews.com\/live\/wp-content\/uploads\/2021\/10\/image-263.png?resize=600%2C465 600w, https:\/\/i0.wp.com\/batimedianews.com\/live\/wp-content\/uploads\/2021\/10\/image-263.png?resize=10%2C8 10w, https:\/\/i0.wp.com\/batimedianews.com\/live\/wp-content\/uploads\/2021\/10\/image-263.png?resize=432%2C335 432w, https:\/\/i0.wp.com\/batimedianews.com\/live\/wp-content\/uploads\/2021\/10\/image-263.png?resize=396%2C307 396w, https:\/\/i0.wp.com\/batimedianews.com\/live\/wp-content\/uploads\/2021\/10\/image-263.png?resize=660%2C511 660w, https:\/\/i0.wp.com\/batimedianews.com\/live\/wp-content\/uploads\/2021\/10\/image-263.png?resize=284%2C220 284w\" sizes=\"(max-width: 600px) 91vw, (max-width: 900px) 600px, (max-width: 1060px) 50vw, (max-width: 1200px) 520px, (max-width: 1400px) 43vw, 600px\" data-recalc-dims=\"1\" \/><\/figure><\/div>\n\n\n\n<p class=\"has-medium-font-size\"><strong><em>Un espace accueillant&nbsp;<\/em><\/strong><strong><em>et inspirant&nbsp;<\/em><\/strong><\/p>\n\n\n\n<p>Partout en France, pr\u00e8s de <strong>190 showrooms accueillent les clients<\/strong>, avec ou sans rendez-vous.&nbsp;<\/p>\n\n\n\n<p>Le showroom est un espace de d\u00e9couverte incontournable pour concr\u00e9tiser un projet de salle de bain accessible. <strong>Les produits sont mis en ambiance, class\u00e9s par style et accompagn\u00e9s de guides de choix <\/strong>pour faciliter la s\u00e9lection.&nbsp;<\/p>\n\n\n\n<p class=\"has-medium-font-size\"><strong><em>Des conseillers experts&nbsp;<\/em><\/strong><\/p>\n\n\n\n<div class=\"wp-block-image\"><figure class=\"alignright size-large is-resized\"><img loading=\"lazy\" src=\"https:\/\/i1.wp.com\/batimedianews.com\/live\/wp-content\/uploads\/2021\/10\/image-264.png?resize=271%2C188\" alt=\"\" class=\"wp-image-13179\" width=\"271\" height=\"188\" srcset=\"https:\/\/i1.wp.com\/batimedianews.com\/live\/wp-content\/uploads\/2021\/10\/image-264.png?w=764 764w, https:\/\/i1.wp.com\/batimedianews.com\/live\/wp-content\/uploads\/2021\/10\/image-264.png?resize=600%2C418 600w, https:\/\/i1.wp.com\/batimedianews.com\/live\/wp-content\/uploads\/2021\/10\/image-264.png?resize=10%2C7 10w, https:\/\/i1.wp.com\/batimedianews.com\/live\/wp-content\/uploads\/2021\/10\/image-264.png?resize=432%2C301 432w, https:\/\/i1.wp.com\/batimedianews.com\/live\/wp-content\/uploads\/2021\/10\/image-264.png?resize=396%2C276 396w, https:\/\/i1.wp.com\/batimedianews.com\/live\/wp-content\/uploads\/2021\/10\/image-264.png?resize=660%2C460 660w, https:\/\/i1.wp.com\/batimedianews.com\/live\/wp-content\/uploads\/2021\/10\/image-264.png?resize=316%2C220 316w\" sizes=\"(max-width: 600px) 91vw, (max-width: 900px) 600px, (max-width: 1060px) 50vw, (max-width: 1200px) 520px, (max-width: 1400px) 43vw, 600px\" data-recalc-dims=\"1\" \/><\/figure><\/div>\n\n\n\n<p>de leur projet de salle de bain accessible : de la solution d\u2019am\u00e9nagement, au choix produits, jusqu\u2019au suivi de la commande et \u00e0 la mise en relation, si besoin, avec un Installateur Partenaire.&nbsp;<\/p>\n\n\n\n<p><\/p>\n\n\n\n<p><strong>Catalogue disponible en showroom Envie de salle de bain,&nbsp;<\/strong> <strong>en agence CEDEO, sur cedeo.fr et en t\u00e9l\u00e9chargement <a href=\"http:\/\/Catalogue disponible en showroom Envie de salle de bain, en agence CEDEO, sur cedeo.fr et en t\u00e9l\u00e9chargement ICI\">ICI<\/a>&nbsp;<\/strong><\/p>\n\n\n\n<div class=\"wp-block-group has-background\" style=\"background-color:#d0e1e9\"><div class=\"wp-block-group__inner-container\">\n<p><strong>\u00c0 PROPOS D\u2019ENVIE DE SALLE DE BAIN LE SHOWROOM CEDEO&nbsp;<\/strong><\/p>\n\n\n\n<p>Sp\u00e9cialiste de la salle de bain, Envie de salle de bain le showroom CEDEO est une enseigne de Saint-Gobain Distribution B\u00e2timent France. Elle propose une large offre de produits et de solutions d\u2019am\u00e9nagement, une aide personnalis\u00e9e \u00e0 la conception et un service de mise en relation avec des Installateurs Partenaires reconnus. Elle s\u2019appuie aujourd\u2019hui sur un r\u00e9seau de 186 showrooms r\u00e9partis sur l\u2019ensemble du territoire et sur son site cedeo.fr.&nbsp;<\/p>\n<\/div><\/div>\n","protected":false},"excerpt":{"rendered":"<p>&nbsp;Rythm\u00e9 par des photos d\u2019ambiances et des guides de choix, ce catalogue r\u00e9unit plus de 500 r\u00e9f\u00e9rences sur&nbsp;100 pages pour accompagner les clients dans leur&nbsp; projet de salle de bain accessible.&nbsp; &nbsp;UN V\u00c9RITABLE GUIDE DE CONSEILS ET SOLUTIONS&nbsp; &nbsp;autour de l\u2019accessibilit\u00e9 pour tous&nbsp; Un espace accueillant&nbsp;et inspirant&nbsp; Partout en France, pr\u00e8s de 190 showrooms accueillent [&hellip;]<\/p>\n","protected":false},"author":41,"featured_media":13181,"comment_status":"open","ping_status":"open","sticky":false,"template":"","format":"standard","meta":{"spay_email":""},"categories":[4,868,31,1170],"tags":[],"jetpack_featured_media_url":"https:\/\/i2.wp.com\/batimedianews.com\/live\/wp-content\/uploads\/2021\/10\/CEDEO-Article.jpg?fit=1224%2C512","jetpack_sharing_enabled":true,"jetpack_likes_enabled":true,"jetpack-related-posts":[{"id":3246,"url":"http:\/\/batimedianews.com\/live\/index.php\/2019\/10\/24\/nouvelle-tendance-la-salle-de-bains-technologique-avec-viega\/","url_meta":{"origin":13173,"position":0},"title":"Nouvelle tendance : la salle de bains technologique avec Viega","date":"24 octobre 2019","format":false,"excerpt":"Les salles de bains sont aussi diverses que leurs utilisateurs, tout comme leurs am\u00e9nagements int\u00e9rieurs. La nouvelle tendance est \u00e0 la salle de bains technologique, o\u00f9 l\u2019affinit\u00e9 pour la technique rencontre le confort. Viega pr\u00e9sente un agencement qui allie ces deux aspects. Caract\u00e9ris\u00e9e par l\u2019utilisation technologique des mat\u00e9riaux, des formes\u2026","rel":"","context":"Dans &quot;Equipement&quot;","img":{"alt_text":"","src":"https:\/\/i1.wp.com\/batimedianews.com\/live\/wp-content\/uploads\/2019\/10\/viega_image.jpg?fit=1125%2C1125&resize=350%2C200","width":350,"height":200},"classes":[]},{"id":46770,"url":"http:\/\/batimedianews.com\/live\/index.php\/2025\/09\/24\/remplacer-sa-baignoire-par-une-douche-les-solutions-wedi-pour-une-salle-de-bains-plus-confortable-et-securisee\/","url_meta":{"origin":13173,"position":1},"title":"Remplacer sa baignoire par une douche : les solutions wedi pour une salle de bains plus confortable et s\u00e9curis\u00e9e","date":"24 septembre 2025","format":false,"excerpt":"Avec l'\u00e9volution des besoins, de plus en plus de foyers choisissent de remplacer leur baignoire par une douche, que ce soit pour des raisons de s\u00e9curit\u00e9, de confort ou de praticit\u00e9. Pour les seniors, la douche \u00e0 l'italienne repr\u00e9sente une r\u00e9ponse efficace face aux risques de chutes, tandis que pour\u2026","rel":"","context":"Dans &quot;Actualit\u00e9 Entreprises&quot;","img":{"alt_text":"","src":"https:\/\/i1.wp.com\/batimedianews.com\/live\/wp-content\/uploads\/2025\/09\/articlewedi.jpg?fit=825%2C825&resize=350%2C200","width":350,"height":200},"classes":[]},{"id":9317,"url":"http:\/\/batimedianews.com\/live\/index.php\/2021\/04\/27\/jackoboard-s-kit-liberte-totale-pour-un-amenagement-personnalise-et-confortable-de-la-salle-de-bains\/","url_meta":{"origin":13173,"position":2},"title":"JACKOBOARD\u00ae S-Kit Libert\u00e9 totale pour un am\u00e9nagement personnalis\u00e9 et confortable de la salle de bains","date":"27 avril 2021","format":false,"excerpt":"Les S-Kits JACKOBOARD\u00ae offrent une nouvelle architecture pour la salle de bains. V\u00e9ritable temple du bien-\u00eatre \u00e0 domicile, la salle de bains a pris une dimension fondamentale. Simultan\u00e9ment, les attentes en terme de confort augmentent et visent \u00e0 optimiser le plaisir pass\u00e9 dans cet espace d\u00e9di\u00e9 \u00e0 la d\u00e9tente. La\u2026","rel":"","context":"Dans &quot;accessibilit\u00e9 Universelle&quot;","img":{"alt_text":"","src":"https:\/\/i2.wp.com\/batimedianews.com\/live\/wp-content\/uploads\/2021\/04\/image-167.png?fit=832%2C522&resize=350%2C200","width":350,"height":200},"classes":[]},{"id":2649,"url":"http:\/\/batimedianews.com\/live\/index.php\/2019\/09\/09\/salle-de-bains-deux-nouvelles-baignoires-rondes-de-bette\/","url_meta":{"origin":13173,"position":3},"title":"Salle de bains : deux nouvelles baignoires rondes de Bette","date":"9 septembre 2019","format":false,"excerpt":"BettePond : Le havre de paix de l'architecture de salle de bains Ni d\u00e9but ni fin, ni angles ni bords : le cercle est la figure g\u00e9om\u00e9trique la plus parfaite et la plus \u00e9quilibr\u00e9e. Pour ses nouvelles baignoires BettePond et BettePond Silhouette, Bette associe cette forme parfaite et \u00e9pur\u00e9e au\u2026","rel":"","context":"Dans &quot;D\u00e9coration&quot;","img":{"alt_text":"","src":"https:\/\/i0.wp.com\/batimedianews.com\/live\/wp-content\/uploads\/2019\/09\/bette5.jpg?fit=903%2C903&resize=350%2C200","width":350,"height":200},"classes":[]},{"id":27404,"url":"http:\/\/batimedianews.com\/live\/index.php\/2023\/04\/03\/vitra-revient-a-lish-avec-une-nouvelle-collection\/","url_meta":{"origin":13173,"position":4},"title":"VitrA revient \u00e0 l&rsquo;ISH avec une nouvelle collection","date":"3 avril 2023","format":false,"excerpt":"13 - 17 mars 2023, Francfort-sur-le-Main, Hall 3.1 C47 et C4 Nouvelle collection METROPOLE de VitrA VitrA fera son retour physique au salon de la salle de bains ISH, qui se tiendra \u00e0 Francfort-sur-le-Main du 13 au 17 mars, apr\u00e8s sa derni\u00e8re pr\u00e9sentation num\u00e9rique en 2021. Sur les stands C47\u2026","rel":"","context":"Dans &quot;Actualit\u00e9s salons&quot;","img":{"alt_text":"","src":"https:\/\/i0.wp.com\/batimedianews.com\/live\/wp-content\/uploads\/2023\/03\/Vitra-Article.jpg?fit=1080%2C1080&resize=350%2C200","width":350,"height":200},"classes":[]},{"id":39895,"url":"http:\/\/batimedianews.com\/live\/index.php\/2024\/09\/25\/ideobain-edite-un-carnet-des-dynamiques-dinnovation-de-la-salle-de-bains\/","url_meta":{"origin":13173,"position":5},"title":"IDEOBAIN \u00e9dite un \u00ab Carnet des dynamiques d\u2019innovation de la salle de bains \u00bb","date":"25 septembre 2024","format":false,"excerpt":"\u00a0Un outil unique qui partage les tendances et perspectives du secteur \u00a0Le march\u00e9 de la construction est en perp\u00e9tuelle \u00e9volution et le secteur de la salle de bains ne fait pas exception. De nouvelles demandes apparaissent, que ce soit du c\u00f4t\u00e9 des utilisateurs comme des installateurs, auxquelles les industriels doivent\u2026","rel":"","context":"Dans &quot;Actualit\u00e9 Entreprises&quot;","img":{"alt_text":"","src":"https:\/\/i1.wp.com\/batimedianews.com\/live\/wp-content\/uploads\/2024\/09\/Ideobain-articles-.jpg?fit=825%2C825&resize=350%2C200","width":350,"height":200},"classes":[]}],"_links":{"self":[{"href":"http:\/\/batimedianews.com\/live\/index.php\/wp-json\/wp\/v2\/posts\/13173"}],"collection":[{"href":"http:\/\/batimedianews.com\/live\/index.php\/wp-json\/wp\/v2\/posts"}],"about":[{"href":"http:\/\/batimedianews.com\/live\/index.php\/wp-json\/wp\/v2\/types\/post"}],"author":[{"embeddable":true,"href":"http:\/\/batimedianews.com\/live\/index.php\/wp-json\/wp\/v2\/users\/41"}],"replies":[{"embeddable":true,"href":"http:\/\/batimedianews.com\/live\/index.php\/wp-json\/wp\/v2\/comments?post=13173"}],"version-history":[{"count":2,"href":"http:\/\/batimedianews.com\/live\/index.php\/wp-json\/wp\/v2\/posts\/13173\/revisions"}],"predecessor-version":[{"id":13182,"href":"http:\/\/batimedianews.com\/live\/index.php\/wp-json\/wp\/v2\/posts\/13173\/revisions\/13182"}],"wp:featuredmedia":[{"embeddable":true,"href":"http:\/\/batimedianews.com\/live\/index.php\/wp-json\/wp\/v2\/media\/13181"}],"wp:attachment":[{"href":"http:\/\/batimedianews.com\/live\/index.php\/wp-json\/wp\/v2\/media?parent=13173"}],"wp:term":[{"taxonomy":"category","embeddable":true,"href":"http:\/\/batimedianews.com\/live\/index.php\/wp-json\/wp\/v2\/categories?post=13173"},{"taxonomy":"post_tag","embeddable":true,"href":"http:\/\/batimedianews.com\/live\/index.php\/wp-json\/wp\/v2\/tags?post=13173"}],"curies":[{"name":"wp","href":"https:\/\/api.w.org\/{rel}","templated":true}]}}