{"id":13937,"date":"2021-12-02T19:11:34","date_gmt":"2021-12-02T18:11:34","guid":{"rendered":"http:\/\/batimedianews.com\/live\/?p=13937"},"modified":"2022-04-11T10:27:22","modified_gmt":"2022-04-11T08:27:22","slug":"olivier-collin-elu-president-du-college-snbpe-pays-de-la-loire","status":"publish","type":"post","link":"http:\/\/batimedianews.com\/live\/index.php\/2021\/12\/02\/olivier-collin-elu-president-du-college-snbpe-pays-de-la-loire\/","title":{"rendered":"Olivier Collin \u00e9lu pr\u00e9sident du coll\u00e8ge SNBPE Pays de la Loire"},"content":{"rendered":"\n<div class=\"wp-block-image\"><figure class=\"alignleft size-large is-resized\"><img loading=\"lazy\" src=\"https:\/\/i2.wp.com\/batimedianews.com\/live\/wp-content\/uploads\/2021\/11\/image-194.png?resize=251%2C158\" alt=\"\" class=\"wp-image-13938\" width=\"251\" height=\"158\" srcset=\"https:\/\/i2.wp.com\/batimedianews.com\/live\/wp-content\/uploads\/2021\/11\/image-194.png?resize=1024%2C647 1024w, https:\/\/i2.wp.com\/batimedianews.com\/live\/wp-content\/uploads\/2021\/11\/image-194.png?resize=600%2C379 600w, https:\/\/i2.wp.com\/batimedianews.com\/live\/wp-content\/uploads\/2021\/11\/image-194.png?resize=768%2C485 768w, https:\/\/i2.wp.com\/batimedianews.com\/live\/wp-content\/uploads\/2021\/11\/image-194.png?resize=1536%2C971 1536w, https:\/\/i2.wp.com\/batimedianews.com\/live\/wp-content\/uploads\/2021\/11\/image-194.png?resize=2048%2C1295 2048w, https:\/\/i2.wp.com\/batimedianews.com\/live\/wp-content\/uploads\/2021\/11\/image-194.png?resize=10%2C6 10w, https:\/\/i2.wp.com\/batimedianews.com\/live\/wp-content\/uploads\/2021\/11\/image-194.png?resize=432%2C273 432w, https:\/\/i2.wp.com\/batimedianews.com\/live\/wp-content\/uploads\/2021\/11\/image-194.png?resize=396%2C250 396w, https:\/\/i2.wp.com\/batimedianews.com\/live\/wp-content\/uploads\/2021\/11\/image-194.png?resize=1120%2C708 1120w, https:\/\/i2.wp.com\/batimedianews.com\/live\/wp-content\/uploads\/2021\/11\/image-194.png?resize=660%2C417 660w, https:\/\/i2.wp.com\/batimedianews.com\/live\/wp-content\/uploads\/2021\/11\/image-194.png?resize=348%2C220 348w, https:\/\/i2.wp.com\/batimedianews.com\/live\/wp-content\/uploads\/2021\/11\/image-194.png?w=1440 1440w, https:\/\/i2.wp.com\/batimedianews.com\/live\/wp-content\/uploads\/2021\/11\/image-194.png?w=2160 2160w\" sizes=\"(max-width: 600px) 91vw, (max-width: 900px) 600px, (max-width: 1060px) 50vw, (max-width: 1200px) 520px, (max-width: 1400px) 43vw, 600px\" data-recalc-dims=\"1\" \/><\/figure><\/div>\n\n\n\n<p><strong>Olivier Collin, directeur g\u00e9n\u00e9ral d&rsquo;EDYCEM, vient d&rsquo;\u00eatre port\u00e9 \u00e0 la pr\u00e9sidence du coll\u00e8ge SNBPE (Syndicat National du B\u00e9ton Pr\u00eat \u00e0 l&rsquo;Emploi) de la r\u00e9gion Pays de la Loire. Il succ\u00e8de \u00e0 Philippe QUENEAU (lui-m\u00eame ancien directeur g\u00e9n\u00e9ral d&rsquo;EDYCEM), dont le mandat arrivait \u00e0 son terme.<\/strong><\/p>\n\n\n\n<p>Au cours de ces vingt-cinq derni\u00e8res ann\u00e9es, Olivier Collin a construit sa carri\u00e8re professionnelle au sein de la fili\u00e8re b\u00e9ton. De Lafarge B\u00e9tons Pays de la Loire \u00e0 la Direction Qualit\u00e9 et D\u00e9veloppement Produits Lafarge Holcim France, il a forg\u00e9, sur tout le territoire fran\u00e7ais, son exp\u00e9rience et sa ma\u00eetrise dans les domaines du b\u00e9ton pr\u00eat \u00e0 l&#8217;emploi, du ciment et des granulats.<\/p>\n\n\n\n<p>Depuis le 1<sup>er<\/sup>&nbsp;janvier 2021, Olivier Collin est directeur g\u00e9n\u00e9ral d&rsquo;EDYCEM, l&rsquo;activit\u00e9 b\u00e9ton du Groupe HERIGE.<\/p>\n\n\n\n<p>Tout nouveau pr\u00e9sident du coll\u00e8ge SNBPE Pays de la Loire, Olivier Collin souhaite s&rsquo;inscrire dans la continuit\u00e9 des actions syndicales men\u00e9es par son pr\u00e9d\u00e9cesseur, et tout particuli\u00e8rement celles li\u00e9es \u00e0 la s\u00e9curit\u00e9 sur les chantiers. Il aura \u00e0 c\u0153ur de partager avec les adh\u00e9rents sa passion du b\u00e9ton et de promouvoir le choix de solutions BPE.<\/p>\n\n\n\n<p>Son ambition est \u00e9galement de valoriser la profession et de l&rsquo;aider \u00e0 faire face aux d\u00e9fis majeurs auxquels le secteur est confront\u00e9, notamment l&rsquo;am\u00e9lioration de la performance environnementale du BPE, exigence fondamentale dans le contexte du b\u00e2timent bas carbone. Celle-ci ne pourra se faire que par un effort d&rsquo;innovation accru, n\u00e9cessaire pour r\u00e9inventer le b\u00e9ton de demain.&nbsp;<\/p>\n\n\n\n<p><strong>\u00c0 propos du SNBPE :<\/strong><\/p>\n\n\n\n<p>Le Syndicat National du B\u00e9ton Pr\u00eat \u00e0 l&rsquo;Emploi (SNBPE) repr\u00e9sente 80 % de l&rsquo;activit\u00e9 globale de la production de b\u00e9ton pr\u00eat \u00e0 l&#8217;emploi en France. En regroupant plus de 200 adh\u00e9rents et 1 800 unit\u00e9s de production, le SNBPE se positionne comme un acteur majeur sur le march\u00e9 du b\u00e9ton.<\/p>\n","protected":false},"excerpt":{"rendered":"<p>Olivier Collin, directeur g\u00e9n\u00e9ral d&rsquo;EDYCEM, vient d&rsquo;\u00eatre port\u00e9 \u00e0 la pr\u00e9sidence du coll\u00e8ge SNBPE (Syndicat National du B\u00e9ton Pr\u00eat \u00e0 l&rsquo;Emploi) de la r\u00e9gion Pays de la Loire. Il succ\u00e8de \u00e0 Philippe QUENEAU (lui-m\u00eame ancien directeur g\u00e9n\u00e9ral d&rsquo;EDYCEM), dont le mandat arrivait \u00e0 son terme. Au cours de ces vingt-cinq derni\u00e8res ann\u00e9es, Olivier Collin a [&hellip;]<\/p>\n","protected":false},"author":41,"featured_media":13940,"comment_status":"open","ping_status":"open","sticky":false,"template":"","format":"standard","meta":{"spay_email":""},"categories":[4,21,88],"tags":[],"jetpack_featured_media_url":"https:\/\/i1.wp.com\/batimedianews.com\/live\/wp-content\/uploads\/2021\/11\/SNBPE-Article.jpg?fit=1224%2C512","jetpack_sharing_enabled":true,"jetpack_likes_enabled":true,"jetpack-related-posts":[{"id":12844,"url":"http:\/\/batimedianews.com\/live\/index.php\/2021\/10\/20\/beatrice-vila-nommee-nouvelle-directrice-marketing-prescription-communication-et-digital-dedycem\/","url_meta":{"origin":13937,"position":0},"title":"&nbsp;B\u00c9ATRICE VILA, NOMM\u00c9E NOUVELLE DIRECTRICE&nbsp;MARKETING, PRESCRIPTION, COMMUNICATION ET DIGITAL D\u2019EDYCEM","date":"20 octobre 2021","format":false,"excerpt":"Olivier COLLIN, Directeur G\u00e9n\u00e9ral d\u2019EDYCEM, l\u2019annon\u00e7ait il y a quelques mois : les ambitions et la transformation d\u2019EDYCEM passeront notamment par la cr\u00e9ation et le recrutement de nouvelles fonctions. Depuis ce lundi 11 octobre, la nomination de B\u00e9atrice VILA au nouveau poste de Directrice Marketing, Prescription, Communication et Digital, confirme\u2026","rel":"","context":"Dans &quot;B\u00e9ton&quot;","img":{"alt_text":"","src":"https:\/\/i1.wp.com\/batimedianews.com\/live\/wp-content\/uploads\/2021\/10\/Edycem-Article.jpg?fit=512%2C512&resize=350%2C200","width":350,"height":200},"classes":[]},{"id":21844,"url":"http:\/\/batimedianews.com\/live\/index.php\/2022\/07\/12\/edycem-bpe-poursuit-la-modernisation-de-ses-centrales-a-beton-lumiere-sur-la-centrale-de-challans-85\/","url_meta":{"origin":13937,"position":1},"title":"EDYCEM BPE poursuit la modernisation de ses centrales \u00e0 B\u00e9ton : lumi\u00e8re sur la centrale de Challans (85)","date":"12 juillet 2022","format":false,"excerpt":"Cr\u00e9dit photo : Charles Marion\u00a0 \u00a0Apr\u00e8s les centrales de Saintes, La Rochelle et Carbon Blanc, c\u2019est au tour du site de Challans de faire peau neuve ! Une reconstruction et une modernisation qui s\u2019inscrivent dans la lign\u00e9e de la feuille de route fix\u00e9e par Olivier Collin, Directeur G\u00e9n\u00e9ral EDYCEM :\u2026","rel":"","context":"Dans &quot;Actualit\u00e9 Entreprises&quot;","img":{"alt_text":"","src":"https:\/\/i2.wp.com\/batimedianews.com\/live\/wp-content\/uploads\/2022\/07\/EDYCEM-Article.jpg?fit=1080%2C1080&resize=350%2C200","width":350,"height":200},"classes":[]},{"id":37352,"url":"http:\/\/batimedianews.com\/live\/index.php\/2024\/05\/16\/edycem-sengage-dans-le-dispositif-fret21-et-vise-a-reduire-de-7-ses-emissions-de-co2-liees-au-transport-du-beton-pret-a-lemploi-dici-2026\/","url_meta":{"origin":13937,"position":2},"title":"EDYCEM s\u2019engage dans le dispositif FRET21 et vise \u00e0 r\u00e9duire de 7 % ses \u00e9missions de CO2 li\u00e9es au transport du b\u00e9ton pr\u00eat-\u00e0-l\u2019emploi d\u2019ici 2026","date":"16 mai 2024","format":false,"excerpt":"La logistique transport constitue un levier strat\u00e9gique dans une organisation telle qu\u2019EDYCEM qui formule, fabrique et distribue du b\u00e9ton pr\u00eat-\u00e0-l\u2019emploi n\u00e9cessitant d\u2019\u00eatre livr\u00e9 dans les deux heures suivant sa sortie de la centrale. Maillage territorial de proximit\u00e9, r\u00e9duction du nombre de kilom\u00e8tres \u00e0 parcourir, affectation du v\u00e9hicule adapt\u00e9, taux de\u2026","rel":"","context":"Dans &quot;Actualit\u00e9 Entreprises&quot;","img":{"alt_text":"","src":"https:\/\/i2.wp.com\/batimedianews.com\/live\/wp-content\/uploads\/2024\/05\/Edycem.jpg?fit=825%2C825&resize=350%2C200","width":350,"height":200},"classes":[]},{"id":35216,"url":"http:\/\/batimedianews.com\/live\/index.php\/2024\/02\/12\/jerome-seurre-nomme-president-de-la-commission-technique-du-snbpe\/","url_meta":{"origin":13937,"position":3},"title":"J\u00e9r\u00f4me Seurre nomm\u00e9 Pr\u00e9sident de la Commission technique du SNBPE","date":"12 f\u00e9vrier 2024","format":false,"excerpt":"J\u00e9r\u00f4me Seurre devient le nouveau chef d\u2019orchestre de la Commission technique du Syndicat national du B\u00e9ton Pr\u00eat \u00e0 l\u2019emploi (SNBPE).\u00a0 Fort de 26 ans d\u2019exp\u00e9rience et d\u2019expertise dans le domaine du b\u00e9ton, il succ\u00e8de \u00e0 Jean-Michel Laye dont l\u2019investissement au sein de la Commission est salu\u00e9 par ses membres.\u00a0 \u00a0Le\u2026","rel":"","context":"Dans &quot;Actualit\u00e9 Entreprises&quot;","img":{"alt_text":"","src":"https:\/\/i0.wp.com\/batimedianews.com\/live\/wp-content\/uploads\/2024\/02\/SNBPE.jpg?fit=825%2C825&resize=350%2C200","width":350,"height":200},"classes":[]},{"id":18835,"url":"http:\/\/batimedianews.com\/live\/index.php\/2022\/04\/07\/edycem-fait-de-son-nouveau-siege-edyfix-la-vitrine-experiementale-de-ses-betons-bas-carbone\/","url_meta":{"origin":13937,"position":4},"title":"EDYCEM fait de son nouveau si\u00e8ge Edy fix  la vitrine exp\u00e9rimentale de ses betons bas CARBONE VITALISS","date":"7 avril 2022","format":false,"excerpt":"Cr\u00e9dit photo : Bertrand Duquenne UN PROJET EXPERIMENTAL POUR FAIRE DES BETONS BAS CARBONE LE STANDARD DE DEMAIN Imagin\u00e9 par Ludovic Gaillot, architecte DPLG de PELLEAU ASSOCIES ARCHITECTES, agence implant\u00e9e \u00e0 La Roche-sur-Yon, EDY\u2019FIX est un b\u00e2timent tertiaire de 1 800 m2 qui r\u00e9unira en septembre prochain les nouveaux bureaux\u2026","rel":"","context":"Dans &quot;Actualit\u00e9 Entreprises&quot;","img":{"alt_text":"","src":"https:\/\/i0.wp.com\/batimedianews.com\/live\/wp-content\/uploads\/2022\/04\/EDYCEM-Article.jpg?fit=512%2C512&resize=350%2C200","width":350,"height":200},"classes":[]},{"id":48340,"url":"http:\/\/batimedianews.com\/live\/index.php\/2025\/12\/11\/edycem-et-hoffmann-green-intensifient-leur-collaboration-commerciale-pour-accroitre-le-developpement-des-betons-0-clinker-dans-le-grand-ouest\/","url_meta":{"origin":13937,"position":5},"title":"EDYCEM et Hoffmann Green intensifient leur collaboration commerciale pour accroitre le d\u00e9veloppement des b\u00e9tons 0% clinker dans le Grand Ouest","date":"11 d\u00e9cembre 2025","format":false,"excerpt":"Chaill\u00e9-sous-les-Ormeaux, le 2 d\u00e9cembre 2025 \u2013 18h00 CET : Hoffmann Green Cement Technologies (ISIN : FR0013451044, Mn\u00e9mo : ALHGR) (\u00ab Hoffmann Green Cement \u00bb ou la \u00ab Soci\u00e9t\u00e9 \u00bb), acteur industriel engag\u00e9 dans la d\u00e9carbonation du secteur de la construction qui con\u00e7oit et commercialise des ciments innovants sans clinker, intensifie\u2026","rel":"","context":"Dans &quot;Actualit\u00e9 Entreprises&quot;","img":{"alt_text":"","src":"https:\/\/i0.wp.com\/batimedianews.com\/live\/wp-content\/uploads\/2025\/12\/Hoffmann.jpg?fit=825%2C825&resize=350%2C200","width":350,"height":200},"classes":[]}],"_links":{"self":[{"href":"http:\/\/batimedianews.com\/live\/index.php\/wp-json\/wp\/v2\/posts\/13937"}],"collection":[{"href":"http:\/\/batimedianews.com\/live\/index.php\/wp-json\/wp\/v2\/posts"}],"about":[{"href":"http:\/\/batimedianews.com\/live\/index.php\/wp-json\/wp\/v2\/types\/post"}],"author":[{"embeddable":true,"href":"http:\/\/batimedianews.com\/live\/index.php\/wp-json\/wp\/v2\/users\/41"}],"replies":[{"embeddable":true,"href":"http:\/\/batimedianews.com\/live\/index.php\/wp-json\/wp\/v2\/comments?post=13937"}],"version-history":[{"count":2,"href":"http:\/\/batimedianews.com\/live\/index.php\/wp-json\/wp\/v2\/posts\/13937\/revisions"}],"predecessor-version":[{"id":14215,"href":"http:\/\/batimedianews.com\/live\/index.php\/wp-json\/wp\/v2\/posts\/13937\/revisions\/14215"}],"wp:featuredmedia":[{"embeddable":true,"href":"http:\/\/batimedianews.com\/live\/index.php\/wp-json\/wp\/v2\/media\/13940"}],"wp:attachment":[{"href":"http:\/\/batimedianews.com\/live\/index.php\/wp-json\/wp\/v2\/media?parent=13937"}],"wp:term":[{"taxonomy":"category","embeddable":true,"href":"http:\/\/batimedianews.com\/live\/index.php\/wp-json\/wp\/v2\/categories?post=13937"},{"taxonomy":"post_tag","embeddable":true,"href":"http:\/\/batimedianews.com\/live\/index.php\/wp-json\/wp\/v2\/tags?post=13937"}],"curies":[{"name":"wp","href":"https:\/\/api.w.org\/{rel}","templated":true}]}}