{"id":13990,"date":"2021-12-02T20:40:53","date_gmt":"2021-12-02T19:40:53","guid":{"rendered":"http:\/\/batimedianews.com\/live\/?p=13990"},"modified":"2022-04-11T10:26:42","modified_gmt":"2022-04-11T08:26:42","slug":"filiere-engagee-pour-le-recyclage-et-la-valorisation-des-menuiseries-fervam-lufme-enrichit-le-maillage-territorial-des-points-de-collecte-et-de-demantelement","status":"publish","type":"post","link":"http:\/\/batimedianews.com\/live\/index.php\/2021\/12\/02\/filiere-engagee-pour-le-recyclage-et-la-valorisation-des-menuiseries-fervam-lufme-enrichit-le-maillage-territorial-des-points-de-collecte-et-de-demantelement\/","title":{"rendered":"Fili\u00e8re Engag\u00e9e pour le Recyclage et la VAlorisation des Menuiseries (FERVAM) : l\u2019UFME enrichit le maillage territorial des points de collecte et de d\u00e9mant\u00e8lement"},"content":{"rendered":"\n<p>Les d\u00e9marches d\u2019\u00e9co-conception des fen\u00eatres et la gestion respectueuse de l\u2019environnement quant \u00e0 leur fin de vie sont des enjeux historiques de l\u2019Union des Fabricants de MEnuiseries (UFME). Cet engagement de la fili\u00e8re fen\u00eatre pour une valorisation responsable et durable, qui se concr\u00e9tise \u00e0 travers de multiples initiatives* et tout particuli\u00e8rement la marque d\u00e9pos\u00e9e FERVAM, voit na\u00eetre ses premiers r\u00e9sultats positifs :&nbsp;<\/p>\n\n\n\n<p>\u2713 <strong>Le maillage territorial des points de collecte et de d\u00e9mant\u00e8lement s\u2019\u00e9largit au fil des mois. <\/strong>En un an, l\u2019UFME compte d\u00e9j\u00e0 <strong>84 points de collecte <\/strong>engag\u00e9s dans le respect des bonnes pratiques d\u00e9finies par la Charte FERVAM. Elle met en place des actions cibl\u00e9es sur les r\u00e9gions \u00e0 d\u00e9velopper afin de garantir plus de proximit\u00e9 et de p\u00e9renniser son action.&nbsp;<\/p>\n\n\n\n<p>\u2713 L\u2019indicateur de tra\u00e7abilit\u00e9 en lien avec la Charte FERVAM, affiche au 1er semestre 2021, <strong>une augmentation forte des volumes de menuiseries d\u00e9pos\u00e9es, des entr\u00e9es de d\u00e9chets ainsi que des sorties de mati\u00e8res recycl\u00e9es<\/strong>. Objectif 2022 : maintenir cette croissance quasi exponentielle de la quantit\u00e9 des volumes collect\u00e9s et d\u00e9mantel\u00e9s.&nbsp;<\/p>\n\n\n\n<p class=\"has-sm-dark-tertiary-color has-text-color\"><strong>\u25aa Atteindre une r\u00e9partition plus homog\u00e8ne sur tout le territoire national&nbsp;<\/strong><\/p>\n\n\n\n<div class=\"wp-block-image\"><figure class=\"alignright size-large is-resized\"><img loading=\"lazy\" src=\"https:\/\/i0.wp.com\/batimedianews.com\/live\/wp-content\/uploads\/2021\/11\/image-223.png?resize=277%2C211\" alt=\"\" class=\"wp-image-13992\" width=\"277\" height=\"211\" srcset=\"https:\/\/i0.wp.com\/batimedianews.com\/live\/wp-content\/uploads\/2021\/11\/image-223.png?w=780 780w, https:\/\/i0.wp.com\/batimedianews.com\/live\/wp-content\/uploads\/2021\/11\/image-223.png?resize=600%2C457 600w, https:\/\/i0.wp.com\/batimedianews.com\/live\/wp-content\/uploads\/2021\/11\/image-223.png?resize=768%2C585 768w, https:\/\/i0.wp.com\/batimedianews.com\/live\/wp-content\/uploads\/2021\/11\/image-223.png?resize=10%2C8 10w, https:\/\/i0.wp.com\/batimedianews.com\/live\/wp-content\/uploads\/2021\/11\/image-223.png?resize=432%2C329 432w, https:\/\/i0.wp.com\/batimedianews.com\/live\/wp-content\/uploads\/2021\/11\/image-223.png?resize=396%2C302 396w, https:\/\/i0.wp.com\/batimedianews.com\/live\/wp-content\/uploads\/2021\/11\/image-223.png?resize=660%2C503 660w, https:\/\/i0.wp.com\/batimedianews.com\/live\/wp-content\/uploads\/2021\/11\/image-223.png?resize=289%2C220 289w\" sizes=\"(max-width: 600px) 91vw, (max-width: 900px) 600px, (max-width: 1060px) 50vw, (max-width: 1200px) 520px, (max-width: 1400px) 43vw, 600px\" data-recalc-dims=\"1\" \/><\/figure><\/div>\n\n\n\n<p>&nbsp;Les 84 points de collecte sont implant\u00e9s essentiellement <strong>dans l\u2019Ouest de la France et le Grand Est. Des zones de d\u00e9veloppement naissent dans les Hauts de France, en Rh\u00f4ne-Alpes, du c\u00f4t\u00e9 de Marseille et de Narbonne<\/strong>. Ce r\u00e9seau favorise l\u2019augmentation des volumes de r\u00e9cup\u00e9ration.&nbsp;<\/p>\n\n\n\n<p>\uf0f0 La carte des points de collecte des menuiseries en fin de vie est accessible en ligne : https:\/\/www.ufme.fr\/developpement-durable\/la-collecte-et-le-tri-des-menuiseries-en-fin-de-vie.&nbsp;<\/p>\n\n\n\n<p>&nbsp;Fid\u00e8le \u00e0 son esprit de proximit\u00e9 et d\u2019accompagnement, l\u2019UFME souhaite <strong>enrichir cette cartographie <\/strong>afin de proposer \u00e0 l\u2019ensemble des professionnels de la fili\u00e8re des points de collecte pr\u00e8s de leur site. <strong>Cette proximit\u00e9 est l\u2019une des conditions indispensables \u00e0 la gestion durable des menuiseries en fin de vie. <\/strong>Ses deux charg\u00e9s de mission Environnement, Mathilde Crenn-Sutter et Laurent Suet, recrut\u00e9s il y a un an, sont pr\u00e9sents sur le terrain pour sensibiliser et mobiliser tous les acteurs. Ils rencontrent les professionnels du recyclage, des entreprises sp\u00e9cialis\u00e9es dans le vitrage, la fabrication de menuiseries ou encore la quincaillerie, des points de collecte, des d\u00e9chetteries, des communes et r\u00e9gions, afin de renforcer le maillage du r\u00e9seau sur tout le territoire.&nbsp;<\/p>\n\n\n\n<p class=\"has-sm-dark-tertiary-color has-text-color\">\u25aa <strong>Indicateur de tra\u00e7abilit\u00e9 FERVAM : vers une \u00e9conomie circulaire croissante&nbsp;<\/strong><\/p>\n\n\n\n<p>La mise en place de ce r\u00e9seau et les actions UFME engendrent <strong>une mont\u00e9e en puissance sur les deux premiers trimestres 2021<\/strong>. Des r\u00e9sultats qui ont pu \u00eatre observ\u00e9s gr\u00e2ce aux <strong>questionnaires de tra\u00e7abilit\u00e9 <\/strong>mis en place aupr\u00e8s de ses adh\u00e9rents.&nbsp;<\/p>\n\n\n\n<figure class=\"wp-block-image size-large\"><img loading=\"lazy\" width=\"720\" height=\"255\" src=\"https:\/\/i2.wp.com\/batimedianews.com\/live\/wp-content\/uploads\/2021\/11\/image-224.png?resize=720%2C255\" alt=\"\" class=\"wp-image-13993\" srcset=\"https:\/\/i2.wp.com\/batimedianews.com\/live\/wp-content\/uploads\/2021\/11\/image-224.png?resize=1024%2C362 1024w, https:\/\/i2.wp.com\/batimedianews.com\/live\/wp-content\/uploads\/2021\/11\/image-224.png?resize=600%2C212 600w, https:\/\/i2.wp.com\/batimedianews.com\/live\/wp-content\/uploads\/2021\/11\/image-224.png?resize=768%2C271 768w, https:\/\/i2.wp.com\/batimedianews.com\/live\/wp-content\/uploads\/2021\/11\/image-224.png?resize=10%2C4 10w, https:\/\/i2.wp.com\/batimedianews.com\/live\/wp-content\/uploads\/2021\/11\/image-224.png?resize=432%2C153 432w, https:\/\/i2.wp.com\/batimedianews.com\/live\/wp-content\/uploads\/2021\/11\/image-224.png?resize=396%2C140 396w, https:\/\/i2.wp.com\/batimedianews.com\/live\/wp-content\/uploads\/2021\/11\/image-224.png?resize=1120%2C396 1120w, https:\/\/i2.wp.com\/batimedianews.com\/live\/wp-content\/uploads\/2021\/11\/image-224.png?resize=660%2C233 660w, https:\/\/i2.wp.com\/batimedianews.com\/live\/wp-content\/uploads\/2021\/11\/image-224.png?resize=623%2C220 623w, https:\/\/i2.wp.com\/batimedianews.com\/live\/wp-content\/uploads\/2021\/11\/image-224.png?w=1404 1404w\" sizes=\"(max-width: 600px) 91vw, (max-width: 900px) 600px, (max-width: 1060px) 50vw, (max-width: 1200px) 520px, (max-width: 1400px) 43vw, 600px\" data-recalc-dims=\"1\" \/><\/figure>\n\n\n\n<p>Autre croissance spectaculaire, celle de la mati\u00e8re valoris\u00e9e :&nbsp;<\/p>\n\n\n\n<p>\u2713 +346 % de PVC et +168 % de calcin float sortant des points de collecte et centres de regroupement\/d\u00e9mant\u00e8lement et r\u00e9inject\u00e9s dans les process de fabrication,&nbsp;<\/p>\n\n\n\n<p>\u2713 +75 % de PVC sortant des centres de traitement et r\u00e9inject\u00e9s dans les process de fabrication.&nbsp;<\/p>\n\n\n\n<p class=\"has-small-font-size\"><em>* Cr\u00e9ation et d\u00e9ploiement d\u2019une Charte d\u2019engagement, actions p\u00e9dagogiques, int\u00e9gration \u00e0 l\u2019Association europ\u00e9enne des producteurs de profil\u00e9s PVC pour fen\u00eatres et produits de construction d\u00e9riv\u00e9s (EPPA), recrutement de charg\u00e9s de mission environnement, cr\u00e9ation de la marque FERVAM, ateliers digitaux\u2026&nbsp;<\/em><\/p>\n\n\n\n<p class=\"has-small-font-size\"><em>** 1 menuiserie = 35kg.&nbsp;<\/em><\/p>\n\n\n\n<p class=\"has-small-font-size\">L\u2019UFME (Union des Fabricants de MEnuiseries) repr\u00e9sente la fili\u00e8re des portes et des fen\u00eatres. Comptant 145 adh\u00e9rents r\u00e9partis sur l\u2019ensemble du territoire national, elle a pour vocation d\u2019accompagner et de d\u00e9fendre les int\u00e9r\u00eats des concepteurs, fabricants et installateurs de menuiseries, ainsi que les professions compl\u00e9mentaires \u00e0 ces m\u00e9tiers. Compos\u00e9e de trois commissions (technique, sociale &amp; formation et communication), l\u2019UFME s\u2019attache \u00e0 repr\u00e9senter les int\u00e9r\u00eats des professionnels de la menuiserie en encourageant la promotion de menuiseries fran\u00e7aises de qualit\u00e9, en proposant une offre de formations \u00e9toff\u00e9e et en s\u2019impliquant dans le suivi actif des grandes th\u00e9matiques techniques. Par son dynamisme et l\u2019expertise de ses membres, l\u2019UFME participe aux d\u00e9bats d\u2019actualit\u00e9 autour du secteur de la construction et de la r\u00e9novation des logements&nbsp;<\/p>\n","protected":false},"excerpt":{"rendered":"<p>Les d\u00e9marches d\u2019\u00e9co-conception des fen\u00eatres et la gestion respectueuse de l\u2019environnement quant \u00e0 leur fin de vie sont des enjeux historiques de l\u2019Union des Fabricants de MEnuiseries (UFME). Cet engagement de la fili\u00e8re fen\u00eatre pour une valorisation responsable et durable, qui se concr\u00e9tise \u00e0 travers de multiples initiatives* et tout particuli\u00e8rement la marque d\u00e9pos\u00e9e FERVAM, [&hellip;]<\/p>\n","protected":false},"author":41,"featured_media":13995,"comment_status":"open","ping_status":"open","sticky":false,"template":"","format":"standard","meta":{"spay_email":""},"categories":[4,690,109],"tags":[],"jetpack_featured_media_url":"https:\/\/i1.wp.com\/batimedianews.com\/live\/wp-content\/uploads\/2021\/11\/UFME-Article.jpg?fit=1224%2C512","jetpack_sharing_enabled":true,"jetpack_likes_enabled":true,"jetpack-related-posts":[{"id":10604,"url":"http:\/\/batimedianews.com\/live\/index.php\/2021\/06\/25\/lufme-cree-la-marque-fervam-filiere-engagee-pour-le-recyclage-et-la-valorisation-des-menuiseries\/","url_meta":{"origin":13990,"position":0},"title":"L\u2019UFME CR\u00c9E LA MARQUE \u00ab FERVAM \u00bb : FILI\u00c8RE ENGAG\u00c9E POUR LE RECYCLAGE ET LA VALORISATION DES MENUISERIES","date":"25 juin 2021","format":false,"excerpt":"\u00a0L\u2019environnement figure parmi les piliers majeurs des travaux de l\u2019Union des Fabricants de MEnuiseries (UFME). Fid\u00e8le \u00e0 ses engagements et toujours dans une dynamique mobilisatrice, elle lance aujourd\u2019hui la marque d\u00e9pos\u00e9e FERVAM. Ce sigle traduit la \u00ab Fili\u00e8re Engag\u00e9e pour le Recyclage et la VAlorisation des Menuiseries \u00bb. Il f\u00e9d\u00e8re\u2026","rel":"","context":"Dans &quot;Actualit\u00e9 Entreprises&quot;","img":{"alt_text":"","src":"https:\/\/i2.wp.com\/batimedianews.com\/live\/wp-content\/uploads\/2021\/06\/UFME-Article-2.jpg?fit=512%2C512&resize=350%2C200","width":350,"height":200},"classes":[]},{"id":43628,"url":"http:\/\/batimedianews.com\/live\/index.php\/2025\/03\/17\/lufme-devoile-la-nouvelle-cartographie-interactive-fervam\/","url_meta":{"origin":13990,"position":1},"title":"L\u2019UFME d\u00e9voile la nouvelle cartographie interactive FERVAM","date":"17 mars 2025","format":false,"excerpt":"Engag\u00e9e dans une d\u00e9marche de recyclage en boucle ferm\u00e9e pour tous les composants de la menuiserie \u00e0 travers FERVAM II*, l\u2019UFME (Union des Fabricants de MEnuiseries) fait \u00e9voluer la cartographie des points de collecte et des prestataires FERVAM. Consultable par tous sur le site de l\u2019UFME, cette nouvelle version est\u2026","rel":"","context":"Dans &quot;Actualit\u00e9 Entreprises&quot;","img":{"alt_text":"","src":"https:\/\/i2.wp.com\/batimedianews.com\/live\/wp-content\/uploads\/2025\/03\/ufme-1.jpg?fit=825%2C825&resize=350%2C200","width":350,"height":200},"classes":[]},{"id":12232,"url":"http:\/\/batimedianews.com\/live\/index.php\/2021\/09\/23\/lufme-partie-prenante-dans-le-projet-deco-organisme-valobat-un-choix-dans-la-continuite-de-ses-engagements-environnementaux\/","url_meta":{"origin":13990,"position":2},"title":"L\u2019UFME, partie prenante dans le projet d\u2019\u00e9co-organisme VALOBAT : un choix dans la continuit\u00e9 de ses engagements environnementaux","date":"23 septembre 2021","format":false,"excerpt":"La r\u00e9duction de l\u2019impact environnemental li\u00e9 \u00e0 la fabrication des fen\u00eatres figure parmi les enjeux majeurs historiques de l\u2019Union des Fabricants de MEnuiseries (UFME). Un engagement qui s\u2019illustre \u00e0 travers de nombreuses initiatives : cr\u00e9ation et d\u00e9ploiement d\u2019une Charte d\u2019engagement, actions p\u00e9dagogiques, int\u00e9gration \u00e0 l\u2019Association europ\u00e9enne des producteurs de profil\u00e9s\u2026","rel":"","context":"Dans &quot;Actualit\u00e9 Entreprises&quot;","img":{"alt_text":"","src":"https:\/\/i2.wp.com\/batimedianews.com\/live\/wp-content\/uploads\/2021\/09\/UFME-Article.jpg?fit=512%2C512&resize=350%2C200","width":350,"height":200},"classes":[]},{"id":34960,"url":"http:\/\/batimedianews.com\/live\/index.php\/2024\/02\/12\/renovation-energetique-des-habitats-et-batiments-lufme-porte-haut-et-fort-la-fenetre-fabriquee-en-france\/","url_meta":{"origin":13990,"position":3},"title":"R\u00e9novation \u00e9nerg\u00e9tique des habitats et b\u00e2timents : L\u2019UFME porte haut et fort la fen\u00eatre fabriqu\u00e9e en France","date":"12 f\u00e9vrier 2024","format":false,"excerpt":"\u00a0L\u2019UFME (Union des Fabricants de MEnuiseries) repr\u00e9sente la fili\u00e8re des portes et des fen\u00eatres. Comptant 172 adh\u00e9rents r\u00e9partis sur l\u2019ensemble du territoire national, elle a pour vocation d\u2019accompagner et de d\u00e9fendre les int\u00e9r\u00eats des concepteurs, fabricants et installateurs de menuiseries, ainsi que les professions compl\u00e9mentaires \u00e0 ces m\u00e9tiers. Compos\u00e9e de\u2026","rel":"","context":"Dans &quot;Actualit\u00e9 Entreprises&quot;","img":{"alt_text":"","src":"https:\/\/i0.wp.com\/batimedianews.com\/live\/wp-content\/uploads\/2024\/02\/ufm.jpg?fit=825%2C825&resize=350%2C200","width":350,"height":200},"classes":[]},{"id":44973,"url":"http:\/\/batimedianews.com\/live\/index.php\/2025\/05\/21\/lufme-vient-de-clore-son-assemblee-generale-ordinaire-une-annee-passee-riche-en-projets-et-de-nouvelles-actions-ambitieuses-a-venir\/","url_meta":{"origin":13990,"position":4},"title":"L\u2019UFME vient de clore son Assembl\u00e9e G\u00e9n\u00e9rale Ordinaire : Une ann\u00e9e pass\u00e9e riche en projets et de nouvelles actions ambitieuses \u00e0 venir","date":"21 mai 2025","format":false,"excerpt":"Ce mercredi 14 mai, l\u2019Union des Fabricants de MEnuiseries (UFME) a r\u00e9uni pr\u00e8s de 170 participants, dont ses 11 nouveaux adh\u00e9rents lors de son Assembl\u00e9e G\u00e9n\u00e9rale Ordinaire. L\u2019occasion de rendre compte de la richesse des travaux men\u00e9s par les trois commissions et les groupes de travail, et de pr\u00e9senter les\u2026","rel":"","context":"Dans &quot;Actualit\u00e9 Entreprises&quot;","img":{"alt_text":"","src":"https:\/\/i0.wp.com\/batimedianews.com\/live\/wp-content\/uploads\/2025\/05\/ufme-1.jpg?fit=825%2C825&resize=350%2C200","width":350,"height":200},"classes":[]},{"id":48651,"url":"http:\/\/batimedianews.com\/live\/index.php\/2025\/12\/22\/lufme-devoile-son-nouveau-site-internet-www-ufme-fr-une-plateforme-digitale-de-reference-en-matiere-de-menuiseries-francaises\/","url_meta":{"origin":13990,"position":5},"title":"L\u2019UFME d\u00e9voile son nouveau site internet www.ufme.fr : Une plateforme digitale de r\u00e9f\u00e9rence en mati\u00e8re de menuiseries fran\u00e7aises","date":"22 d\u00e9cembre 2025","format":false,"excerpt":"Apr\u00e8s sa nouvelle charte graphique pr\u00e9sent\u00e9e en mai dernier, l\u2019UFME (Union des Fabricants de Menuiseries) poursuit sa dynamique de modernisation en d\u00e9voilant la refonte de son site internet www.ufme.fr. Ce portail, moderne et complet, est le fruit de la fusion des trois anciens sites de l\u2019UFME (www.choisirmafenetre.fr, www.parlonsisolation.fr et www.ufme.fr).\u2026","rel":"","context":"Dans &quot;Actualit\u00e9 Entreprises&quot;","img":{"alt_text":"","src":"https:\/\/i0.wp.com\/batimedianews.com\/live\/wp-content\/uploads\/2025\/12\/ufme.jpg?fit=825%2C825&resize=350%2C200","width":350,"height":200},"classes":[]}],"_links":{"self":[{"href":"http:\/\/batimedianews.com\/live\/index.php\/wp-json\/wp\/v2\/posts\/13990"}],"collection":[{"href":"http:\/\/batimedianews.com\/live\/index.php\/wp-json\/wp\/v2\/posts"}],"about":[{"href":"http:\/\/batimedianews.com\/live\/index.php\/wp-json\/wp\/v2\/types\/post"}],"author":[{"embeddable":true,"href":"http:\/\/batimedianews.com\/live\/index.php\/wp-json\/wp\/v2\/users\/41"}],"replies":[{"embeddable":true,"href":"http:\/\/batimedianews.com\/live\/index.php\/wp-json\/wp\/v2\/comments?post=13990"}],"version-history":[{"count":2,"href":"http:\/\/batimedianews.com\/live\/index.php\/wp-json\/wp\/v2\/posts\/13990\/revisions"}],"predecessor-version":[{"id":14219,"href":"http:\/\/batimedianews.com\/live\/index.php\/wp-json\/wp\/v2\/posts\/13990\/revisions\/14219"}],"wp:featuredmedia":[{"embeddable":true,"href":"http:\/\/batimedianews.com\/live\/index.php\/wp-json\/wp\/v2\/media\/13995"}],"wp:attachment":[{"href":"http:\/\/batimedianews.com\/live\/index.php\/wp-json\/wp\/v2\/media?parent=13990"}],"wp:term":[{"taxonomy":"category","embeddable":true,"href":"http:\/\/batimedianews.com\/live\/index.php\/wp-json\/wp\/v2\/categories?post=13990"},{"taxonomy":"post_tag","embeddable":true,"href":"http:\/\/batimedianews.com\/live\/index.php\/wp-json\/wp\/v2\/tags?post=13990"}],"curies":[{"name":"wp","href":"https:\/\/api.w.org\/{rel}","templated":true}]}}