{"id":14115,"date":"2021-12-02T18:54:07","date_gmt":"2021-12-02T17:54:07","guid":{"rendered":"http:\/\/batimedianews.com\/live\/?p=14115"},"modified":"2022-04-11T10:27:58","modified_gmt":"2022-04-11T08:27:58","slug":"le-bureau-detudes-construire-innove-avec-lisolation-sous-vide","status":"publish","type":"post","link":"http:\/\/batimedianews.com\/live\/index.php\/2021\/12\/02\/le-bureau-detudes-construire-innove-avec-lisolation-sous-vide\/","title":{"rendered":"Le Bureau d\u2019\u00c9tudes Construire innove avec l\u2019isolation sous-vide."},"content":{"rendered":"\n<p class=\"has-text-align-center has-sm-dark-primary-color has-text-color\"><strong>UNE TECHNOLOGIE INNOVANTE POUR GAGNER DE PR\u00c9CIEUX M\u00c8TRES CARR\u00c9S ET AM\u00c9LIORER LA PERFORMANCE THERMIQUE DES CONSTRUCTIONS.<\/strong><\/p>\n\n\n\n<p><strong>L\u2019isolation sous-vide<\/strong>&nbsp;est une technologie sous employ\u00e9e en France dans la construction et la r\u00e9novation alors qu\u2019elle offre une meilleure isolation et permet de gagner de pr\u00e9cieux m2 dans les grandes m\u00e9tropoles ou le prix du m2 s\u2019envole comme \u00e0 Paris, Lyon, Bordeaux, \u2026 Encore trop ignor\u00e9e, cette technologie novatrice a d\u00e9j\u00e0 s\u00e9duit nos voisins allemands qui ont facilement recours \u00e0 l\u2019isolation sous vide.<\/p>\n\n\n\n<p>Pourquoi utiliser des isolants sous-vides ? Parce que l\u2019isolation sous-vide cumule 2 avantages majeurs&nbsp;:&nbsp;<strong>un gain de place et de meilleures performances thermiques.&nbsp;<\/strong>On peut ainsi \u00e9conomiser de l\u2019espace, car ils permettent de diviser par 5 l&rsquo;\u00e9paisseur des isolants sur les murs, par rapport aux isolants standards de type laine de verre sans perte en qualit\u00e9. L&rsquo;utilisation de l\u2019isolation sous-vide permet ainsi de r\u00e9cup\u00e9rer des m\u00e8tres&nbsp;carr\u00e9s tant recherch\u00e9s en zone urbaine tout en respectant les standards thermique et environnemental de la construction (RT2020 entre autres). En effet l\u2019isolation sous vide offre une conductivit\u00e9 thermique ultra-performante.<\/p>\n\n\n\n<p>Les PIV (panneaux isolants sous-vide) ou VIP (Vacuum insulation panels), constituent une r\u00e9volution technologique que&nbsp;<strong>le bureau d\u2019\u00e9tudes CONSTRUIRE&nbsp;<\/strong>a d\u00e9cid\u00e9 de d\u00e9velopper. Avec une tr\u00e8s faible conductivit\u00e9 thermique, 6 \u00e0 8 fois moins que les plus performantes laines de verre, l\u2019isolation sous-vide offre la meilleure performance thermique du moment.<\/p>\n\n\n\n<p><em>Une premi\u00e8re mise en \u0153uvre&nbsp;: sur\u00e9l\u00e9vation de plusieurs \u00e9tages d&rsquo;un immeuble \u00e0 Paris.<\/em><\/p>\n\n\n\n<p>En 2022,&nbsp;<strong>le bureau d\u2019\u00e9tudes CONSTRUIRE<\/strong>&nbsp;va recourir \u00e0 l\u2019isolation sous-vide pour la&nbsp;construction&nbsp;de maisons individuelles, d&rsquo;immeubles d&rsquo;habitation et de bureaux ainsi que des extensions et sur\u00e9l\u00e9vations de b\u00e2timent dans les quartiers dans lesquels le prix du m2 est \u00e0 plus de 6000 \u20ac.<\/p>\n\n\n\n<p>L&rsquo;utilisation d&rsquo;isolants sous vide permettra de gagner 20 m2 habitables par maison soit une plus-value de 120&nbsp;000 \u20ac ou plus. Il faut d\u00e9duire de cette somme le co\u00fbt&nbsp;plus \u00e9lev\u00e9 de cet isolant (60 000 \u20ac), ce qui laissera un gain net de 60&nbsp;000 \u20ac.&nbsp;De quoi partager les b\u00e9n\u00e9fices avec les entreprises et les clients.&nbsp;Sans oublier que ces pr\u00e9cieux m\u00e8tres carr\u00e9s ainsi gagn\u00e9s prendront de la valeur avec le temps.<\/p>\n\n\n\n<p>&nbsp;L\u2019isolation sous vide existe depuis plus de 20 ans. Actuellement, elle est principalement utilis\u00e9e dans le m\u00e9dical pour le transport d&rsquo;organes par avion. Axel Sudermann, ing\u00e9nieur, fondateur du bureau d\u2019\u00e9tudes CONSTRUIRE&nbsp;s\u2019est familiaris\u00e9 \u00e0 l&rsquo;utilisation du produit dans l&rsquo;industrie p\u00e9troli\u00e8re. En d\u00e9veloppant son utilisation dans le BTP,&nbsp;<strong>le bureau d\u2019\u00e9tudes CONSTRUIRE<\/strong>&nbsp;veut rattraper le retard pris en France dans son utilisation et valoriser une innovation au service de la construction.<\/p>\n","protected":false},"excerpt":{"rendered":"<p>UNE TECHNOLOGIE INNOVANTE POUR GAGNER DE PR\u00c9CIEUX M\u00c8TRES CARR\u00c9S ET AM\u00c9LIORER LA PERFORMANCE THERMIQUE DES CONSTRUCTIONS. L\u2019isolation sous-vide&nbsp;est une technologie sous employ\u00e9e en France dans la construction et la r\u00e9novation alors qu\u2019elle offre une meilleure isolation et permet de gagner de pr\u00e9cieux m2 dans les grandes m\u00e9tropoles ou le prix du m2 s\u2019envole comme \u00e0 [&hellip;]<\/p>\n","protected":false},"author":41,"featured_media":14116,"comment_status":"open","ping_status":"open","sticky":false,"template":"","format":"standard","meta":{"spay_email":""},"categories":[4,17,18,29,31,786,486,56,77,80,108,124,128],"tags":[1346,1481,270,1463],"jetpack_featured_media_url":"https:\/\/i1.wp.com\/batimedianews.com\/live\/wp-content\/uploads\/2021\/11\/Construire-Article.jpg?fit=1224%2C512","jetpack_sharing_enabled":true,"jetpack_likes_enabled":true,"jetpack-related-posts":[{"id":44302,"url":"http:\/\/batimedianews.com\/live\/index.php\/2025\/04\/09\/lhistoire-du-verre-belge-se-poursuit-avec-fineo-by-agc\/","url_meta":{"origin":14115,"position":0},"title":"L&rsquo;histoire du verre belge se poursuit avec FINEO by AGC","date":"9 avril 2025","format":false,"excerpt":"Quand l'Art nouveau bruxellois rencontre le verre isolant sous vide, des fen\u00eatres \u00e0 croisillons d\u2019origine ont \u00e9t\u00e9 revitalis\u00e9es sur le plan \u00e9nerg\u00e9tique Malgr\u00e9 son \u00e9l\u00e9gante splendeur, tout b\u00e2timent \u00e9difi\u00e9 au d\u00e9but du 20e si\u00e8cle implique in\u00e9vitablement la probl\u00e9matique d\u2019une isolation non conforme aux exigences thermiques des constructions d\u2018aujourd\u2019hui, indissociables des\u2026","rel":"","context":"Dans &quot;Actualit\u00e9 Entreprises&quot;","img":{"alt_text":"","src":"https:\/\/i2.wp.com\/batimedianews.com\/live\/wp-content\/uploads\/2025\/04\/Fineo-articles-.jpg?fit=825%2C825&resize=350%2C200","width":350,"height":200},"classes":[]},{"id":50243,"url":"http:\/\/batimedianews.com\/live\/index.php\/2026\/04\/17\/nouveautes-isolation-knauf-consolide-sa-position-de-leader-francais-du-pse-pour-la-construction\/","url_meta":{"origin":14115,"position":1},"title":"Nouveaut\u00e9s isolation : KNAUF consolide sa position de leader fran\u00e7ais du PSE pour la construction","date":"17 avril 2026","format":false,"excerpt":"Knauf compl\u00e8te son offre d\u00e9di\u00e9e \u00e0 l\u2019isolation thermique avec de nouvelles solutions en PSE (polystyr\u00e8ne expans\u00e9) moul\u00e9. Fabriqu\u00e9es en France par Knauf, elles se destinent plus particuli\u00e8rement aux planchers \u00e0 entrevous PSE sur poutrelles, \u00e0 la r\u00e9novation thermique des sous-faces de planchers et \u00e0 l\u2019isolation thermique par l\u2019ext\u00e9rieur des fa\u00e7ades\u2026","rel":"","context":"Dans &quot;Construction&quot;","img":{"alt_text":"","src":"https:\/\/i2.wp.com\/batimedianews.com\/live\/wp-content\/uploads\/2026\/04\/knauf-.jpg?fit=825%2C825&resize=350%2C200","width":350,"height":200},"classes":[]},{"id":8349,"url":"http:\/\/batimedianews.com\/live\/index.php\/2021\/05\/25\/evolution-de-la-loi-elan-pour-les-constructions-de-maisons-individuelles-les-solutions-longrines-et-planchers-vide-sanitaire-kp1-des-reponses-aux-zones-a-risques-argiles\/","url_meta":{"origin":14115,"position":2},"title":"\u00c9volution de la loi ELAN pour les constructions de maisons individuelles : Les solutions \u00ab longrines \u00bb et \u00ab planchers Vide Sanitaire \u00bb KP1, des r\u00e9ponses aux zones \u00e0 risques argiles","date":"25 mai 2021","format":false,"excerpt":"Pour tout contrat de construction de maison individuelle conclu depuis le 1er octobre 2020, la loi ELAN (\u00c9volution du Logement, de l\u2019Am\u00e9nagement et du Num\u00e9rique) instaure de nouvelles obligations dans les zones \u00e0 risques argiles \u00ab moyen \u00bb ou \u00ab fort \u00bb. Plus de la moiti\u00e9 du territoire est concern\u00e9e\u2026","rel":"","context":"Dans &quot;Actualit\u00e9 Entreprises&quot;","img":{"alt_text":"","src":"https:\/\/i0.wp.com\/batimedianews.com\/live\/wp-content\/uploads\/2021\/02\/image-66.png?fit=938%2C938&resize=350%2C200","width":350,"height":200},"classes":[]},{"id":13763,"url":"http:\/\/batimedianews.com\/live\/index.php\/2021\/11\/15\/innovation-technologique-isover-lance-isoconfort-35-kraft-300-mm-2\/","url_meta":{"origin":14115,"position":3},"title":"INNOVATION TECHNOLOGIQUE : ISOVER lance ISOCONFORT 35 KRAFT 300 mm","date":"15 novembre 2021","format":false,"excerpt":"Le premier isolant en laine de verre en lambda 35 avec une r\u00e9sistance thermique de 8,55 m\u00b2.K\/W en simple couche pour les combles am\u00e9nag\u00e9s\u00a0 \u00a0Dans un souci d\u2019accompagner au mieux les artisans sur leurs chantiers, ISOVER propose des solutions d\u2019isolation toujours plus performantes et \u00e0 la pose facilit\u00e9e. Face aux\u2026","rel":"","context":"Dans &quot;Actualit\u00e9 Entreprises&quot;","img":{"alt_text":"","src":"https:\/\/i1.wp.com\/batimedianews.com\/live\/wp-content\/uploads\/2021\/11\/Isover-Article-1.jpg?fit=512%2C512&resize=350%2C200","width":350,"height":200},"classes":[]},{"id":25049,"url":"http:\/\/batimedianews.com\/live\/index.php\/2022\/11\/28\/innovation-technologique-isover-lance-isoconfort-35-kraft\/","url_meta":{"origin":14115,"position":4},"title":"Innovation technologique : ISOVER  lance isoconfort 35 kraft","date":"28 novembre 2022","format":false,"excerpt":"Le premier isolant en laine de verre en lambda 35 avec une r\u00e9sistance thermique de 8,55 m\u00b2.K\/W en simple couche pour les combles am\u00e9nag\u00e9s\u00a0 Dans un souci d\u2019accompagner au mieux les artisans sur leurs chantiers, ISOVER propose des solutions d\u2019isolation toujours plus performantes et \u00e0 la pose facilit\u00e9e. Face aux\u2026","rel":"","context":"Dans &quot;Actualit\u00e9 Entreprises&quot;","img":{"alt_text":"","src":"https:\/\/i2.wp.com\/batimedianews.com\/live\/wp-content\/uploads\/2022\/11\/Isover-Article-1.jpg?fit=1080%2C1080&resize=350%2C200","width":350,"height":200},"classes":[]},{"id":8832,"url":"http:\/\/batimedianews.com\/live\/index.php\/2021\/04\/29\/innovation-technologique-isover-lance-isoconfort-35-kraft-300-mm\/","url_meta":{"origin":14115,"position":5},"title":"INNOVATION TECHNOLOGIQUE : ISOVER lance ISOCONFORT 35 KRAFT 300 mm","date":"29 avril 2021","format":false,"excerpt":"Le premier isolant en laine de verre en lambda 35 avec une r\u00e9sistance thermique de 8,55 m\u00b2.K\/W en simple couche pour les combles am\u00e9nag\u00e9s\u00a0 Dans un souci d\u2019accompagner au mieux les artisans sur leurs chantiers, ISOVER propose des solutions d\u2019isolation toujours plus performantes et \u00e0 la pose facilit\u00e9e. Face aux\u2026","rel":"","context":"Dans &quot;Actualit\u00e9 Entreprises&quot;","img":{"alt_text":"","src":"https:\/\/i0.wp.com\/batimedianews.com\/live\/wp-content\/uploads\/2021\/03\/image-96.png?fit=996%2C464&resize=350%2C200","width":350,"height":200},"classes":[]}],"_links":{"self":[{"href":"http:\/\/batimedianews.com\/live\/index.php\/wp-json\/wp\/v2\/posts\/14115"}],"collection":[{"href":"http:\/\/batimedianews.com\/live\/index.php\/wp-json\/wp\/v2\/posts"}],"about":[{"href":"http:\/\/batimedianews.com\/live\/index.php\/wp-json\/wp\/v2\/types\/post"}],"author":[{"embeddable":true,"href":"http:\/\/batimedianews.com\/live\/index.php\/wp-json\/wp\/v2\/users\/41"}],"replies":[{"embeddable":true,"href":"http:\/\/batimedianews.com\/live\/index.php\/wp-json\/wp\/v2\/comments?post=14115"}],"version-history":[{"count":3,"href":"http:\/\/batimedianews.com\/live\/index.php\/wp-json\/wp\/v2\/posts\/14115\/revisions"}],"predecessor-version":[{"id":14213,"href":"http:\/\/batimedianews.com\/live\/index.php\/wp-json\/wp\/v2\/posts\/14115\/revisions\/14213"}],"wp:featuredmedia":[{"embeddable":true,"href":"http:\/\/batimedianews.com\/live\/index.php\/wp-json\/wp\/v2\/media\/14116"}],"wp:attachment":[{"href":"http:\/\/batimedianews.com\/live\/index.php\/wp-json\/wp\/v2\/media?parent=14115"}],"wp:term":[{"taxonomy":"category","embeddable":true,"href":"http:\/\/batimedianews.com\/live\/index.php\/wp-json\/wp\/v2\/categories?post=14115"},{"taxonomy":"post_tag","embeddable":true,"href":"http:\/\/batimedianews.com\/live\/index.php\/wp-json\/wp\/v2\/tags?post=14115"}],"curies":[{"name":"wp","href":"https:\/\/api.w.org\/{rel}","templated":true}]}}