{"id":1427,"date":"2019-07-26T10:31:56","date_gmt":"2019-07-26T08:31:56","guid":{"rendered":"http:\/\/batimedialive.com\/?p=1427"},"modified":"2021-10-20T12:53:05","modified_gmt":"2021-10-20T10:53:05","slug":"placo-et-isover-deux-leaders-de-la-filiere-du-batiment-qui-preparent-lavenir","status":"publish","type":"post","link":"http:\/\/batimedianews.com\/live\/index.php\/2019\/07\/26\/placo-et-isover-deux-leaders-de-la-filiere-du-batiment-qui-preparent-lavenir\/","title":{"rendered":"PLACO\u00ae ET ISOVER : DEUX LEADERS DE LA FILI\u00c8RE DU B\u00c2TIMENT QUI PR\u00c9PARENT L&rsquo;AVENIR"},"content":{"rendered":"<p><img loading=\"lazy\" class=\"alignnone size-full wp-image-1436\" src=\"https:\/\/batimedialive.files.wordpress.com\/2019\/07\/placo_image.jpg?resize=720%2C308\" alt=\"placo_image\" width=\"720\" height=\"308\"  data-recalc-dims=\"1\"><\/p>\n<p style=\"text-align:justify;\">Depuis le 1er juillet 2019, les soci\u00e9t\u00e9s PLACO\u00ae et ISOVER ont entam\u00e9 le rapprochement de leurs activit\u00e9s en France. Celui-ci vise \u00e0 acc\u00e9l\u00e9rer leur d\u00e9veloppement en apportant au march\u00e9 davantage d\u2019innovation, de valeur et de service, pour le b\u00e9n\u00e9fice de tous leurs clients. Il s\u2019inscrit dans la continuit\u00e9 du plan mondial de transformation du Groupe Saint-Gobain \u00ab Transform &amp; Grow \u00bb, qui a pour objectifs de renforcer la comp\u00e9titivit\u00e9 de l\u2019entreprise et d\u2019acc\u00e9l\u00e9rer sa croissance, en favorisant notamment le d\u00e9ploiement de synergies entre les diff\u00e9rentes activit\u00e9s.<br \/>\nPLACO\u00ae et ISOVER, qui partagent des valeurs fortes et des forces communes, conjugueront d\u00e9sormais leurs expertises, tout en conservant les identit\u00e9s propres \u00e0 leur marque qui font leur renomm\u00e9e.<br \/>\nCette organisation sera plac\u00e9e sous une m\u00eame direction, pilot\u00e9e par HERV\u00c9 DE MAISTRE, Directeur G\u00e9n\u00e9ral PLACO\u00ae et Directeur G\u00e9n\u00e9ral ISOVER. Sous sa responsabilit\u00e9, PIERRE-EMMANUEL THIARD est nomm\u00e9 Directeur G\u00e9n\u00e9ral Adjoint, Offre et Commerce PLACO\u00ae et ISOVER.<\/p>\n<h2>Relever les d\u00e9fis d\u2019un monde qui change<\/h2>\n<p><img loading=\"lazy\" class=\"  wp-image-1430 alignleft\" style=\"text-align:justify;\" src=\"https:\/\/batimedialive.files.wordpress.com\/2019\/07\/placo_demaistre.jpg?resize=338%2C298\" alt=\"placo_demaistre\" width=\"338\" height=\"298\"  data-recalc-dims=\"1\"><\/p>\n<blockquote>\n<p style=\"text-align:justify;\">\u00ab Ce rapprochement est pens\u00e9 avant tout pour nos clients. A l\u2019heure o\u00f9 les transitions sont rapides et multiples, nous souhaitons mieux les aider \u00e0 relever leurs multiples d\u00e9fis, tels que le b\u00e2timent durable et la digitalisation. Pour cela, nous nous appuierons sur les forces de nos deux marques, et sur des initiatives d\u00e9j\u00e0 engag\u00e9es : \u00e9co-innovations, syst\u00e8mes et services d\u00e9di\u00e9s, d\u00e9marches pionni\u00e8res en mati\u00e8re de recyclage et d\u2019\u00e9conomie circulaire, etc. L\u2019histoire n\u2019est pas \u00e9crite d\u2019avance, nous comptons sur nos \u00e9quipes pour l\u2019imaginer. \u00bb, confie HERV\u00c9 DE MAISTRE.<\/p>\n<\/blockquote>\n<h2>Conjuguer les compl\u00e9mentarit\u00e9s : le client, l\u2019innovation et la croissance au c\u0153ur de la d\u00e9marche<\/h2>\n<blockquote>\n<p style=\"text-align:justify;\"><img loading=\"lazy\" class=\"  wp-image-1434 alignright\" src=\"https:\/\/batimedialive.files.wordpress.com\/2019\/07\/placo_thiard.jpg?resize=355%2C401\" alt=\"placo_thiard\" width=\"355\" height=\"401\"  data-recalc-dims=\"1\">\u00ab Nos clients vont b\u00e9n\u00e9ficier d\u2019une nouvelle exp\u00e9rience fond\u00e9e sur une offre globale de services \u00e0 valeur ajout\u00e9e. La compl\u00e9mentarit\u00e9 sera notre force pour repenser la construction : notre relation de proximit\u00e9 avec chaque corps de m\u00e9tier, nos expertises techniques respectives, nos offres de services diff\u00e9renciantes\u2026 Ce rapprochement va \u00e9galement nous permettre d\u2019acc\u00e9l\u00e9rer la diffusion de nos innovations comme la plaque de pl\u00e2tre Habito\u00ae ou encore l\u2019isolant sous vide ISOVIP. \u00bb, ajoute PIERRE-EMMANUEL THIARD.<\/p>\n<\/blockquote>\n<h3>DATES CL\u00c9S HERV\u00c9 DE MAISTRE<\/h3>\n<p>2014 Directeur G\u00e9n\u00e9ral de PLACO\u00ae et Directeur G\u00e9n\u00e9ral de la<br \/>\nR\u00e9gion France et Benelux pour Saint-Gobain PPC<br \/>\nPr\u00e9sident de l\u2019AIMCC<br \/>\n2006 Directeur G\u00e9n\u00e9ral Adjoint de Saint-Gobain ISOVER<br \/>\n2003 Int\u00e8gre le Groupe Saint-Gobain<br \/>\n1991 Dipl\u00f4m\u00e9 de l\u2019\u00c9cole Nationale des Ponts et Chauss\u00e9es<br \/>\n1988 Dipl\u00f4m\u00e9 de l\u2019\u00c9cole Polytechnique<\/p>\n<h2>\nDATES CL\u00c9S PIERRE-EMMANUEL THIARD<\/h2>\n<p>2016 Directeur G\u00e9n\u00e9ral de POINT.P TRAVAUX PUBLICS<br \/>\n2013 Int\u00e8gre le Groupe Saint-Gobain<br \/>\n2009 Dipl\u00f4m\u00e9 de l\u2019\u00c9cole Nationale d\u2019Administration<br \/>\n2006 Dipl\u00f4m\u00e9 de Sciences Po Paris<\/p>\n<h2>\n\u00c0 propos de PLACO\u00ae<\/h2>\n<p style=\"text-align:justify;\">PLACO\u00ae est le leader fran\u00e7ais du confort int\u00e9rieur, engag\u00e9 dans le d\u00e9veloppement de solutions r\u00e9pondant aux enjeux de l\u2019habitat durable. Depuis sa cr\u00e9ation en 1946, l\u2019entreprise s\u2019affirme comme le partenaire de r\u00e9f\u00e9rence des acteurs du b\u00e2timent, gr\u00e2ce \u00e0 la qualit\u00e9 de ses produits \u00e0 base de pl\u00e2tre et d\u2019isolation en polystyr\u00e8ne expans\u00e9. Placo\u00ae adapte en permanence son offre, ses techniques et ses services aux nouveaux usages et contraintes de ses utilisateurs. De la plaque de pl\u00e2tre, qui a fait son succ\u00e8s, \u00e0 la technologie HABITO\u00ae qui r\u00e9siste aux chocs de tous les jours et facilite la fixation de tous les types de charges, ses solutions r\u00e9pondent aux exigences des particuliers et professionnels : confort et sant\u00e9 des occupants, facilit\u00e9 d\u2019utilisation et respect de l\u2019environnement. L\u2019entreprise fait partie du groupe Saint-Gobain, leader mondial de l\u2019habitat. <a href=\"http:\/\/www.placo.fr\" target=\"_blank\" rel=\"noopener noreferrer\">www.placo.fr<\/a><\/p>\n<h2 style=\"text-align:justify;\">\u00c0 propos d\u2019ISOVER<\/h2>\n<p style=\"text-align:justify;\">ISOVER, marque du groupe Saint-Gobain, est le leader mondial des solutions d\u2019isolation durable. Depuis plus de 80 ans, ISOVER porte l\u2019innovation sur l\u2019ensemble de ses march\u00e9s, et d\u00e9veloppe des isolants multi-mat\u00e9riaux pour r\u00e9pondre aux enjeux croissants de bien-\u00eatre, et d\u2019efficacit\u00e9 thermique et acoustique de ses clients. ISOVER con\u00e7oit et fabrique ses produits localement et \u00e9tudie, dans une d\u00e9marche d\u2019am\u00e9lioration continue, leur impact sur l\u2019environnement, l\u2019efficacit\u00e9 \u00e9nerg\u00e9tique, la qualit\u00e9 de l\u2019air et le confort au sein des b\u00e2timents. <a href=\"http:\/\/www.isover.fr\" target=\"_blank\" rel=\"noopener noreferrer\">www.isover.fr<\/a><\/p>\n<p>&nbsp;<\/p>\n","protected":false},"excerpt":{"rendered":"<p>Depuis le 1er juillet 2019, les soci\u00e9t\u00e9s PLACO\u00ae et ISOVER ont entam\u00e9 le rapprochement de leurs activit\u00e9s en France. Celui-ci vise \u00e0 acc\u00e9l\u00e9rer leur d\u00e9veloppement en apportant au march\u00e9 davantage d\u2019innovation, de valeur et de service, pour le b\u00e9n\u00e9fice de tous leurs clients. Il s\u2019inscrit dans la continuit\u00e9 du plan mondial de transformation du Groupe [&hellip;]<\/p>\n","protected":false},"author":1,"featured_media":2320,"comment_status":"open","ping_status":"open","sticky":false,"template":"","format":"standard","meta":{"spay_email":""},"categories":[4,20,52,53,80,97,98],"tags":[],"jetpack_featured_media_url":"https:\/\/i0.wp.com\/batimedianews.com\/live\/wp-content\/uploads\/2019\/08\/placo_image.jpg?fit=1166%2C499","jetpack_sharing_enabled":true,"jetpack_likes_enabled":true,"jetpack-related-posts":[{"id":11209,"url":"http:\/\/batimedianews.com\/live\/index.php\/2021\/07\/26\/isover-placo-et-isonat-associent-leurs-expertises-pour-accompagner-le-developpement-de-la-construction-bois\/","url_meta":{"origin":1427,"position":0},"title":"ISOVER, PLACO\u00ae ET ISONAT ASSOCIENT LEURS EXPERTISES POUR ACCOMPAGNER LE D\u00c9VELOPPEMENT DE LA CONSTRUCTION BOIS","date":"26 juillet 2021","format":false,"excerpt":"\u00a0 \u00a0\u00c0 propos d\u2019ISOVER\u00a0 ISOVER, marque du groupe Saint-Gobain, est le leader mondial des solutions d\u2019isolation durable. Depuis plus de 80 ans, ISOVER porte l\u2019innovation sur l\u2019ensemble de ses march\u00e9s, et d\u00e9veloppe des isolants multi-mat\u00e9riaux pour r\u00e9pondre aux enjeux croissants de bien-\u00eatre, et d\u2019efficacit\u00e9 thermique et acoustique de ses clients.\u2026","rel":"","context":"Dans &quot;Actualit\u00e9 Entreprises&quot;","img":{"alt_text":"","src":"https:\/\/i2.wp.com\/batimedianews.com\/live\/wp-content\/uploads\/2021\/07\/Isover_Placo_Isonat-Article.jpg?fit=512%2C512&resize=350%2C200","width":350,"height":200},"classes":[]},{"id":10268,"url":"http:\/\/batimedianews.com\/live\/index.php\/2021\/06\/08\/plan-de-relance-isover-et-placo-accompagnent-les-professionnels-dans-la-croissance-de-leur-activite-avec-la-boite-a-outils-100-reno-avec-6-nouveaux-outils\/","url_meta":{"origin":1427,"position":1},"title":"Plan de relance, ISOVER et Placo\u00ae accompagnent les professionnels dans la croissance de leur activit\u00e9 avec la \u201cBo\u00eete \u00e0 outils 100 % R\u00e9no\u201d avec 6 nouveaux outils","date":"8 juin 2021","format":false,"excerpt":"Les mesures financi\u00e8res pr\u00e9vues par le Plan de Relance visent un d\u00e9veloppement rapide des chantiers de r\u00e9novation \u00e9nerg\u00e9tique, cadre dans lequel s\u2019inscrivent ISOVER et Placo\u00ae. Pour accompagner les artisans, ISOVER, expert fran\u00e7ais de l\u2019isolation et Placo\u00ae ont cr\u00e9\u00e9 des outils permettant d\u2019informer, soutenir et accompagner les professionnels. ISOVER et Placo\u00ae\u2026","rel":"","context":"Dans &quot;Actualit\u00e9 Entreprises&quot;","img":{"alt_text":"","src":"https:\/\/i1.wp.com\/batimedianews.com\/live\/wp-content\/uploads\/2021\/06\/Isover-Article.jpg?fit=512%2C512&resize=350%2C200","width":350,"height":200},"classes":[]},{"id":14316,"url":"http:\/\/batimedianews.com\/live\/index.php\/2021\/12\/09\/nouveau-contexte-de-travail-et-enjeux-environnementaux\/","url_meta":{"origin":1427,"position":2},"title":"NOUVEAU CONTEXTE DE TRAVAIL ET ENJEUX ENVIRONNEMENTAUX","date":"9 d\u00e9cembre 2021","format":false,"excerpt":"ISOVER, PLACO\u00ae ET ISONAT PROPOSENT DES SOLUTIONS ADAPT\u00c9ES POUR ACCOMPAGNER LES PROJETS DE CONSTRUCTION ET DE R\u00c9NOVATION DES BUREAUX\u00a0 Les trois marques s\u2019associent afin de proposer des produits et solutions sp\u00e9cifiques r\u00e9pondant \u00e0 l\u2019ensemble des besoins et probl\u00e9matiques du march\u00e9 des b\u00e2timents tertiaires, dont celui des bureaux qui repr\u00e9sente un\u2026","rel":"","context":"Dans &quot;Actualit\u00e9 Entreprises&quot;","img":{"alt_text":"","src":"https:\/\/i2.wp.com\/batimedianews.com\/live\/wp-content\/uploads\/2021\/12\/Isover-Article.jpg?fit=512%2C512&resize=350%2C200","width":350,"height":200},"classes":[]},{"id":27331,"url":"http:\/\/batimedianews.com\/live\/index.php\/2023\/03\/29\/stephane-garcia-nomme-nouveau-directeur-general-disover-et-de-placo\/","url_meta":{"origin":1427,"position":3},"title":"STEPHANE GARCIA nomm\u00e9 nouveau Directeur g\u00e9n\u00e9ral d&rsquo;ISOVER et de PLACO\u00ae","date":"29 mars 2023","format":false,"excerpt":"Nomm\u00e9 Directeur G\u00e9n\u00e9ral d\u2019Isover et de Placo\u00ae depuis le 1er mars, St\u00e9phane Garcia succ\u00e8de \u00e0 Christian Bouigeon qui a souhait\u00e9 poursuivre sa carri\u00e8re en dehors du Groupe Saint-Gobain. Son ambition est de renforcer le leadership des deux marques dans leur coeur de m\u00e9tier : proposer des solutions performantes et \u00e0\u2026","rel":"","context":"Dans &quot;Nominations&quot;","img":{"alt_text":"","src":"https:\/\/i2.wp.com\/batimedianews.com\/live\/wp-content\/uploads\/2023\/03\/Placo_Isover-Article.jpg?fit=1080%2C1080&resize=350%2C200","width":350,"height":200},"classes":[]},{"id":43651,"url":"http:\/\/batimedianews.com\/live\/index.php\/2025\/03\/17\/renouvellement-du-partenariat-entre-la-capeb-et-isover-et-placo-une-collaboration-renforcee-pour-accompagner-les-artisans-du-batiment\/","url_meta":{"origin":1427,"position":4},"title":"Renouvellement du partenariat entre la CAPEB et Isover et Placo : une collaboration renforc\u00e9e pour accompagner les artisans du b\u00e2timent","date":"17 mars 2025","format":false,"excerpt":"La CAPEB et Isover et Placo annoncent le renouvellement de leur partenariat. Cette collaboration, initi\u00e9e depuis plusieurs ann\u00e9es, vise \u00e0 renforcer les \u00e9changes entre les artisans du b\u00e2timent et les industriels pour d\u00e9velopper des solutions innovantes, am\u00e9liorer les conditions de travail et promouvoir les m\u00e9tiers du secteur. Des actions concr\u00e8tes\u2026","rel":"","context":"Dans &quot;Placo&quot;","img":{"alt_text":"","src":"https:\/\/i1.wp.com\/batimedianews.com\/live\/wp-content\/uploads\/2025\/03\/CAPEB_PLACO-articles-.jpg?fit=825%2C825&resize=350%2C200","width":350,"height":200},"classes":[]},{"id":11967,"url":"http:\/\/batimedianews.com\/live\/index.php\/2021\/09\/13\/isover-devoile-sa-feuille-de-route-renforcee-et-agit-en-faveur-du-developpement-durable\/","url_meta":{"origin":1427,"position":5},"title":"ISOVER D\u00c9VOILE SA FEUILLE DE ROUTE RENFORC\u00c9E ET AGIT EN FAVEUR DU D\u00c9VELOPPEMENT DURABLE","date":"13 septembre 2021","format":false,"excerpt":"ISOVER, leader des solutions d\u2019isolation durable, annonce des objectifs ambitieux pour atteindre la neutralit\u00e9 carbone d\u2019ici 2050.\u00a0 \u00a0Plus que jamais, dans le contexte d\u2019urgence climatique actuel, qui bouleverse nos habitudes et change notre fa\u00e7on de vivre, la transformation environnementale est au coeur de la strat\u00e9gie d\u2019ISOVER.\u00a0 La marque, active depuis\u2026","rel":"","context":"Dans &quot;Actualit\u00e9 Entreprises&quot;","img":{"alt_text":"","src":"https:\/\/i1.wp.com\/batimedianews.com\/live\/wp-content\/uploads\/2021\/09\/Isover-Article-1.jpg?fit=512%2C512&resize=350%2C200","width":350,"height":200},"classes":[]}],"_links":{"self":[{"href":"http:\/\/batimedianews.com\/live\/index.php\/wp-json\/wp\/v2\/posts\/1427"}],"collection":[{"href":"http:\/\/batimedianews.com\/live\/index.php\/wp-json\/wp\/v2\/posts"}],"about":[{"href":"http:\/\/batimedianews.com\/live\/index.php\/wp-json\/wp\/v2\/types\/post"}],"author":[{"embeddable":true,"href":"http:\/\/batimedianews.com\/live\/index.php\/wp-json\/wp\/v2\/users\/1"}],"replies":[{"embeddable":true,"href":"http:\/\/batimedianews.com\/live\/index.php\/wp-json\/wp\/v2\/comments?post=1427"}],"version-history":[{"count":2,"href":"http:\/\/batimedianews.com\/live\/index.php\/wp-json\/wp\/v2\/posts\/1427\/revisions"}],"predecessor-version":[{"id":2353,"href":"http:\/\/batimedianews.com\/live\/index.php\/wp-json\/wp\/v2\/posts\/1427\/revisions\/2353"}],"wp:featuredmedia":[{"embeddable":true,"href":"http:\/\/batimedianews.com\/live\/index.php\/wp-json\/wp\/v2\/media\/2320"}],"wp:attachment":[{"href":"http:\/\/batimedianews.com\/live\/index.php\/wp-json\/wp\/v2\/media?parent=1427"}],"wp:term":[{"taxonomy":"category","embeddable":true,"href":"http:\/\/batimedianews.com\/live\/index.php\/wp-json\/wp\/v2\/categories?post=1427"},{"taxonomy":"post_tag","embeddable":true,"href":"http:\/\/batimedianews.com\/live\/index.php\/wp-json\/wp\/v2\/tags?post=1427"}],"curies":[{"name":"wp","href":"https:\/\/api.w.org\/{rel}","templated":true}]}}