{"id":1438,"date":"2019-07-26T13:06:05","date_gmt":"2019-07-26T11:06:05","guid":{"rendered":"http:\/\/batimedialive.com\/?p=1438"},"modified":"2021-10-20T12:52:58","modified_gmt":"2021-10-20T10:52:58","slug":"et-si-vos-radiateurs-connectes-vous-permettaient-de-realiser-plus-deconomies-denergie","status":"publish","type":"post","link":"http:\/\/batimedianews.com\/live\/index.php\/2019\/07\/26\/et-si-vos-radiateurs-connectes-vous-permettaient-de-realiser-plus-deconomies-denergie\/","title":{"rendered":"Et si vos radiateurs connect\u00e9s vous permettaient de r\u00e9aliser plus d&rsquo;\u00e9conomies d&rsquo;\u00e9nergie ?"},"content":{"rendered":"<h3 style=\"text-align:justify;\"><em>Gr\u00e2ce aux radiateurs connect\u00e9s Thermor et \u00e0 leurs fonctions intelligentes, il est possible&nbsp;<\/em><em>de r\u00e9aliser jusqu\u2019\u00e0 20% d\u2019\u00e9conomies sur sa facture d\u2019\u00e9lectricit\u00e9 (1).<\/em><\/h3>\n<p style=\"text-align:justify;\">Il est loin le temps des appareils chauffant&nbsp;trop fort tout ce qui se trouve autour ou&nbsp;ass\u00e9chant l\u2019air ambiant. D\u00e9sormais, avec&nbsp;Thermor, les radiateurs offrent un confort sur&nbsp;mesure, contr\u00f4l\u00e9 et s\u2019adaptent aux besoins&nbsp;et aux modes de vie de chacun.<br \/>\nLes 60% de fran\u00e7ais qui chauffent toute la&nbsp;journ\u00e9e leur logement, en cas d\u2019absence&nbsp;prolong\u00e9e durant un week-end(2), seront&nbsp;heureux d\u2019apprendre qu\u2019il est possible de&nbsp;programmer la mise en route du chauffage, peu avant leur retour, gr\u00e2ce \u00e0 la<br \/>\nprogrammation int\u00e9gr\u00e9e ; et de ne chauffer&nbsp;une pi\u00e8ce que si elle est occup\u00e9e (d\u00e9tection<br \/>\nd\u2019occupation avec capteurs int\u00e9gr\u00e9s) ou de&nbsp;couper automatiquement le chauffage d\u00e8s<br \/>\nqu\u2019une fen\u00eatre ouverte est rep\u00e9r\u00e9e.<br \/>\nC\u2019est prouv\u00e9, une r\u00e9gulation et une&nbsp;programmation performantes optimisent le&nbsp;fonctionnement du chauffage et \u00e9vitent les&nbsp;d\u00e9perditions de chaleur.<\/p>\n<h2 style=\"text-align:justify;\">Les radiateurs connect\u00e9s Thermor peuvent aussi \u00eatre contr\u00f4l\u00e9s \u00e0 distance.<\/h2>\n<p style=\"text-align:justify;\"><img loading=\"lazy\" class=\"  wp-image-1447 alignleft\" src=\"https:\/\/batimedialive.files.wordpress.com\/2019\/07\/thermor2.jpg?resize=314%2C427\" alt=\"thermor2\" width=\"314\" height=\"427\"  data-recalc-dims=\"1\">Avec l\u2019application Thermor Cozytouch, piloter ses \u00e9quipements, quel que soit l\u2019endroit o\u00f9&nbsp; l\u2019on se trouve, r\u00e9gler la temp\u00e9rature du chauffage pi\u00e8ce par pi\u00e8ce au demi degr\u00e9 pr\u00e8s&nbsp; et visualiser en temps r\u00e9el sa consommation d\u2019\u00e9nergie sur son smartphone ou sa tablette,&nbsp; est aussi simple qu\u2019un jeu d\u2019enfant !<br \/>\nDe solides arguments qui devraient inciter les particuliers qui ne programment pas leurs&nbsp; radiateurs (soit 1 fran\u00e7ais sur 2), \u00e0 le faire scrupuleusement et \u00e0 \u00e9quiper leur&nbsp; logement de radiateurs connect\u00e9s.<br \/>\nEn effet, pour Thermor, changer ses radiateurs est un acte r\u00e9fl\u00e9chi, qui au-del\u00e0 du&nbsp; confort accru est aussi une v\u00e9ritable source d\u2019\u00e9conomies. Int\u00e9ressant lorsque l\u2019on sait&nbsp; qu\u2019un seul degr\u00e9 en moins, \u00e9quivaut \u00e0 une baisse de consommation \u00e9lectrique de 7% !(3)<\/p>\n<h2 style=\"text-align:justify;\">Profiter d\u2019un bilan de consommation \u00e9lectrique,<br \/>\nc\u2019est aussi une source d\u2019\u00e9conomies.<\/h2>\n<p style=\"text-align:justify;\">Pour aller encore plus loin et proposer encore plus d\u2019\u00e9conomies, Thermor s\u2019allie avec la start-up Wivaldy, sp\u00e9cialiste de l\u2019analyse de la consommation d\u2019\u00e9nergie.<\/p>\n<p style=\"text-align:justify;\">2 foyers sur 3 ont des options tarifaires non rentables : 58% ont sur\u00e9valu\u00e9 la puissance \u00e9lectrique de leur installation et donc de leur abonnement et 41% ont une tarification Heures Creuses \/ Heures Pleines non justifi\u00e9e au regard de l\u2019utilisation de leurs appareils \u00e9lectriques(4).<br \/>\n<img loading=\"lazy\" class=\" size-full wp-image-1448 alignright\" src=\"https:\/\/batimedialive.files.wordpress.com\/2019\/07\/thermor3.jpg?resize=458%2C257\" alt=\"thermor3\" width=\"458\" height=\"257\"  data-recalc-dims=\"1\">C\u2019est ce constat qui a amen\u00e9 Wivaldy \u00e0 proposer, aux 16 millions de particuliers \u00e9quip\u00e9s de compteurs communicants Linky, d\u2019\u00e9valuer leur consommation \u00e9nerg\u00e9tique afin qu\u2019ils puissent comprendre comment ils peuvent r\u00e9duire leurs d\u00e9penses.<br \/>\nEn associant les radiateurs connect\u00e9s Thermor et l\u2019appli Cozytouch \u00e0 l\u2019expertise Wivaldy, c\u2019est le b\u00e9n\u00e9fice d\u2019un bilan de consommation \u00e9lectrique offert et de conseils hebdomadaires personnalis\u00e9s pour r\u00e9duire la facture d\u2019\u00e9nergie.<br \/>\nUn rapport, envoy\u00e9 par email chaque semaine, permet de v\u00e9rifier que les options tarifaires sont bien adapt\u00e9es aux logements et aux habitudes des occupants, d\u2019identifier les sur-consommations et de d\u00e9finir avec pr\u00e9cision quels sont les \u00e9quipements de la maison qui requi\u00e8rent une am\u00e9lioration en termes d\u2019usage.<br \/>\nSur la base de ces \u00e9l\u00e9ments, les particuliers re\u00e7oivent \u00e9galement de la part de Wivaldy des recommandations tangibles afin d\u2019abaisser leur facture d\u2019\u00e9nergie et optimiser leur abonnement \u00e9lectrique. En effet, avoir les bonnes informations sous les yeux, c\u2019est avoir la possibilit\u00e9 de prendre les bonnes d\u00e9cisions.<br \/>\nA l\u2019exemple de celles qu\u2019offre la visualisation Wivaldy de la consommation g\u00e9n\u00e9rale de son logement, et du chauffage pi\u00e8ce par pi\u00e8ce gr\u00e2ce \u00e0 la richesse des fonctionnalit\u00e9s des radiateurs connect\u00e9s Thermor.<br \/>\nEn cette p\u00e9riode de prise de conscience \u00e9nerg\u00e9tique, Thermor et Wivaldy affichent une m\u00eame volont\u00e9 qui consiste \u00e0 influer de mani\u00e8re concr\u00e8te sur la consommation \u00e9lectrique de leurs clients, en leur permettant de r\u00e9aliser des \u00e9conomies financi\u00e8res non n\u00e9gligeables.<\/p>\n<p>(1) Par rapport \u00e0 un convecteur \u00ab grille-pain \u00bb. Exemple : pour un m\u00e9nage qui d\u00e9pense en moyenne 1500\u20ac par an en facture d\u2019\u00e9lectricit\u00e9 (source ADEME), il peut r\u00e9aliser gr\u00e2ce \u00e0 ce syst\u00e8me de chauffage jusqu\u2019\u00e0 300\u20ac d\u2019\u00e9conomies (soit 20%), sans proc\u00e9der \u00e0 des travaux d\u2019isolation.<br \/>\n(2) Source : Etude Groupe Atlantic<br \/>\n(3) Source Ademe<br \/>\n(4) Source Wivaldy<\/p>\n<h2>\nA propos de Thermor<\/h2>\n<p style=\"text-align:justify;\">Thermor est un fabricant fran\u00e7ais de radiateurs \u00e9lectriques et connect\u00e9s, s\u00e8che- serviettes, radiateurs salle de bains, pompe \u00e0 chaleur piscine, chauffe-eau \u00e9lectriques et ENR. Cr\u00e9\u00e9e en 1931, Thermor est une marque fran\u00e7aise, reconnue pour la qualit\u00e9 et la durabilit\u00e9 de ses produits qui allient \u00e0 la fois confort, \u00e9conomies d\u2019\u00e9nergie et respect de l\u2019environnement. Thermor con\u00e7oit et fabrique ses radiateurs et chauffe-eau \u00e9lectriques principalement sur ses 6 sites de production bas\u00e9s en France.<\/p>\n<h2>\nA propos de Wivaldy<\/h2>\n<p style=\"text-align:justify;\">Wivaldy est une start up qui permet au particulier de ma\u00eetriser sa consommation d\u2019\u00e9lectricit\u00e9 au fil des quatre saisons, gr\u00e2ce \u00e0 un bilan personnalis\u00e9 bas\u00e9 sur les donn\u00e9es des compteurs communicants et \u00e0 un suivi en temps r\u00e9el sur la plateforme. L\u2019entreprise a \u00e9t\u00e9 cr\u00e9\u00e9e en 2016 et est install\u00e9e \u00e0 Station F. Wivaldy veut contribuer \u00e0 engager le consommateur dans la transition \u00e9nerg\u00e9tique, persuad\u00e9 qu\u2019il joue un r\u00f4le central dans les probl\u00e9matiques d\u2019\u00e9quilibrage du r\u00e9seau.<\/p>\n","protected":false},"excerpt":{"rendered":"<p>Gr\u00e2ce aux radiateurs connect\u00e9s Thermor et \u00e0 leurs fonctions intelligentes, il est possible&nbsp;de r\u00e9aliser jusqu\u2019\u00e0 20% d\u2019\u00e9conomies sur sa facture d\u2019\u00e9lectricit\u00e9 (1). Il est loin le temps des appareils chauffant&nbsp;trop fort tout ce qui se trouve autour ou&nbsp;ass\u00e9chant l\u2019air ambiant. D\u00e9sormais, avec&nbsp;Thermor, les radiateurs offrent un confort sur&nbsp;mesure, contr\u00f4l\u00e9 et s\u2019adaptent aux besoins&nbsp;et aux modes [&hellip;]<\/p>\n","protected":false},"author":1,"featured_media":2332,"comment_status":"open","ping_status":"open","sticky":false,"template":"","format":"standard","meta":{"spay_email":""},"categories":[4,31,128],"tags":[],"jetpack_featured_media_url":"https:\/\/i0.wp.com\/batimedianews.com\/live\/wp-content\/uploads\/2019\/08\/thermor1.jpg?fit=1015%2C658","jetpack_sharing_enabled":true,"jetpack_likes_enabled":true,"jetpack-related-posts":[{"id":15563,"url":"http:\/\/batimedianews.com\/live\/index.php\/2022\/02\/04\/le-guide-pro-thermor-2022-est-arrive\/","url_meta":{"origin":1438,"position":0},"title":"Le Guide Pro Thermor 2022 est arriv\u00e9 !","date":"4 f\u00e9vrier 2022","format":false,"excerpt":"Pour accompagner distributeurs et installateurs, la marque fran\u00e7aise Thermor propose, \u00e0 partir du 1er\u00a0F\u00e9vrier, son nouveau Guide Pro 2022. Radiateurs \u00e9lectriques, s\u00e8ches serviettes, chauffages tertiaires, climatisations r\u00e9versibles, chauffe-eau et pompes \u00e0 chaleur pour piscine, toutes les r\u00e9f\u00e9rences propos\u00e9es par la marque Thermor sont \u00e0 retrouver dans ce guide. A noter,\u2026","rel":"","context":"Dans &quot;Actualit\u00e9 Entreprises&quot;","img":{"alt_text":"","src":"https:\/\/i1.wp.com\/batimedianews.com\/live\/wp-content\/uploads\/2022\/02\/Thermor-Article.jpg?fit=512%2C512&resize=350%2C200","width":350,"height":200},"classes":[]},{"id":15392,"url":"http:\/\/batimedianews.com\/live\/index.php\/2022\/02\/01\/chauffage-electrique-comment-gerer-en-periode-de-froid\/","url_meta":{"origin":1438,"position":1},"title":"Chauffage \u00e9lectrique, comment g\u00e9rer en p\u00e9riode de froid ?","date":"1 f\u00e9vrier 2022","format":false,"excerpt":"9,5 millions de logements sont \u00e9quip\u00e9s d'un syst\u00e8me de chauffage \u00e9lectrique en France. En plein hiver et avec des tarifs d'\u00e9nergie qui flambent, il est indispensable d'adopter les bons gestes avec un mat\u00e9riel adapt\u00e9. Faut-il \u00e9teindre le chauffage quand le logement est vide\u00a0? pour une longue p\u00e9riode\u00a0? en journ\u00e9e\u00a0?Y a-t-il\u2026","rel":"","context":"Dans &quot;Chauffage&quot;","img":{"alt_text":"","src":"https:\/\/i0.wp.com\/batimedianews.com\/live\/wp-content\/uploads\/2022\/02\/thermor.jpg?fit=512%2C512&resize=350%2C200","width":350,"height":200},"classes":[]},{"id":10976,"url":"http:\/\/batimedianews.com\/live\/index.php\/2021\/07\/13\/comment-sassurer-un-confort-constant-dans-son-logement-quand-les-temperatures-font-le-yoyo\/","url_meta":{"origin":1438,"position":2},"title":"Comment s&rsquo;assurer un confort constant dans son logement quand les temp\u00e9ratures font le yoyo ?","date":"13 juillet 2021","format":false,"excerpt":"Des records de chaleur, des chutes brutales de temp\u00e9ratures, des pluies diluviennes... ce d\u00e9but d'\u00e9t\u00e9 fait jongler les thermom\u00e8tres des logements et donc le confort de son int\u00e9rieur. Et pourtant, meteo France annonce des temp\u00e9ratures au dessus des normales de saison pour cet \u00e9t\u00e9. Alors pour se pr\u00e9parer \u00e0 un\u2026","rel":"","context":"Dans &quot;Actualit\u00e9 Entreprises&quot;","img":{"alt_text":"","src":"https:\/\/i0.wp.com\/batimedianews.com\/live\/wp-content\/uploads\/2021\/07\/Thermor-Article.jpg?fit=512%2C512&resize=350%2C200","width":350,"height":200},"classes":[]},{"id":12591,"url":"http:\/\/batimedianews.com\/live\/index.php\/2021\/10\/08\/cest-moi-ou-il-fait-froid-avec-thermor-la-bonne-temperature-cest-celle-que-vous-voulez-quand-vous-voulez\/","url_meta":{"origin":1438,"position":3},"title":"\u00ab\u00a0C&rsquo;EST MOI ou il fait froid ?\u00a0\u00bb Avec thermor, la bonne temp\u00e9rature c&rsquo;est celle que vous voulez quand vous voulez.","date":"8 octobre 2021","format":false,"excerpt":"Alors qu\u2019elle f\u00eate cette ann\u00e9e ses 90 ans, Thermor, leader fran\u00e7ais du confort cherche \u00e0 gagner en notori\u00e9t\u00e9 aupr\u00e8s des particuliers propri\u00e9taires de leurs logements ayant des projets de r\u00e9novation et d\u2019am\u00e9lioration du confort de l\u2019habitat.\u00a0 Pour cela Thermor revient en t\u00e9l\u00e9vision d\u00e8s le mois d\u2019Octobre avec une nouvelle campagne\u2026","rel":"","context":"Dans &quot;Actualit\u00e9 Entreprises&quot;","img":{"alt_text":"","src":"https:\/\/i1.wp.com\/batimedianews.com\/live\/wp-content\/uploads\/2021\/10\/Thermor-Article.jpg?fit=512%2C512&resize=350%2C200","width":350,"height":200},"classes":[]},{"id":30411,"url":"http:\/\/batimedianews.com\/live\/index.php\/2023\/09\/07\/thermor-presente-ses-chauffe-eaux-derniere-generation\/","url_meta":{"origin":1438,"position":4},"title":"Thermor pr\u00e9sente ses chauffe-eaux derni\u00e8re g\u00e9n\u00e9ration","date":"7 septembre 2023","format":false,"excerpt":"Thermor, marque fran\u00e7aise sp\u00e9cialiste du confort thermique depuis 1931, d\u00e9voile deux nouveaux chauffe-eau de derni\u00e8re g\u00e9n\u00e9ration\u00a0: Duralis Connect et Aeromax Split 3. Le Duralis Connect Cette nouvelle innovation associe les performances reconnues du chauffe-eau Duralis \u00e0 des fonctionnalit\u00e9s intelligentes permettant une gestion optimale de la production d'eau chaude, le tout\u2026","rel":"","context":"Dans &quot;Actualit\u00e9 Entreprises&quot;","img":{"alt_text":"","src":"https:\/\/i0.wp.com\/batimedianews.com\/live\/wp-content\/uploads\/2023\/07\/Thermor-article.jpg?fit=1080%2C1080&resize=350%2C200","width":350,"height":200},"classes":[]},{"id":18543,"url":"http:\/\/batimedianews.com\/live\/index.php\/2022\/04\/06\/climatiseurs-reversibles-nouvelle-generation-thermor-devoile-ses-nouveautes-2022\/","url_meta":{"origin":1438,"position":5},"title":"Climatiseurs r\u00e9versibles nouvelle g\u00e9n\u00e9ration, Thermor d\u00e9voile ses nouveaut\u00e9s 2022","date":"6 avril 2022","format":false,"excerpt":"Avec ses nouveaux\u00a0climatiseurs r\u00e9versibles\u00a0, Thermor s'invite dans tous les foyers pour permettre \u00e0 chacun d'am\u00e9liorer le confort thermique de son habitation et ce en toutes saisons. Point sur ces nouveaut\u00e9s avec Ang\u00e8le Leydier, cheffe de produit climatisation chez Thermor. La gamme de climatisation r\u00e9versible Nagano s'\u00e9toffe avec le mod\u00e8le Nagano\u2026","rel":"","context":"Dans &quot;Actualit\u00e9 Entreprises&quot;","img":{"alt_text":"","src":"https:\/\/i2.wp.com\/batimedianews.com\/live\/wp-content\/uploads\/2022\/03\/Thermor-Article.jpg?fit=512%2C512&resize=350%2C200","width":350,"height":200},"classes":[]}],"_links":{"self":[{"href":"http:\/\/batimedianews.com\/live\/index.php\/wp-json\/wp\/v2\/posts\/1438"}],"collection":[{"href":"http:\/\/batimedianews.com\/live\/index.php\/wp-json\/wp\/v2\/posts"}],"about":[{"href":"http:\/\/batimedianews.com\/live\/index.php\/wp-json\/wp\/v2\/types\/post"}],"author":[{"embeddable":true,"href":"http:\/\/batimedianews.com\/live\/index.php\/wp-json\/wp\/v2\/users\/1"}],"replies":[{"embeddable":true,"href":"http:\/\/batimedianews.com\/live\/index.php\/wp-json\/wp\/v2\/comments?post=1438"}],"version-history":[{"count":2,"href":"http:\/\/batimedianews.com\/live\/index.php\/wp-json\/wp\/v2\/posts\/1438\/revisions"}],"predecessor-version":[{"id":2351,"href":"http:\/\/batimedianews.com\/live\/index.php\/wp-json\/wp\/v2\/posts\/1438\/revisions\/2351"}],"wp:featuredmedia":[{"embeddable":true,"href":"http:\/\/batimedianews.com\/live\/index.php\/wp-json\/wp\/v2\/media\/2332"}],"wp:attachment":[{"href":"http:\/\/batimedianews.com\/live\/index.php\/wp-json\/wp\/v2\/media?parent=1438"}],"wp:term":[{"taxonomy":"category","embeddable":true,"href":"http:\/\/batimedianews.com\/live\/index.php\/wp-json\/wp\/v2\/categories?post=1438"},{"taxonomy":"post_tag","embeddable":true,"href":"http:\/\/batimedianews.com\/live\/index.php\/wp-json\/wp\/v2\/tags?post=1438"}],"curies":[{"name":"wp","href":"https:\/\/api.w.org\/{rel}","templated":true}]}}