{"id":15351,"date":"2022-01-31T10:35:32","date_gmt":"2022-01-31T09:35:32","guid":{"rendered":"http:\/\/batimedianews.com\/live\/?p=15351"},"modified":"2022-04-11T10:32:56","modified_gmt":"2022-04-11T08:32:56","slug":"moniteur-de-co2-ambiant-portable-et-economique-surveillance-et-mesure-en-temps-reel-de-la-qualite-de-lair-interieur","status":"publish","type":"post","link":"http:\/\/batimedianews.com\/live\/index.php\/2022\/01\/31\/moniteur-de-co2-ambiant-portable-et-economique-surveillance-et-mesure-en-temps-reel-de-la-qualite-de-lair-interieur\/","title":{"rendered":"Moniteur de CO2 ambiant portable et \u00e9conomique : surveillance et mesure en temps r\u00e9el de la qualit\u00e9 de l\u2019air int\u00e9rieur"},"content":{"rendered":"\n<figure class=\"wp-block-image size-large\"><img loading=\"lazy\" width=\"720\" height=\"274\" src=\"https:\/\/i1.wp.com\/batimedianews.com\/live\/wp-content\/uploads\/2022\/01\/image-277.png?resize=720%2C274\" alt=\"\" class=\"wp-image-15352\" srcset=\"https:\/\/i1.wp.com\/batimedianews.com\/live\/wp-content\/uploads\/2022\/01\/image-277.png?resize=1024%2C390 1024w, https:\/\/i1.wp.com\/batimedianews.com\/live\/wp-content\/uploads\/2022\/01\/image-277.png?resize=600%2C229 600w, https:\/\/i1.wp.com\/batimedianews.com\/live\/wp-content\/uploads\/2022\/01\/image-277.png?resize=768%2C293 768w, https:\/\/i1.wp.com\/batimedianews.com\/live\/wp-content\/uploads\/2022\/01\/image-277.png?resize=1536%2C585 1536w, https:\/\/i1.wp.com\/batimedianews.com\/live\/wp-content\/uploads\/2022\/01\/image-277.png?resize=10%2C4 10w, https:\/\/i1.wp.com\/batimedianews.com\/live\/wp-content\/uploads\/2022\/01\/image-277.png?resize=432%2C165 432w, https:\/\/i1.wp.com\/batimedianews.com\/live\/wp-content\/uploads\/2022\/01\/image-277.png?resize=396%2C151 396w, https:\/\/i1.wp.com\/batimedianews.com\/live\/wp-content\/uploads\/2022\/01\/image-277.png?resize=1120%2C427 1120w, https:\/\/i1.wp.com\/batimedianews.com\/live\/wp-content\/uploads\/2022\/01\/image-277.png?resize=660%2C251 660w, https:\/\/i1.wp.com\/batimedianews.com\/live\/wp-content\/uploads\/2022\/01\/image-277.png?resize=577%2C220 577w, https:\/\/i1.wp.com\/batimedianews.com\/live\/wp-content\/uploads\/2022\/01\/image-277.png?w=1622 1622w, https:\/\/i1.wp.com\/batimedianews.com\/live\/wp-content\/uploads\/2022\/01\/image-277.png?w=1440 1440w\" sizes=\"(max-width: 600px) 91vw, (max-width: 900px) 600px, (max-width: 1060px) 50vw, (max-width: 1200px) 520px, (max-width: 1400px) 43vw, 600px\" data-recalc-dims=\"1\" \/><\/figure>\n\n\n\n<p>Afin d\u2019offrir une r\u00e9ponse adapt\u00e9e aux contraintes des \u00e9coles, des restaurants et petits \u00e9tablissements recevant du public, Testo, fabricant reconnu, compl\u00e8te sa gamme d\u2019appareils de mesure d\u00e9di\u00e9s \u00e0 la surveillance et la qualit\u00e9 de l\u2019air int\u00e9rieur en distribuant un nouveau moniteur de CO2 ambiant \u00e9conomique et facile \u00e0 d\u00e9ployer.<\/p>\n\n\n\n<p>Les salles de classe, restaurants et \u00e9tablissements \u00e9quip\u00e9s de syst\u00e8mes de chauffage, ventilation et climatisation obsol\u00e8tes peuvent favoriser des environnements o\u00f9 le risque de transmission virale par l\u2019air respir\u00e9 augmente. Le nouveau Moniteur de CO2 ambiant propos\u00e9 par Testo \u00e9met une alarme en pr\u00e9sence de conditions susceptibles d\u2019accro\u00eetre le risque d\u2019exposition.<\/p>\n\n\n\n<div class=\"wp-block-image\"><figure class=\"alignleft size-large\"><img loading=\"lazy\" width=\"612\" height=\"486\" src=\"https:\/\/i1.wp.com\/batimedianews.com\/live\/wp-content\/uploads\/2022\/01\/image-280.png?resize=612%2C486\" alt=\"\" class=\"wp-image-15356\" srcset=\"https:\/\/i1.wp.com\/batimedianews.com\/live\/wp-content\/uploads\/2022\/01\/image-280.png?w=612 612w, https:\/\/i1.wp.com\/batimedianews.com\/live\/wp-content\/uploads\/2022\/01\/image-280.png?resize=600%2C476 600w, https:\/\/i1.wp.com\/batimedianews.com\/live\/wp-content\/uploads\/2022\/01\/image-280.png?resize=10%2C8 10w, https:\/\/i1.wp.com\/batimedianews.com\/live\/wp-content\/uploads\/2022\/01\/image-280.png?resize=432%2C343 432w, https:\/\/i1.wp.com\/batimedianews.com\/live\/wp-content\/uploads\/2022\/01\/image-280.png?resize=396%2C314 396w, https:\/\/i1.wp.com\/batimedianews.com\/live\/wp-content\/uploads\/2022\/01\/image-280.png?resize=277%2C220 277w\" sizes=\"(max-width: 600px) 91vw, (max-width: 900px) 600px, (max-width: 1060px) 50vw, (max-width: 1200px) 520px, (max-width: 1400px) 43vw, 600px\" data-recalc-dims=\"1\" \/><\/figure><\/div>\n\n\n\n<p>Facile \u00e0 d\u00e9ployer, le moniteur de CO2 ambiant est un appareil portable qui mesure, en temps r\u00e9el, le dioxyde de carbone et comporte un syst\u00e8me exclusif d\u2019alerte de pr\u00e9sence de risque bas\u00e9 sur les diff\u00e9rents niveaux d\u2019activit\u00e9 dans une pi\u00e8ce.<\/p>\n\n\n\n<p>Pour chaque param\u00e8tre, le moniteur fournit des indications \u00e0 la mani\u00e8re d\u2019un feu tricolore :<\/p>\n\n\n\n<div class=\"wp-block-image\"><figure class=\"aligncenter size-large is-resized\"><img loading=\"lazy\" src=\"https:\/\/i1.wp.com\/batimedianews.com\/live\/wp-content\/uploads\/2022\/01\/image-281.png?resize=273%2C84\" alt=\"\" class=\"wp-image-15357\" width=\"273\" height=\"84\" srcset=\"https:\/\/i1.wp.com\/batimedianews.com\/live\/wp-content\/uploads\/2022\/01\/image-281.png?w=612 612w, https:\/\/i1.wp.com\/batimedianews.com\/live\/wp-content\/uploads\/2022\/01\/image-281.png?resize=600%2C184 600w, https:\/\/i1.wp.com\/batimedianews.com\/live\/wp-content\/uploads\/2022\/01\/image-281.png?resize=10%2C3 10w, https:\/\/i1.wp.com\/batimedianews.com\/live\/wp-content\/uploads\/2022\/01\/image-281.png?resize=432%2C133 432w, https:\/\/i1.wp.com\/batimedianews.com\/live\/wp-content\/uploads\/2022\/01\/image-281.png?resize=396%2C122 396w\" sizes=\"(max-width: 600px) 91vw, (max-width: 900px) 600px, (max-width: 1060px) 50vw, (max-width: 1200px) 520px, (max-width: 1400px) 43vw, 600px\" data-recalc-dims=\"1\" \/><\/figure><\/div>\n\n\n\n<p>\u2022 rouge : risque de transmission virale par l\u2019air respir\u00e9 potentiellement \u00e9lev\u00e9 ;<\/p>\n\n\n\n<p>\u2022 jaune : risque de transmission virale par l\u2019air respir\u00e9 potentiellement mod\u00e9r\u00e9 ;<\/p>\n\n\n\n<p>\u2022 vert : risque de transmission virale par l\u2019air respir\u00e9 potentiellement faible.<\/p>\n\n\n\n<div class=\"wp-block-image\"><figure class=\"alignleft size-large\"><img loading=\"lazy\" width=\"720\" height=\"442\" src=\"https:\/\/i0.wp.com\/batimedianews.com\/live\/wp-content\/uploads\/2022\/01\/image-283.png?resize=720%2C442\" alt=\"\" class=\"wp-image-15359\" srcset=\"https:\/\/i0.wp.com\/batimedianews.com\/live\/wp-content\/uploads\/2022\/01\/image-283.png?w=772 772w, https:\/\/i0.wp.com\/batimedianews.com\/live\/wp-content\/uploads\/2022\/01\/image-283.png?resize=600%2C368 600w, https:\/\/i0.wp.com\/batimedianews.com\/live\/wp-content\/uploads\/2022\/01\/image-283.png?resize=768%2C472 768w, https:\/\/i0.wp.com\/batimedianews.com\/live\/wp-content\/uploads\/2022\/01\/image-283.png?resize=10%2C6 10w, https:\/\/i0.wp.com\/batimedianews.com\/live\/wp-content\/uploads\/2022\/01\/image-283.png?resize=432%2C265 432w, https:\/\/i0.wp.com\/batimedianews.com\/live\/wp-content\/uploads\/2022\/01\/image-283.png?resize=396%2C243 396w, https:\/\/i0.wp.com\/batimedianews.com\/live\/wp-content\/uploads\/2022\/01\/image-283.png?resize=660%2C405 660w, https:\/\/i0.wp.com\/batimedianews.com\/live\/wp-content\/uploads\/2022\/01\/image-283.png?resize=358%2C220 358w\" sizes=\"(max-width: 600px) 91vw, (max-width: 900px) 600px, (max-width: 1060px) 50vw, (max-width: 1200px) 520px, (max-width: 1400px) 43vw, 600px\" data-recalc-dims=\"1\" \/><\/figure><\/div>\n\n\n\n<p>Il \u00e9met simultan\u00e9ment une alarme sonore afin que les utilisateurs soient inform\u00e9s de la pr\u00e9sence de conditions susceptibles d\u2019accro\u00eetre le risque de transmission virale, en se basant sur les niveaux de dioxyde de carbone d\u00e9tectable.<\/p>\n\n\n\n<p>Ces diff\u00e9rentes indications permettent d\u2019\u00e9valuer en un clin d\u2019\u0153il le niveau de risque potentiel de transmission virale et d\u2019am\u00e9liorer de mani\u00e8re proactive la ventilation int\u00e9rieure de la pi\u00e8ce.<\/p>\n\n\n\n<p>Le moniteur de CO2 propos\u00e9 par Testo est livr\u00e9 avec un c\u00e2ble de charge USB et un bloc secteur.<\/p>\n\n\n\n<p>Prix public HT indicatif : \u00e0 partir de 145 euros<\/p>\n\n\n\n<p>Avec ce nouvel appareil d\u2019entr\u00e9e de gamme et son afficheur de CO2 ambiant connect\u00e9 testo 160 AV, Testo propose une offre pour la surveillance et la mesure de la qualit\u00e9 de l\u2019air int\u00e9rieur adapt\u00e9e \u00e0 tous les besoins.<\/p>\n\n\n\n<div class=\"wp-block-group has-background\" style=\"background-color:#ec8405\"><div class=\"wp-block-group__inner-container\">\n<p class=\"has-small-font-size\"><strong><em>Testo France<\/em><\/strong><\/p>\n\n\n\n<p class=\"has-small-font-size\"><em>Leader national et mondial sur le march\u00e9 des appareils de mesures, Testo a su s\u2019imposer comme partenaire privil\u00e9gi\u00e9 de bien des professionnels \u00e0 travers le monde.<\/em><\/p>\n\n\n\n<p class=\"has-small-font-size\"><em>Tout a commenc\u00e9 en Allemagne en 1957 avec une id\u00e9e toute simple : un thermom\u00e8tre \u00e9lectronique \u00e9labor\u00e9 \u00e0 partir d\u2019une technologie nouvelle pour l\u2019\u00e9poque.<\/em><\/p>\n\n\n\n<p class=\"has-small-font-size\"><em>Aujourd\u2019hui, Testo est une marque reconnue dans le monde entier avec plus de 33 filiales pour la repr\u00e9senter. En France, Testo doit ses 40 ans de succ\u00e8s \u00e0 sa technologie de pointe et d\u2019innovation mais aussi aux hommes qui constituent le capital qui fera toujours la diff\u00e9rence.<\/em><\/p>\n<\/div><\/div>\n","protected":false},"excerpt":{"rendered":"<p>Afin d\u2019offrir une r\u00e9ponse adapt\u00e9e aux contraintes des \u00e9coles, des restaurants et petits \u00e9tablissements recevant du public, Testo, fabricant reconnu, compl\u00e8te sa gamme d\u2019appareils de mesure d\u00e9di\u00e9s \u00e0 la surveillance et la qualit\u00e9 de l\u2019air int\u00e9rieur en distribuant un nouveau moniteur de CO2 ambiant \u00e9conomique et facile \u00e0 d\u00e9ployer. Les salles de classe, restaurants et [&hellip;]<\/p>\n","protected":false},"author":41,"featured_media":15361,"comment_status":"open","ping_status":"open","sticky":false,"template":"","format":"standard","meta":{"spay_email":""},"categories":[4,59,124,552],"tags":[1567,1552,1566],"jetpack_featured_media_url":"https:\/\/i1.wp.com\/batimedianews.com\/live\/wp-content\/uploads\/2022\/01\/testo-Article.jpg?fit=1224%2C512","jetpack_sharing_enabled":true,"jetpack_likes_enabled":true,"jetpack-related-posts":[{"id":41614,"url":"http:\/\/batimedianews.com\/live\/index.php\/2024\/11\/26\/nouveau-uniclima-annonce-la-publication-dun-guide-surveiller-la-qualite-de-lair-interieur\/","url_meta":{"origin":15351,"position":0},"title":"Nouveau ! Uniclima annonce la publication d\u2019un guide \u00ab Surveiller la qualit\u00e9 de l\u2019air int\u00e9rieur \u00bb","date":"26 novembre 2024","format":false,"excerpt":"Uniclima publie un tout nouveau guide \u00ab Surveiller la qualit\u00e9 de l\u2019air int\u00e9rieur \u00bb, destin\u00e9 \u00e0 sensibiliser les propri\u00e9taires et exploitants d\u2019\u00e9tablissements recevant du public (ERP) sur ce v\u00e9ritable enjeu de sant\u00e9 publique de notre soci\u00e9t\u00e9.\u00a0 Depuis janvier 2023, la r\u00e9glementation fran\u00e7aise a \u00e9t\u00e9 renforc\u00e9e dans un certain nombre d\u2019\u00e9tablissements\u2026","rel":"","context":"Dans &quot;Actualit\u00e9 Entreprises&quot;","img":{"alt_text":"","src":"https:\/\/i2.wp.com\/batimedianews.com\/live\/wp-content\/uploads\/2024\/11\/Uniclima-articles-.jpg?fit=825%2C825&resize=350%2C200","width":350,"height":200},"classes":[]},{"id":26229,"url":"http:\/\/batimedianews.com\/live\/index.php\/2023\/02\/16\/nouvelle-generation-dappareils-de-mesure-compacts-et-connectes-testo-pour-le-secteur-cvc-lassurance-dun-travail-rapide-simple-et-precis\/","url_meta":{"origin":15351,"position":1},"title":"Nouvelle g\u00e9n\u00e9ration d\u2019appareils de mesure compacts et connect\u00e9s Testo pour le secteur CVC l\u2019assurance d\u2019un travail rapide, simple et pr\u00e9cis","date":"16 f\u00e9vrier 2023","format":false,"excerpt":"Que ce soit dans le cadre d\u2019installation, d\u2019entretien ou de maintenance, les professionnels du secteur du chauffage, de la ventilation et de la climatisation sont toujours en qu\u00eate d\u2019outils facilitant leur quotidien. Proche de leurs attentes, Testo fait \u00e9voluer sa gamme d\u2019appareils de mesure pour le secteur CVC. Plus compacts,\u2026","rel":"","context":"Dans &quot;Actualit\u00e9 Entreprises&quot;","img":{"alt_text":"","src":"https:\/\/i2.wp.com\/batimedianews.com\/live\/wp-content\/uploads\/2023\/02\/testoArticle.jpg?fit=1080%2C1080&resize=350%2C200","width":350,"height":200},"classes":[]},{"id":9965,"url":"http:\/\/batimedianews.com\/live\/index.php\/2021\/05\/18\/g-on-lance-g-on-life-sa-nouvelle-offre-de-mesure-surveillance-et-monitoring-de-la-sante-et-du-confort-dans-les-batiments\/","url_meta":{"origin":15351,"position":2},"title":"G-ON lance G-ON Life, sa nouvelle offre de mesure, surveillance et monitoring de la sant\u00e9 et du confort dans les b\u00e2timents","date":"18 mai 2021","format":false,"excerpt":"Les b\u00e2timents jouent un r\u00f4le essentiel dans notre sant\u00e9. La pollution de l\u2019air int\u00e9rieur, la mauvaise qualit\u00e9 de l\u2019\u00e9clairage ou encore les probl\u00e8mes de temp\u00e9rature ou de climatisation peuvent incommoder les occupants. Pour les entreprises, cela se traduit souvent par une baisse de la productivit\u00e9 : il a ainsi \u00e9t\u00e9\u2026","rel":"","context":"Dans &quot;Actualit\u00e9 Entreprises&quot;","img":{"alt_text":"","src":"https:\/\/i1.wp.com\/batimedianews.com\/live\/wp-content\/uploads\/2021\/05\/G.ON-Article.jpg?fit=512%2C512&resize=350%2C200","width":350,"height":200},"classes":[]},{"id":38309,"url":"http:\/\/batimedianews.com\/live\/index.php\/2024\/06\/21\/testo-enrichit-son-application-testo-smart-par-deux-nouvelles-fonctionnalites-efficacite-et-gain-de-temps-garantis\/","url_meta":{"origin":15351,"position":3},"title":"Testo enrichit son Application testo Smart par deux nouvelles fonctionnalit\u00e9s : efficacit\u00e9 et gain de temps garantis !","date":"21 juin 2024","format":false,"excerpt":"Le r\u00e9glage des centrales de traitement d\u2019air et des syst\u00e8mes de ventilation est essentiel dans un b\u00e2timent pour garantir une bonne qualit\u00e9 de l\u2019air \u00e0 ses occupants. Pour faciliter le travail des techniciens de maintenance en a\u00e9raulique et des exploitants lors de leur mise en service et de leur r\u00e9glage,\u2026","rel":"","context":"Dans &quot;Actualit\u00e9 Entreprises&quot;","img":{"alt_text":"","src":"https:\/\/i1.wp.com\/batimedianews.com\/live\/wp-content\/uploads\/2024\/06\/testo.jpg?fit=825%2C825&resize=350%2C200","width":350,"height":200},"classes":[]},{"id":15992,"url":"http:\/\/batimedianews.com\/live\/index.php\/2022\/02\/15\/airina-un-purificateur-dair-professionnel-autonome-et-silencieux-100-made-in-france\/","url_meta":{"origin":15351,"position":4},"title":"Airina : un purificateur d&rsquo;air professionnel autonome et silencieux 100% Made in France","date":"15 f\u00e9vrier 2022","format":false,"excerpt":"La pand\u00e9mie de COVID-19 aura provoqu\u00e9 une prise de conscience : l\u2019importance de la qualit\u00e9 de l\u2019air que nous respirons.\u00a0 Or, aujourd'hui, il contient des taux inqui\u00e9tants de moisissures, compos\u00e9s organiques volatils, acariens, bact\u00e9ries, particules fines... mais aussi un niveau de CO2 \u00e9lev\u00e9.\u00a0 Les chiffres sont \u00e9loquents. Alors que nous\u2026","rel":"","context":"Dans &quot;Actualit\u00e9 Entreprises&quot;","img":{"alt_text":"","src":"https:\/\/i2.wp.com\/batimedianews.com\/live\/wp-content\/uploads\/2022\/02\/Airina-Article.jpg?fit=512%2C512&resize=350%2C200","width":350,"height":200},"classes":[]},{"id":29649,"url":"http:\/\/batimedianews.com\/live\/index.php\/2023\/06\/27\/france-air-lance-optidrive-smart-le-premier-regulateur-de-debit-autonome-et-connecte-integrant-une-mesure-de-la-qualite-de-lair-interieur\/","url_meta":{"origin":15351,"position":5},"title":"France Air lance OptiDrive Smart+, le premier r\u00e9gulateur de d\u00e9bit autonome et connect\u00e9 int\u00e9grant une mesure de la qualit\u00e9 de l&rsquo;air int\u00e9rieur","date":"27 juin 2023","format":false,"excerpt":"Dans le contexte actuel, les questions de qualit\u00e9 de l'air et de performance \u00e9nerg\u00e9tique sont des enjeux majeurs du b\u00e2timent.\u00a0Le renouvellement de l'air doit \u00eatre assur\u00e9 et les d\u00e9bits d'air neuf hygi\u00e9niques sont r\u00e9glement\u00e9s (code du travail et r\u00e8glement sanitaire d\u00e9partemental Type). Ainsi, chaque type de local, en fonction de\u2026","rel":"","context":"Dans &quot;Actualit\u00e9 Entreprises&quot;","img":{"alt_text":"","src":"https:\/\/i1.wp.com\/batimedianews.com\/live\/wp-content\/uploads\/2023\/06\/FranceAir-Article.jpg?fit=1080%2C1080&resize=350%2C200","width":350,"height":200},"classes":[]}],"_links":{"self":[{"href":"http:\/\/batimedianews.com\/live\/index.php\/wp-json\/wp\/v2\/posts\/15351"}],"collection":[{"href":"http:\/\/batimedianews.com\/live\/index.php\/wp-json\/wp\/v2\/posts"}],"about":[{"href":"http:\/\/batimedianews.com\/live\/index.php\/wp-json\/wp\/v2\/types\/post"}],"author":[{"embeddable":true,"href":"http:\/\/batimedianews.com\/live\/index.php\/wp-json\/wp\/v2\/users\/41"}],"replies":[{"embeddable":true,"href":"http:\/\/batimedianews.com\/live\/index.php\/wp-json\/wp\/v2\/comments?post=15351"}],"version-history":[{"count":2,"href":"http:\/\/batimedianews.com\/live\/index.php\/wp-json\/wp\/v2\/posts\/15351\/revisions"}],"predecessor-version":[{"id":15376,"href":"http:\/\/batimedianews.com\/live\/index.php\/wp-json\/wp\/v2\/posts\/15351\/revisions\/15376"}],"wp:featuredmedia":[{"embeddable":true,"href":"http:\/\/batimedianews.com\/live\/index.php\/wp-json\/wp\/v2\/media\/15361"}],"wp:attachment":[{"href":"http:\/\/batimedianews.com\/live\/index.php\/wp-json\/wp\/v2\/media?parent=15351"}],"wp:term":[{"taxonomy":"category","embeddable":true,"href":"http:\/\/batimedianews.com\/live\/index.php\/wp-json\/wp\/v2\/categories?post=15351"},{"taxonomy":"post_tag","embeddable":true,"href":"http:\/\/batimedianews.com\/live\/index.php\/wp-json\/wp\/v2\/tags?post=15351"}],"curies":[{"name":"wp","href":"https:\/\/api.w.org\/{rel}","templated":true}]}}