{"id":16491,"date":"2022-02-23T11:42:42","date_gmt":"2022-02-23T10:42:42","guid":{"rendered":"http:\/\/batimedianews.com\/live\/?p=16491"},"modified":"2022-04-24T17:22:39","modified_gmt":"2022-04-24T15:22:39","slug":"2022-annee-internationale-du-verre-une-double-ceremonie-douverture-a-lonu-a-geneve-et-au-palais-du-luxembourg-a-paris","status":"publish","type":"post","link":"http:\/\/batimedianews.com\/live\/index.php\/2022\/02\/23\/2022-annee-internationale-du-verre-une-double-ceremonie-douverture-a-lonu-a-geneve-et-au-palais-du-luxembourg-a-paris\/","title":{"rendered":"2022 Ann\u00e9e internationale du verre, une double c\u00e9r\u00e9monie d&rsquo;ouverture \u00e0 l&rsquo;ONU \u00e0 Gen\u00e8ve et au Palais du Luxembourg \u00e0 Paris"},"content":{"rendered":"\n<p><strong>Proclam\u00e9e ann\u00e9e du verre par l&rsquo;ONU, 2022 est une opportunit\u00e9 historique pour le verre.&nbsp;Au niveau international, la c\u00e9r\u00e9monie d&rsquo;ouverture a eu lieu au Palais des Nations \u00e0 Gen\u00e8ve les 10 et 11 f\u00e9vrier 2022. Les interventions de 30 experts ont permis de mettre en lumi\u00e8re les derni\u00e8res r\u00e9flexions sur la mani\u00e8re dont le verre peut contribuer au d\u00e9veloppement de soci\u00e9t\u00e9s plus justes et durables, ainsi que les derni\u00e8res avanc\u00e9es scientifiques et techniques<\/strong>.<\/p>\n\n\n\n<div class=\"wp-block-image\"><figure class=\"aligncenter size-large is-resized\"><img loading=\"lazy\" src=\"https:\/\/i0.wp.com\/batimedianews.com\/live\/wp-content\/uploads\/2022\/02\/image-468.png?resize=467%2C286\" alt=\"\" class=\"wp-image-16492\" width=\"467\" height=\"286\" srcset=\"https:\/\/i0.wp.com\/batimedianews.com\/live\/wp-content\/uploads\/2022\/02\/image-468.png?w=1016 1016w, https:\/\/i0.wp.com\/batimedianews.com\/live\/wp-content\/uploads\/2022\/02\/image-468.png?resize=600%2C369 600w, https:\/\/i0.wp.com\/batimedianews.com\/live\/wp-content\/uploads\/2022\/02\/image-468.png?resize=768%2C472 768w, https:\/\/i0.wp.com\/batimedianews.com\/live\/wp-content\/uploads\/2022\/02\/image-468.png?resize=10%2C6 10w, https:\/\/i0.wp.com\/batimedianews.com\/live\/wp-content\/uploads\/2022\/02\/image-468.png?resize=432%2C265 432w, https:\/\/i0.wp.com\/batimedianews.com\/live\/wp-content\/uploads\/2022\/02\/image-468.png?resize=396%2C243 396w, https:\/\/i0.wp.com\/batimedianews.com\/live\/wp-content\/uploads\/2022\/02\/image-468.png?resize=660%2C405 660w, https:\/\/i0.wp.com\/batimedianews.com\/live\/wp-content\/uploads\/2022\/02\/image-468.png?resize=358%2C220 358w\" sizes=\"(max-width: 600px) 91vw, (max-width: 900px) 600px, (max-width: 1060px) 50vw, (max-width: 1200px) 520px, (max-width: 1400px) 43vw, 600px\" data-recalc-dims=\"1\" \/><\/figure><\/div>\n\n\n\n<p>En France, le 11 f\u00e9vrier 2022, la F\u00e9d\u00e9ration des Industries du Verre et la F\u00e9d\u00e9ration du Cristal et du Verre ont organis\u00e9 la conf\u00e9rence d&rsquo;ouverture&nbsp;<strong>\u00ab Le verre pour un quotidien durable \u00bb<\/strong>, au Palais du Luxembourg sous le parrainage de Catherine Dumas, S\u00e9natrice de Paris et Pr\u00e9sidente du Groupe M\u00e9tiers d&rsquo;Art.<br><br>En introduction, la pr\u00e9sentation de l&rsquo;atelier Barrois a permis de mettre en avant le potentiel cr\u00e9atif et d&rsquo;innovation du verre.<\/p>\n\n\n\n<div class=\"wp-block-image\"><figure class=\"aligncenter size-large\"><img loading=\"lazy\" width=\"720\" height=\"622\" src=\"https:\/\/i1.wp.com\/batimedianews.com\/live\/wp-content\/uploads\/2022\/02\/image-470.png?resize=720%2C622\" alt=\"\" class=\"wp-image-16494\" srcset=\"https:\/\/i1.wp.com\/batimedianews.com\/live\/wp-content\/uploads\/2022\/02\/image-470.png?w=1016 1016w, https:\/\/i1.wp.com\/batimedianews.com\/live\/wp-content\/uploads\/2022\/02\/image-470.png?resize=600%2C519 600w, https:\/\/i1.wp.com\/batimedianews.com\/live\/wp-content\/uploads\/2022\/02\/image-470.png?resize=768%2C664 768w, https:\/\/i1.wp.com\/batimedianews.com\/live\/wp-content\/uploads\/2022\/02\/image-470.png?resize=10%2C10 10w, https:\/\/i1.wp.com\/batimedianews.com\/live\/wp-content\/uploads\/2022\/02\/image-470.png?resize=432%2C373 432w, https:\/\/i1.wp.com\/batimedianews.com\/live\/wp-content\/uploads\/2022\/02\/image-470.png?resize=396%2C342 396w, https:\/\/i1.wp.com\/batimedianews.com\/live\/wp-content\/uploads\/2022\/02\/image-470.png?resize=660%2C570 660w, https:\/\/i1.wp.com\/batimedianews.com\/live\/wp-content\/uploads\/2022\/02\/image-470.png?resize=255%2C220 255w\" sizes=\"(max-width: 600px) 91vw, (max-width: 900px) 600px, (max-width: 1060px) 50vw, (max-width: 1200px) 520px, (max-width: 1400px) 43vw, 600px\" data-recalc-dims=\"1\" \/><figcaption>L&rsquo;atelier Barrois a produit pr\u00e8s de 600 m2&nbsp;de dalles de verre pour la Samaritaine.&nbsp;<\/figcaption><\/figure><\/div>\n\n\n\n<p><br><\/p>\n\n\n\n<p class=\"has-sm-dark-primary-color has-text-color\"><strong>\u00ab Le verre pour un quotidien durable \u00bb<\/strong><\/p>\n\n\n\n<p>Deux tables rondes ont \u00e9t\u00e9 ensuite organis\u00e9es.<br>La premi\u00e8re d\u00e9di\u00e9e au changement climatique a mis en avant les&nbsp;<strong>engagements et les actions concr\u00e8tes&nbsp;<\/strong>de l&rsquo;industrie verri\u00e8re avec le t\u00e9moignage de trois entreprises. Cette table ronde a d\u00e9montr\u00e9 que la&nbsp;<strong>d\u00e9carbonation&nbsp;<\/strong>est la priorit\u00e9 dans l&rsquo;agenda de l&rsquo;industrie verri\u00e8re.<br>La seconde a \u00e9t\u00e9 consacr\u00e9e \u00e0&nbsp;<strong>la diversit\u00e9 des usages&nbsp;<\/strong>du verre au travers de plusieurs t\u00e9moi- gnages d&rsquo;utilisateurs (design, architecture, univers du luxe). Elle a ainsi pr\u00e9sent\u00e9 le formidable potentiel du verre dans le domaine de la cr\u00e9ation de formes et de produits,&nbsp;dans celui de l&rsquo;habitat durable avec l&rsquo;acc\u00e8s \u00e0 la lumi\u00e8re renforc\u00e9 et des&nbsp;performances thermiques am\u00e9lior\u00e9es. Et enfin dans le domaine du&nbsp;luxe, l&rsquo;accent a \u00e9t\u00e9 mis sur la contribution du verre aux succ\u00e8s des&nbsp;grandes marques fran\u00e7aises au niveau mondial.<\/p>\n\n\n\n<div class=\"wp-block-image\"><figure class=\"aligncenter size-large is-resized\"><img loading=\"lazy\" src=\"https:\/\/i1.wp.com\/batimedianews.com\/live\/wp-content\/uploads\/2022\/02\/image-471.png?resize=502%2C280\" alt=\"\" class=\"wp-image-16495\" width=\"502\" height=\"280\" srcset=\"https:\/\/i1.wp.com\/batimedianews.com\/live\/wp-content\/uploads\/2022\/02\/image-471.png?w=1016 1016w, https:\/\/i1.wp.com\/batimedianews.com\/live\/wp-content\/uploads\/2022\/02\/image-471.png?resize=600%2C335 600w, https:\/\/i1.wp.com\/batimedianews.com\/live\/wp-content\/uploads\/2022\/02\/image-471.png?resize=768%2C429 768w, https:\/\/i1.wp.com\/batimedianews.com\/live\/wp-content\/uploads\/2022\/02\/image-471.png?resize=10%2C6 10w, https:\/\/i1.wp.com\/batimedianews.com\/live\/wp-content\/uploads\/2022\/02\/image-471.png?resize=432%2C242 432w, https:\/\/i1.wp.com\/batimedianews.com\/live\/wp-content\/uploads\/2022\/02\/image-471.png?resize=396%2C221 396w, https:\/\/i1.wp.com\/batimedianews.com\/live\/wp-content\/uploads\/2022\/02\/image-471.png?resize=660%2C369 660w, https:\/\/i1.wp.com\/batimedianews.com\/live\/wp-content\/uploads\/2022\/02\/image-471.png?resize=394%2C220 394w\" sizes=\"(max-width: 600px) 91vw, (max-width: 900px) 600px, (max-width: 1060px) 50vw, (max-width: 1200px) 520px, (max-width: 1400px) 43vw, 600px\" data-recalc-dims=\"1\" \/><\/figure><\/div>\n\n\n\n<p>En synth\u00e8se,&nbsp;<strong>Jacques Bordat, pr\u00e9sident de la F\u00e9d\u00e9ration des Industries du Verre<\/strong>, souligne: \u00ab le verre, omnipr\u00e9sent dans notre vie au quotidien, s&rsquo;inscrit parfaitement dans une logique d&rsquo;un monde durable. La transition de l&rsquo;industrie verri\u00e8re vers un monde d\u00e9carbon\u00e9 est en marche. \u00bb<\/p>\n\n\n\n<p>En conclusion,&nbsp;<strong>J\u00e9r\u00f4me de Lavergnolle, pr\u00e9sident de la F\u00e9d\u00e9ration du Cristal et du Verre&nbsp;<\/strong>rappelle \u00ab la fiert\u00e9 de toute une profession de participer \u00e0 cette formidable aventure gr\u00e2ce un mat\u00e9riau durable aux multiples usages et \u00e0 la mise en \u0153uvre de savoir-faire d&rsquo;exception \u00bb.<\/p>\n\n\n\n<p><strong>De tr\u00e8s nombreux \u00e9v\u00e8nements&nbsp;<\/strong>seront organis\u00e9s tout au long de l&rsquo;ann\u00e9e&nbsp;2022 afin de mieux&nbsp;<strong>faire conna\u00eetre le verre, mettre en avant l&rsquo;excellence et la diversit\u00e9 de ses m\u00e9tiers et savoir-faire et informer les jeunes g\u00e9n\u00e9rations des perspectives que l&rsquo;industrie du verre peut leur offrir. Le<\/strong> site&nbsp;<strong><a rel=\"noreferrer noopener\" href=\"https:\/\/u2993374.ct.sendgrid.net\/ls\/click?upn=iVbkGEPwLzho0FyWtViy6LDfzD3Y2rAb1ROFMjmZhuVPQPHsAcpyIy8ugKc0juH9Ys6g_wbUR6TRg9jPyXIDw6hC8lcBOxse9d9Ll7zkxGpRPG9qTlWrkqgmherONVXjIUOAhh6DGa2adFLsjCTyABXKrsAIDtW-2FuM4WJovbW0BJ-2Bq0QPvyt5p-2FfPrC56R672gPakYPnsBwIKKQ1BDRhO-2FdUF8U8h5A5i9y2SjBPDw3hGRihHa1BsuJQuLqs48t5G4bMOGV2YnQV4G7c61MCR458pXw-3D-3D\" target=\"_blank\">anneduverre2022<\/a>&nbsp;<\/strong>montrera les actions men\u00e9es par la communaut\u00e9 verri\u00e8re sur l&rsquo;ensemble du territoire notamment \u00e0 travers les routes du verre, initiative visant \u00e0 faire conna\u00eetre les sites verriers en France au plus grand nombre.<\/p>\n\n\n\n<div class=\"wp-block-image\"><figure class=\"aligncenter size-large\"><img loading=\"lazy\" width=\"720\" height=\"492\" src=\"https:\/\/i1.wp.com\/batimedianews.com\/live\/wp-content\/uploads\/2022\/02\/image-473.png?resize=720%2C492\" alt=\"\" class=\"wp-image-16497\" srcset=\"https:\/\/i1.wp.com\/batimedianews.com\/live\/wp-content\/uploads\/2022\/02\/image-473.png?w=1016 1016w, https:\/\/i1.wp.com\/batimedianews.com\/live\/wp-content\/uploads\/2022\/02\/image-473.png?resize=600%2C410 600w, https:\/\/i1.wp.com\/batimedianews.com\/live\/wp-content\/uploads\/2022\/02\/image-473.png?resize=768%2C525 768w, https:\/\/i1.wp.com\/batimedianews.com\/live\/wp-content\/uploads\/2022\/02\/image-473.png?resize=10%2C7 10w, https:\/\/i1.wp.com\/batimedianews.com\/live\/wp-content\/uploads\/2022\/02\/image-473.png?resize=432%2C295 432w, https:\/\/i1.wp.com\/batimedianews.com\/live\/wp-content\/uploads\/2022\/02\/image-473.png?resize=396%2C270 396w, https:\/\/i1.wp.com\/batimedianews.com\/live\/wp-content\/uploads\/2022\/02\/image-473.png?resize=660%2C451 660w, https:\/\/i1.wp.com\/batimedianews.com\/live\/wp-content\/uploads\/2022\/02\/image-473.png?resize=322%2C220 322w\" sizes=\"(max-width: 600px) 91vw, (max-width: 900px) 600px, (max-width: 1060px) 50vw, (max-width: 1200px) 520px, (max-width: 1400px) 43vw, 600px\" data-recalc-dims=\"1\" \/><\/figure><\/div>\n\n\n\n<p class=\"has-sm-dark-primary-color has-text-color\"><strong>\u00ab Les Routes du Verre \u00bb, un nouvel Atlas num\u00e9rique des techniques, des savoir-faire et des arts verriers en France.<\/strong><\/p>\n\n\n\n<p>\u00ab Les Routes du verre \u00bb vous invitent \u00e0 parcourir la France des verriers pour y d\u00e9couvrir leurs savoir-faire, leurs techniques, process et r\u00e9alisations. De l&rsquo;atelier \u00e0 la manufacture, de l&rsquo;artisan d&rsquo;art au verrier industriel, de la perle de haute couture \u00e0 l&rsquo;instrument scientifique, de la galerie d&rsquo;exposition au mus\u00e9e, du lieu d&rsquo;initiation au centre de formation, les verriers l\u00e8vent le voile sur la richesse et la diversit\u00e9 insoup\u00e7onn\u00e9es de leurs m\u00e9tiers et de leur cr\u00e9ativit\u00e9.<\/p>\n\n\n\n<p class=\"has-sm-dark-primary-color has-text-color\"><strong>Le verre, mat\u00e9riau exceptionnel<\/strong><\/p>\n\n\n\n<div class=\"wp-block-image\"><figure class=\"aligncenter size-large\"><img loading=\"lazy\" width=\"720\" height=\"479\" src=\"https:\/\/i2.wp.com\/batimedianews.com\/live\/wp-content\/uploads\/2022\/02\/image-474.png?resize=720%2C479\" alt=\"\" class=\"wp-image-16498\" srcset=\"https:\/\/i2.wp.com\/batimedianews.com\/live\/wp-content\/uploads\/2022\/02\/image-474.png?w=1016 1016w, https:\/\/i2.wp.com\/batimedianews.com\/live\/wp-content\/uploads\/2022\/02\/image-474.png?resize=600%2C399 600w, https:\/\/i2.wp.com\/batimedianews.com\/live\/wp-content\/uploads\/2022\/02\/image-474.png?resize=768%2C511 768w, https:\/\/i2.wp.com\/batimedianews.com\/live\/wp-content\/uploads\/2022\/02\/image-474.png?resize=10%2C7 10w, https:\/\/i2.wp.com\/batimedianews.com\/live\/wp-content\/uploads\/2022\/02\/image-474.png?resize=432%2C287 432w, https:\/\/i2.wp.com\/batimedianews.com\/live\/wp-content\/uploads\/2022\/02\/image-474.png?resize=396%2C263 396w, https:\/\/i2.wp.com\/batimedianews.com\/live\/wp-content\/uploads\/2022\/02\/image-474.png?resize=660%2C439 660w, https:\/\/i2.wp.com\/batimedianews.com\/live\/wp-content\/uploads\/2022\/02\/image-474.png?resize=331%2C220 331w\" sizes=\"(max-width: 600px) 91vw, (max-width: 900px) 600px, (max-width: 1060px) 50vw, (max-width: 1200px) 520px, (max-width: 1400px) 43vw, 600px\" data-recalc-dims=\"1\" \/><\/figure><\/div>\n\n\n\n<p>Pr\u00e9sent dans notre quotidien, au c\u0153ur de nombreuses applications, le verre est un mat\u00e9riau exceptionnel de par ses propri\u00e9t\u00e9s multiples. Il repr\u00e9sente un atout majeur pour lutter contre le r\u00e9chauffement climatique (vitrage b\u00e2timent et transport, laine de verre, panneau solaire, \u00e9olien&#8230;). Mat\u00e9riau id\u00e9al pour emballer les boissons&nbsp;et les produits alimentaires, les parfums et la cosm\u00e9tique ainsi que les produits pharmaceutiques, il est aussi pr\u00e9pond\u00e9rant dans les arts de la table. La fili\u00e8re industrielle fran\u00e7aise du verre regroupe&nbsp;des acteurs industriels de premier plan dans tous les domaines : art de vivre, parfumerie, art de la table, emballages alimentaires, verre plat, articles culinaires, verre technique. Cette fili\u00e8re est innovante en termes d&rsquo;\u00e9conomies d&rsquo;\u00e9nergie et d&rsquo;\u00e9conomie circulaire de par ses produits et ses process.<\/p>\n\n\n\n<div class=\"wp-block-image\"><figure class=\"aligncenter size-large is-resized\"><img loading=\"lazy\" src=\"https:\/\/i2.wp.com\/batimedianews.com\/live\/wp-content\/uploads\/2022\/02\/image-475.png?resize=303%2C243\" alt=\"\" class=\"wp-image-16500\" width=\"303\" height=\"243\" srcset=\"https:\/\/i2.wp.com\/batimedianews.com\/live\/wp-content\/uploads\/2022\/02\/image-475.png?w=642 642w, https:\/\/i2.wp.com\/batimedianews.com\/live\/wp-content\/uploads\/2022\/02\/image-475.png?resize=600%2C480 600w, https:\/\/i2.wp.com\/batimedianews.com\/live\/wp-content\/uploads\/2022\/02\/image-475.png?resize=10%2C8 10w, https:\/\/i2.wp.com\/batimedianews.com\/live\/wp-content\/uploads\/2022\/02\/image-475.png?resize=432%2C346 432w, https:\/\/i2.wp.com\/batimedianews.com\/live\/wp-content\/uploads\/2022\/02\/image-475.png?resize=396%2C317 396w, https:\/\/i2.wp.com\/batimedianews.com\/live\/wp-content\/uploads\/2022\/02\/image-475.png?resize=275%2C220 275w\" sizes=\"(max-width: 600px) 91vw, (max-width: 900px) 600px, (max-width: 1060px) 50vw, (max-width: 1200px) 520px, (max-width: 1400px) 43vw, 600px\" data-recalc-dims=\"1\" \/><\/figure><\/div>\n\n\n\n<div class=\"wp-block-group has-sm-dark-primary-background-color has-background\"><div class=\"wp-block-group__inner-container\">\n<p class=\"has-sm-light-primary-color has-text-color\"><strong>Qui sommes-nous?<\/strong><\/p>\n\n\n\n<p class=\"has-sm-light-primary-color has-text-color\">LA F\u00c9D\u00c9RATION DES INDUSTRIES DU VERRE<\/p>\n\n\n\n<p class=\"has-sm-light-primary-color has-text-color\">La F\u00e9d\u00e9ration des Chambres Syndicales des Industries du Verre repr\u00e9sente en France les industries verri\u00e8res relevant des fili\u00e8res de l&#8217;emballage, du verre plat, de la gobeleterie, de l&rsquo;isolation, de la fibre et des verres techniques. Elle regroupe les chambres syndicales des Verreries M\u00e9caniques de France (CSVMF), des Fabricants de Verre Plat (CSFVP) et des Verreries Techniques.<\/p>\n\n\n\n<p class=\"has-sm-light-primary-color has-text-color\">LA F\u00c9D\u00c9RATION DU CRISTAL ET DU VERRE<\/p>\n\n\n\n<p class=\"has-sm-light-primary-color has-text-color\">La F\u00e9d\u00e9ration du Cristal et du Verre est l&rsquo;organisation professionnelle repr\u00e9sentative dans la branche du verre \u00e0 la main, semi-automatique et mixte. Les principales sp\u00e9cialit\u00e9s que repr\u00e9sente la F\u00e9d\u00e9ration du cristal et du verre sont, tant dans le domaine du verre que du cristal : les arts de la table, la d\u00e9coration, le luminaire, l&rsquo;\u00e9dition d&rsquo;art, la bijouterie, le flaconnage, la verrerie d&rsquo;\u00e9clairage (industrie automobile notamment) et la verrerie pharmaceutique et technique.<\/p>\n<\/div><\/div>\n","protected":false},"excerpt":{"rendered":"<p>Proclam\u00e9e ann\u00e9e du verre par l&rsquo;ONU, 2022 est une opportunit\u00e9 historique pour le verre.&nbsp;Au niveau international, la c\u00e9r\u00e9monie d&rsquo;ouverture a eu lieu au Palais des Nations \u00e0 Gen\u00e8ve les 10 et 11 f\u00e9vrier 2022. Les interventions de 30 experts ont permis de mettre en lumi\u00e8re les derni\u00e8res r\u00e9flexions sur la mani\u00e8re dont le verre peut [&hellip;]<\/p>\n","protected":false},"author":41,"featured_media":16508,"comment_status":"open","ping_status":"open","sticky":false,"template":"","format":"standard","meta":{"spay_email":""},"categories":[4,65,538],"tags":[1656],"jetpack_featured_media_url":"https:\/\/i2.wp.com\/batimedianews.com\/live\/wp-content\/uploads\/2022\/02\/Federation-des-Industrie-du-verre-Article.jpg?fit=1224%2C512","jetpack_sharing_enabled":true,"jetpack_likes_enabled":true,"jetpack-related-posts":[{"id":20017,"url":"http:\/\/batimedianews.com\/live\/index.php\/2022\/05\/16\/meljac-celebre-lannee-internationale-du-verre-avec-sa-collection-pierrot\/","url_meta":{"origin":16491,"position":0},"title":"MELJAC c\u00e9l\u00e8bre l\u2019ann\u00e9e internationale du verre avec sa collection Pierrot","date":"16 mai 2022","format":false,"excerpt":"MELJAC, leader des appareillages haut de gamme, honore l\u2019ann\u00e9e internationale du verre en unissant savoir-faire fran\u00e7ais et fa\u00e7onnage de pr\u00e9cision pour sa collection Pierrot exclusivement en verre tremp\u00e9. Ce mat\u00e9riau noble, solide et d\u00e9licat, garantit au produit une longue dur\u00e9e de vie et une qualit\u00e9 exemplaire.\u00a0 Cette gamme offre une\u2026","rel":"","context":"Dans &quot;Actualit\u00e9 Entreprises&quot;","img":{"alt_text":"","src":"https:\/\/i2.wp.com\/batimedianews.com\/live\/wp-content\/uploads\/2022\/05\/Meljac-Article.jpg?fit=1080%2C1080&resize=350%2C200","width":350,"height":200},"classes":[]},{"id":19216,"url":"http:\/\/batimedianews.com\/live\/index.php\/2022\/04\/21\/bafta-fait-peau-neuve\/","url_meta":{"origin":16491,"position":1},"title":"Architecture innovation et performance \u00e9nerg\u00e9tique : Le si\u00e8ge londonien de la BAFTA fait peau neuve gr\u00e2ce au verre eyrise \u2002","date":"21 avril 2022","format":false,"excerpt":"\u2022 La r\u00e9novation du \u2002\"195 Piccadilly\", si\u00e8ge social de la prestigieuse British Academy of Film and Television Arts (BAFTA) \u00e0 Londres vient de s\u2019achever.\u2022 Entre autres am\u00e9nagements, des verri\u00e8res de toit victoriennes ont \u00e9t\u00e9 retrouv\u00e9es pendant le chantier et recouvertes de verre \u00e0 cristaux liquides. Tout un nouvel \u00e9tage a\u2026","rel":"","context":"Dans &quot;Actualit\u00e9 Entreprises&quot;","img":{"alt_text":"","src":"https:\/\/i0.wp.com\/batimedianews.com\/live\/wp-content\/uploads\/2022\/04\/egrise-Article.jpg?fit=1080%2C1080&resize=350%2C200","width":350,"height":200},"classes":[]},{"id":18156,"url":"http:\/\/batimedianews.com\/live\/index.php\/2022\/03\/23\/retrouvez-wolf-france-au-salon-nordbat-2022-les-30-31-mars-et-1er-avril\/","url_meta":{"origin":16491,"position":2},"title":"Retrouvez WOLF France au salon Nordbat 2022 les 30, 31 mars et 1er avril !","date":"23 mars 2022","format":false,"excerpt":"Les 30-31 mars et 01 avril 2022 se tiendra l\u2019\u00e9dition 2022 du Salon Nordbat, \u00e0 Lille Grand Palais. F\u00e9d\u00e9rant l\u2019ensemble des acteurs de la construction des r\u00e9gions nord de la France, Nordbat permet \u00e0 tous les entrepreneurs du b\u00e2timent, aux prescripteurs et aux ma\u00eetres d\u2019ouvrages de retrouver, en un m\u00eame\u2026","rel":"","context":"Dans &quot;Actualit\u00e9s salons&quot;","img":{"alt_text":"","src":"https:\/\/i0.wp.com\/batimedianews.com\/live\/wp-content\/uploads\/2022\/03\/Wolf-Article.jpg?fit=512%2C512&resize=350%2C200","width":350,"height":200},"classes":[]},{"id":8597,"url":"http:\/\/batimedianews.com\/live\/index.php\/2021\/02\/24\/evolutions-de-la-re2020-la-federation-cinov-salue-une-approche-pragmatique-dans-la-mise-en-oeuvre-et-le-maintien-des-ambitions\/","url_meta":{"origin":16491,"position":3},"title":"Evolutions de la RE2020 : La F\u00e9d\u00e9ration CINOV salue une approche pragmatique dans la mise en oeuvre et le maintien des ambitions","date":"24 f\u00e9vrier 2021","format":false,"excerpt":"Le jeudi 18 f\u00e9vrier dernier, Emmanuelle Wargon, ministre d\u00e9l\u00e9gu\u00e9e aupr\u00e8s de la ministre de la transition \u00e9cologique, charg\u00e9e du Logement, a r\u00e9uni les principaux repr\u00e9sentants du monde de la construction afin d\u2019annoncer les derni\u00e8res d\u00e9cisions concernant la nouvelle r\u00e9glementation environnementale des b\u00e2timents neufs.\u00a0 Si les ambitions du gouvernement demeurent inchang\u00e9es\u2026","rel":"","context":"Dans &quot;Actualit\u00e9 Entreprises&quot;","img":{"alt_text":"","src":"https:\/\/i0.wp.com\/batimedianews.com\/live\/wp-content\/uploads\/2021\/02\/image-218.png?fit=690%2C664&resize=350%2C200","width":350,"height":200},"classes":[]},{"id":24911,"url":"http:\/\/batimedianews.com\/live\/index.php\/2022\/11\/22\/pour-isover-dechets-rime-avec-ressources\/","url_meta":{"origin":16491,"position":4},"title":"Pour Isover, \u201cd\u00e9chets\u201d rime avec \u201cressources\u201d","date":"22 novembre 2022","format":false,"excerpt":"Le secteur du b\u00e2timent g\u00e9n\u00e8re 46 millions de tonnes de d\u00e9chets par an en France, soit plus que les m\u00e9nages (environ 30 millions de tonnes) et cinq fois moins que les travaux publics (220 millions de tonnes). Les d\u00e9chets du b\u00e2timent proviennent pour plus de 90 % des travaux de\u2026","rel":"","context":"Dans &quot;D\u00e9chets&quot;","img":{"alt_text":"","src":"https:\/\/i0.wp.com\/batimedianews.com\/live\/wp-content\/uploads\/2022\/11\/Isover-Article.jpg?fit=1080%2C1080&resize=350%2C200","width":350,"height":200},"classes":[]},{"id":5713,"url":"http:\/\/batimedianews.com\/live\/index.php\/2020\/10\/04\/rideaux-de-verre-glass-systems-proposez-un-jardin-dhiver-sur-mesure\/","url_meta":{"origin":16491,"position":5},"title":"[Rideaux de verre] Glass Systems Proposez un Jardin d\u2019Hiver sur mesure !","date":"4 octobre 2020","format":false,"excerpt":"Glass Systems fait dispara\u00eetre la fronti\u00e8re entre l\u2019int\u00e9rieur et l\u2019ext\u00e9rieur\u00a0 \u00a0L\u2019id\u00e9e est de cr\u00e9er un espace confortable et design, dont on peut profiter toute l\u2019ann\u00e9e et qui permet de prot\u00e9ger du froid toutes les plantes fragiles.\u00a0 Glass Systems vous pr\u00e9sente toutes ses solutions pour concevoir un jardin d\u2019hiver naturellement lumineux\u2026","rel":"","context":"Dans &quot;Actualit\u00e9 Entreprises&quot;","img":{"alt_text":"","src":"https:\/\/i1.wp.com\/batimedianews.com\/live\/wp-content\/uploads\/2020\/07\/image-231.png?fit=754%2C424&resize=350%2C200","width":350,"height":200},"classes":[]}],"_links":{"self":[{"href":"http:\/\/batimedianews.com\/live\/index.php\/wp-json\/wp\/v2\/posts\/16491"}],"collection":[{"href":"http:\/\/batimedianews.com\/live\/index.php\/wp-json\/wp\/v2\/posts"}],"about":[{"href":"http:\/\/batimedianews.com\/live\/index.php\/wp-json\/wp\/v2\/types\/post"}],"author":[{"embeddable":true,"href":"http:\/\/batimedianews.com\/live\/index.php\/wp-json\/wp\/v2\/users\/41"}],"replies":[{"embeddable":true,"href":"http:\/\/batimedianews.com\/live\/index.php\/wp-json\/wp\/v2\/comments?post=16491"}],"version-history":[{"count":3,"href":"http:\/\/batimedianews.com\/live\/index.php\/wp-json\/wp\/v2\/posts\/16491\/revisions"}],"predecessor-version":[{"id":19317,"href":"http:\/\/batimedianews.com\/live\/index.php\/wp-json\/wp\/v2\/posts\/16491\/revisions\/19317"}],"wp:featuredmedia":[{"embeddable":true,"href":"http:\/\/batimedianews.com\/live\/index.php\/wp-json\/wp\/v2\/media\/16508"}],"wp:attachment":[{"href":"http:\/\/batimedianews.com\/live\/index.php\/wp-json\/wp\/v2\/media?parent=16491"}],"wp:term":[{"taxonomy":"category","embeddable":true,"href":"http:\/\/batimedianews.com\/live\/index.php\/wp-json\/wp\/v2\/categories?post=16491"},{"taxonomy":"post_tag","embeddable":true,"href":"http:\/\/batimedianews.com\/live\/index.php\/wp-json\/wp\/v2\/tags?post=16491"}],"curies":[{"name":"wp","href":"https:\/\/api.w.org\/{rel}","templated":true}]}}