{"id":16746,"date":"2022-03-03T11:11:54","date_gmt":"2022-03-03T10:11:54","guid":{"rendered":"http:\/\/batimedianews.com\/live\/?p=16746"},"modified":"2022-07-05T09:19:19","modified_gmt":"2022-07-05T07:19:19","slug":"nouvelle-gamme-eco-performante-de-foyers-vitres","status":"publish","type":"post","link":"http:\/\/batimedianews.com\/live\/index.php\/2022\/03\/03\/nouvelle-gamme-eco-performante-de-foyers-vitres\/","title":{"rendered":"Nouvelle gamme \u00e9co -performante de foyers vitr\u00e9s"},"content":{"rendered":"\n<figure class=\"wp-block-image size-large\"><img loading=\"lazy\" width=\"720\" height=\"544\" src=\"https:\/\/i2.wp.com\/batimedianews.com\/live\/wp-content\/uploads\/2022\/02\/image-582.png?resize=720%2C544\" alt=\"\" class=\"wp-image-16747\" srcset=\"https:\/\/i2.wp.com\/batimedianews.com\/live\/wp-content\/uploads\/2022\/02\/image-582.png?resize=1024%2C774 1024w, https:\/\/i2.wp.com\/batimedianews.com\/live\/wp-content\/uploads\/2022\/02\/image-582.png?resize=600%2C454 600w, https:\/\/i2.wp.com\/batimedianews.com\/live\/wp-content\/uploads\/2022\/02\/image-582.png?resize=768%2C581 768w, https:\/\/i2.wp.com\/batimedianews.com\/live\/wp-content\/uploads\/2022\/02\/image-582.png?resize=10%2C8 10w, https:\/\/i2.wp.com\/batimedianews.com\/live\/wp-content\/uploads\/2022\/02\/image-582.png?resize=432%2C327 432w, https:\/\/i2.wp.com\/batimedianews.com\/live\/wp-content\/uploads\/2022\/02\/image-582.png?resize=396%2C299 396w, https:\/\/i2.wp.com\/batimedianews.com\/live\/wp-content\/uploads\/2022\/02\/image-582.png?resize=1120%2C847 1120w, https:\/\/i2.wp.com\/batimedianews.com\/live\/wp-content\/uploads\/2022\/02\/image-582.png?resize=660%2C499 660w, https:\/\/i2.wp.com\/batimedianews.com\/live\/wp-content\/uploads\/2022\/02\/image-582.png?resize=291%2C220 291w, https:\/\/i2.wp.com\/batimedianews.com\/live\/wp-content\/uploads\/2022\/02\/image-582.png?w=1524 1524w, https:\/\/i2.wp.com\/batimedianews.com\/live\/wp-content\/uploads\/2022\/02\/image-582.png?w=1440 1440w\" sizes=\"(max-width: 600px) 91vw, (max-width: 900px) 600px, (max-width: 1060px) 50vw, (max-width: 1200px) 520px, (max-width: 1400px) 43vw, 600px\" data-recalc-dims=\"1\" \/><\/figure>\n\n\n\n<p><strong>LE DOMOFOCUS ET L\u2019ERGOFOCUS REJOIGNENT LE GYROFOCUS VITR\u00c9 !<\/strong><\/p>\n\n\n\n<p>Avec le lancement des VERSIONS VITR\u00c9ES du Domofocus et de l\u2019Ergofocus, deux mod\u00e8les embl\u00e9matiques de la marque, Focus \u00e9largit sa gamme de mod\u00e8les \u00e9co-performants.<\/p>\n\n\n\n<p>L\u2019attribution de la toute nouvelle mention sp\u00e9ciale  \u00ab\u00a0durabilit\u00e9\u00a0\u00bb  d\u00e9cern\u00e9e fin 2021 au Gyrofocus Vitr\u00e9 lors des Archiproducts Design Awards (ADA) est la reconnaissance de la d\u00e9marche engag\u00e9e par Focus depuis des ann\u00e9es dans la transformation de ses foyers \u00e0 bois, avec un triple objectif de performances \u00e9nerg\u00e9tiques, d\u2019\u00e9co-responsabilit\u00e9 et ce sans jamais toucher au design.<\/p>\n\n\n\n<figure class=\"wp-block-image size-large\"><img loading=\"lazy\" width=\"720\" height=\"539\" src=\"https:\/\/i2.wp.com\/batimedianews.com\/live\/wp-content\/uploads\/2022\/02\/image-583.png?resize=720%2C539\" alt=\"\" class=\"wp-image-16749\" srcset=\"https:\/\/i2.wp.com\/batimedianews.com\/live\/wp-content\/uploads\/2022\/02\/image-583.png?resize=1024%2C767 1024w, https:\/\/i2.wp.com\/batimedianews.com\/live\/wp-content\/uploads\/2022\/02\/image-583.png?resize=600%2C450 600w, https:\/\/i2.wp.com\/batimedianews.com\/live\/wp-content\/uploads\/2022\/02\/image-583.png?resize=768%2C575 768w, https:\/\/i2.wp.com\/batimedianews.com\/live\/wp-content\/uploads\/2022\/02\/image-583.png?resize=10%2C7 10w, https:\/\/i2.wp.com\/batimedianews.com\/live\/wp-content\/uploads\/2022\/02\/image-583.png?resize=432%2C324 432w, https:\/\/i2.wp.com\/batimedianews.com\/live\/wp-content\/uploads\/2022\/02\/image-583.png?resize=396%2C297 396w, https:\/\/i2.wp.com\/batimedianews.com\/live\/wp-content\/uploads\/2022\/02\/image-583.png?resize=1120%2C839 1120w, https:\/\/i2.wp.com\/batimedianews.com\/live\/wp-content\/uploads\/2022\/02\/image-583.png?resize=660%2C495 660w, https:\/\/i2.wp.com\/batimedianews.com\/live\/wp-content\/uploads\/2022\/02\/image-583.png?resize=294%2C220 294w, https:\/\/i2.wp.com\/batimedianews.com\/live\/wp-content\/uploads\/2022\/02\/image-583.png?w=1524 1524w, https:\/\/i2.wp.com\/batimedianews.com\/live\/wp-content\/uploads\/2022\/02\/image-583.png?w=1440 1440w\" sizes=\"(max-width: 600px) 91vw, (max-width: 900px) 600px, (max-width: 1060px) 50vw, (max-width: 1200px) 520px, (max-width: 1400px) 43vw, 600px\" data-recalc-dims=\"1\" \/><\/figure>\n\n\n\n<p><strong>AU-DEL\u00c0 DU DESIGN, LES PERFORMANCES \u00c9NERG\u00c9TIQUES !<\/strong><\/p>\n\n\n\n<p>Focus pr\u00e9sente une s\u00e9lection de trois mod\u00e8les certifi\u00e9s Ecodesign. Ces trois mod\u00e8les iconiques de la marque, d\u00e9sormais disponibles en version vitr\u00e9e dans le respect des r\u00e8glementations environnementales en vigueur, sont prot\u00e9g\u00e9s par un Brevet. Le Gyrofocus et le Domofocus affichent \u00e9galement une notation 4 \u00e9toiles (4 stelles) dans la r\u00e9glementation italienne parmi les plus exigeantes au monde. L\u2019Ergofocus est encore en cours d\u2019homologation.<\/p>\n\n\n\n<p>Absolument rien du design de l\u2019Ergofocus et du Domofocus n\u2019a \u00e9t\u00e9 modifi\u00e9. La forme pure et ergonomique de l\u2019un et l\u2019\u00e9panouissement des courbes du second, petit fr\u00e8re du Gyrofocus, ont \u00e9t\u00e9 parfaitement pr\u00e9serv\u00e9s ainsi que leur pivotement \u00e0 360\u00b0. Comme sur le Gyrofocus, des parois vitr\u00e9es, d\u00e9pourvues de montants et coulissant lat\u00e9ralement, offrent une vue intacte sur le feu sans risque de projection d\u2019\u00e9tincelles.<\/p>\n\n\n\n<p><strong>AU-DEL\u00c0 DU DESIGN, LES D\u00c9FIS TECHNOLOGIQUES !<\/strong><\/p>\n\n\n\n<p>Focus est l\u2019unique entreprise du secteur \u00e0 contraindre la chambre de combustion de ses chemin\u00e9es \u00e0 leur design.<\/p>\n\n\n\n<p>Ce challenge d\u00e9j\u00e0 difficile s\u2019est largement complexifi\u00e9 avec l\u2019ambition de fermer ses foyers et de les doter de r\u00e9elles performances \u00e9nerg\u00e9tiques\u2026 les formes organiques de ces mod\u00e8les iconiques n\u2019\u00e9tant initialement pas adapt\u00e9es \u00e0 ce double d\u00e9fi technologique !<\/p>\n\n\n\n<p>Il y a une dizaine d\u2019ann\u00e9es, Focus a engag\u00e9 une v\u00e9ritable transformation de son processus industriel en cr\u00e9ant un service R&amp;D et en y investissant plus de 6 millions d\u2019euros. Afin d\u2019acc\u00e9l\u00e9rer et fluidifier encore les processus de certification, Focus s\u2019est \u00e9galement dot\u00e9e d\u2019un banc de test identique \u00e0 celui utilis\u00e9 par les laboratoires europ\u00e9ens qui d\u00e9cernent l\u2019agr\u00e9ment Ecodesign. C\u2019est gr\u00e2ce \u00e0 cette forte composante technologique, \u00e0 une culture tr\u00e8s sp\u00e9cifique \u00e0 ses propres produits et \u00e0 une production en s\u00e9rie limit\u00e9e que Focus rel\u00e8ve ces d\u00e9fis.<\/p>\n\n\n\n<figure class=\"wp-block-image size-large\"><img loading=\"lazy\" width=\"720\" height=\"506\" src=\"https:\/\/i2.wp.com\/batimedianews.com\/live\/wp-content\/uploads\/2022\/02\/image-584.png?resize=720%2C506\" alt=\"\" class=\"wp-image-16750\" srcset=\"https:\/\/i2.wp.com\/batimedianews.com\/live\/wp-content\/uploads\/2022\/02\/image-584.png?resize=1024%2C719 1024w, https:\/\/i2.wp.com\/batimedianews.com\/live\/wp-content\/uploads\/2022\/02\/image-584.png?resize=600%2C421 600w, https:\/\/i2.wp.com\/batimedianews.com\/live\/wp-content\/uploads\/2022\/02\/image-584.png?resize=768%2C539 768w, https:\/\/i2.wp.com\/batimedianews.com\/live\/wp-content\/uploads\/2022\/02\/image-584.png?resize=10%2C7 10w, https:\/\/i2.wp.com\/batimedianews.com\/live\/wp-content\/uploads\/2022\/02\/image-584.png?resize=432%2C303 432w, https:\/\/i2.wp.com\/batimedianews.com\/live\/wp-content\/uploads\/2022\/02\/image-584.png?resize=396%2C278 396w, https:\/\/i2.wp.com\/batimedianews.com\/live\/wp-content\/uploads\/2022\/02\/image-584.png?resize=1120%2C786 1120w, https:\/\/i2.wp.com\/batimedianews.com\/live\/wp-content\/uploads\/2022\/02\/image-584.png?resize=660%2C463 660w, https:\/\/i2.wp.com\/batimedianews.com\/live\/wp-content\/uploads\/2022\/02\/image-584.png?resize=313%2C220 313w, https:\/\/i2.wp.com\/batimedianews.com\/live\/wp-content\/uploads\/2022\/02\/image-584.png?w=1524 1524w, https:\/\/i2.wp.com\/batimedianews.com\/live\/wp-content\/uploads\/2022\/02\/image-584.png?w=1440 1440w\" sizes=\"(max-width: 600px) 91vw, (max-width: 900px) 600px, (max-width: 1060px) 50vw, (max-width: 1200px) 520px, (max-width: 1400px) 43vw, 600px\" data-recalc-dims=\"1\" \/><\/figure>\n\n\n\n<figure class=\"wp-block-image size-large\"><img loading=\"lazy\" width=\"720\" height=\"545\" src=\"https:\/\/i2.wp.com\/batimedianews.com\/live\/wp-content\/uploads\/2022\/02\/image-585.png?resize=720%2C545\" alt=\"\" class=\"wp-image-16751\" srcset=\"https:\/\/i2.wp.com\/batimedianews.com\/live\/wp-content\/uploads\/2022\/02\/image-585.png?resize=1024%2C775 1024w, https:\/\/i2.wp.com\/batimedianews.com\/live\/wp-content\/uploads\/2022\/02\/image-585.png?resize=600%2C454 600w, https:\/\/i2.wp.com\/batimedianews.com\/live\/wp-content\/uploads\/2022\/02\/image-585.png?resize=768%2C581 768w, https:\/\/i2.wp.com\/batimedianews.com\/live\/wp-content\/uploads\/2022\/02\/image-585.png?resize=10%2C8 10w, https:\/\/i2.wp.com\/batimedianews.com\/live\/wp-content\/uploads\/2022\/02\/image-585.png?resize=432%2C327 432w, https:\/\/i2.wp.com\/batimedianews.com\/live\/wp-content\/uploads\/2022\/02\/image-585.png?resize=396%2C300 396w, https:\/\/i2.wp.com\/batimedianews.com\/live\/wp-content\/uploads\/2022\/02\/image-585.png?resize=1120%2C848 1120w, https:\/\/i2.wp.com\/batimedianews.com\/live\/wp-content\/uploads\/2022\/02\/image-585.png?resize=660%2C500 660w, https:\/\/i2.wp.com\/batimedianews.com\/live\/wp-content\/uploads\/2022\/02\/image-585.png?resize=291%2C220 291w, https:\/\/i2.wp.com\/batimedianews.com\/live\/wp-content\/uploads\/2022\/02\/image-585.png?w=1530 1530w, https:\/\/i2.wp.com\/batimedianews.com\/live\/wp-content\/uploads\/2022\/02\/image-585.png?w=1440 1440w\" sizes=\"(max-width: 600px) 91vw, (max-width: 900px) 600px, (max-width: 1060px) 50vw, (max-width: 1200px) 520px, (max-width: 1400px) 43vw, 600px\" data-recalc-dims=\"1\" \/><\/figure>\n\n\n\n<p><strong>Performances \u00e9nerg\u00e9tiques Gyrofocus et Domofocus :<\/strong><\/p>\n\n\n\n<p>\u2022 Rendement = 81%<\/p>\n\n\n\n<p>\u2022 CO \u00e0 13% de O2 = 1125 mg\/Nm3 (soit 0,09%)<\/p>\n\n\n\n<p>\u2022 \u00c9missions de poussi\u00e8res = 19 mg\/Nm3<\/p>\n\n\n\n<p>\u2022 COV (OGC) \u00e0 13% de O2 = 34 mg\/Nm3<\/p>\n\n\n\n<p>\u2022 NOx \u00e0 13% de O2 = 151 mg\/Nm3<\/p>\n\n\n\n<p><strong>Performances \u00e9nerg\u00e9tiques Ergofocus : \u00e0 venir.<\/strong><\/p>\n\n\n\n<div class=\"wp-block-image\"><figure class=\"alignleft size-large is-resized\"><img loading=\"lazy\" src=\"https:\/\/i0.wp.com\/batimedianews.com\/live\/wp-content\/uploads\/2022\/02\/image-586.png?resize=212%2C363\" alt=\"\" class=\"wp-image-16752\" width=\"212\" height=\"363\" srcset=\"https:\/\/i0.wp.com\/batimedianews.com\/live\/wp-content\/uploads\/2022\/02\/image-586.png?resize=599%2C1024 599w, https:\/\/i0.wp.com\/batimedianews.com\/live\/wp-content\/uploads\/2022\/02\/image-586.png?resize=351%2C600 351w, https:\/\/i0.wp.com\/batimedianews.com\/live\/wp-content\/uploads\/2022\/02\/image-586.png?resize=6%2C10 6w, https:\/\/i0.wp.com\/batimedianews.com\/live\/wp-content\/uploads\/2022\/02\/image-586.png?resize=432%2C738 432w, https:\/\/i0.wp.com\/batimedianews.com\/live\/wp-content\/uploads\/2022\/02\/image-586.png?resize=396%2C677 396w, https:\/\/i0.wp.com\/batimedianews.com\/live\/wp-content\/uploads\/2022\/02\/image-586.png?resize=129%2C220 129w, https:\/\/i0.wp.com\/batimedianews.com\/live\/wp-content\/uploads\/2022\/02\/image-586.png?w=638 638w\" sizes=\"(max-width: 600px) 91vw, (max-width: 900px) 600px, (max-width: 1060px) 50vw, (max-width: 1200px) 520px, (max-width: 1400px) 43vw, 600px\" data-recalc-dims=\"1\" \/><\/figure><\/div>\n\n\n\n<p><strong>LE GYROFOCUS VITR\u00c9 COURONN\u00c9 LORS DES ARCHIPRODUCTS DESIGN AWARDS [ADA] 2021<\/strong><\/p>\n\n\n\n<p>Depuis l\u2019automne 2021 d\u00e9j\u00e0, l\u2019embl\u00e9matique Gyrofocus, premi\u00e8re chemin\u00e9e suspendue et pivotante au monde, existe dans une version vitr\u00e9e qui ne trahit en rien son statut d\u2019ic\u00f4ne du design international.<\/p>\n\n\n\n<p>Preuve que les mod\u00e8les Focus ne sont pas seulement beaux, mais aussi intelligents, la premi\u00e8re reconnaissance officielle est arriv\u00e9e fin novembre 2021 pour l\u2019engagement dont l\u2019entreprise a fait preuve dans la cr\u00e9ation de produits \u00e9coresponsables. Parmi les laur\u00e9ats de la cat\u00e9gorie \u2002\u00a0\u00bb Finitions \u00ab\u00a0, le Gyrofocus vitr\u00e9 s\u2019est \u00e9galement vu d\u00e9cerner la toute nouvelle mention sp\u00e9ciale durabilit\u00e9.<\/p>\n\n\n\n<p>Le jury, compos\u00e9 d\u2019experts en environnement d\u2019\u00e9co-conception et de durabilit\u00e9, issus du monde de l\u2019architecture et du design, a r\u00e9compens\u00e9 les produits capables de se distinguer par l\u2019utilisation de mat\u00e9riaux recyclables et biod\u00e9gradables, les techniques de production \u00e0 faibles \u00e9missions polluantes, leur engagement \u00e0 garantir un impact environnemental minimal pendant tout le cycle de vie du produit.<\/p>\n\n\n\n<p>Il y avait plus de 100 nomin\u00e9s venant du monde entier pour la mention sp\u00e9ciale sur le d\u00e9veloppement durable. Le Gyrofocus Vitr\u00e9 s\u2019est d\u00e9marqu\u00e9 par sa capacit\u00e9 d\u2019innovation, sa haute technologie et surtout par son design l\u00e9gendaire, d\u00e9sormais aussi \u00e9thique que durable.<\/p>\n\n\n\n<p>A ses c\u00f4t\u00e9s d\u00e9sormais dans la gamme des foyers \u00e0 bois vitr\u00e9s, son fr\u00e8re cadet, le Domofocus et l\u2019intemporel Ergofocus.<\/p>\n\n\n\n<div class=\"wp-block-group has-sm-light-primary-color has-text-color has-background\" style=\"background-color:#000405\"><div class=\"wp-block-group__inner-container\">\n<p><strong>FOCUS, UNE L\u00c9GENDE DU DESIGN INTERNATIONAL<\/strong><\/p>\n\n\n\n<p>Depuis plus de 50 ans, sur tous les continents, FOCUS bouscule les codes. FOCUS est la premi\u00e8re \u00e0 avoir d\u00e9plac\u00e9 la chemin\u00e9e du mur pour la mettre au milieu des pi\u00e8ces \u00e0 vivre, au centre des attentions.<\/p>\n\n\n\n<p>Avec sa chemin\u00e9e embl\u00e9matique, le Gyrofocus, FOCUS est d\u00e9finitivement entr\u00e9e dans la l\u00e9gende du design international.<\/p>\n\n\n\n<p>Plus que des chemin\u00e9es, FOCUS cr\u00e9e la surprise, l\u2019\u00e9motion, l\u2019\u00e9v\u00e9nement. FOCUS cr\u00e9e l\u2019histoire.<\/p>\n\n\n\n<p>FOCUS, ce sont pr\u00e8s de 120 collaborateurs r\u00e9partis sur 2 sites. Les deux pieds ancr\u00e9s sur son territoire, entre C\u00e9vennes et Provence. Fi\u00e8re de son made in France, FOCUS a la t\u00eate dans les \u00e9toiles et les yeux riv\u00e9s sur l\u2019international.<\/p>\n<\/div><\/div>\n","protected":false},"excerpt":{"rendered":"<p>LE DOMOFOCUS ET L\u2019ERGOFOCUS REJOIGNENT LE GYROFOCUS VITR\u00c9 ! Avec le lancement des VERSIONS VITR\u00c9ES du Domofocus et de l\u2019Ergofocus, deux mod\u00e8les embl\u00e9matiques de la marque, Focus \u00e9largit sa gamme de mod\u00e8les \u00e9co-performants. L\u2019attribution de la toute nouvelle mention sp\u00e9ciale \u00ab\u00a0durabilit\u00e9\u00a0\u00bb d\u00e9cern\u00e9e fin 2021 au Gyrofocus Vitr\u00e9 lors des Archiproducts Design Awards (ADA) est la [&hellip;]<\/p>\n","protected":false},"author":41,"featured_media":16754,"comment_status":"open","ping_status":"open","sticky":false,"template":"","format":"standard","meta":{"spay_email":""},"categories":[4,868],"tags":[1669,1670],"jetpack_featured_media_url":"https:\/\/i0.wp.com\/batimedianews.com\/live\/wp-content\/uploads\/2022\/02\/Focus-Article.jpg?fit=1224%2C512","jetpack_sharing_enabled":true,"jetpack_likes_enabled":true,"jetpack-related-posts":[{"id":27404,"url":"http:\/\/batimedianews.com\/live\/index.php\/2023\/04\/03\/vitra-revient-a-lish-avec-une-nouvelle-collection\/","url_meta":{"origin":16746,"position":0},"title":"VitrA revient \u00e0 l&rsquo;ISH avec une nouvelle collection","date":"3 avril 2023","format":false,"excerpt":"13 - 17 mars 2023, Francfort-sur-le-Main, Hall 3.1 C47 et C4 Nouvelle collection METROPOLE de VitrA VitrA fera son retour physique au salon de la salle de bains ISH, qui se tiendra \u00e0 Francfort-sur-le-Main du 13 au 17 mars, apr\u00e8s sa derni\u00e8re pr\u00e9sentation num\u00e9rique en 2021. Sur les stands C47\u2026","rel":"","context":"Dans &quot;Actualit\u00e9s salons&quot;","img":{"alt_text":"","src":"https:\/\/i0.wp.com\/batimedianews.com\/live\/wp-content\/uploads\/2023\/03\/Vitra-Article.jpg?fit=1080%2C1080&resize=350%2C200","width":350,"height":200},"classes":[]},{"id":38823,"url":"http:\/\/batimedianews.com\/live\/index.php\/2024\/07\/11\/focus-agrandit-sa-nouvelle-gamme-bioethanol-lergofocus-rejoint-le-gyrofocus-et-le-domofocus\/","url_meta":{"origin":16746,"position":1},"title":"FOCUS agrandit sa nouvelle gamme Bio\u00e9thanol &#8211; L&rsquo;Ergofocus rejoint le Gyrofocus et le Domofocus !","date":"11 juillet 2024","format":false,"excerpt":"S'ils se distinguent toujours en \u00e9vitant au-dessus du sol, leur flammes s'alimentent d\u00e9sormais au bio\u00e9thanol. 2024, une nouvelle ann\u00e9e exceptionnelle pour Focus avec l'arriv\u00e9e de sa nouvelle gamme bio\u00e9thanol, transformant le paysage des chemin\u00e9es contemporaines. Toujours aussi \u00e9l\u00e9gants avec leur design flottant, les mod\u00e8les Ergofocus, Gyrofocus et Domofocus voient leurs\u2026","rel":"","context":"Dans &quot;Actualit\u00e9 Entreprises&quot;","img":{"alt_text":"","src":"https:\/\/i0.wp.com\/batimedianews.com\/live\/wp-content\/uploads\/2024\/07\/Focus-articles-.jpg?fit=825%2C825&resize=350%2C200","width":350,"height":200},"classes":[]},{"id":39660,"url":"http:\/\/batimedianews.com\/live\/index.php\/2024\/09\/12\/balzac-nouvelle-porte-mixte-bois-aluminium-quand-esthetique-raffinee-rencontre-excellence-technique\/","url_meta":{"origin":16746,"position":2},"title":"BALZAC, nouvelle porte mixte bois aluminium, quand esth\u00e9tique raffin\u00e9e rencontre excellence technique","date":"12 septembre 2024","format":false,"excerpt":"C\u2019est \u00e0 l\u2019occasion du salon Batimat - \u00c9quipbaie 2024 que le Groupe Lorillard d\u00e9voile la toute nouvelle porte mixte bois-aluminium, nomm\u00e9e Balzac.\u00a0 Cette porte est une cr\u00e9ation originale de Lorillard, dessin\u00e9e par Laura Poupin.\u00a0 Balzac incarne l\u2019harmonie parfaite entre tradition et modernit\u00e9.\u00a0 Ce mod\u00e8le vitr\u00e9, con\u00e7u avec soin, se distingue\u2026","rel":"","context":"Dans &quot;Actualit\u00e9 Entreprises&quot;","img":{"alt_text":"","src":"https:\/\/i2.wp.com\/batimedianews.com\/live\/wp-content\/uploads\/2024\/09\/Lorillard.jpg?fit=825%2C825&resize=350%2C200","width":350,"height":200},"classes":[]},{"id":7959,"url":"http:\/\/batimedianews.com\/live\/index.php\/2021\/02\/03\/univers-salle-de-bains-vitra-recompense-par-le-good-design-award-pour-ses-collections-voyage-et-sento-kids\/","url_meta":{"origin":16746,"position":3},"title":"Univers salle de bains #VitrA r\u00e9compens\u00e9 par le Good Design award pour ses collections Voyage et SENTO Kids","date":"3 f\u00e9vrier 2021","format":false,"excerpt":"Voyage\u00a0(diffusion France janvier 2021)\u00a0et Sento Kids\u00a0(diffusion 2020), ces 2 collections ont re\u00e7u le\u00a0Good Design\u00a0award dans la\u00a0cat\u00e9gorie Bain et accessoires.\u00a0 Voyage\u00a0est la collection de salle de bains \u00e9labor\u00e9e en collaboration avec le\u00a0cr\u00e9ateur et designer industriel Arik LEVY, cette ligne compte plus de 130 \u00e9l\u00e9ments diff\u00e9rents, la plus \u00e9tendue sign\u00e9e VitrA. Sento\u2026","rel":"","context":"Dans &quot;Actualit\u00e9 Entreprises&quot;","img":{"alt_text":"","src":"https:\/\/i2.wp.com\/batimedianews.com\/live\/wp-content\/uploads\/2021\/01\/image-178.png?fit=940%2C548&resize=350%2C200","width":350,"height":200},"classes":[]},{"id":40313,"url":"http:\/\/batimedianews.com\/live\/index.php\/2024\/10\/07\/wibaie-annonce-deux-nouvelles-gammes-de-portes-dentree-alu-85-et-acier-85-mm-coplanaires-dormant-ouvrant-affleurants-dotees-dun-cadre-douvrant-composite-eco-concu\/","url_meta":{"origin":16746,"position":4},"title":"WIBAIE annonce deux nouvelles gammes de portes d\u2019entr\u00e9e ALU 85 et ACIER 85 mm coplanaires (dormant\/ouvrant affleurants) dot\u00e9es d\u2019un cadre d\u2019ouvrant composite \u00e9co-con\u00e7u","date":"7 octobre 2024","format":false,"excerpt":"https:\/\/www.youtube.com\/watch?v=KSD-gRZCiqI&t=212s WIBAIE (Groupe Li\u00e9bot) annonce deux nouvelles gammes de portes d\u2019entr\u00e9e coplanaires (dormant\/ouvrant affleurants) de 85 mm d\u2019\u00e9paisseur, l\u2019une en ALU et l\u2019autre en ACIER. Dot\u00e9es d\u2019un tout nouveau cadre d\u2019ouvrant en mat\u00e9riau composite, ces portes \u00e9co-con\u00e7ues limitent l\u2019impact carbone dans leur process de fabrication.\u00a0 L\u2019offre de portes ALU et\u2026","rel":"","context":"Dans &quot;Actualit\u00e9 Entreprises&quot;","img":{"alt_text":"","src":"https:\/\/i2.wp.com\/batimedianews.com\/live\/wp-content\/uploads\/2024\/10\/Wibaie-articles-.jpg?fit=825%2C825&resize=350%2C200","width":350,"height":200},"classes":[]},{"id":47099,"url":"http:\/\/batimedianews.com\/live\/index.php\/2025\/09\/30\/vitra-artibat-2025-hall-2-stand-f15\/","url_meta":{"origin":16746,"position":5},"title":"VitrA @ARTIBAT 2025 Hall 2 stand F15","date":"30 septembre 2025","format":false,"excerpt":"V-Care 3 (Max) WC lavant VitrA Flush 3.0 Syst\u00e8me Vortex\u00a0 WC suspendu sans bride\u00a0 C\u00e9ramique trait\u00e9e anti-calcaire VitrA Clean - Fixation cach\u00e9e & charni\u00e8res en acier inoxydable - Abattant fermeture douce - Duroplast - Chasse tourbillon 3\/6 litres \u2013\u00a0Filtre anti-odeur \u2013 H 380 x P 600 x L 450 mm\u00a0\u2026","rel":"","context":"Dans &quot;Actualit\u00e9 Entreprises&quot;","img":{"alt_text":"","src":"https:\/\/i0.wp.com\/batimedianews.com\/live\/wp-content\/uploads\/2025\/09\/VitrA.jpg?fit=825%2C825&resize=350%2C200","width":350,"height":200},"classes":[]}],"_links":{"self":[{"href":"http:\/\/batimedianews.com\/live\/index.php\/wp-json\/wp\/v2\/posts\/16746"}],"collection":[{"href":"http:\/\/batimedianews.com\/live\/index.php\/wp-json\/wp\/v2\/posts"}],"about":[{"href":"http:\/\/batimedianews.com\/live\/index.php\/wp-json\/wp\/v2\/types\/post"}],"author":[{"embeddable":true,"href":"http:\/\/batimedianews.com\/live\/index.php\/wp-json\/wp\/v2\/users\/41"}],"replies":[{"embeddable":true,"href":"http:\/\/batimedianews.com\/live\/index.php\/wp-json\/wp\/v2\/comments?post=16746"}],"version-history":[{"count":4,"href":"http:\/\/batimedianews.com\/live\/index.php\/wp-json\/wp\/v2\/posts\/16746\/revisions"}],"predecessor-version":[{"id":16859,"href":"http:\/\/batimedianews.com\/live\/index.php\/wp-json\/wp\/v2\/posts\/16746\/revisions\/16859"}],"wp:featuredmedia":[{"embeddable":true,"href":"http:\/\/batimedianews.com\/live\/index.php\/wp-json\/wp\/v2\/media\/16754"}],"wp:attachment":[{"href":"http:\/\/batimedianews.com\/live\/index.php\/wp-json\/wp\/v2\/media?parent=16746"}],"wp:term":[{"taxonomy":"category","embeddable":true,"href":"http:\/\/batimedianews.com\/live\/index.php\/wp-json\/wp\/v2\/categories?post=16746"},{"taxonomy":"post_tag","embeddable":true,"href":"http:\/\/batimedianews.com\/live\/index.php\/wp-json\/wp\/v2\/tags?post=16746"}],"curies":[{"name":"wp","href":"https:\/\/api.w.org\/{rel}","templated":true}]}}