{"id":19519,"date":"2022-05-03T08:46:29","date_gmt":"2022-05-03T06:46:29","guid":{"rendered":"http:\/\/batimedianews.com\/live\/?p=19519"},"modified":"2022-08-07T12:46:59","modified_gmt":"2022-08-07T10:46:59","slug":"qualite-du-bati-et-de-lhabitat-le-groupe-polylogis-embarque-ses-partenaires-fabricants-dans-une-demarche-rse-toujours-plus-vertueuse","status":"publish","type":"post","link":"http:\/\/batimedianews.com\/live\/index.php\/2022\/05\/03\/qualite-du-bati-et-de-lhabitat-le-groupe-polylogis-embarque-ses-partenaires-fabricants-dans-une-demarche-rse-toujours-plus-vertueuse\/","title":{"rendered":"Qualit\u00e9 du b\u00e2ti et de l&rsquo;habitat le groupe Polylogis embarque ses partenaires fabricants  dans une d\u00e9marche RSE toujours plus vertueuse"},"content":{"rendered":"\n<p><em>Paris le 12 avril 2022 <\/em>: <strong>Engag\u00e9 pour l\u2019am\u00e9lioration de la qualit\u00e9 de l\u2019habitat et la d\u00e9carbonation de la fili\u00e8re construction, le Groupe Polylogis, acteur majeur du logement social, a sign\u00e9 aujourd\u2019hui avec 40 de ses partenaires fabricants *, une convention \u00ab Ambitions RSE \u00bb. Destin\u00e9e aux fabricants de mat\u00e9riaux et mat\u00e9riels, cette convention engage l\u2019ensemble des signataires dans une d\u00e9marche environnementale plus responsable, favorisant notamment l\u2019utilisation de mat\u00e9riaux d\u00e9carbon\u00e9s, le traitement et le recyclage des d\u00e9chets. Avec cette initiative, Polylogis approfondit sa d\u00e9marche RSE et poursuit sa volont\u00e9 d\u2019am\u00e9liorer la qualit\u00e9 de son parc de logements.<\/strong>&nbsp; <\/p>\n\n\n\n<p>Avec un patrimoine de 146 000 logements g\u00e9r\u00e9s \u00e0 travers ses filiales dans 8 r\u00e9gions de France, le Groupe Polylogis est mobilis\u00e9 pour l\u2019am\u00e9lioration de la qualit\u00e9 des ouvrages qu\u2019il construit, r\u00e9nove, r\u00e9habilite et g\u00e8re. Afin d\u2019accentuer sa politique d\u2019harmonisation des mat\u00e9riaux et mat\u00e9riels utilis\u00e9s dans son parc, le Groupe a mis en place un catalogue des pr\u00e9conisations et une convention de partenariat \u00e0 destination de tous ses partenaires d\u2019affaires fabricants. Le catalogue des pr\u00e9conisations s\u00e9lectionne notamment des mat\u00e9riaux et mat\u00e9riels qui correspondent aux attentes de qualit\u00e9 et de p\u00e9rennit\u00e9 que le Groupe souhaite voir mettre en oeuvre sur ces op\u00e9rations de construction neuves et r\u00e9habilitations.&nbsp;<\/p>\n\n\n\n<p>Les signataires de la convention s\u2019engagent ainsi dans le cadre des op\u00e9rations men\u00e9es pour le Groupe Polylogis :&nbsp;<\/p>\n\n\n\n<ul><li> \u00e0 proposer des produits et services favorisant l\u2019acc\u00e8s \u00e0 un logement \u00e9conomique et \u00e9cologique,&nbsp; <\/li><li>\u00e0 avoir recours \u00e0 des mat\u00e9riaux et \u00e9quipements durables et respectueux de l\u2019environnement tel que peuvent le d\u00e9finir les fiches FDES (Fiches de d\u00e9claration environnementale et sanitaire),&nbsp; <\/li><li>de participer \u00e0 l\u2019am\u00e9lioration de la valorisation du recyclage des d\u00e9chets issus des r\u00e9habilitations, ou des chutes de produits issues de leurs poses.&nbsp;<\/li><\/ul>\n\n\n\n<p><em>Cette d\u00e9marche nous engage collectivement \u00e0 travers ce r\u00e9seau collaboratif \u00e0 mieux r\u00e9pondre aux grands enjeux soci\u00e9taux et environnementaux dans le cadre de nos op\u00e9rations de construction, r\u00e9novation et r\u00e9habilitation. Nous sommes heureux qu\u2019elle f\u00e9d\u00e8re aujourd\u2019hui autant de partenaires et de pouvoir co- construire \u00e0 leurs c\u00f4t\u00e9s un mod\u00e8le de d\u00e9veloppement plus responsable et vertueux.&nbsp;<\/em> <\/p>\n\n\n\n<p><strong>Karine Julien- Elka\u00efm, pr\u00e9sidente du comit\u00e9 ex\u00e9cutif du Groupe Polylogis.&nbsp;<\/strong><\/p>\n\n\n\n<p>La convention a \u00e9t\u00e9 sign\u00e9e aujourd\u2019hui \u00e0 Paris par 40 entreprises partenaires, lors d\u2019un \u00e9v\u00e8nement f\u00e9d\u00e9rateur.&nbsp;<\/p>\n\n\n\n<figure class=\"wp-block-image size-large\"><img loading=\"lazy\" width=\"720\" height=\"299\" src=\"https:\/\/i0.wp.com\/batimedianews.com\/live\/wp-content\/uploads\/2022\/04\/image-376.png?resize=720%2C299\" alt=\"\" class=\"wp-image-19520\" srcset=\"https:\/\/i0.wp.com\/batimedianews.com\/live\/wp-content\/uploads\/2022\/04\/image-376.png?resize=1024%2C425 1024w, https:\/\/i0.wp.com\/batimedianews.com\/live\/wp-content\/uploads\/2022\/04\/image-376.png?resize=600%2C249 600w, https:\/\/i0.wp.com\/batimedianews.com\/live\/wp-content\/uploads\/2022\/04\/image-376.png?resize=768%2C319 768w, https:\/\/i0.wp.com\/batimedianews.com\/live\/wp-content\/uploads\/2022\/04\/image-376.png?resize=1536%2C638 1536w, https:\/\/i0.wp.com\/batimedianews.com\/live\/wp-content\/uploads\/2022\/04\/image-376.png?resize=10%2C4 10w, https:\/\/i0.wp.com\/batimedianews.com\/live\/wp-content\/uploads\/2022\/04\/image-376.png?resize=432%2C179 432w, https:\/\/i0.wp.com\/batimedianews.com\/live\/wp-content\/uploads\/2022\/04\/image-376.png?resize=396%2C164 396w, https:\/\/i0.wp.com\/batimedianews.com\/live\/wp-content\/uploads\/2022\/04\/image-376.png?resize=1120%2C465 1120w, https:\/\/i0.wp.com\/batimedianews.com\/live\/wp-content\/uploads\/2022\/04\/image-376.png?resize=660%2C274 660w, https:\/\/i0.wp.com\/batimedianews.com\/live\/wp-content\/uploads\/2022\/04\/image-376.png?resize=530%2C220 530w, https:\/\/i0.wp.com\/batimedianews.com\/live\/wp-content\/uploads\/2022\/04\/image-376.png?w=1826 1826w, https:\/\/i0.wp.com\/batimedianews.com\/live\/wp-content\/uploads\/2022\/04\/image-376.png?w=1440 1440w\" sizes=\"(max-width: 600px) 91vw, (max-width: 900px) 600px, (max-width: 1060px) 50vw, (max-width: 1200px) 520px, (max-width: 1400px) 43vw, 600px\" data-recalc-dims=\"1\" \/><\/figure>\n\n\n\n<p>Le partenariat pr\u00e9voit \u00e9galement une \u00ab journ\u00e9e des Affaires \u00bb annuelle ou semestrielle qui permettra \u00e0 l\u2019ensemble des adh\u00e9rents au catalogue de se retrouver et d\u2019\u00e9changer autour des enjeux de construction durable et responsable.&nbsp; <\/p>\n\n\n\n<p><em>*Les 40 acteurs signataires de la Convention \u00ab Ambitions RSE \u00bb : BERKVENSens, BRICARD, CADAP, CAREA, CHENE VERT, CIBOX, COGELEC \u2013 INTRATONE, CTS, DECAYEUX, SOGAL, FORBO, GEBERIT, GENTE MEUBLES, GERFLOR, GROHE, GROUPE ATLANTIC, GROUPE UNILIN Division Flooring, HAGER, HM Radiateurs, PORCHER, KALDEWEI, Kanlux, KEYOR, KINEDO, LEGRAND, MALERBA, MODERNA, NORA, NORALSY, Nord Inox, RENZ, RESISTEX, SALONI, SIBO, Thermor, URMET, VitrA, HOPPE, SANSWISS, IMMO- PARQUET France.<\/em><\/p>\n\n\n\n<p><strong>\u00c0 propos du Groupe <\/strong><\/p>\n\n\n\n<p>Polylogis&nbsp; Bailleur social ind\u00e9pendant, le Groupe Polylogis est sp\u00e9cialis\u00e9 dans la construction, la r\u00e9novation et l\u2019am\u00e9nagement de logements, pour les foyers \u00e0 faibles revenus, les \u00e9tudiants, les jeunes travailleurs, les personnes \u00e2g\u00e9es ou \u00e0 mobilit\u00e9 r\u00e9duite. R\u00e9unissant plus de 146 000 logements en France, Polylogis compte parmi les principaux acteurs du logement social. Il poursuit la mission d\u2019int\u00e9r\u00eat g\u00e9n\u00e9ral men\u00e9e, depuis 1960, par sa soci\u00e9t\u00e9 m\u00e8re LogiRep, en privil\u00e9giant une gestion de proximit\u00e9 et en investissant en permanence dans la conservation et la modernisation de son patrimoine.&nbsp;<br><\/p>\n","protected":false},"excerpt":{"rendered":"<p>Paris le 12 avril 2022 : Engag\u00e9 pour l\u2019am\u00e9lioration de la qualit\u00e9 de l\u2019habitat et la d\u00e9carbonation de la fili\u00e8re construction, le Groupe Polylogis, acteur majeur du logement social, a sign\u00e9 aujourd\u2019hui avec 40 de ses partenaires fabricants *, une convention \u00ab Ambitions RSE \u00bb. Destin\u00e9e aux fabricants de mat\u00e9riaux et mat\u00e9riels, cette convention engage [&hellip;]<\/p>\n","protected":false},"author":41,"featured_media":19521,"comment_status":"open","ping_status":"open","sticky":false,"template":"","format":"standard","meta":{"spay_email":""},"categories":[866,73],"tags":[],"jetpack_featured_media_url":"https:\/\/i2.wp.com\/batimedianews.com\/live\/wp-content\/uploads\/2022\/04\/Polylogis-Article.jpg?fit=1920%2C1080","jetpack_sharing_enabled":true,"jetpack_likes_enabled":true,"jetpack-related-posts":[{"id":25397,"url":"http:\/\/batimedianews.com\/live\/index.php\/2022\/12\/30\/demarche-rse-recompensee-le-groupe-rector-lesage-obtient-le-label-engage-rse-de-lafnor-niveau-confirme\/","url_meta":{"origin":19519,"position":0},"title":"D\u00e9marche RSE r\u00e9compens\u00e9e : Le groupe RECTOR LESAGE obtient le label engag\u00e9 RSE de l\u2019AFNOR, niveau confirm\u00e9","date":"30 d\u00e9cembre 2022","format":false,"excerpt":"Le groupe Rector Lesage vient d\u2019obtenir le label Engag\u00e9 RSE, au niveau confirm\u00e9 (3\u00e8me niveau sur une \u00e9chelle de 4), de l\u2019AFNOR. Rector est ainsi le premier industriel du secteur du b\u00e9ton \u00e0 s\u2019inscrire dans cette voie. Cette distinction cr\u00e9dibilise et r\u00e9compense l\u2019engagement fort du groupe dans sa d\u00e9marche de\u2026","rel":"","context":"Dans &quot;Actualit\u00e9 Entreprises&quot;","img":{"alt_text":"","src":"https:\/\/i1.wp.com\/batimedianews.com\/live\/wp-content\/uploads\/2022\/12\/Rector-Article.jpg?fit=1080%2C1080&resize=350%2C200","width":350,"height":200},"classes":[]},{"id":32949,"url":"http:\/\/batimedianews.com\/live\/index.php\/2023\/11\/14\/engage-pour-un-avenir-durable-edilians-group-publie-la-2eme-edition-de-son-rapport-rse-aux-couleurs-de-sa-nouvelle-identite-visuelle\/","url_meta":{"origin":19519,"position":1},"title":"Engag\u00e9 pour un avenir durable, EDILIANS Group publie la 2\u00e8me \u00e9dition de son rapport RSE aux couleurs de sa nouvelle identit\u00e9 visuelle","date":"14 novembre 2023","format":false,"excerpt":"Hier leader de la tuile terre cuite en France et pionnier de la tuile photovolta\u00efque, Edilians Group poursuit son d\u00e9veloppement. Au fil de ses diff\u00e9rentes acquisitions en France, en Espagne et au Portugal, il est devenu un acteur europ\u00e9en de l\u2019\u00e9co-habitat qui se donne pour mission de d\u00e9velopper des solutions\u2026","rel":"","context":"Dans &quot;Actualit\u00e9 Entreprises&quot;","img":{"alt_text":"","src":"https:\/\/i2.wp.com\/batimedianews.com\/live\/wp-content\/uploads\/2023\/11\/Edilians-Image-articles-.jpg?fit=825%2C825&resize=350%2C200","width":350,"height":200},"classes":[]},{"id":47363,"url":"http:\/\/batimedianews.com\/live\/index.php\/2025\/10\/14\/a-caen-linkcity-realise-avec-cdc-habitat-grand-ouest-et-3f-normanvie-un-projet-a-haute-ambition-environnementale-dans-le-quartier-de-la-folie-couvrechef\/","url_meta":{"origin":19519,"position":2},"title":"\u00c0 Caen, Linkcity r\u00e9alise avec CDC Habitat Grand Ouest et 3F Normanvie un projet \u00e0 haute ambition environnementale dans le quartier de la Folie Couvrechef","date":"14 octobre 2025","format":false,"excerpt":"Dans le quartier de La Folie Couvrechef \u00e0 Caen, Linkcity d\u00e9veloppe avec CDC Habitat Grand Ouest et 3F Normanvie un projet immobilier exemplaire qui place le bois au coeur de sa conception. Pens\u00e9 comme un v\u00e9ritable d\u00e9monstrateur, ce programme mixte \u00e0 vocation sociale et locale de 90 logements illustre la\u2026","rel":"","context":"Dans &quot;Actualit\u00e9 Entreprises&quot;","img":{"alt_text":"","src":"https:\/\/i2.wp.com\/batimedianews.com\/live\/wp-content\/uploads\/2025\/10\/Linkcity_cdchabitat.jpg?fit=825%2C825&resize=350%2C200","width":350,"height":200},"classes":[]},{"id":42646,"url":"http:\/\/batimedianews.com\/live\/index.php\/2025\/02\/05\/le-cticm-le-scmf-et-la-maison-de-la-construction-metallique-se-mobilisent-pour-transformer-les-entreprises-de-la-filiere-face-au-defi-de-la-decarbonation\/","url_meta":{"origin":19519,"position":3},"title":"Le CTICM, le SCMF et la Maison de la Construction M\u00e9tallique, se mobilisent pour transformer les entreprises de la fili\u00e8re face au d\u00e9fi de la d\u00e9carbonation","date":"5 f\u00e9vrier 2025","format":false,"excerpt":"Le Centre Technique Industriel de la Construction M\u00e9tallique (CTICM), acteur cl\u00e9 dans la recherche et l'innovation pour la fili\u00e8re m\u00e9tallique, le Syndicat de la Construction M\u00e9tallique de France (SCMF) et la Maison de la Construction M\u00e9tallique (MCM), intensifient leurs efforts pour accompagner le secteur de la construction dans sa transition\u2026","rel":"","context":"Dans &quot;Actualit\u00e9 Entreprises&quot;","img":{"alt_text":"","src":"https:\/\/i1.wp.com\/batimedianews.com\/live\/wp-content\/uploads\/2025\/02\/CTICM-articles-.jpg?fit=825%2C825&resize=350%2C200","width":350,"height":200},"classes":[]},{"id":42126,"url":"http:\/\/batimedianews.com\/live\/index.php\/2025\/01\/14\/domial-et-qualibat-sassocient-pour-renforcer-la-qualite-des-projets-de-construction-et-de-renovation-en-alsace\/","url_meta":{"origin":19519,"position":4},"title":"Domial et Qualibat s\u2019associent pour renforcer la qualit\u00e9 des projets de construction et de r\u00e9novation en Alsace","date":"14 janvier 2025","format":false,"excerpt":"Paris, le 13 janvier 2025 \u2013 Domial, acteur majeur de l\u2019habitat et du logement en Alsace, filiale du Groupe Action Logement, annonce un partenariat strat\u00e9gique avec Qualibat, organisme de r\u00e9f\u00e9rence en mati\u00e8re de qualifications et certifications des entreprises du secteur de la construction. Cette collaboration vise \u00e0 garantir des projets\u2026","rel":"","context":"Dans &quot;Actualit\u00e9 Entreprises&quot;","img":{"alt_text":"","src":"https:\/\/i1.wp.com\/batimedianews.com\/live\/wp-content\/uploads\/2025\/01\/Qualibat.jpg?fit=825%2C825&resize=350%2C200","width":350,"height":200},"classes":[]},{"id":32564,"url":"http:\/\/batimedianews.com\/live\/index.php\/2023\/10\/25\/le-groupe-herige-obtient-la-medaille-dargent-ecovadis-et-integre-le-top-25-des-entreprises-evaluees\/","url_meta":{"origin":19519,"position":5},"title":"Le GROUPE HERIGE obtient la m\u00e9daille d\u2019argent ECOVADIS et int\u00e8gre le top 25 % des entreprises \u00e9valu\u00e9es","date":"25 octobre 2023","format":false,"excerpt":"\u00a0HERIGE a obtenu au titre du Groupe et de ses filiales, le 9 octobre dernier, la m\u00e9daille d\u2019argent EcoVadis* d\u00e8s la premi\u00e8re \u00e9valuation de son engagement RSE (Responsabilit\u00e9 Soci\u00e9tale des Entreprises), avec la note globale de 61\/100. Cette notation t\u00e9moigne de son engagement aupr\u00e8s de ses clients et partenaires, en\u2026","rel":"","context":"Dans &quot;Actualit\u00e9 Entreprises&quot;","img":{"alt_text":"","src":"https:\/\/i0.wp.com\/batimedianews.com\/live\/wp-content\/uploads\/2023\/10\/Herige-Image-articles-.jpg?fit=825%2C825&resize=350%2C200","width":350,"height":200},"classes":[]}],"_links":{"self":[{"href":"http:\/\/batimedianews.com\/live\/index.php\/wp-json\/wp\/v2\/posts\/19519"}],"collection":[{"href":"http:\/\/batimedianews.com\/live\/index.php\/wp-json\/wp\/v2\/posts"}],"about":[{"href":"http:\/\/batimedianews.com\/live\/index.php\/wp-json\/wp\/v2\/types\/post"}],"author":[{"embeddable":true,"href":"http:\/\/batimedianews.com\/live\/index.php\/wp-json\/wp\/v2\/users\/41"}],"replies":[{"embeddable":true,"href":"http:\/\/batimedianews.com\/live\/index.php\/wp-json\/wp\/v2\/comments?post=19519"}],"version-history":[{"count":2,"href":"http:\/\/batimedianews.com\/live\/index.php\/wp-json\/wp\/v2\/posts\/19519\/revisions"}],"predecessor-version":[{"id":19586,"href":"http:\/\/batimedianews.com\/live\/index.php\/wp-json\/wp\/v2\/posts\/19519\/revisions\/19586"}],"wp:featuredmedia":[{"embeddable":true,"href":"http:\/\/batimedianews.com\/live\/index.php\/wp-json\/wp\/v2\/media\/19521"}],"wp:attachment":[{"href":"http:\/\/batimedianews.com\/live\/index.php\/wp-json\/wp\/v2\/media?parent=19519"}],"wp:term":[{"taxonomy":"category","embeddable":true,"href":"http:\/\/batimedianews.com\/live\/index.php\/wp-json\/wp\/v2\/categories?post=19519"},{"taxonomy":"post_tag","embeddable":true,"href":"http:\/\/batimedianews.com\/live\/index.php\/wp-json\/wp\/v2\/tags?post=19519"}],"curies":[{"name":"wp","href":"https:\/\/api.w.org\/{rel}","templated":true}]}}