{"id":19684,"date":"2022-05-05T08:50:55","date_gmt":"2022-05-05T06:50:55","guid":{"rendered":"http:\/\/batimedianews.com\/live\/?p=19684"},"modified":"2022-08-07T12:46:38","modified_gmt":"2022-08-07T10:46:38","slug":"fenetres-et-baies-vitrees-thermofibra-de-deceuninck-isoler-en-beaute","status":"publish","type":"post","link":"http:\/\/batimedianews.com\/live\/index.php\/2022\/05\/05\/fenetres-et-baies-vitrees-thermofibra-de-deceuninck-isoler-en-beaute\/","title":{"rendered":"Fen\u00eatres et baies vitr\u00e9es , ThermoFibra de Deceuninck, Isoler en beaut\u00e9"},"content":{"rendered":"\n<p>La fen\u00eatre est un peu l\u2019oeil de la maison. El\u00e9ment majeur de son architecture, elle doit s\u2019int\u00e9grer dans les modes de vie, les styles de chacun, mais aussi \u00eatre particuli\u00e8rement performante en mati\u00e8re d\u2019isolation.<\/p>\n\n\n\n<figure class=\"wp-block-image size-large\"><img loading=\"lazy\" width=\"720\" height=\"574\" src=\"https:\/\/i1.wp.com\/batimedianews.com\/live\/wp-content\/uploads\/2022\/05\/image-54.png?resize=720%2C574\" alt=\"\" class=\"wp-image-19685\" srcset=\"https:\/\/i1.wp.com\/batimedianews.com\/live\/wp-content\/uploads\/2022\/05\/image-54.png?resize=1024%2C816 1024w, https:\/\/i1.wp.com\/batimedianews.com\/live\/wp-content\/uploads\/2022\/05\/image-54.png?resize=600%2C478 600w, https:\/\/i1.wp.com\/batimedianews.com\/live\/wp-content\/uploads\/2022\/05\/image-54.png?resize=768%2C612 768w, https:\/\/i1.wp.com\/batimedianews.com\/live\/wp-content\/uploads\/2022\/05\/image-54.png?resize=10%2C8 10w, https:\/\/i1.wp.com\/batimedianews.com\/live\/wp-content\/uploads\/2022\/05\/image-54.png?resize=432%2C344 432w, https:\/\/i1.wp.com\/batimedianews.com\/live\/wp-content\/uploads\/2022\/05\/image-54.png?resize=396%2C316 396w, https:\/\/i1.wp.com\/batimedianews.com\/live\/wp-content\/uploads\/2022\/05\/image-54.png?resize=1120%2C893 1120w, https:\/\/i1.wp.com\/batimedianews.com\/live\/wp-content\/uploads\/2022\/05\/image-54.png?resize=660%2C526 660w, https:\/\/i1.wp.com\/batimedianews.com\/live\/wp-content\/uploads\/2022\/05\/image-54.png?resize=276%2C220 276w, https:\/\/i1.wp.com\/batimedianews.com\/live\/wp-content\/uploads\/2022\/05\/image-54.png?w=1252 1252w\" sizes=\"(max-width: 600px) 91vw, (max-width: 900px) 600px, (max-width: 1060px) 50vw, (max-width: 1200px) 520px, (max-width: 1400px) 43vw, 600px\" data-recalc-dims=\"1\" \/><\/figure>\n\n\n\n<p class=\"has-text-color has-medium-font-size\" style=\"color:#003ba3\"><strong>ThermoFibra,<\/strong><\/p>\n\n\n\n<p class=\"has-text-color\" style=\"color:#003ba3\"><em>le concept de renforcement des profil\u00e9s de fen\u00eatre sans acier le plus performant du march\u00e9, avec des fibres longues.<\/em><\/p>\n\n\n\n<p>Ce mat\u00e9riau <strong>unique, 100 % recyclable<\/strong>, d\u00e9di\u00e9 aux profil\u00e9s de menuiserie, allie pvc et fibres de verre lors de l\u2019extrusion. Il permet d\u2019atteindre des <strong>performances d\u2019isolation exceptionnelles<\/strong> sans renforts m\u00e9talliques, une grande stabilit\u00e9 de toutes les couleurs, une <strong>rigidit\u00e9 parfaite<\/strong> m\u00eame sur les grandes dimensions, sans oublier l\u2019aspect design.<\/p>\n\n\n\n<div class=\"wp-block-group has-sm-light-tertiary-background-color has-background\"><div class=\"wp-block-group__inner-container\">\n<div class=\"wp-block-image\"><figure class=\"alignright size-large is-resized\"><img loading=\"lazy\" src=\"https:\/\/i1.wp.com\/batimedianews.com\/live\/wp-content\/uploads\/2022\/05\/image-55.png?resize=137%2C218\" alt=\"\" class=\"wp-image-19686\" width=\"137\" height=\"218\" srcset=\"https:\/\/i1.wp.com\/batimedianews.com\/live\/wp-content\/uploads\/2022\/05\/image-55.png?w=280 280w, https:\/\/i1.wp.com\/batimedianews.com\/live\/wp-content\/uploads\/2022\/05\/image-55.png?resize=6%2C10 6w, https:\/\/i1.wp.com\/batimedianews.com\/live\/wp-content\/uploads\/2022\/05\/image-55.png?resize=138%2C220 138w\" sizes=\"(max-width: 600px) 91vw, (max-width: 900px) 600px, (max-width: 1060px) 50vw, (max-width: 1200px) 520px, (max-width: 1400px) 43vw, 600px\" data-recalc-dims=\"1\" \/><\/figure><\/div>\n\n\n\n<p class=\"has-small-font-size\">Caract\u00e9ristiques :<\/p>\n\n\n\n<p class=\"has-small-font-size\">\u2022 ThermoFibra, c\u2019est 200 000 m de fibre par m\u00e8tre de profil\u2002<\/p>\n\n\n\n<p class=\"has-small-font-size\">\u2022 Le PVC renforc\u00e9 par fibre de verre est beaucoup plus l\u00e9ger que le PVC renforc\u00e9 acier, ce qui donne des produits finis beaucoup plus faciles \u00e0 manipuler<\/p>\n\n\n\n<p class=\"has-small-font-size\">\u2022 0 renfort m\u00e9tallique, en blanc comme en couleur<\/p>\n\n\n\n<p class=\"has-small-font-size\">\u2022 S\u00e9curit\u00e9 renforc\u00e9e : les renforts thermiques plac\u00e9s dans le dormant sont un v\u00e9ritable retardateur \u00e0 l\u2019effraction.<\/p>\n<\/div><\/div>\n\n\n\n<p class=\"has-text-align-center has-text-color has-medium-font-size\" style=\"color:#003ba3\"><strong><em>Un must d\u00e9clin\u00e9 en deux mod\u00e8les de fen\u00eatres et baies vitr\u00e9es d\u00e9j\u00e0 incontournables.<\/em><\/strong><\/p>\n\n\n\n<p class=\"has-text-align-right has-text-color has-medium-font-size\" style=\"color:#003ba3\"><em>La fen\u00eatre<\/em> <strong>Zendow#neo ThermoFibra<\/strong><\/p>\n\n\n\n<p class=\"has-text-align-right has-text-color has-medium-font-size\" style=\"color:#003ba3\"><em>Elle est belle, efficace et rassurante<\/em><\/p>\n\n\n\n<p>La fen\u00eatre Zendow#neo ThermoFibra est, en effet, \u00e9quip\u00e9e de vitrages pouvant aller jusqu\u2019\u00e0 <strong>54 mm d\u2019\u00e9paisseur<\/strong> garantissant ainsi une formidable efficience \u00e9nerg\u00e9tique (Uw 0,73 W\/m2.K, suivant configuration).<\/p>\n\n\n\n<p>La combinaison ThermoFibra, associant de la fibre de verre dans l\u2019ouvrant et un renfort thermique dans le dormant est la combinaison parfaite pour assurer une <strong>performance \u00e9nerg\u00e9tique<\/strong> d\u00e9passant les exigences des crit\u00e8res de la RT 2020 et de la norme BBC.<\/p>\n\n\n\n<p>De plus, la <strong>pr\u00e9sence de fibres continues<\/strong> dans l\u2019ouvrant limite la dilatation du mat\u00e9riau lors de variations de temp\u00e9rature, et \u00e9vite que les couleurs ne se ternissent ou ne s\u2019abiment.<\/p>\n\n\n\n<p>Une durabilit\u00e9 qui a d\u2019autant plus de sens quand on sait que Zendow#neo ThermoFibra est propos\u00e9e en pr\u00e8s de <strong>60 teintes et 3 finitions<\/strong> : plax\u00e9e, thermolaqu\u00e9e ou teint\u00e9e dans la masse.<\/p>\n\n\n\n<p class=\"has-text-color has-medium-font-size\" style=\"color:#003ba3\"><em>La baie vitr\u00e9e<\/em> <strong>iSlide#neo ThermoFibra<\/strong><\/p>\n\n\n\n<p class=\"has-text-color has-medium-font-size\" style=\"color:#003ba3\"><em>Priorit\u00e9 \u00e0 la lumi\u00e8re<\/em><\/p>\n\n\n\n<p>Une technologie qui en fait le coulissant le plus performant du march\u00e9 avec, en plus, une rigidit\u00e9\u2002parfaite m\u00eame sur les grandes dimensions.<\/p>\n\n\n\n<p>Sa r\u00e9sistance au vent est aussi un atout : il est class\u00e9 A*4, et r\u00e9pond \u00e0 une norme cyclonique de 1800 Pascals sans d\u00e9formation (tests effectu\u00e9s au CSTB \u2013 Rapport d\u2019essais PV 16-0072).<\/p>\n\n\n\n<p>Et ces qualit\u00e9s vont de pair avec son \u00e9l\u00e9gance, son design, son style.<\/p>\n\n\n\n<p><strong>Avec un battement central de 35 mm<\/strong>, il permet de gagner en luminosit\u00e9, un vrai plus pour la maison.<\/p>\n\n\n\n<p><em>iSlide#neo ThermoFibra <\/em>obtient le meilleur coefficient thermique du march\u00e9 avec Uw = 1,2 W\/m2.K, selon vitrage et configuration.<\/p>\n\n\n\n<p>Enfin, d\u00e9clin\u00e9e en <strong>59 teintes et 3 structures<\/strong> -teintes thermolaqu\u00e9es D\u00e9coroc, plax\u00e9es effet bois naturel et color\u00e9 ou teint\u00e9es dans la masse -, iSlide#neo ThermoFibra est aussi la baie vitr\u00e9e qui souligne la personnalit\u00e9 d\u2019un int\u00e9rieur.<\/p>\n\n\n\n<div class=\"wp-block-image\"><figure class=\"alignright size-large\"><img loading=\"lazy\" width=\"72\" height=\"66\" src=\"https:\/\/i0.wp.com\/batimedianews.com\/live\/wp-content\/uploads\/2022\/05\/image-56.png?resize=72%2C66\" alt=\"\" class=\"wp-image-19687\" srcset=\"https:\/\/i0.wp.com\/batimedianews.com\/live\/wp-content\/uploads\/2022\/05\/image-56.png?w=72 72w, https:\/\/i0.wp.com\/batimedianews.com\/live\/wp-content\/uploads\/2022\/05\/image-56.png?resize=10%2C10 10w\" sizes=\"(max-width: 600px) 91vw, (max-width: 900px) 600px, (max-width: 1060px) 50vw, (max-width: 1200px) 520px, (max-width: 1400px) 43vw, 600px\" data-recalc-dims=\"1\" \/><\/figure><\/div>\n\n\n\n<p class=\"has-text-color has-normal-font-size\" style=\"color:#003ba3\"><em>Les menuiseries Thermofibra sont labellis\u00e9es Vinyl+, signe de leur contribution au d\u00e9veloppement durable.<\/em><\/p>\n\n\n\n<figure class=\"wp-block-image size-large\"><img loading=\"lazy\" width=\"720\" height=\"406\" src=\"https:\/\/i0.wp.com\/batimedianews.com\/live\/wp-content\/uploads\/2022\/05\/image-57.png?resize=720%2C406\" alt=\"\" class=\"wp-image-19688\" srcset=\"https:\/\/i0.wp.com\/batimedianews.com\/live\/wp-content\/uploads\/2022\/05\/image-57.png?w=784 784w, https:\/\/i0.wp.com\/batimedianews.com\/live\/wp-content\/uploads\/2022\/05\/image-57.png?resize=600%2C338 600w, https:\/\/i0.wp.com\/batimedianews.com\/live\/wp-content\/uploads\/2022\/05\/image-57.png?resize=768%2C433 768w, https:\/\/i0.wp.com\/batimedianews.com\/live\/wp-content\/uploads\/2022\/05\/image-57.png?resize=10%2C6 10w, https:\/\/i0.wp.com\/batimedianews.com\/live\/wp-content\/uploads\/2022\/05\/image-57.png?resize=432%2C244 432w, https:\/\/i0.wp.com\/batimedianews.com\/live\/wp-content\/uploads\/2022\/05\/image-57.png?resize=396%2C223 396w, https:\/\/i0.wp.com\/batimedianews.com\/live\/wp-content\/uploads\/2022\/05\/image-57.png?resize=660%2C372 660w, https:\/\/i0.wp.com\/batimedianews.com\/live\/wp-content\/uploads\/2022\/05\/image-57.png?resize=390%2C220 390w\" sizes=\"(max-width: 600px) 91vw, (max-width: 900px) 600px, (max-width: 1060px) 50vw, (max-width: 1200px) 520px, (max-width: 1400px) 43vw, 600px\" data-recalc-dims=\"1\" \/><\/figure>\n\n\n\n<figure class=\"wp-block-image size-large\"><img loading=\"lazy\" width=\"720\" height=\"805\" src=\"https:\/\/i1.wp.com\/batimedianews.com\/live\/wp-content\/uploads\/2022\/05\/image-58.png?resize=720%2C805\" alt=\"\" class=\"wp-image-19689\" srcset=\"https:\/\/i1.wp.com\/batimedianews.com\/live\/wp-content\/uploads\/2022\/05\/image-58.png?resize=916%2C1024 916w, https:\/\/i1.wp.com\/batimedianews.com\/live\/wp-content\/uploads\/2022\/05\/image-58.png?resize=537%2C600 537w, https:\/\/i1.wp.com\/batimedianews.com\/live\/wp-content\/uploads\/2022\/05\/image-58.png?resize=768%2C858 768w, https:\/\/i1.wp.com\/batimedianews.com\/live\/wp-content\/uploads\/2022\/05\/image-58.png?resize=10%2C10 10w, https:\/\/i1.wp.com\/batimedianews.com\/live\/wp-content\/uploads\/2022\/05\/image-58.png?resize=432%2C483 432w, https:\/\/i1.wp.com\/batimedianews.com\/live\/wp-content\/uploads\/2022\/05\/image-58.png?resize=396%2C442 396w, https:\/\/i1.wp.com\/batimedianews.com\/live\/wp-content\/uploads\/2022\/05\/image-58.png?resize=660%2C737 660w, https:\/\/i1.wp.com\/batimedianews.com\/live\/wp-content\/uploads\/2022\/05\/image-58.png?resize=197%2C220 197w, https:\/\/i1.wp.com\/batimedianews.com\/live\/wp-content\/uploads\/2022\/05\/image-58.png?w=1040 1040w\" sizes=\"(max-width: 600px) 91vw, (max-width: 900px) 600px, (max-width: 1060px) 50vw, (max-width: 1200px) 520px, (max-width: 1400px) 43vw, 600px\" data-recalc-dims=\"1\" \/><\/figure>\n","protected":false},"excerpt":{"rendered":"<p>La fen\u00eatre est un peu l\u2019oeil de la maison. El\u00e9ment majeur de son architecture, elle doit s\u2019int\u00e9grer dans les modes de vie, les styles de chacun, mais aussi \u00eatre particuli\u00e8rement performante en mati\u00e8re d\u2019isolation. ThermoFibra, le concept de renforcement des profil\u00e9s de fen\u00eatre sans acier le plus performant du march\u00e9, avec des fibres longues. Ce [&hellip;]<\/p>\n","protected":false},"author":41,"featured_media":19690,"comment_status":"open","ping_status":"open","sticky":false,"template":"","format":"standard","meta":{"spay_email":""},"categories":[531,690],"tags":[1871],"jetpack_featured_media_url":"https:\/\/i0.wp.com\/batimedianews.com\/live\/wp-content\/uploads\/2022\/05\/deceuninck-Article.jpg?fit=1920%2C1080","jetpack_sharing_enabled":true,"jetpack_likes_enabled":true,"jetpack-related-posts":[{"id":34169,"url":"http:\/\/batimedianews.com\/live\/index.php\/2024\/01\/10\/ideal-renovation-innove-avec-sa-baie-vitree-accordeon-un-coulissant-dedans-dehors-fabrique-a-marseille\/","url_meta":{"origin":19684,"position":0},"title":"Id\u00e9al R\u00e9novation innove avec sa baie vitr\u00e9e accord\u00e9on, un coulissant \u201cdedans\/dehors\u201d fabriqu\u00e9 \u00e0 Marseille","date":"10 janvier 2024","format":false,"excerpt":"C\u2019est LA tendance d\u00e9co qui cartonne depuis la p\u00e9riode des confinements : le \u201cdedans\/dehors\u201d, cette volont\u00e9 de r\u00e9am\u00e9nager l\u2019espace pour profiter d\u2019un maximum de clart\u00e9 et d\u2019une ouverture sur l\u2019ext\u00e9rieur\u2026 tout en restant confortablement install\u00e9 chez soi. On fait rentrer la nature et l\u2019espace au sein de son habitation\u2026 et\u2026","rel":"","context":"Dans &quot;Actualit\u00e9 Entreprises&quot;","img":{"alt_text":"","src":"https:\/\/i0.wp.com\/batimedianews.com\/live\/wp-content\/uploads\/2024\/01\/Ideal-Renovation.jpg?fit=825%2C825&resize=350%2C200","width":350,"height":200},"classes":[]},{"id":488,"url":"http:\/\/batimedianews.com\/live\/index.php\/2018\/10\/29\/cest-demontre-le-remplacement-des-anciennes-fenetres-est-bien-une-action-de-renovation-energetique-efficace\/","url_meta":{"origin":19684,"position":1},"title":"C\u2019est d\u00e9montr\u00e9 ! Le remplacement des anciennes fen\u00eatres est bien une action de r\u00e9novation \u00e9nerg\u00e9tique efficace","date":"29 octobre 2018","format":false,"excerpt":"L\u2019\u00e9tude ADEME\/CSTB men\u00e9e entre d\u00e9cembre 2017 et mars 2018 \u00e0 la\u00a0demande de la DGEC et la DHUP a \u00e9t\u00e9 pr\u00e9sent\u00e9e au CSCEE le 16 octobre 2018 L\u2019\u00e9tude \u00e9value l\u2019impact \u00e9nerg\u00e9tique d\u2019une trentaine de gestes de r\u00e9novation dont les travaux d\u2019isolation des\u00a0parois opaques et des parois vitr\u00e9es. Des simulations ont \u00e9t\u00e9\u2026","rel":"","context":"Dans &quot;Actualit\u00e9 Entreprises&quot;","img":{"alt_text":"","src":"","width":0,"height":0},"classes":[]},{"id":47446,"url":"http:\/\/batimedianews.com\/live\/index.php\/2025\/10\/20\/luxwall-et-saint-gobain-glass-france-sassocient-pour-commercialiser-insio-une-nouvelle-generation-de-vitrage-ultra-performant-pour-le-marche-francais\/","url_meta":{"origin":19684,"position":2},"title":"LUXWALL et SAINT-GOBAIN GLASS FRANCE s\u2019associent pour commercialiser INSIO\u00ae, une nouvelle g\u00e9n\u00e9ration de vitrage ultra performant pour le march\u00e9 fran\u00e7ais","date":"20 octobre 2025","format":false,"excerpt":"Dans le cadre d\u2019un partenariat strat\u00e9gique en Europe entre Saint-Gobain Glass et LuxWall, Saint-Gobain Glass France int\u00e9grera, de fa\u00e7on exclusive, la technologie d\u2019isolation transparente d\u00e9velopp\u00e9e par LuxWall \u00e0 sa solution innovante INSIO\u00ae. Cette alliance marque une \u00e9tape majeure dans la transition vers des b\u00e2timents \u00e0 haute efficacit\u00e9 \u00e9nerg\u00e9tique.\u00a0 \u00a0Dans le\u2026","rel":"","context":"Dans &quot;Actualit\u00e9 Entreprises&quot;","img":{"alt_text":"","src":"https:\/\/i0.wp.com\/batimedianews.com\/live\/wp-content\/uploads\/2025\/10\/Saint-gobain.jpg?fit=825%2C825&resize=350%2C200","width":350,"height":200},"classes":[]},{"id":24542,"url":"http:\/\/batimedianews.com\/live\/index.php\/2022\/11\/15\/leul-menuiseries-la-baie-coulissante-horizon-beneficie-des-bienfaits-du-pvc\/","url_meta":{"origin":19684,"position":3},"title":"Leul Menuiseries : la baie coulissante Horizon b\u00e9n\u00e9ficie des bienfaits du PVC","date":"15 novembre 2022","format":false,"excerpt":"Pourquoi le PVC Partenaire de votre construction et v\u00e9ritable mat\u00e9riau cam\u00e9l\u00e9on, le PVC est naturellement isolant, inerte et non-conducteur. Il permet des formes, des dimensions et un grand choix de couleurs\u00a0! Un mat\u00e9riau inerte, isolant et non-conducteurEn perp\u00e9tuelle \u00e9volution, ce mat\u00e9riau permet des masses de profils plus \u00e9l\u00e9gantes pour d\u2019excellentes\u2026","rel":"","context":"Dans &quot;Actualit\u00e9 Entreprises&quot;","img":{"alt_text":"","src":"https:\/\/i1.wp.com\/batimedianews.com\/live\/wp-content\/uploads\/2022\/10\/leul_article.png?fit=1070%2C748&resize=350%2C200","width":350,"height":200},"classes":[]},{"id":8963,"url":"http:\/\/batimedianews.com\/live\/index.php\/2021\/04\/26\/franciaflex-presente-trois-solutions-pour-renover-portes-et-fenetres-en-ameliorant-lisolation-thermique-globale-de-lhabitat\/","url_meta":{"origin":19684,"position":4},"title":"FRANCIAFLEX PR\u00c9SENTE TROIS SOLUTIONS POUR R\u00c9NOVER PORTES ET FEN\u00caTRES EN AM\u00c9LIORANT L\u2019ISOLATION THERMIQUE GLOBALE DE L\u2019HABITAT","date":"26 avril 2021","format":false,"excerpt":"Zoom sur les performances de : \u2022 INFINI PLEIADE\u00ae une gamme de fen\u00eatres aluminium \u00e0 haute efficacit\u00e9 thermique, \u2022 EXCEO, des fen\u00eatres PVC id\u00e9ales pour toutes les conditions climatiques, \u2022 Les portes d\u2019entr\u00e9e monobloc en aluminium tr\u00e8s r\u00e9sistantes et s\u00e9curitaires. \u00a0La consommation d\u2019\u00e9nergie occupe aujourd\u2019hui une grande part du budget\u2026","rel":"","context":"Dans &quot;Isolation&quot;","img":{"alt_text":"","src":"https:\/\/i0.wp.com\/batimedianews.com\/live\/wp-content\/uploads\/2021\/03\/image-184.png?fit=858%2C858&resize=350%2C200","width":350,"height":200},"classes":[]},{"id":23934,"url":"http:\/\/batimedianews.com\/live\/index.php\/2022\/10\/06\/plus-haute-plus-fine-plus-belle-plus-design-kline-fait-evoluer-sa-fenetre-lumiere\/","url_meta":{"origin":19684,"position":5},"title":"Plus haute , plus fine , plus belle , plus design K\u2022LINE fait \u00e9voluer sa fen\u00eatre lumi\u00e8re !","date":"6 octobre 2022","format":false,"excerpt":"Toujours en qu\u00eate d\u2019innovation et d\u2019am\u00e9lioration de ses produits, K\u2022LINE fait \u00e9voluer son offre, et d\u00e9voile une nouvelle version de sa fen\u00eatre \u00e0\u2002frappe sur le salon Batimat : place au design avec un ferrage invisible et surtout une ouverture \u00e0\u2002180 degr\u00e9s, une nouvelle battue de 50 mm avec poign\u00e9e centr\u00e9e,\u2026","rel":"","context":"Dans &quot;Actualit\u00e9 Entreprises&quot;","img":{"alt_text":"","src":"https:\/\/i0.wp.com\/batimedianews.com\/live\/wp-content\/uploads\/2022\/10\/Kline-Article.jpg?fit=1080%2C1080&resize=350%2C200","width":350,"height":200},"classes":[]}],"_links":{"self":[{"href":"http:\/\/batimedianews.com\/live\/index.php\/wp-json\/wp\/v2\/posts\/19684"}],"collection":[{"href":"http:\/\/batimedianews.com\/live\/index.php\/wp-json\/wp\/v2\/posts"}],"about":[{"href":"http:\/\/batimedianews.com\/live\/index.php\/wp-json\/wp\/v2\/types\/post"}],"author":[{"embeddable":true,"href":"http:\/\/batimedianews.com\/live\/index.php\/wp-json\/wp\/v2\/users\/41"}],"replies":[{"embeddable":true,"href":"http:\/\/batimedianews.com\/live\/index.php\/wp-json\/wp\/v2\/comments?post=19684"}],"version-history":[{"count":2,"href":"http:\/\/batimedianews.com\/live\/index.php\/wp-json\/wp\/v2\/posts\/19684\/revisions"}],"predecessor-version":[{"id":19700,"href":"http:\/\/batimedianews.com\/live\/index.php\/wp-json\/wp\/v2\/posts\/19684\/revisions\/19700"}],"wp:featuredmedia":[{"embeddable":true,"href":"http:\/\/batimedianews.com\/live\/index.php\/wp-json\/wp\/v2\/media\/19690"}],"wp:attachment":[{"href":"http:\/\/batimedianews.com\/live\/index.php\/wp-json\/wp\/v2\/media?parent=19684"}],"wp:term":[{"taxonomy":"category","embeddable":true,"href":"http:\/\/batimedianews.com\/live\/index.php\/wp-json\/wp\/v2\/categories?post=19684"},{"taxonomy":"post_tag","embeddable":true,"href":"http:\/\/batimedianews.com\/live\/index.php\/wp-json\/wp\/v2\/tags?post=19684"}],"curies":[{"name":"wp","href":"https:\/\/api.w.org\/{rel}","templated":true}]}}