{"id":19860,"date":"2022-05-10T10:18:20","date_gmt":"2022-05-10T08:18:20","guid":{"rendered":"http:\/\/batimedianews.com\/live\/?p=19860"},"modified":"2022-08-07T12:46:13","modified_gmt":"2022-08-07T10:46:13","slug":"softica-activateur-dacces-celebre-son-implantation-en-bretagne","status":"publish","type":"post","link":"http:\/\/batimedianews.com\/live\/index.php\/2022\/05\/10\/softica-activateur-dacces-celebre-son-implantation-en-bretagne\/","title":{"rendered":"Softica , Activateur d\u2019Acc\u00e8s , c\u00e9l\u00e8bre son implantation en Bretagne"},"content":{"rendered":"\n<figure class=\"wp-block-image size-large\"><img loading=\"lazy\" width=\"720\" height=\"405\" src=\"https:\/\/i1.wp.com\/batimedianews.com\/live\/wp-content\/uploads\/2022\/05\/image-158.png?resize=720%2C405\" alt=\"\" class=\"wp-image-19861\" srcset=\"https:\/\/i1.wp.com\/batimedianews.com\/live\/wp-content\/uploads\/2022\/05\/image-158.png?resize=1024%2C576 1024w, https:\/\/i1.wp.com\/batimedianews.com\/live\/wp-content\/uploads\/2022\/05\/image-158.png?resize=600%2C338 600w, https:\/\/i1.wp.com\/batimedianews.com\/live\/wp-content\/uploads\/2022\/05\/image-158.png?resize=768%2C432 768w, https:\/\/i1.wp.com\/batimedianews.com\/live\/wp-content\/uploads\/2022\/05\/image-158.png?resize=1536%2C864 1536w, https:\/\/i1.wp.com\/batimedianews.com\/live\/wp-content\/uploads\/2022\/05\/image-158.png?resize=2048%2C1152 2048w, https:\/\/i1.wp.com\/batimedianews.com\/live\/wp-content\/uploads\/2022\/05\/image-158.png?resize=10%2C6 10w, https:\/\/i1.wp.com\/batimedianews.com\/live\/wp-content\/uploads\/2022\/05\/image-158.png?resize=432%2C243 432w, https:\/\/i1.wp.com\/batimedianews.com\/live\/wp-content\/uploads\/2022\/05\/image-158.png?resize=396%2C223 396w, https:\/\/i1.wp.com\/batimedianews.com\/live\/wp-content\/uploads\/2022\/05\/image-158.png?resize=1120%2C630 1120w, https:\/\/i1.wp.com\/batimedianews.com\/live\/wp-content\/uploads\/2022\/05\/image-158.png?resize=660%2C371 660w, https:\/\/i1.wp.com\/batimedianews.com\/live\/wp-content\/uploads\/2022\/05\/image-158.png?resize=391%2C220 391w, https:\/\/i1.wp.com\/batimedianews.com\/live\/wp-content\/uploads\/2022\/05\/image-158.png?w=1440 1440w, https:\/\/i1.wp.com\/batimedianews.com\/live\/wp-content\/uploads\/2022\/05\/image-158.png?w=2160 2160w\" sizes=\"(max-width: 600px) 91vw, (max-width: 900px) 600px, (max-width: 1060px) 50vw, (max-width: 1200px) 520px, (max-width: 1400px) 43vw, 600px\" data-recalc-dims=\"1\" \/><\/figure>\n\n\n\n<p><strong>L\u2019agence commerciale bretonne de Softica, concepteur et fabricant de portes automatiques, a re\u00e7u ce vendredi 29 avril une soixantaine de personnes &#8211; clients, \u00e9lus, voisins -, pour inaugurer son nouveau b\u00e2timent implant\u00e9 \u00e0 Saint-Gilles, pr\u00e8s de Rennes. Retour sur le d\u00e9veloppement fulgurant de l\u2019\u00e9quipe SOFTICA&nbsp;en zone Nord-Ouest!&nbsp;<\/strong><\/p>\n\n\n\n<p><em>\u00ab&nbsp;Tout a commenc\u00e9 en 2017 dans la p\u00e9pini\u00e8re d\u2019entreprises d\u2019Andouill\u00e9-Neuville&nbsp;\u00bb,<\/em>&nbsp;nous explique Yannick Bocquet, pr\u00e9sident de Softica.&nbsp;<em>\u00ab&nbsp;J\u2019ai alors confi\u00e9 \u00e0 Ludovic Neveu la t\u00e2che de d\u00e9velopper la pr\u00e9sence de Softica sur les zones \u00e0 fort potentiel du Nord-Ouest de la France&nbsp;: la Bretagne d\u2019abord, puis les r\u00e9gions aux alentours&nbsp;: Normandie et Pays de Loire.&nbsp;\u00bb<\/em><\/p>\n\n\n\n<p><em>\u00ab&nbsp;Nous avons d\u00e9marr\u00e9 \u00e0 2&nbsp;! Anthony HELBERT pour la pose \/ le SAV<\/em>&nbsp;et&nbsp;<em>moi-m\u00eame pour la partie commerciale,&nbsp;<\/em>\u00bb, compl\u00e8te Ludovic Neveu, responsable de l\u2019agence Softica Bretagne<em>. \u00ab&nbsp;Quel chemin parcouru&nbsp;! 5 ans plus tard, nous sommes 7&nbsp;et cela \u00e9voluera encore ! Softica est une PME Fran\u00e7aise bien implant\u00e9e et disposant d\u2019une gamme compl\u00e8te de portes automatiques.&nbsp;\u00bb<\/em><\/p>\n\n\n\n<p>Ce vendredi 29 avril marque donc un nouveau d\u00e9part pour l\u2019agence Bretagne, plac\u00e9 sous le signe de la stabilisation. En effet ce b\u00e2timent neuf, dot\u00e9 d\u2019un entrep\u00f4t de stockage des portes automatiques arrivant de Savoie, lieu de fabrication de Softica, permet de continuer le d\u00e9veloppement et la p\u00e9rennisation de l\u2019agence.<\/p>\n\n\n\n<p>Au programme&nbsp;: discours de Yannick Bocquet, pr\u00e9sident de Softica, et de Ludovic Neveu, responsable de l\u2019agence Bretagne, visite de l\u2019agence, pr\u00e9sentation de la gamme de de l\u2019\u00e9quipe, et partage d\u2019un repas convivial autour d\u2019un food-truck typiquement breton.&nbsp;<\/p>\n\n\n\n<p><em>\u00ab&nbsp;En 2021, nous avons d\u00e9j\u00e0 c\u00e9l\u00e9br\u00e9 notre 1000<sup>\u00e8me<\/sup>&nbsp;installation&nbsp;de porte automatique ! En 2022, nous c\u00e9l\u00e9brons l\u2019installation p\u00e9renne de l\u2019agence Bretagne, que nous r\u00e9serve 2023&nbsp;?!!&nbsp;\u00bb,<\/em>&nbsp;conclut Ludovic Neveu dans son discours&nbsp;!<\/p>\n\n\n\n<p><strong>CARTE D\u2019IDENTIT\u00c9 SOFTICA<\/strong><\/p>\n\n\n\n<ul><li>Activit\u00e9&nbsp;: conception, fabrication, installation et maintenance de portes automatiques (et autres \u00e9quipements automatiques)<\/li><li>Si\u00e8ge social&nbsp;: M\u00e9ry \u2013 Savoie (73)<\/li><li>Implantations&nbsp;: Rh\u00f4ne-Alpes, Ile de France, Bretagne, Normandie, Pays de la Loire et Hauts de France<\/li><li>Date de cr\u00e9ation&nbsp;: fin 2005<\/li><li>Effectif&nbsp;: 72 employ\u00e9.e.s<\/li><li>Production&nbsp;: 2500 portes automatiques par an<\/li><li>Chiffre d\u2019Affaires&nbsp;: 10.6M\u20ac en 2021<\/li><\/ul>\n\n\n\n<p><strong>CARTE D\u2019IDENTIT\u00c9 SOFTICA BRETAGNE<\/strong><\/p>\n\n\n\n<ul><li>Activit\u00e9&nbsp;: pose et maintenance de portes automatiques (et autres \u00e9quipements automatiques)<\/li><li>Implantation&nbsp;: Saint Gilles (35)<\/li><li>Date de cr\u00e9ation&nbsp;: 2017<\/li><li>CA agence: 1.2 M\u20ac HT<\/li><li>Surface de l\u2019agence : 250 m\u00b2<\/li><li>Investissement : 400 K\u20ac HT (tout compris : immobilier + travaux)<\/li><li>Effectif&nbsp;: 7 employ\u00e9s&nbsp;<\/li><li>R\u00e9gions couvertes&nbsp;: Bretagne, Normandie et Pays de Loire<\/li><\/ul>\n","protected":false},"excerpt":{"rendered":"<p>L\u2019agence commerciale bretonne de Softica, concepteur et fabricant de portes automatiques, a re\u00e7u ce vendredi 29 avril une soixantaine de personnes &#8211; clients, \u00e9lus, voisins -, pour inaugurer son nouveau b\u00e2timent implant\u00e9 \u00e0 Saint-Gilles, pr\u00e8s de Rennes. Retour sur le d\u00e9veloppement fulgurant de l\u2019\u00e9quipe SOFTICA&nbsp;en zone Nord-Ouest!&nbsp; \u00ab&nbsp;Tout a commenc\u00e9 en 2017 dans la p\u00e9pini\u00e8re [&hellip;]<\/p>\n","protected":false},"author":41,"featured_media":19863,"comment_status":"open","ping_status":"open","sticky":false,"template":"","format":"standard","meta":{"spay_email":""},"categories":[4,100],"tags":[880],"jetpack_featured_media_url":"https:\/\/i0.wp.com\/batimedianews.com\/live\/wp-content\/uploads\/2022\/05\/SOFTICA-Article.jpg?fit=1920%2C1080","jetpack_sharing_enabled":true,"jetpack_likes_enabled":true,"jetpack-related-posts":[{"id":33435,"url":"http:\/\/batimedianews.com\/live\/index.php\/2023\/11\/29\/lhyfe-remporte-lami-lance-par-nantes-saint-nazaire-port\/","url_meta":{"origin":19860,"position":0},"title":"Lhyfe remporte l\u2019AMI lanc\u00e9 par Nantes Saint-Nazaire Port","date":"29 novembre 2023","format":false,"excerpt":"Lhyfe\u00a0remporte\u00a0l'appel \u00e0\u00a0manifestation d'int\u00e9r\u00eat\u00a0lanc\u00e9 par\u00a0Nantes\u00a0Saint-Nazaire\u00a0Port\u00a0pour le d\u00e9veloppement d'un site\u00a0de\u00a0production d'hydrog\u00e8ne vert\u00a0destin\u00e9 \u00e0 d\u00e9carboner\u00a0son\u00a0\u00e9cosyst\u00e8me portuaire\u00a0\u00e0 grande \u00e9chelle Nantes (France), le\u00a027 novembre\u00a02023, 7h30 -\u00a0Lhyfe (EURONEXT : LHYFE), l'un des pionniers mondiaux de la production d'hydrog\u00e8ne vert et renouvelable,\u00a0annonce avoir\u00a0\u00e9t\u00e9 d\u00e9sign\u00e9 laur\u00e9at de\u00a0l'appel \u00e0 manifestation d'int\u00e9r\u00eat (AMI)\u00a0lanc\u00e9\u00a0fin 2022\u00a0par\u00a0Nantes\u00a0Saint-Nazaire\u00a0Port\u00a0pour\u00a0l'implantation d'une unit\u00e9 de production industrielle et\u2026","rel":"","context":"Dans &quot;Actualit\u00e9 Entreprises&quot;","img":{"alt_text":"","src":"https:\/\/i2.wp.com\/batimedianews.com\/live\/wp-content\/uploads\/2023\/11\/Lhyfe-Image-articles-.jpg?fit=825%2C825&resize=350%2C200","width":350,"height":200},"classes":[]},{"id":9145,"url":"http:\/\/batimedianews.com\/live\/index.php\/2021\/04\/15\/densification-du-reseau-et-avantages-services-clients-malerba-distribution-sud-ouest-ouvre-ses-portes\/","url_meta":{"origin":19860,"position":1},"title":"DENSIFICATION DU R\u00c9SEAU ET AVANTAGES SERVICES CLIENTS : MALERBA DISTRIBUTION SUD-OUEST OUVRE SES PORTES","date":"15 avril 2021","format":false,"excerpt":"R\u00e9f\u00e9rence fran\u00e7aise depuis 1971 sur le march\u00e9 des bloc-portes techniques (m\u00e9talliques, bois et vitr\u00e9s), la soci\u00e9t\u00e9 MALERBA, fid\u00e8le \u00e0 sa politique de d\u00e9veloppement ax\u00e9 sur la proximit\u00e9 et le service client, a ouvert les portes, le 6 avril dernier, de son 7\u00e8me centre MALERBA DISTRIBUTION SUD-OUEST \u00e0 Le Haillan (33).\u2026","rel":"","context":"Dans &quot;Actualit\u00e9 Entreprises&quot;","img":{"alt_text":"","src":"https:\/\/i0.wp.com\/batimedianews.com\/live\/wp-content\/uploads\/2021\/04\/malerba_image.jpg?fit=620%2C441&resize=350%2C200","width":350,"height":200},"classes":[]},{"id":25479,"url":"http:\/\/batimedianews.com\/live\/index.php\/2022\/12\/30\/nomination-emmanuel-demesmay-nouveau-directeur-general-de-veka-france\/","url_meta":{"origin":19860,"position":2},"title":"Nomination : Emmanuel Demesmay, nouveau Directeur G\u00e9n\u00e9ral de VEKA France","date":"30 d\u00e9cembre 2022","format":false,"excerpt":"Leader sp\u00e9cialis\u00e9 dans l\u2019extrusion de profil\u00e9s PVC et la conception de syst\u00e8mes de menuiseries (fen\u00eatres, volets et portes), le groupe VEKA annonce confier la Direction G\u00e9n\u00e9rale de VEKA France \u00e0 Emmanuel Demesmay. Cette d\u00e9cision prendra effet le 1er janvier 2023 et fait suite au d\u00e9c\u00e9s brutal de Jos Lenferink en\u2026","rel":"","context":"Dans &quot;Actualit\u00e9 Entreprises&quot;","img":{"alt_text":"","src":"https:\/\/i1.wp.com\/batimedianews.com\/live\/wp-content\/uploads\/2022\/12\/Veka-Article.jpg?fit=1080%2C1080&resize=350%2C200","width":350,"height":200},"classes":[]},{"id":48860,"url":"http:\/\/batimedianews.com\/live\/index.php\/2026\/01\/20\/bmg-fonciere-annonce-le-lancement-de-deux-programmes-tertiaires-dans-lagglomeration-de-nancy\/","url_meta":{"origin":19860,"position":3},"title":"BMG Fonci\u00e8re annonce le lancement de deux programmes tertiaires dans l&rsquo;agglom\u00e9ration de Nancy","date":"20 janvier 2026","format":false,"excerpt":"Nancy, le 15 janvier 2026\u2013 BMG Fonci\u00e8re, activit\u00e9 du groupe FSDV (ex-Groupe BMG), annonce le lancement de deux programmes immobiliers tertiaires dans la m\u00e9tropole nanc\u00e9ienne : P\u00c9GASE, situ\u00e9 \u00e0 Laxou, et ABO VOLO, situ\u00e9 \u00e0 Vandoeuvre-l\u00e8s-Nancy. Ces deux projets sont port\u00e9s par BMG Fonci\u00e8re, activit\u00e9 en charge du d\u00e9veloppement et\u2026","rel":"","context":"Dans &quot;Actualit\u00e9 Entreprises&quot;","img":{"alt_text":"","src":"https:\/\/i2.wp.com\/batimedianews.com\/live\/wp-content\/uploads\/2026\/01\/FSDV.jpg?fit=825%2C825&resize=350%2C200","width":350,"height":200},"classes":[]},{"id":22435,"url":"http:\/\/batimedianews.com\/live\/index.php\/2022\/08\/17\/des-murs-vegetaux-et-jardins-dexception-de-shangai-a-la-bretagne\/","url_meta":{"origin":19860,"position":4},"title":"Des murs v\u00e9g\u00e9taux et jardins d\u2019exception de Shangai \u00e0 la Bretagne","date":"17 ao\u00fbt 2022","format":false,"excerpt":"MINGZHU NERVAL : de Shangai \u00e0 Arzon Cette entreprise d\u2019Ing\u00e9nierie environnementale fond\u00e9e en 2010 par Mingzhu Bai et Antoine Nerval, est sp\u00e9cialiste de la conception, l\u2019installation et l\u2019entretien de jardins et de murs v\u00e9g\u00e9taux partout dans le monde. En 2022, ils choisissent la Bretagne pour cr\u00e9er une p\u00e9pini\u00e8re \u00e0 Arzon.\u2026","rel":"","context":"Dans &quot;Actualit\u00e9 Entreprises&quot;","img":{"alt_text":"","src":"https:\/\/i2.wp.com\/batimedianews.com\/live\/wp-content\/uploads\/2022\/08\/minghzhu-article-scaled.jpg?fit=1200%2C1200&resize=350%2C200","width":350,"height":200},"classes":[]},{"id":25243,"url":"http:\/\/batimedianews.com\/live\/index.php\/2022\/12\/13\/innovation-dormakaba-lance-ktv-atrium-flex-les-premieres-portes-tournantes-a-propulsion-electromagnetique-directe\/","url_meta":{"origin":19860,"position":5},"title":"Innovation : dormakaba lance KTV Atrium Flex, les premi\u00e8res portes tournantes \u00e0 propulsion \u00e9lectromagn\u00e9tique directe","date":"13 d\u00e9cembre 2022","format":false,"excerpt":"En associant design, lumi\u00e8re et fonctionnalit\u00e9, dormakaba innove et d\u00e9ploie constamment de nouvelles portes tournantes automatiques, semi-automatiques et manuelles, compl\u00e8tement vitr\u00e9es. La porte d'entr\u00e9e KTV Atrium Flex combine \u00e9l\u00e9gance et technologie et devient la premi\u00e8re porte tournante au monde entra\u00een\u00e9e par une technologie de propulsion \u00e9lectromagn\u00e9tique directe. Objectif : prot\u00e9ger\u2026","rel":"","context":"Dans &quot;Actualit\u00e9 Entreprises&quot;","img":{"alt_text":"","src":"https:\/\/i1.wp.com\/batimedianews.com\/live\/wp-content\/uploads\/2022\/12\/dormakaba-Article.jpg?fit=1080%2C1080&resize=350%2C200","width":350,"height":200},"classes":[]}],"_links":{"self":[{"href":"http:\/\/batimedianews.com\/live\/index.php\/wp-json\/wp\/v2\/posts\/19860"}],"collection":[{"href":"http:\/\/batimedianews.com\/live\/index.php\/wp-json\/wp\/v2\/posts"}],"about":[{"href":"http:\/\/batimedianews.com\/live\/index.php\/wp-json\/wp\/v2\/types\/post"}],"author":[{"embeddable":true,"href":"http:\/\/batimedianews.com\/live\/index.php\/wp-json\/wp\/v2\/users\/41"}],"replies":[{"embeddable":true,"href":"http:\/\/batimedianews.com\/live\/index.php\/wp-json\/wp\/v2\/comments?post=19860"}],"version-history":[{"count":2,"href":"http:\/\/batimedianews.com\/live\/index.php\/wp-json\/wp\/v2\/posts\/19860\/revisions"}],"predecessor-version":[{"id":19944,"href":"http:\/\/batimedianews.com\/live\/index.php\/wp-json\/wp\/v2\/posts\/19860\/revisions\/19944"}],"wp:featuredmedia":[{"embeddable":true,"href":"http:\/\/batimedianews.com\/live\/index.php\/wp-json\/wp\/v2\/media\/19863"}],"wp:attachment":[{"href":"http:\/\/batimedianews.com\/live\/index.php\/wp-json\/wp\/v2\/media?parent=19860"}],"wp:term":[{"taxonomy":"category","embeddable":true,"href":"http:\/\/batimedianews.com\/live\/index.php\/wp-json\/wp\/v2\/categories?post=19860"},{"taxonomy":"post_tag","embeddable":true,"href":"http:\/\/batimedianews.com\/live\/index.php\/wp-json\/wp\/v2\/tags?post=19860"}],"curies":[{"name":"wp","href":"https:\/\/api.w.org\/{rel}","templated":true}]}}