{"id":21018,"date":"2022-06-21T10:45:17","date_gmt":"2022-06-21T08:45:17","guid":{"rendered":"http:\/\/batimedianews.com\/live\/?p=21018"},"modified":"2022-08-07T12:49:07","modified_gmt":"2022-08-07T10:49:07","slug":"lancement-du-site-location-montage","status":"publish","type":"post","link":"http:\/\/batimedianews.com\/live\/index.php\/2022\/06\/21\/lancement-du-site-location-montage\/","title":{"rendered":"Lancement du site LOCATION MONTAGE \u2002\u00e9chafaudages par l\u2019Echelle Europ\u00e9enne"},"content":{"rendered":"\n<p><strong>L\u2019Echelle Europ\u00e9enne compl\u00e8te ses activit\u00e9s en mettant en place la location et le montage d\u2019\u00e9chafaudages : \u00e9chafaudage de fa\u00e7ade, \u00e9chafaudage multidirectionnel, \u00e9chafaudage suspendu, service de confinement, etc.&nbsp;<\/strong><\/p>\n\n\n\n<figure class=\"wp-block-image size-large\"><img loading=\"lazy\" width=\"720\" height=\"558\" src=\"https:\/\/i2.wp.com\/batimedianews.com\/live\/wp-content\/uploads\/2022\/06\/image-150.png?resize=720%2C558\" alt=\"\" class=\"wp-image-21020\" srcset=\"https:\/\/i2.wp.com\/batimedianews.com\/live\/wp-content\/uploads\/2022\/06\/image-150.png?resize=1024%2C793 1024w, https:\/\/i2.wp.com\/batimedianews.com\/live\/wp-content\/uploads\/2022\/06\/image-150.png?resize=600%2C464 600w, https:\/\/i2.wp.com\/batimedianews.com\/live\/wp-content\/uploads\/2022\/06\/image-150.png?resize=768%2C595 768w, https:\/\/i2.wp.com\/batimedianews.com\/live\/wp-content\/uploads\/2022\/06\/image-150.png?resize=1536%2C1189 1536w, https:\/\/i2.wp.com\/batimedianews.com\/live\/wp-content\/uploads\/2022\/06\/image-150.png?resize=10%2C8 10w, https:\/\/i2.wp.com\/batimedianews.com\/live\/wp-content\/uploads\/2022\/06\/image-150.png?resize=432%2C334 432w, https:\/\/i2.wp.com\/batimedianews.com\/live\/wp-content\/uploads\/2022\/06\/image-150.png?resize=396%2C307 396w, https:\/\/i2.wp.com\/batimedianews.com\/live\/wp-content\/uploads\/2022\/06\/image-150.png?resize=1120%2C867 1120w, https:\/\/i2.wp.com\/batimedianews.com\/live\/wp-content\/uploads\/2022\/06\/image-150.png?resize=660%2C511 660w, https:\/\/i2.wp.com\/batimedianews.com\/live\/wp-content\/uploads\/2022\/06\/image-150.png?resize=284%2C220 284w, https:\/\/i2.wp.com\/batimedianews.com\/live\/wp-content\/uploads\/2022\/06\/image-150.png?w=1700 1700w, https:\/\/i2.wp.com\/batimedianews.com\/live\/wp-content\/uploads\/2022\/06\/image-150.png?w=1440 1440w\" sizes=\"(max-width: 600px) 91vw, (max-width: 900px) 600px, (max-width: 1060px) 50vw, (max-width: 1200px) 520px, (max-width: 1400px) 43vw, 600px\" data-recalc-dims=\"1\" \/><\/figure>\n\n\n\n<p><strong>Des prestations aux services des clients&nbsp;<\/strong><\/p>\n\n\n\n<p>La pose d\u2019un \u00e9chafaudage s\u2019av\u00e8re essentielle pour le bon d\u00e9roulement des chantiers. Nos sp\u00e9cialistes sont l\u00e0 pour aider \u00e0 faire le bon choix de mat\u00e9riel afin d\u2019assurer la s\u00e9curit\u00e9 des chantiers, des ouvriers et de leur confort de travail. De courtes ou longues dur\u00e9es, notre \u00e9quipe de professionnels proposent une large gamme d\u2019\u00e9chafaudages \u00e0 la location.&nbsp;<\/p>\n\n\n\n<p>Depuis le sol jusqu\u2019\u00e0 24m, et au-del\u00e0 selon les circonstances sur le chantier ou de l\u2019\u00e9difice, les \u00e9chafaudages L\u2019Echelle Europ\u00e9enne r\u00e9pondent aux derni\u00e8res normes en vigueur ainsi qu\u2019aux prescriptions de montage et d\u2019acc\u00e8s en s\u00e9curit\u00e9. Une flotte de v\u00e9hicules sp\u00e9cifiques est au service de nos prestations. Plusieurs camions plateaux et v\u00e9hicules utilitaires parcourent la France pour transporter le mat\u00e9riel lou\u00e9. Notre savoir-faire nous permet d\u2019intervenir sur tous types d\u2019ouvrages et r\u00e9pond \u00e0 toutes vos demandes de prestations : r\u00e9novation de b\u00e2timents, construction, industries, travaux sur toiture, monuments historiques, \u00e9v\u00e9nementiel, etc\u2026&nbsp;<\/p>\n\n\n\n<p><strong>5 agences situ\u00e9es \u00e0 Montpellier, Bordeaux, Toulouse, Avignon et \u00e0 La R\u00e9union&nbsp;<\/strong><\/p>\n\n\n\n<p>Fort d\u2019un parc de plus de 1 000 tonnes de mat\u00e9riel et d\u2019une exp\u00e9rience reconnue dans la location et le montage d\u2019\u00e9chafaudages, L\u2019Echelle Europ\u00e9enne r\u00e9alise de nombreuses installations dans toute la France. De la proximit\u00e9, pour plus de r\u00e9activit\u00e9, c\u2019est le leitmotiv pour s\u2019adapter aux besoins des acteurs du secteur.&nbsp;<\/p>\n\n\n\n<p><strong>Lancement du site internet&nbsp;<\/strong><\/p>\n\n\n\n<p>A la fois reflet de l\u2019activit\u00e9 du b\u00e2timent, de l\u2019offre et de la demande, le site du service LOCATION MONTAGE par l\u2019Echelle Europ\u00e9enne est la vitrine destin\u00e9e aux entreprises afin de pouvoir d\u00e9couvrir les services propos\u00e9s pour s\u00e9curiser les chantiers avec des sp\u00e9cialistes. Un site compos\u00e9 de plusieurs fonctionnalit\u00e9s :&nbsp;<\/p>\n\n\n\n<p>&#8211; La demande de devis en ligne sous 48 heures : afin d\u2019\u00eatre r\u00e9actif pour le chiffrage de la demande&nbsp;<\/p>\n\n\n\n<p>&#8211; Un catalogue de prestations : pour imager les diff\u00e9rents domaines d\u2019interventions&nbsp;<\/p>\n\n\n\n<p>&#8211; Un bureau d\u2019\u00e9tude qui re\u00e7oit directement la demande pour s\u2019adapter au chantier et \u00e9valuer les besoins au plus juste&nbsp;<\/p>\n\n\n\n<p>Complet, intuitif et pratique, ce site LOCATION MONTAGE permettra aux utilisateurs de consulter toutes les informations sur la filiale, les cl\u00e9s et conseils n\u00e9cessaires pour mener \u00e0 bien chaque chantier.&nbsp;<\/p>\n\n\n\n<div class=\"wp-block-group\"><div class=\"wp-block-group__inner-container\">\n<p><strong>Le Groupe L\u2019Echelle Europ\u00e9enne&nbsp;<\/strong><\/p>\n\n\n\n<p>Cr\u00e9\u00e9 en 1990, le r\u00e9seau L\u2019Echelle Europ\u00e9enne con\u00e7oit, fabrique et distribue l\u2019ensemble des produits permettant \u00e0 toute client\u00e8le de monter, de travailler, de circuler, de stationner en hauteur en toute s\u00e9curit\u00e9.&nbsp;<\/p>\n\n\n\n<p>Cette offre se mat\u00e9rialise au travers de 6 grandes familles de produits : <strong>\u00e9chelles, \u00e9chafaudages, fabrication sur-mesure, mat\u00e9riel de s\u00e9curit\u00e9 collective et individuelle, \u00e9l\u00e9vation et escaliers.&nbsp;<\/strong><\/p>\n\n\n\n<p>Les produits sont disponibles pour tous, professionnels comme particuliers. Depuis 2010, l\u2019enseigne dispose de son propre centre de fabrication au sein de son si\u00e8ge social \u00e0 Saint Jean de V\u00e9das (34) pour r\u00e9aliser tous les produits techniques et sur-mesure (plates-formes, passerelles, etc.).&nbsp;<\/p>\n\n\n\n<p>Avec un r\u00e9seau de plus de 50 magasins en Europe et en Am\u00e9rique du Nord (France, Espagne, Belgique, Suisse et Canada), le r\u00e9seau a r\u00e9alis\u00e9 un CA de pr\u00e8s de 46 millions d\u2019euros en 2021.&nbsp;<\/p>\n<\/div><\/div>\n\n\n\n<p><\/p>\n","protected":false},"excerpt":{"rendered":"<p>L\u2019Echelle Europ\u00e9enne compl\u00e8te ses activit\u00e9s en mettant en place la location et le montage d\u2019\u00e9chafaudages : \u00e9chafaudage de fa\u00e7ade, \u00e9chafaudage multidirectionnel, \u00e9chafaudage suspendu, service de confinement, etc.&nbsp; Des prestations aux services des clients&nbsp; La pose d\u2019un \u00e9chafaudage s\u2019av\u00e8re essentielle pour le bon d\u00e9roulement des chantiers. Nos sp\u00e9cialistes sont l\u00e0 pour aider \u00e0 faire le bon [&hellip;]<\/p>\n","protected":false},"author":41,"featured_media":21022,"comment_status":"open","ping_status":"open","sticky":false,"template":"","format":"standard","meta":{"spay_email":""},"categories":[4,89],"tags":[1956],"jetpack_featured_media_url":"https:\/\/i2.wp.com\/batimedianews.com\/live\/wp-content\/uploads\/2022\/06\/Echelle-Europeenne-Article.jpg?fit=1920%2C1080","jetpack_sharing_enabled":true,"jetpack_likes_enabled":true,"jetpack-related-posts":[{"id":8814,"url":"http:\/\/batimedianews.com\/live\/index.php\/2021\/04\/29\/renovation-du-centre-pompidou-a-paris-fms-ringue-et-tubesca-comabi-allient-leur-savoir-faire\/","url_meta":{"origin":21018,"position":0},"title":"R\u00c9NOVATION DU CENTRE POMPIDOU \u00c0 PARIS FMS RINGUE ET TUBESCA-COMABI ALLIENT LEUR SAVOIR-FAIRE","date":"29 avril 2021","format":false,"excerpt":"Comme annonc\u00e9 par la ministre de la Culture, Roselyne Bachelot, le 25 janvier dernier, le Centre Pompidou fera l\u2019objet de grands travaux de restauration. Dans le cadre de ce projet, sous ma\u00eetrise d\u2019oeuvre de RENZO Piano Building Workshop, FMS RINGUE, sp\u00e9cialiste de la location, de la pose et d\u00e9pose d'\u00e9chafaudages,\u2026","rel":"","context":"Dans &quot;Actualit\u00e9 Entreprises&quot;","img":{"alt_text":"","src":"https:\/\/i2.wp.com\/batimedianews.com\/live\/wp-content\/uploads\/2021\/03\/image-87.png?fit=1010%2C758&resize=350%2C200","width":350,"height":200},"classes":[]},{"id":9735,"url":"http:\/\/batimedianews.com\/live\/index.php\/2021\/05\/17\/un-savoir-faire-complementaire-pour-la-renovation-de-lhotel-de-ville-de-pantin-revetu-dun-echafaudage-comabi-culminant-a-43-metres\/","url_meta":{"origin":21018,"position":1},"title":"UN SAVOIR-FAIRE COMPLEMENTAIRE POUR LA R\u00c9NOVATION DE L\u2019HOTEL DE VILLE DE PANTIN REVETU D\u2019UN ECHAFAUDAGE COMABI CULMINANT \u00c0 43 METRES","date":"17 mai 2021","format":false,"excerpt":"Apr\u00e8s le Centre Georges-Pompidou en mars dernier, c\u2019est d\u00e9sormais l\u2019H\u00f4tel de ville de Pantin, \u00e9difice inscrit au rang des Monuments historiques, qui fait l\u2019objet d\u2019une vaste campagne de restauration de sa toiture et de sa fa\u00e7ade. A ce titre et comme pour Beaubourg, FMS RINGUE, sp\u00e9cialiste de la location, de\u2026","rel":"","context":"Dans &quot;Actualit\u00e9 Entreprises&quot;","img":{"alt_text":"","src":"https:\/\/i1.wp.com\/batimedianews.com\/live\/wp-content\/uploads\/2021\/05\/Tubesca-Article.jpg?fit=512%2C512&resize=350%2C200","width":350,"height":200},"classes":[]},{"id":13263,"url":"http:\/\/batimedianews.com\/live\/index.php\/2021\/11\/05\/restauration-de-la-fleche-de-la-cathedrale-de-rouen-tubesca-comabi-entame-la-quatrieme-phase-de-travaux\/","url_meta":{"origin":21018,"position":2},"title":"Restauration de la fl\u00e8che de la cath\u00e9drale de Rouen : TUBESCA-COMABI entame la quatri\u00e8me phase de travaux","date":"5 novembre 2021","format":false,"excerpt":"La restauration de la fl\u00e8che de la cath\u00e9drale de Rouen se poursuit \u00e0 un rythme soutenu. Dans le cadre de ce chantier prestigieux et technique, qui pr\u00e9voit depuis d\u00e9but 2016 l\u2019installation d\u2019une solution d\u2019\u00e9chafaudage sur la fl\u00e8che de la cath\u00e9drale de Rouen pour permettre sa r\u00e9novation, Tubesca-Comabi, leader fran\u00e7ais dans\u2026","rel":"","context":"Dans &quot;Actualit\u00e9 Entreprises&quot;","img":{"alt_text":"","src":"https:\/\/i0.wp.com\/batimedianews.com\/live\/wp-content\/uploads\/2021\/10\/Tubes-Article.jpg?fit=512%2C512&resize=350%2C200","width":350,"height":200},"classes":[]},{"id":3190,"url":"http:\/\/batimedianews.com\/live\/index.php\/2019\/10\/14\/nomine-aux-awards-innovation-baticale-de-layher-la-premiere-cale-armee-recyclee-recyclable-et-100-francaise\/","url_meta":{"origin":21018,"position":3},"title":"Nomin\u00e9 aux Awards Innovation BATICALE de LAYHER La premi\u00e8re cale arm\u00e9e recycl\u00e9e, recyclable et 100% fran\u00e7aise","date":"14 octobre 2019","format":false,"excerpt":"A l\u2019occasion du Salon Batimat, Layher pr\u00e9sente Baticale, une cale arm\u00e9e en plastique recycl\u00e9 et recyclable pour assurer la stabilit\u00e9 des \u00e9chafaudages. Un plastique arm\u00e9 In\u00e9dit, Baticale est une cale adapt\u00e9e \u00e0 tous types de sols et destin\u00e9e aux \u00e9chafaudages, tribunes et tous calages de chantiers. L\u2019innovation r\u00e9side dans la\u2026","rel":"","context":"Dans &quot;Actualit\u00e9 Entreprises&quot;","img":{"alt_text":"","src":"https:\/\/i1.wp.com\/batimedianews.com\/live\/wp-content\/uploads\/2019\/10\/baticale4.jpg?fit=986%2C986&resize=350%2C200","width":350,"height":200},"classes":[]},{"id":1220,"url":"http:\/\/batimedianews.com\/live\/index.php\/2019\/05\/13\/tubesca-comabi-devoile-le-nanotower-le-mini-echafaudage-qui-promet-une-maxi-agilite-sur-preventica-paris\/","url_meta":{"origin":21018,"position":4},"title":"TUBESCA-COMABI d\u00e9voile le NANO&#039;TOWER, le mini \u00e9chafaudage qui promet une maxi agilit\u00e9, sur Pr\u00e9ventica Paris","date":"13 mai 2019","format":false,"excerpt":"A l\u2019occasion de Pr\u00e9ventica Paris, grand rendez-vous\u00a0rassemblant les professionnels de la sant\u00e9 et de la s\u00e9curit\u00e9\u00a0au travail, TUBESCA-COMABI, leader fran\u00e7ais dans la fabrication et la commercialisation de solutions d\u2019acc\u00e8s, de travail et de\u00a0protection en hauteur, pr\u00e9sentera du 21 au 23 mai\u00a0prochain son tout nouveau produit, le NANO\u2019TOWER, le mini \u00e9chafaudage\u2026","rel":"","context":"Dans &quot;Actualit\u00e9 Entreprises&quot;","img":{"alt_text":"","src":"https:\/\/i0.wp.com\/batimedianews.com\/live\/wp-content\/uploads\/2019\/08\/tubesca4.jpg?fit=916%2C916&resize=350%2C200","width":350,"height":200},"classes":[]},{"id":31282,"url":"http:\/\/batimedianews.com\/live\/index.php\/2023\/09\/13\/visite-du-chantier-de-renovation-de-la-collegiale-notre-dame-dauffay\/","url_meta":{"origin":21018,"position":5},"title":"Visite du chantier de r\u00e9novation de la coll\u00e9giale  NOTRE-DAME-D\u2019AUFFAY","date":"13 septembre 2023","format":false,"excerpt":"6e et derni\u00e8re phase des travaux de r\u00e9novation \u00e0 72 m\u00e8tres de hauteur Class\u00e9e aux Monuments Historiques et connue pour ses jacquemarts, la coll\u00e9giale Notre-Dame-d\u2019Auffay, datant du XIe si\u00e8cle, \u00e0 Val-de-Scie (76) est entr\u00e9e, depuis 2017, dans un nouveau cycle de r\u00e9novation. Tubesca-Comabi, leader fran\u00e7ais dans la fabrication et la\u2026","rel":"","context":"Dans &quot;Actualit\u00e9 Entreprises&quot;","img":{"alt_text":"","src":"https:\/\/i0.wp.com\/batimedianews.com\/live\/wp-content\/uploads\/2023\/09\/Tubesca-articles.jpg?fit=825%2C825&resize=350%2C200","width":350,"height":200},"classes":[]}],"_links":{"self":[{"href":"http:\/\/batimedianews.com\/live\/index.php\/wp-json\/wp\/v2\/posts\/21018"}],"collection":[{"href":"http:\/\/batimedianews.com\/live\/index.php\/wp-json\/wp\/v2\/posts"}],"about":[{"href":"http:\/\/batimedianews.com\/live\/index.php\/wp-json\/wp\/v2\/types\/post"}],"author":[{"embeddable":true,"href":"http:\/\/batimedianews.com\/live\/index.php\/wp-json\/wp\/v2\/users\/41"}],"replies":[{"embeddable":true,"href":"http:\/\/batimedianews.com\/live\/index.php\/wp-json\/wp\/v2\/comments?post=21018"}],"version-history":[{"count":3,"href":"http:\/\/batimedianews.com\/live\/index.php\/wp-json\/wp\/v2\/posts\/21018\/revisions"}],"predecessor-version":[{"id":21293,"href":"http:\/\/batimedianews.com\/live\/index.php\/wp-json\/wp\/v2\/posts\/21018\/revisions\/21293"}],"wp:featuredmedia":[{"embeddable":true,"href":"http:\/\/batimedianews.com\/live\/index.php\/wp-json\/wp\/v2\/media\/21022"}],"wp:attachment":[{"href":"http:\/\/batimedianews.com\/live\/index.php\/wp-json\/wp\/v2\/media?parent=21018"}],"wp:term":[{"taxonomy":"category","embeddable":true,"href":"http:\/\/batimedianews.com\/live\/index.php\/wp-json\/wp\/v2\/categories?post=21018"},{"taxonomy":"post_tag","embeddable":true,"href":"http:\/\/batimedianews.com\/live\/index.php\/wp-json\/wp\/v2\/tags?post=21018"}],"curies":[{"name":"wp","href":"https:\/\/api.w.org\/{rel}","templated":true}]}}