{"id":22039,"date":"2022-07-18T09:27:36","date_gmt":"2022-07-18T07:27:36","guid":{"rendered":"http:\/\/batimedianews.com\/live\/?p=22039"},"modified":"2023-03-08T19:33:18","modified_gmt":"2023-03-08T18:33:18","slug":"saint-gobain-glass-lance-la-premiere-gamme-de-verre-bas-carbone","status":"publish","type":"post","link":"http:\/\/batimedianews.com\/live\/index.php\/2022\/07\/18\/saint-gobain-glass-lance-la-premiere-gamme-de-verre-bas-carbone\/","title":{"rendered":"SAINT-GOBAIN GLASS lance la premi\u00e8re gamme de verre BAS CARBONE"},"content":{"rendered":"\n<p>Saint-Gobain Glass franchit <strong>une \u00e9tape essentielle pour la construction durable, <\/strong>en proposant une gamme de verre avec la plus faible empreinte carbone du march\u00e9. Cette premi\u00e8re dans l&rsquo;industrie a \u00e9t\u00e9 obtenue gr\u00e2ce \u00e0 une production associant un <strong>contenu \u00e9lev\u00e9 en verre recycl\u00e9 (environ 70 % de calcin)<\/strong>, <strong>l\u2019utilisation d\u2019\u00e9nergie renouvelable<\/strong>, ainsi qu\u2019un effort important en Recherche &amp; D\u00e9veloppement. Elle a \u00e9t\u00e9 rendue possible gr\u00e2ce \u00e0 l\u2019excellence industrielle de nos \u00e9quipes.&nbsp;<\/p>\n\n\n\n<p>Les fa\u00e7ades repr\u00e9sentant jusqu&rsquo;\u00e0 20 % de l&#8217;empreinte carbone d&rsquo;un b\u00e2timent, cette innovation va permettre de <strong>r\u00e9duire significativement l&#8217;empreinte carbone de la construction et acc\u00e9l\u00e9rer le d\u00e9veloppement de l\u2019\u00e9conomie circulaire<\/strong>.&nbsp;<\/p>\n\n\n\n<p>Pour Saint-Gobain Glass, cette innovation est la suite logique de la premi\u00e8re production z\u00e9ro carbone1, r\u00e9alis\u00e9e en mai 2022 \u00e0 l&rsquo;usine d&rsquo;Aniche en France. Cette production pilote a permis d&rsquo;affiner consid\u00e9rablement nos proc\u00e9d\u00e9s de fabrication et notre savoir-faire. Saint-Gobain Glass int\u00e8gre d\u00e9sormais des produits \u00e0 faible empreinte carbone dans son portefeuille de solutions de fa\u00e7ade, et ce <strong>sans aucun compromis sur les performances techniques ou esth\u00e9tiques<\/strong>.&nbsp;<\/p>\n\n\n\n<p>Ces nouveaux produits seront fabriqu\u00e9s \u00e0 partir d\u2019un verre avec une empreinte carbone tr\u00e8s r\u00e9duite, estim\u00e9e \u00e0 seulement <strong>7 kg CO2 \u00e9q.\/m\u00b2 <\/strong>(pour un substrat de 4 mm). Ce substrat sera associ\u00e9 aux couches de la gamme de contr\u00f4le solaire COOL-LITE\u00ae XTREME, qui contribuent d\u00e9j\u00e0 \u00e0 <strong>r\u00e9duire de mani\u00e8re tr\u00e8s significative les \u00e9missions de carbone li\u00e9es \u00e0 l\u2019utilisation des b\u00e2timents<\/strong>, gr\u00e2ce \u00e0 leurs performances extr\u00eamement \u00e9lev\u00e9es en termes d&rsquo;apport de lumi\u00e8re naturelle, de contr\u00f4le solaire et d&rsquo;isolation thermique.&nbsp;<\/p>\n\n\n\n<p><strong>La nouvelle gamme pr\u00e9sentera l&#8217;empreinte carbone la plus faible du march\u00e9 avec une r\u00e9duction d&rsquo;environ 40 % <\/strong>par rapport \u00e0 la valeur moyenne europ\u00e9enne de nos produits.&nbsp;<\/p>\n\n\n\n<p>Les donn\u00e9es environnementales d\u00e9taill\u00e9es seront document\u00e9es dans des fiches de d\u00e9clarations environnementales, v\u00e9rifi\u00e9es par tierce partie &#8211; appel\u00e9es EPD ou FDES en France &#8211; actuellement en cours de d\u00e9veloppement et disponibles d\u2019ici d\u00e9but 2023.&nbsp;<\/p>\n\n\n\n<p>Premier signe de l&rsquo;engouement du march\u00e9, <strong>trois partenaires majeurs du march\u00e9 de l\u2019immobilier &#8211; Bouygues Immobilier, Icade Sant\u00e9 et Nexity &#8211; <\/strong>se sont d\u00e9j\u00e0 engag\u00e9s \u00e0 utiliser le verre bas carbone COOL-LITE\u00ae XTREME sur leurs projets. Bouygues Immobilier le mettra en oeuvre sur son op\u00e9ration d\u2019immobilier d\u2019entreprise Kalifornia dans les Hauts-de-Seine. Icade Sant\u00e9 l\u2019installera sur la Polyclinique du Parc, op\u00e9r\u00e9e \u00e0 Caen par le groupe Elsan, tandis que Nexity l\u2019utilisera dans le cadre du projet de r\u00e9habilitation Carr\u00e9 Invalides \u00e0 Paris &#8211; trois projets ambitieux d\u2019un point de vue environnemental.&nbsp;<\/p>\n\n\n\n<p>Cette gamme de verre bas carbone constitue une avanc\u00e9e in\u00e9dite et in\u00e9gal\u00e9e qui a vocation \u00e0 s\u2019\u00e9tendre aux autres gammes de produits de Saint-Gobain Glass. <strong>Elle s&rsquo;inscrit pleinement dans la strat\u00e9gie Grow &amp; Impact du groupe Saint-Gobain, en particulier de notre feuille de route vers la neutralit\u00e9 carbone d&rsquo;ici 2050<\/strong>.&nbsp;<\/p>\n\n\n\n<p class=\"has-small-font-size\">1 Scope 1&amp;2 : Scope 1 = \u00e9missions directes (\u00e9nergie et process), Scope 2 = \u00e9missions indirectes li\u00e9es aux \u00e9nergies achet\u00e9es (\u00e9lectricit\u00e9, chaleur\u2026)&nbsp;<\/p>\n\n\n\n<p><strong>A propos&nbsp;<\/strong><\/p>\n\n\n\n<p><em>Saint-Gobain Glass France propose des solutions verri\u00e8res au service du bien-\u00eatre de chacun pour la construction neuve et la r\u00e9novation des b\u00e2timents. Les verres de Saint-Gobain, classiques ou de tr\u00e8s haute technicit\u00e9, sont r\u00e9alis\u00e9s en France et dans le monde entier. Ils b\u00e9n\u00e9ficient de la proximit\u00e9 d\u2019un r\u00e9seau local de sp\u00e9cialistes pour vous servir et vous aider \u00e0 imaginer et r\u00e9aliser des lieux o\u00f9 les fa\u00e7ades, les fen\u00eatres et le design int\u00e9rieur allient confort, esth\u00e9tique et protection. Sa raison d\u2019\u00eatre : mettre naturellement en lumi\u00e8re les espaces de vie.&nbsp;<\/em><\/p>\n\n\n\n<p><\/p>\n","protected":false},"excerpt":{"rendered":"<p>Saint-Gobain Glass franchit une \u00e9tape essentielle pour la construction durable, en proposant une gamme de verre avec la plus faible empreinte carbone du march\u00e9. Cette premi\u00e8re dans l&rsquo;industrie a \u00e9t\u00e9 obtenue gr\u00e2ce \u00e0 une production associant un contenu \u00e9lev\u00e9 en verre recycl\u00e9 (environ 70 % de calcin), l\u2019utilisation d\u2019\u00e9nergie renouvelable, ainsi qu\u2019un effort important en [&hellip;]<\/p>\n","protected":false},"author":41,"featured_media":22040,"comment_status":"open","ping_status":"open","sticky":false,"template":"","format":"standard","meta":{"spay_email":""},"categories":[4,16,486,77,108,538,137,921],"tags":[],"jetpack_featured_media_url":"https:\/\/i0.wp.com\/batimedianews.com\/live\/wp-content\/uploads\/2022\/07\/StGobain-Article.jpg?fit=1920%2C1080","jetpack_sharing_enabled":true,"jetpack_likes_enabled":true,"jetpack-related-posts":[{"id":28273,"url":"http:\/\/batimedianews.com\/live\/index.php\/2023\/05\/03\/saint-gobain-confirme-orae-comme-le-verre-avec-la-plus-faible-empreinte-carbone-du-marche\/","url_meta":{"origin":22039,"position":0},"title":"SAINT-GOBAIN confirme ORA\u00c9\u00ae comme le verre avec la plus faible empreinte carbone du march\u00e9","date":"3 mai 2023","format":false,"excerpt":"\u00a0La performance environnementale d\u2019ORA\u00c9\u00ae confirm\u00e9e par une tierce partie\u00a0 ORA\u00c9\u00ae, le tout premier verre bas carbone lanc\u00e9 en septembre dernier par Saint-Gobain, dispose d\u00e9sormais de d\u00e9clarations environnementales v\u00e9rifi\u00e9es (EPD et FDES*).\u00a0 Ces documents v\u00e9rifi\u00e9s par une tierce partie confirment ORA\u00c9\u00ae comme le verre avec la plus faible empreinte carbone du\u2026","rel":"","context":"Dans &quot;Actualit\u00e9 Entreprises&quot;","img":{"alt_text":"","src":"https:\/\/i1.wp.com\/batimedianews.com\/live\/wp-content\/uploads\/2023\/04\/SaintGobain-Article.jpg?fit=1080%2C1080&resize=350%2C200","width":350,"height":200},"classes":[]},{"id":28760,"url":"http:\/\/batimedianews.com\/live\/index.php\/2023\/05\/25\/hydro-building-systems-et-saint-gobain-glass-unissent-leurs-forces-pour-ouvrir-la-voie-vers-des-facades-a-faible-emission-de-carbone\/","url_meta":{"origin":22039,"position":1},"title":"Hydro Building Systems et Saint-Gobain Glass unissent leurs forces pour ouvrir la voie vers des fa\u00e7ades \u00e0 faible \u00e9mission de carbone","date":"25 mai 2023","format":false,"excerpt":"Bruno Mauvernay (\u00e0 gauche), directeur g\u00e9n\u00e9ral de la Business Unit Glass Facades de Saint-Gobainet Henri Gomez (\u00e0 droite), vice-pr\u00e9sident d\u2019Hydro Building Systems Hydro Building Systems et Saint-Gobain Glass unissent leurs forces pour favoriser la d\u00e9carbonation en aidant le secteur du b\u00e2timent \u00e0 concevoir des fa\u00e7ades durables qui int\u00e8grent la circularit\u00e9.\u2026","rel":"","context":"Dans &quot;Association&quot;","img":{"alt_text":"","src":"https:\/\/i1.wp.com\/batimedianews.com\/live\/wp-content\/uploads\/2023\/05\/Hydro-Article.jpg?fit=1080%2C1080&resize=350%2C200","width":350,"height":200},"classes":[]},{"id":33116,"url":"http:\/\/batimedianews.com\/live\/index.php\/2023\/11\/22\/kline-et-saint-gobain-glass-france-equipent-de-menuiseries-avec-une-empreinte-carbone-reduite-la-residence-quartz-a-clichy-92-du-groupe-giboire\/","url_meta":{"origin":22039,"position":2},"title":"K\u2022LINE et SAINT-GOBAIN GLASS France \u00e9quipent de menuiseries, avec une empreinte carbone r\u00e9duite, la r\u00e9sidence QUARTZ \u00c0 CLICHY (92) du GROUPE GIBOIRE","date":"22 novembre 2023","format":false,"excerpt":"K\u2022LINE, Saint-Gobain Glass France et le Groupe Giboire s\u2019associent pour \u00e9quiper en France l\u2019un des premiers chantiers r\u00e9sidentiels d\u2019envergure de menuiseries avec une empreinte carbone r\u00e9duite. Situ\u00e9 \u00e0 Clichy (92), le programme Quartz sera livr\u00e9 \u00e0 l\u2019automne 2024 et int\u00e9grera des menuiseries dot\u00e9es du nouveau double vitrage ECLAZ\u00ae ORA\u00c9\u00ae. Ce\u2026","rel":"","context":"Dans &quot;Actualit\u00e9 Entreprises&quot;","img":{"alt_text":"","src":"https:\/\/i2.wp.com\/batimedianews.com\/live\/wp-content\/uploads\/2023\/11\/KLine-Image-articles-.jpg?fit=825%2C825&resize=350%2C200","width":350,"height":200},"classes":[]},{"id":47446,"url":"http:\/\/batimedianews.com\/live\/index.php\/2025\/10\/20\/luxwall-et-saint-gobain-glass-france-sassocient-pour-commercialiser-insio-une-nouvelle-generation-de-vitrage-ultra-performant-pour-le-marche-francais\/","url_meta":{"origin":22039,"position":3},"title":"LUXWALL et SAINT-GOBAIN GLASS FRANCE s\u2019associent pour commercialiser INSIO\u00ae, une nouvelle g\u00e9n\u00e9ration de vitrage ultra performant pour le march\u00e9 fran\u00e7ais","date":"20 octobre 2025","format":false,"excerpt":"Dans le cadre d\u2019un partenariat strat\u00e9gique en Europe entre Saint-Gobain Glass et LuxWall, Saint-Gobain Glass France int\u00e9grera, de fa\u00e7on exclusive, la technologie d\u2019isolation transparente d\u00e9velopp\u00e9e par LuxWall \u00e0 sa solution innovante INSIO\u00ae. Cette alliance marque une \u00e9tape majeure dans la transition vers des b\u00e2timents \u00e0 haute efficacit\u00e9 \u00e9nerg\u00e9tique.\u00a0 \u00a0Dans le\u2026","rel":"","context":"Dans &quot;Actualit\u00e9 Entreprises&quot;","img":{"alt_text":"","src":"https:\/\/i0.wp.com\/batimedianews.com\/live\/wp-content\/uploads\/2025\/10\/Saint-gobain.jpg?fit=825%2C825&resize=350%2C200","width":350,"height":200},"classes":[]},{"id":45471,"url":"http:\/\/batimedianews.com\/live\/index.php\/2025\/06\/24\/point-p-et-carbicrete-lancent-les-premiers-blocs-beton-sans-ciment-en-france\/","url_meta":{"origin":22039,"position":4},"title":"POINT.P et CarbiCrete lancent les premiers blocs b\u00e9ton sans ciment en France","date":"24 juin 2025","format":false,"excerpt":"POINT.P, marque du groupe Saint-Gobain, et la soci\u00e9t\u00e9 canadienne CarbiCrete annoncent une premi\u00e8re en France : le d\u00e9marrage, au premier trimestre 2026, d'une ligne de production de plots de b\u00e9ton sans ciment dans les Hauts-de-France. Une ligne de production au service de la construction durable Deux ans apr\u00e8s la signature\u2026","rel":"","context":"Dans &quot;Actualit\u00e9 Entreprises&quot;","img":{"alt_text":"","src":"https:\/\/i1.wp.com\/batimedianews.com\/live\/wp-content\/uploads\/2025\/06\/POINT.P_CarbiCrete.jpg?fit=825%2C825&resize=350%2C200","width":350,"height":200},"classes":[]},{"id":33638,"url":"http:\/\/batimedianews.com\/live\/index.php\/2023\/12\/06\/nicolas-theodon-nomme-directeur-general-france-de-saint-gobain-chimie-de-la-construction\/","url_meta":{"origin":22039,"position":5},"title":"NICOLAS TH\u00c9ODON nomm\u00e9 Directeur G\u00e9n\u00e9ral France De Saint-Gobain Chimie de la construction","date":"6 d\u00e9cembre 2023","format":false,"excerpt":"A compter de cette semaine, Nicolas Th\u00e9odon est nomm\u00e9 Directeur G\u00e9n\u00e9ral France de Saint-Gobain Chimie de la Construction, regroupant les activit\u00e9s de CHRYSO et GCP Applied Technologies en France, r\u00e9parties sur cinq sites industriels. Nicolas Th\u00e9odon aura pour mission de piloter la filiale fran\u00e7aise dans un contexte de march\u00e9 de\u2026","rel":"","context":"Dans &quot;Actualit\u00e9 Entreprises&quot;","img":{"alt_text":"","src":"https:\/\/i2.wp.com\/batimedianews.com\/live\/wp-content\/uploads\/2023\/12\/Saint-Gobain-Image-articles-.jpg?fit=825%2C825&resize=350%2C200","width":350,"height":200},"classes":[]}],"_links":{"self":[{"href":"http:\/\/batimedianews.com\/live\/index.php\/wp-json\/wp\/v2\/posts\/22039"}],"collection":[{"href":"http:\/\/batimedianews.com\/live\/index.php\/wp-json\/wp\/v2\/posts"}],"about":[{"href":"http:\/\/batimedianews.com\/live\/index.php\/wp-json\/wp\/v2\/types\/post"}],"author":[{"embeddable":true,"href":"http:\/\/batimedianews.com\/live\/index.php\/wp-json\/wp\/v2\/users\/41"}],"replies":[{"embeddable":true,"href":"http:\/\/batimedianews.com\/live\/index.php\/wp-json\/wp\/v2\/comments?post=22039"}],"version-history":[{"count":2,"href":"http:\/\/batimedianews.com\/live\/index.php\/wp-json\/wp\/v2\/posts\/22039\/revisions"}],"predecessor-version":[{"id":22056,"href":"http:\/\/batimedianews.com\/live\/index.php\/wp-json\/wp\/v2\/posts\/22039\/revisions\/22056"}],"wp:featuredmedia":[{"embeddable":true,"href":"http:\/\/batimedianews.com\/live\/index.php\/wp-json\/wp\/v2\/media\/22040"}],"wp:attachment":[{"href":"http:\/\/batimedianews.com\/live\/index.php\/wp-json\/wp\/v2\/media?parent=22039"}],"wp:term":[{"taxonomy":"category","embeddable":true,"href":"http:\/\/batimedianews.com\/live\/index.php\/wp-json\/wp\/v2\/categories?post=22039"},{"taxonomy":"post_tag","embeddable":true,"href":"http:\/\/batimedianews.com\/live\/index.php\/wp-json\/wp\/v2\/tags?post=22039"}],"curies":[{"name":"wp","href":"https:\/\/api.w.org\/{rel}","templated":true}]}}