{"id":22063,"date":"2022-07-19T10:53:10","date_gmt":"2022-07-19T08:53:10","guid":{"rendered":"http:\/\/batimedianews.com\/live\/?p=22063"},"modified":"2023-03-08T19:33:17","modified_gmt":"2023-03-08T18:33:17","slug":"le-leitmotiv-technal-des-signes-toujours-plus-epurees-carnet-dinspiration-pour-projet-neuf-ou-de-renovation","status":"publish","type":"post","link":"http:\/\/batimedianews.com\/live\/index.php\/2022\/07\/19\/le-leitmotiv-technal-des-signes-toujours-plus-epurees-carnet-dinspiration-pour-projet-neuf-ou-de-renovation\/","title":{"rendered":"Le leitmotiv  TECHNAL, des signes toujours plus \u00e9pur\u00e9es: carnet d&rsquo;inspiration pour projet neuf ou de r\u00e9novation"},"content":{"rendered":"\n<p>Qui n\u2019a jamais r\u00eav\u00e9 d\u2019une vue panoramique pour profiter d\u2019un coucher de soleil depuis son canap\u00e9 ? Envie de ne faire qu\u2019un entre la maison et le jardin ou la piscine gr\u00e2ce \u00e0 des menuiseries de grandes dimensions. Installer des baies coulissantes, fen\u00eatres ou portes au look 100 % \u00e9pur\u00e9 dont m\u00eame les quincailleries sont invisibles. Depuis plus de 60 ans, TECHNAL s\u2019attache \u00e0 r\u00e9pondre aux demandes tant des architectes que des particuliers, et la tendance est claire, <strong>la puret\u00e9 des lignes, la r\u00e9duction des masses et la transparence<\/strong> sont au coeur des envies pour les projets de r\u00e9novation et de construction. Ils aspirent <strong>\u00e0 des ouvertures majestueuses, cristallines et l\u00e9g\u00e8res qui effacent la fronti\u00e8re entre int\u00e9rieur et ext\u00e9rieur<\/strong>. TECHNAL imagine des solutions avant-gardistes qui placent le design, l\u2019\u00e9l\u00e9gance et le confort au coeur de ses conceptions :<\/p>\n\n\n\n<ul><li>le <strong>Coulissant LUMEAL<\/strong> gr\u00e2ce \u00e0 son ouvrant cach\u00e9 maximise les apports lumineux,<\/li><li>la <strong>Baie coulissante ARTLINE XL<\/strong> se caract\u00e9risant par la finesse extr\u00eame de ses profil\u00e9s et ses dimensions panoramiques,<\/li><li>la <strong>Porte repliable AMBIAL ouvrant le champ des possibles en termes d\u2019am\u00e9nagements gr\u00e2ce \u00e0 ses vantaux se repliant en accord\u00e9on<\/strong>,<\/li><li>la gamme <strong>SOLEAL<\/strong> qui met l\u2019accent sur l\u2019offre quincaillerie cach\u00e9e pour des solutions \u00e9l\u00e9gantes et discr\u00e8tes.<\/li><\/ul>\n\n\n\n<h2 class=\"has-sm-dark-primary-color has-text-color\">\/ COULISSANT LUMEAL :<\/h2>\n\n\n\n<h2 class=\"has-sm-dark-primary-color has-text-color\">OUVRANT CACHE, LUMIERE MAXIMISEE<\/h2>\n\n\n\n<div class=\"wp-block-image\"><figure class=\"alignright size-large\"><img loading=\"lazy\" width=\"720\" height=\"426\" src=\"https:\/\/i1.wp.com\/batimedianews.com\/live\/wp-content\/uploads\/2022\/07\/image-228.png?resize=720%2C426\" alt=\"\" class=\"wp-image-22065\" srcset=\"https:\/\/i1.wp.com\/batimedianews.com\/live\/wp-content\/uploads\/2022\/07\/image-228.png?w=932 932w, https:\/\/i1.wp.com\/batimedianews.com\/live\/wp-content\/uploads\/2022\/07\/image-228.png?resize=600%2C355 600w, https:\/\/i1.wp.com\/batimedianews.com\/live\/wp-content\/uploads\/2022\/07\/image-228.png?resize=768%2C455 768w, https:\/\/i1.wp.com\/batimedianews.com\/live\/wp-content\/uploads\/2022\/07\/image-228.png?resize=10%2C6 10w, https:\/\/i1.wp.com\/batimedianews.com\/live\/wp-content\/uploads\/2022\/07\/image-228.png?resize=432%2C256 432w, https:\/\/i1.wp.com\/batimedianews.com\/live\/wp-content\/uploads\/2022\/07\/image-228.png?resize=396%2C235 396w, https:\/\/i1.wp.com\/batimedianews.com\/live\/wp-content\/uploads\/2022\/07\/image-228.png?resize=660%2C391 660w, https:\/\/i1.wp.com\/batimedianews.com\/live\/wp-content\/uploads\/2022\/07\/image-228.png?resize=371%2C220 371w\" sizes=\"(max-width: 600px) 91vw, (max-width: 900px) 600px, (max-width: 1060px) 50vw, (max-width: 1200px) 520px, (max-width: 1400px) 43vw, 600px\" data-recalc-dims=\"1\" \/><figcaption>Cr\u00e9dit photo TECHNAL \u2013 photographe Joan BRACCO<\/figcaption><\/figure><\/div>\n\n\n\n<p>Le Coulissant LUMEAL \u00e0 ouvrant cach\u00e9 poss\u00e8de de <strong>grandes dimensions jusqu\u2019\u00e0 L. 4,5 x H. 2,7 m par vantail<\/strong>.<\/p>\n\n\n\n<p>Ses lignes droites et minimalistes, et son ouvrant qui se dissimule dans le dormant,<strong> r\u00e9duisent de 35 % les masses visibles, maximisant ainsi le clair de vitrage<\/strong>.<\/p>\n\n\n\n<p>TECHNAL propose \u00e9galement une poign\u00e9e design, \u00e9tudi\u00e9e sp\u00e9cifiquement pour ce syst\u00e8me d\u2019ouvrant cach\u00e9. Elle se caract\u00e9rise par son esprit sym\u00e9trique avec une esth\u00e9tique similaire en percussion. Les vantaux de service apportent \u00e0 la menuiserie une touche de raffinement suppl\u00e9mentaire.<\/p>\n\n\n\n<h2 class=\"has-sm-dark-primary-color has-text-color\">\/ CARACT\u00c9RISTIQUES TECHNIQUES<\/h2>\n\n\n\n<figure class=\"wp-block-image size-large\"><img loading=\"lazy\" width=\"720\" height=\"107\" src=\"https:\/\/i1.wp.com\/batimedianews.com\/live\/wp-content\/uploads\/2022\/07\/image-229.png?resize=720%2C107\" alt=\"\" class=\"wp-image-22066\" srcset=\"https:\/\/i1.wp.com\/batimedianews.com\/live\/wp-content\/uploads\/2022\/07\/image-229.png?resize=1024%2C152 1024w, https:\/\/i1.wp.com\/batimedianews.com\/live\/wp-content\/uploads\/2022\/07\/image-229.png?resize=600%2C89 600w, https:\/\/i1.wp.com\/batimedianews.com\/live\/wp-content\/uploads\/2022\/07\/image-229.png?resize=768%2C114 768w, https:\/\/i1.wp.com\/batimedianews.com\/live\/wp-content\/uploads\/2022\/07\/image-229.png?resize=1536%2C228 1536w, https:\/\/i1.wp.com\/batimedianews.com\/live\/wp-content\/uploads\/2022\/07\/image-229.png?resize=2048%2C304 2048w, https:\/\/i1.wp.com\/batimedianews.com\/live\/wp-content\/uploads\/2022\/07\/image-229.png?resize=10%2C1 10w, https:\/\/i1.wp.com\/batimedianews.com\/live\/wp-content\/uploads\/2022\/07\/image-229.png?resize=432%2C64 432w, https:\/\/i1.wp.com\/batimedianews.com\/live\/wp-content\/uploads\/2022\/07\/image-229.png?resize=396%2C59 396w, https:\/\/i1.wp.com\/batimedianews.com\/live\/wp-content\/uploads\/2022\/07\/image-229.png?resize=1120%2C166 1120w, https:\/\/i1.wp.com\/batimedianews.com\/live\/wp-content\/uploads\/2022\/07\/image-229.png?resize=660%2C98 660w, https:\/\/i1.wp.com\/batimedianews.com\/live\/wp-content\/uploads\/2022\/07\/image-229.png?resize=710%2C105 710w, https:\/\/i1.wp.com\/batimedianews.com\/live\/wp-content\/uploads\/2022\/07\/image-229.png?w=1440 1440w\" sizes=\"(max-width: 600px) 91vw, (max-width: 900px) 600px, (max-width: 1060px) 50vw, (max-width: 1200px) 520px, (max-width: 1400px) 43vw, 600px\" data-recalc-dims=\"1\" \/><\/figure>\n\n\n\n<h2 class=\"has-sm-dark-primary-color has-text-color\">\/ BAIE COULISSANTE ARTLINE XL :<\/h2>\n\n\n\n<h2 class=\"has-sm-dark-primary-color has-text-color\">LA TRANSPARENCE A SON PAROXYSME<\/h2>\n\n\n\n<div class=\"wp-block-image\"><figure class=\"alignright size-large\"><img loading=\"lazy\" width=\"720\" height=\"425\" src=\"https:\/\/i2.wp.com\/batimedianews.com\/live\/wp-content\/uploads\/2022\/07\/image-230.png?resize=720%2C425\" alt=\"\" class=\"wp-image-22067\" srcset=\"https:\/\/i2.wp.com\/batimedianews.com\/live\/wp-content\/uploads\/2022\/07\/image-230.png?resize=1024%2C604 1024w, https:\/\/i2.wp.com\/batimedianews.com\/live\/wp-content\/uploads\/2022\/07\/image-230.png?resize=600%2C354 600w, https:\/\/i2.wp.com\/batimedianews.com\/live\/wp-content\/uploads\/2022\/07\/image-230.png?resize=768%2C453 768w, https:\/\/i2.wp.com\/batimedianews.com\/live\/wp-content\/uploads\/2022\/07\/image-230.png?resize=10%2C6 10w, https:\/\/i2.wp.com\/batimedianews.com\/live\/wp-content\/uploads\/2022\/07\/image-230.png?resize=432%2C255 432w, https:\/\/i2.wp.com\/batimedianews.com\/live\/wp-content\/uploads\/2022\/07\/image-230.png?resize=396%2C234 396w, https:\/\/i2.wp.com\/batimedianews.com\/live\/wp-content\/uploads\/2022\/07\/image-230.png?resize=1120%2C661 1120w, https:\/\/i2.wp.com\/batimedianews.com\/live\/wp-content\/uploads\/2022\/07\/image-230.png?resize=660%2C390 660w, https:\/\/i2.wp.com\/batimedianews.com\/live\/wp-content\/uploads\/2022\/07\/image-230.png?resize=373%2C220 373w, https:\/\/i2.wp.com\/batimedianews.com\/live\/wp-content\/uploads\/2022\/07\/image-230.png?w=1196 1196w\" sizes=\"(max-width: 600px) 91vw, (max-width: 900px) 600px, (max-width: 1060px) 50vw, (max-width: 1200px) 520px, (max-width: 1400px) 43vw, 600px\" data-recalc-dims=\"1\" \/><figcaption>Cr\u00e9dit photo TECHNAL &#8211; photographe Adri\u00e0 GOULA<br>Agence d&rsquo;architecture : Daniel Isern<\/figcaption><\/figure><\/div>\n\n\n\n<p>Cette symbiose avec les paysages est l\u2019un des atouts majeurs de la Baie coulissante ARTLINE XL, \u00e9cho \u00e0 la promesse de la marque, \u00a0\u00bb Vivre en TECHNAL, Vivre en HARMONIE \u00ab\u00a0. <strong>Ses dimensions monumentales multiplient les possibilit\u00e9s architecturales<\/strong>. Elles peuvent atteindre<strong> 4,5 m de hauteur avec renfort (3,5 m sans renfort) pour cr\u00e9er un mur de verre transparent<\/strong> dans une pi\u00e8ce aux beaux volumes par exemple. C\u00f4t\u00e9 largeur, ARTLINE XL est disponible en 2 \u00e0 6 vantaux (2 et 3 rails) et avec des reprises de poids pouvant atteindre 1 200 kg par vantail en version motoris\u00e9e. Elle offre aux occupants une vue d\u2019exception.<\/p>\n\n\n\n<div class=\"wp-block-image\"><figure class=\"alignright size-large\"><img loading=\"lazy\" width=\"720\" height=\"503\" src=\"https:\/\/i2.wp.com\/batimedianews.com\/live\/wp-content\/uploads\/2022\/07\/image-232.png?resize=720%2C503\" alt=\"\" class=\"wp-image-22070\" srcset=\"https:\/\/i2.wp.com\/batimedianews.com\/live\/wp-content\/uploads\/2022\/07\/image-232.png?resize=1024%2C716 1024w, https:\/\/i2.wp.com\/batimedianews.com\/live\/wp-content\/uploads\/2022\/07\/image-232.png?resize=600%2C420 600w, https:\/\/i2.wp.com\/batimedianews.com\/live\/wp-content\/uploads\/2022\/07\/image-232.png?resize=768%2C537 768w, https:\/\/i2.wp.com\/batimedianews.com\/live\/wp-content\/uploads\/2022\/07\/image-232.png?resize=10%2C7 10w, https:\/\/i2.wp.com\/batimedianews.com\/live\/wp-content\/uploads\/2022\/07\/image-232.png?resize=432%2C302 432w, https:\/\/i2.wp.com\/batimedianews.com\/live\/wp-content\/uploads\/2022\/07\/image-232.png?resize=396%2C277 396w, https:\/\/i2.wp.com\/batimedianews.com\/live\/wp-content\/uploads\/2022\/07\/image-232.png?resize=1120%2C784 1120w, https:\/\/i2.wp.com\/batimedianews.com\/live\/wp-content\/uploads\/2022\/07\/image-232.png?resize=660%2C462 660w, https:\/\/i2.wp.com\/batimedianews.com\/live\/wp-content\/uploads\/2022\/07\/image-232.png?resize=314%2C220 314w, https:\/\/i2.wp.com\/batimedianews.com\/live\/wp-content\/uploads\/2022\/07\/image-232.png?w=1212 1212w\" sizes=\"(max-width: 600px) 91vw, (max-width: 900px) 600px, (max-width: 1060px) 50vw, (max-width: 1200px) 520px, (max-width: 1400px) 43vw, 600px\" data-recalc-dims=\"1\" \/><figcaption>Cr\u00e9dit photo TECHNAL &#8211; photographe Adri\u00e0 GOULA<br>Agence d&rsquo;architecture : Daniel Isern<\/figcaption><\/figure><\/div>\n\n\n\n<p>La communion dedans\/dehors est renforc\u00e9e par les <strong>lignes minimalistes d\u2019ARTLINE XL<\/strong>. L\u2019aluminium dispara\u00eet au profit de la lumi\u00e8re naturelle : profil\u00e9s lat\u00e9raux dissimul\u00e9s dans les dormants, <strong>montants centraux fins de 26 ou 38 mm<\/strong>, vitrages qui se d\u00e9ploient du sol au plafond, seuil totalement encastr\u00e9. En position ouverte comme ferm\u00e9e, les lignes s\u2019effacent et s\u2019int\u00e8grent dans la construction. Angles rentrants et sortants sans poteau, galandage, configuration \u00a0\u00bb ouvrant cach\u00e9\u2002\u00a0\u00bb \u2026 La baie ARTLINE XL se distingue \u00e9galement par ses d\u00e9tails soign\u00e9s.<\/p>\n\n\n\n<p>Son syst\u00e8me de fermeture et sa poign\u00e9e sur l\u2019ouvrant discret lui conf\u00e8rent son style\u2002\u00e9pur\u00e9. La motorisation est dissimul\u00e9e dans le dormant.<\/p>\n\n\n\n<h2 class=\"has-sm-dark-primary-color has-text-color\">\/ CARACT\u00c9RISTIQUES TECHNIQUES<\/h2>\n\n\n\n<figure class=\"wp-block-image size-large\"><img loading=\"lazy\" width=\"720\" height=\"115\" src=\"https:\/\/i2.wp.com\/batimedianews.com\/live\/wp-content\/uploads\/2022\/07\/image-233.png?resize=720%2C115\" alt=\"\" class=\"wp-image-22072\" srcset=\"https:\/\/i2.wp.com\/batimedianews.com\/live\/wp-content\/uploads\/2022\/07\/image-233.png?resize=1024%2C163 1024w, https:\/\/i2.wp.com\/batimedianews.com\/live\/wp-content\/uploads\/2022\/07\/image-233.png?resize=600%2C96 600w, https:\/\/i2.wp.com\/batimedianews.com\/live\/wp-content\/uploads\/2022\/07\/image-233.png?resize=768%2C122 768w, https:\/\/i2.wp.com\/batimedianews.com\/live\/wp-content\/uploads\/2022\/07\/image-233.png?resize=1536%2C245 1536w, https:\/\/i2.wp.com\/batimedianews.com\/live\/wp-content\/uploads\/2022\/07\/image-233.png?resize=10%2C2 10w, https:\/\/i2.wp.com\/batimedianews.com\/live\/wp-content\/uploads\/2022\/07\/image-233.png?resize=432%2C69 432w, https:\/\/i2.wp.com\/batimedianews.com\/live\/wp-content\/uploads\/2022\/07\/image-233.png?resize=396%2C63 396w, https:\/\/i2.wp.com\/batimedianews.com\/live\/wp-content\/uploads\/2022\/07\/image-233.png?resize=1120%2C178 1120w, https:\/\/i2.wp.com\/batimedianews.com\/live\/wp-content\/uploads\/2022\/07\/image-233.png?resize=660%2C105 660w, https:\/\/i2.wp.com\/batimedianews.com\/live\/wp-content\/uploads\/2022\/07\/image-233.png?resize=710%2C113 710w, https:\/\/i2.wp.com\/batimedianews.com\/live\/wp-content\/uploads\/2022\/07\/image-233.png?w=1884 1884w, https:\/\/i2.wp.com\/batimedianews.com\/live\/wp-content\/uploads\/2022\/07\/image-233.png?w=1440 1440w\" sizes=\"(max-width: 600px) 91vw, (max-width: 900px) 600px, (max-width: 1060px) 50vw, (max-width: 1200px) 520px, (max-width: 1400px) 43vw, 600px\" data-recalc-dims=\"1\" \/><\/figure>\n\n\n\n<h2 class=\"has-sm-dark-primary-color has-text-color\">\/ PORTE REPLIABLE AMBIAL :<\/h2>\n\n\n\n<h2 class=\"has-sm-dark-primary-color has-text-color\">POUR DES VUES PANORAMIQUES<\/h2>\n\n\n\n<div class=\"wp-block-image\"><figure class=\"alignright size-large\"><img loading=\"lazy\" width=\"720\" height=\"480\" src=\"https:\/\/i2.wp.com\/batimedianews.com\/live\/wp-content\/uploads\/2022\/07\/image-235.png?resize=720%2C480\" alt=\"\" class=\"wp-image-22074\" srcset=\"https:\/\/i2.wp.com\/batimedianews.com\/live\/wp-content\/uploads\/2022\/07\/image-235.png?resize=1024%2C683 1024w, https:\/\/i2.wp.com\/batimedianews.com\/live\/wp-content\/uploads\/2022\/07\/image-235.png?resize=600%2C400 600w, https:\/\/i2.wp.com\/batimedianews.com\/live\/wp-content\/uploads\/2022\/07\/image-235.png?resize=768%2C512 768w, https:\/\/i2.wp.com\/batimedianews.com\/live\/wp-content\/uploads\/2022\/07\/image-235.png?resize=10%2C7 10w, https:\/\/i2.wp.com\/batimedianews.com\/live\/wp-content\/uploads\/2022\/07\/image-235.png?resize=432%2C288 432w, https:\/\/i2.wp.com\/batimedianews.com\/live\/wp-content\/uploads\/2022\/07\/image-235.png?resize=396%2C264 396w, https:\/\/i2.wp.com\/batimedianews.com\/live\/wp-content\/uploads\/2022\/07\/image-235.png?resize=660%2C440 660w, https:\/\/i2.wp.com\/batimedianews.com\/live\/wp-content\/uploads\/2022\/07\/image-235.png?resize=330%2C220 330w, https:\/\/i2.wp.com\/batimedianews.com\/live\/wp-content\/uploads\/2022\/07\/image-235.png?w=1080 1080w\" sizes=\"(max-width: 600px) 91vw, (max-width: 900px) 600px, (max-width: 1060px) 50vw, (max-width: 1200px) 520px, (max-width: 1400px) 43vw, 600px\" data-recalc-dims=\"1\" \/><figcaption>Cr\u00e9dit photo TECHNAL<\/figcaption><\/figure><\/div>\n\n\n\n<p>Ses grandes dimensions XXL, sa diversit\u00e9 d\u2019applications, son design soign\u00e9 qui a fait l\u2019objet d\u2019un <strong>d\u00e9p\u00f4t de mod\u00e8le<\/strong> et ses performances thermiques accrues, en font le partenaire id\u00e9al pour les projets de type villas, maisons d\u2019architectes, extensions d\u2019habitats, terrasses d\u2019h\u00f4tels ou de restaurants. Elle se d\u00e9cline jusqu\u2019\u00e0 10 vantaux, d\u2019une hauteur maximale de 3 m et d\u2019une largeur d\u20191,2 m chacun, soit au total un mur de verre de 12 m de long !<\/p>\n\n\n\n<p>Les profil\u00e9s sont affleurants, et leurs masses vues fines et \u00e9quilibr\u00e9es (63 mm en standard et 73 mm pour la version renforc\u00e9e). Ils se superposent c\u00f4t\u00e9\u2002ext\u00e9rieur afin de conserver 100 % de la surface habitable, ou c\u00f4t\u00e9 int\u00e9rieur pour estomper le seuil depuis le jardin ou la terrasse.<\/p>\n\n\n\n<p>La fronti\u00e8re entre le dedans et le dehors s\u2019efface et les pi\u00e8ces sont inond\u00e9es de lumi\u00e8re naturelle,\u2002\u00e9t\u00e9 comme hiver.<\/p>\n\n\n\n<p>Les <strong>poign\u00e9es des vantaux interm\u00e9diaires adoptent un design exclusif plat<\/strong>, garantissant une int\u00e9gration discr\u00e8te sur les montants. Toutes les poign\u00e9es sont \u00e9galement pens\u00e9es pour faciliter la prise en main. La <strong>quincaillerie est recouverte d\u2019un habillage noir pour offrir une harmonie visuelle<\/strong> en position ferm\u00e9e comme ouverte.<\/p>\n\n\n\n<div class=\"wp-block-image\"><figure class=\"alignright size-large\"><img loading=\"lazy\" width=\"720\" height=\"427\" src=\"https:\/\/i0.wp.com\/batimedianews.com\/live\/wp-content\/uploads\/2022\/07\/image-237.png?resize=720%2C427\" alt=\"\" class=\"wp-image-22076\" srcset=\"https:\/\/i0.wp.com\/batimedianews.com\/live\/wp-content\/uploads\/2022\/07\/image-237.png?resize=1024%2C607 1024w, https:\/\/i0.wp.com\/batimedianews.com\/live\/wp-content\/uploads\/2022\/07\/image-237.png?resize=600%2C356 600w, https:\/\/i0.wp.com\/batimedianews.com\/live\/wp-content\/uploads\/2022\/07\/image-237.png?resize=768%2C455 768w, https:\/\/i0.wp.com\/batimedianews.com\/live\/wp-content\/uploads\/2022\/07\/image-237.png?resize=10%2C6 10w, https:\/\/i0.wp.com\/batimedianews.com\/live\/wp-content\/uploads\/2022\/07\/image-237.png?resize=432%2C256 432w, https:\/\/i0.wp.com\/batimedianews.com\/live\/wp-content\/uploads\/2022\/07\/image-237.png?resize=396%2C235 396w, https:\/\/i0.wp.com\/batimedianews.com\/live\/wp-content\/uploads\/2022\/07\/image-237.png?resize=660%2C391 660w, https:\/\/i0.wp.com\/batimedianews.com\/live\/wp-content\/uploads\/2022\/07\/image-237.png?resize=371%2C220 371w, https:\/\/i0.wp.com\/batimedianews.com\/live\/wp-content\/uploads\/2022\/07\/image-237.png?w=1056 1056w\" sizes=\"(max-width: 600px) 91vw, (max-width: 900px) 600px, (max-width: 1060px) 50vw, (max-width: 1200px) 520px, (max-width: 1400px) 43vw, 600px\" data-recalc-dims=\"1\" \/><figcaption>Cr\u00e9dit photo TECHNAL<\/figcaption><\/figure><\/div>\n\n\n\n<p><strong>Envie d\u2019ouvrir totalement le patio d\u2019une villa sans r\u00e9aliser de lourds travaux telle que l\u2019int\u00e9gration d\u2019une baie \u00e0 l\u2019int\u00e9rieur d\u2019une cloison ? Ou alors simplement de profiter de la vue une froide nuit d\u2019hiver ?<\/strong><\/p>\n\n\n\n<p>La diversit\u00e9 de configurations s\u2019adapte \u00e0 tous les besoins et d\u00e9multiplie les envies architecturales.<\/p>\n\n\n\n<p>La version en angle de la Porte Repliable AMBIAL ouvre les portes de l\u2019imagination\u2026. une ouverture monumentale de 1 \u00e0 5 vantaux de chaque c\u00f4t\u00e9, pouvant atteindre 6,2 m de long sur 3 m de haut (par c\u00f4t\u00e9).<\/p>\n\n\n\n<h2 class=\"has-sm-dark-primary-color has-text-color\">\/ CARACT\u00c9RISTIQUES TECHNIQUES<\/h2>\n\n\n\n<figure class=\"wp-block-image size-large\"><img loading=\"lazy\" width=\"720\" height=\"153\" src=\"https:\/\/i0.wp.com\/batimedianews.com\/live\/wp-content\/uploads\/2022\/07\/image-238.png?resize=720%2C153\" alt=\"\" class=\"wp-image-22077\" srcset=\"https:\/\/i0.wp.com\/batimedianews.com\/live\/wp-content\/uploads\/2022\/07\/image-238.png?resize=1024%2C217 1024w, https:\/\/i0.wp.com\/batimedianews.com\/live\/wp-content\/uploads\/2022\/07\/image-238.png?resize=600%2C127 600w, https:\/\/i0.wp.com\/batimedianews.com\/live\/wp-content\/uploads\/2022\/07\/image-238.png?resize=768%2C163 768w, https:\/\/i0.wp.com\/batimedianews.com\/live\/wp-content\/uploads\/2022\/07\/image-238.png?resize=1536%2C325 1536w, https:\/\/i0.wp.com\/batimedianews.com\/live\/wp-content\/uploads\/2022\/07\/image-238.png?resize=10%2C2 10w, https:\/\/i0.wp.com\/batimedianews.com\/live\/wp-content\/uploads\/2022\/07\/image-238.png?resize=432%2C92 432w, https:\/\/i0.wp.com\/batimedianews.com\/live\/wp-content\/uploads\/2022\/07\/image-238.png?resize=396%2C84 396w, https:\/\/i0.wp.com\/batimedianews.com\/live\/wp-content\/uploads\/2022\/07\/image-238.png?resize=1120%2C237 1120w, https:\/\/i0.wp.com\/batimedianews.com\/live\/wp-content\/uploads\/2022\/07\/image-238.png?resize=660%2C140 660w, https:\/\/i0.wp.com\/batimedianews.com\/live\/wp-content\/uploads\/2022\/07\/image-238.png?resize=710%2C150 710w, https:\/\/i0.wp.com\/batimedianews.com\/live\/wp-content\/uploads\/2022\/07\/image-238.png?w=1822 1822w, https:\/\/i0.wp.com\/batimedianews.com\/live\/wp-content\/uploads\/2022\/07\/image-238.png?w=1440 1440w\" sizes=\"(max-width: 600px) 91vw, (max-width: 900px) 600px, (max-width: 1060px) 50vw, (max-width: 1200px) 520px, (max-width: 1400px) 43vw, 600px\" data-recalc-dims=\"1\" \/><\/figure>\n\n\n\n<h2 class=\"has-sm-dark-primary-color has-text-color\">\/ L\u2019OFFRE QUINCAILLERIE CACHEE :<\/h2>\n\n\n\n<h2 class=\"has-sm-dark-primary-color has-text-color\">LES DETAILS TOUJOURS PLUS DISCRETS<\/h2>\n\n\n\n<div class=\"wp-block-image\"><figure class=\"alignright size-large\"><img loading=\"lazy\" width=\"636\" height=\"958\" src=\"https:\/\/i0.wp.com\/batimedianews.com\/live\/wp-content\/uploads\/2022\/07\/image-240.png?resize=636%2C958\" alt=\"\" class=\"wp-image-22079\" srcset=\"https:\/\/i0.wp.com\/batimedianews.com\/live\/wp-content\/uploads\/2022\/07\/image-240.png?w=636 636w, https:\/\/i0.wp.com\/batimedianews.com\/live\/wp-content\/uploads\/2022\/07\/image-240.png?resize=398%2C600 398w, https:\/\/i0.wp.com\/batimedianews.com\/live\/wp-content\/uploads\/2022\/07\/image-240.png?resize=7%2C10 7w, https:\/\/i0.wp.com\/batimedianews.com\/live\/wp-content\/uploads\/2022\/07\/image-240.png?resize=432%2C651 432w, https:\/\/i0.wp.com\/batimedianews.com\/live\/wp-content\/uploads\/2022\/07\/image-240.png?resize=396%2C596 396w, https:\/\/i0.wp.com\/batimedianews.com\/live\/wp-content\/uploads\/2022\/07\/image-240.png?resize=146%2C220 146w\" sizes=\"(max-width: 600px) 91vw, (max-width: 900px) 600px, (max-width: 1060px) 50vw, (max-width: 1200px) 520px, (max-width: 1400px) 43vw, 600px\" data-recalc-dims=\"1\" \/><\/figure><\/div>\n\n\n\n<p>L\u2019offre Quincaillerie Cach\u00e9e met en lumi\u00e8re la finesse et l\u2019\u00e9l\u00e9gance des ch\u00e2ssis de la gamme SOLEAL. Totalement optimis\u00e9e dans sa conception, elle s\u2019adapte aux diff\u00e9rents types d\u2019ouvertures int\u00e9rieure et ext\u00e9rieure.<\/p>\n\n\n\n<p>Elle est \u00e9galement compatible avec les trois design SOLEAL \u00ab\u00a0Apparent\u00a0\u00bb, \u00ab\u00a0Minimal\u00a0\u00bb\u2002et  \u00ab\u00a0Minimal chant clippable\u00a0\u00bb.<\/p>\n\n\n\n<p>Adapt\u00e9e \u00e0 tous les projets, l\u2019offre Quincaillerie Cach\u00e9e est propos\u00e9e en <strong>trois reprises de charges : 80 kg<\/strong> pour le r\u00e9sidentiel, <strong>110 kg<\/strong> pour les grands ch\u00e2ssis et les vitrages sp\u00e9cifiques (acoustiques, s\u00e9curis\u00e9s&#8230;), et <strong>160 kg<\/strong> pour des chantiers d\u2019exception. Elle est <strong>con\u00e7ue pour toutes les applications<\/strong> (fran\u00e7aise, oscillo-battante, battante-oscillo, italienne, \u00e0 soufflet, parall\u00e8le&#8230;), assurant des <strong>ouvertures jusqu\u2019\u00e0 180\u00b0 et des grandes hauteurs jusqu\u2019\u00e0 3 m<\/strong>.<\/p>\n\n\n\n<p>Un atout lorsqu\u2019il faut r\u00e9nover les menuiseries d\u2019un immeuble haussmannien, d\u2019une maison de ma\u00eetre ou d\u2019une villa contemporaine. Pratique, l\u2019offre Quincaillerie Cach\u00e9e peut \u00e9galement \u00eatre <strong>install\u00e9e sur une fen\u00eatre ou une porte fen\u00eatre SOLEAL existante, en remplacement d\u2019une quincaillerie visible.<\/strong><\/p>\n\n\n\n<h2 class=\"has-sm-dark-primary-color has-text-color\">\/ CARACT\u00c9RISTIQUES TECHNIQUES<\/h2>\n\n\n\n<figure class=\"wp-block-image size-large is-resized\"><img loading=\"lazy\" src=\"https:\/\/i1.wp.com\/batimedianews.com\/live\/wp-content\/uploads\/2022\/07\/image-241.png?resize=606%2C62\" alt=\"\" class=\"wp-image-22080\" width=\"606\" height=\"62\" srcset=\"https:\/\/i1.wp.com\/batimedianews.com\/live\/wp-content\/uploads\/2022\/07\/image-241.png?resize=1024%2C106 1024w, https:\/\/i1.wp.com\/batimedianews.com\/live\/wp-content\/uploads\/2022\/07\/image-241.png?resize=600%2C62 600w, https:\/\/i1.wp.com\/batimedianews.com\/live\/wp-content\/uploads\/2022\/07\/image-241.png?resize=768%2C80 768w, https:\/\/i1.wp.com\/batimedianews.com\/live\/wp-content\/uploads\/2022\/07\/image-241.png?resize=10%2C1 10w, https:\/\/i1.wp.com\/batimedianews.com\/live\/wp-content\/uploads\/2022\/07\/image-241.png?resize=432%2C45 432w, https:\/\/i1.wp.com\/batimedianews.com\/live\/wp-content\/uploads\/2022\/07\/image-241.png?resize=396%2C41 396w, https:\/\/i1.wp.com\/batimedianews.com\/live\/wp-content\/uploads\/2022\/07\/image-241.png?resize=1120%2C116 1120w, https:\/\/i1.wp.com\/batimedianews.com\/live\/wp-content\/uploads\/2022\/07\/image-241.png?resize=660%2C68 660w, https:\/\/i1.wp.com\/batimedianews.com\/live\/wp-content\/uploads\/2022\/07\/image-241.png?resize=710%2C74 710w, https:\/\/i1.wp.com\/batimedianews.com\/live\/wp-content\/uploads\/2022\/07\/image-241.png?w=1254 1254w\" sizes=\"(max-width: 600px) 91vw, (max-width: 900px) 600px, (max-width: 1060px) 50vw, (max-width: 1200px) 520px, (max-width: 1400px) 43vw, 600px\" data-recalc-dims=\"1\" \/><\/figure>\n\n\n\n<p><\/p>\n","protected":false},"excerpt":{"rendered":"<p>Qui n\u2019a jamais r\u00eav\u00e9 d\u2019une vue panoramique pour profiter d\u2019un coucher de soleil depuis son canap\u00e9 ? Envie de ne faire qu\u2019un entre la maison et le jardin ou la piscine gr\u00e2ce \u00e0 des menuiseries de grandes dimensions. Installer des baies coulissantes, fen\u00eatres ou portes au look 100 % \u00e9pur\u00e9 dont m\u00eame les quincailleries sont [&hellip;]<\/p>\n","protected":false},"author":41,"featured_media":22081,"comment_status":"open","ping_status":"open","sticky":false,"template":"","format":"standard","meta":{"spay_email":""},"categories":[4],"tags":[],"jetpack_featured_media_url":"https:\/\/i0.wp.com\/batimedianews.com\/live\/wp-content\/uploads\/2022\/07\/Technal-Article.jpg?fit=1920%2C1080","jetpack_sharing_enabled":true,"jetpack_likes_enabled":true,"jetpack-related-posts":[{"id":9182,"url":"http:\/\/batimedianews.com\/live\/index.php\/2021\/04\/27\/technal-lance-ses-podcasts-histoires-dalu\/","url_meta":{"origin":22063,"position":0},"title":"TECHNAL LANCE SES PODCASTS \u00ab HISTOIRES D\u2019ALU \u00bb","date":"27 avril 2021","format":false,"excerpt":"Fleuron industriel toulousain, TECHNAL est devenu en 60 ans l\u2019une des r\u00e9f\u00e9rences fran\u00e7aises sur le march\u00e9 mondial des menuiseries aluminium premium (fen\u00eatres, baies coulissantes, portes, v\u00e9randas, pergolas, fa\u00e7ades, portails, garde-corps\u2026). Au-del\u00e0 de son esprit visionnaire reconnu en mati\u00e8re de solutions, la marque est \u00e9galement pionni\u00e8re en communication. Qu\u2019il s\u2019agisse des\u2026","rel":"","context":"Dans &quot;Actualit\u00e9 Entreprises&quot;","img":{"alt_text":"","src":"https:\/\/i0.wp.com\/batimedianews.com\/live\/wp-content\/uploads\/2021\/04\/image-84.png?fit=512%2C512&resize=350%2C200","width":350,"height":200},"classes":[]},{"id":24027,"url":"http:\/\/batimedianews.com\/live\/index.php\/2022\/10\/05\/technal-au-mondial-du-batiment\/","url_meta":{"origin":22063,"position":1},"title":"Technal au mondial du b\u00e2timent","date":"5 octobre 2022","format":false,"excerpt":"https:\/\/youtu.be\/DfTkaoF7f2I http:\/\/batimedianews.com\/live\/index.php\/2022\/07\/19\/le-leitmotiv-technal-des-signes-toujours-plus-epurees-carnet-dinspiration-pour-projet-neuf-ou-de-renovation\/ http:\/\/batimedianews.com\/live\/index.php\/2022\/04\/20\/construction-et-renovation-des-etablissements-de-sante-les-menuiseries-et-facades-technal-contribuent-quotidiennement-au-confort-des-patients-et-du-personnel-soignant\/","rel":"","context":"Dans &quot;Fil d'actu Batimat 2022&quot;","img":{"alt_text":"","src":"https:\/\/i1.wp.com\/img.youtube.com\/vi\/DfTkaoF7f2I\/0.jpg?resize=350%2C200","width":350,"height":200},"classes":[]},{"id":37646,"url":"http:\/\/batimedianews.com\/live\/index.php\/2024\/05\/27\/technal-decarbone-a-tout-va\/","url_meta":{"origin":22063,"position":2},"title":"Technal d\u00e9carbone \u00e0 tout va !","date":"27 mai 2024","format":false,"excerpt":"Pascal Poggi pour Batimedia Tous les profil\u00e9s aluminium Technal, pour les fen\u00eatres, les fa\u00e7ades et les portes, sont aujourd\u2019hui fabriqu\u00e9s en aluminium Hydro Circal 75R, issu \u00e0 75% d\u2019aluminium recycl\u00e9. Technal introduit peu \u00e0 peu l\u2019Hydro Circal 100R, fabriqu\u00e9 \u00e0 100% \u00e0 partir d\u2019aluminium recycl\u00e9. https:\/\/youtu.be\/GQab6PQNgN8?si=NoucuXE7aeUH0zGM Technal et les autres\u2026","rel":"","context":"Dans &quot;Aluminium&quot;","img":{"alt_text":"","src":"https:\/\/i1.wp.com\/batimedianews.com\/live\/wp-content\/uploads\/2024\/05\/technal_image-scaled.jpeg?fit=1200%2C1200&resize=350%2C200","width":350,"height":200},"classes":[]},{"id":37607,"url":"http:\/\/batimedianews.com\/live\/index.php\/2024\/05\/29\/technal-acteur-precurseur-et-leader-de-la-decarbonation\/","url_meta":{"origin":22063,"position":3},"title":"TECHNAL, acteur pr\u00e9curseur et leader de la d\u00e9carbonation","date":"29 mai 2024","format":false,"excerpt":"Conscient des enjeux environnementaux actuels et futurs, TECHNAL a la conviction qu\u2019il est de sa responsabilit\u00e9 de participer activement au changement du march\u00e9 de la construction et de la r\u00e9novation. Pr\u00e9curseur avec la commercialisation d\u00e8s 2019 de ses gammes en aluminium recycl\u00e9 post-consommation Hydro CIRCAL 75R, la marque n\u2019a cess\u00e9\u2026","rel":"","context":"Dans &quot;D\u00e9carbonation&quot;","img":{"alt_text":"","src":"https:\/\/i0.wp.com\/batimedianews.com\/live\/wp-content\/uploads\/2024\/05\/Technal-articles-.jpg?fit=825%2C825&resize=350%2C200","width":350,"height":200},"classes":[]},{"id":48214,"url":"http:\/\/batimedianews.com\/live\/index.php\/2025\/11\/27\/technal-lance-le-label-installateur-au-sein-de-son-reseau-de-fabricants\/","url_meta":{"origin":22063,"position":4},"title":"TECHNAL lance le label Installateur au sein de son R\u00e9seau de Fabricants","date":"27 novembre 2025","format":false,"excerpt":"TECHNAL et son R\u00e9seau de Fabricants d\u00e9voilent leur nouveau label Installateur TECHNAL. Une distinction, que les 20 sp\u00e9cialistes de la fabrication de menuiseries aluminium pr\u00eates \u00e0 la pose, pourront attribuer \u00e0 leurs installateurs les plus engag\u00e9s aupr\u00e8s de la marque fran\u00e7aise premium. Le label r\u00e9pond \u00e0 plusieurs objectifs. Il permet\u2026","rel":"","context":"Dans &quot;Actualit\u00e9 Entreprises&quot;","img":{"alt_text":"","src":"https:\/\/i2.wp.com\/batimedianews.com\/live\/wp-content\/uploads\/2025\/11\/Technal.jpg?fit=825%2C825&resize=350%2C200","width":350,"height":200},"classes":[]},{"id":33969,"url":"http:\/\/batimedianews.com\/live\/index.php\/2023\/12\/19\/nomination-de-david-chauny-au-poste-de-directeur-commercial-france-technal-sapa\/","url_meta":{"origin":22063,"position":5},"title":"Nomination de David Chauny au poste de Directeur commercial France Technal-Sapa","date":"19 d\u00e9cembre 2023","format":false,"excerpt":"\u00a0David CHAUNY vient d\u2019\u00eatre nomm\u00e9 Directeur Commercial France TECHNAL-SAPA. Fort d'une exp\u00e9rience de 27 ans au sein du groupe Hydro Building Systems, il oeuvre depuis 15 ans, en France et dans le monde, au service des clients du gammiste aluminium TECHNAL, implant\u00e9 \u00e0 Toulouse depuis plus de 60 ans. Directeur\u2026","rel":"","context":"Dans &quot;Actualit\u00e9 Entreprises&quot;","img":{"alt_text":"","src":"https:\/\/i1.wp.com\/batimedianews.com\/live\/wp-content\/uploads\/2023\/12\/Technal-Image-articles-1-1.jpg?fit=825%2C825&resize=350%2C200","width":350,"height":200},"classes":[]}],"_links":{"self":[{"href":"http:\/\/batimedianews.com\/live\/index.php\/wp-json\/wp\/v2\/posts\/22063"}],"collection":[{"href":"http:\/\/batimedianews.com\/live\/index.php\/wp-json\/wp\/v2\/posts"}],"about":[{"href":"http:\/\/batimedianews.com\/live\/index.php\/wp-json\/wp\/v2\/types\/post"}],"author":[{"embeddable":true,"href":"http:\/\/batimedianews.com\/live\/index.php\/wp-json\/wp\/v2\/users\/41"}],"replies":[{"embeddable":true,"href":"http:\/\/batimedianews.com\/live\/index.php\/wp-json\/wp\/v2\/comments?post=22063"}],"version-history":[{"count":3,"href":"http:\/\/batimedianews.com\/live\/index.php\/wp-json\/wp\/v2\/posts\/22063\/revisions"}],"predecessor-version":[{"id":22142,"href":"http:\/\/batimedianews.com\/live\/index.php\/wp-json\/wp\/v2\/posts\/22063\/revisions\/22142"}],"wp:featuredmedia":[{"embeddable":true,"href":"http:\/\/batimedianews.com\/live\/index.php\/wp-json\/wp\/v2\/media\/22081"}],"wp:attachment":[{"href":"http:\/\/batimedianews.com\/live\/index.php\/wp-json\/wp\/v2\/media?parent=22063"}],"wp:term":[{"taxonomy":"category","embeddable":true,"href":"http:\/\/batimedianews.com\/live\/index.php\/wp-json\/wp\/v2\/categories?post=22063"},{"taxonomy":"post_tag","embeddable":true,"href":"http:\/\/batimedianews.com\/live\/index.php\/wp-json\/wp\/v2\/tags?post=22063"}],"curies":[{"name":"wp","href":"https:\/\/api.w.org\/{rel}","templated":true}]}}