{"id":22089,"date":"2022-07-19T10:36:42","date_gmt":"2022-07-19T08:36:42","guid":{"rendered":"http:\/\/batimedianews.com\/live\/?p=22089"},"modified":"2023-03-08T19:33:17","modified_gmt":"2023-03-08T18:33:17","slug":"luc-dehais-nomme-a-la-direction-de-pvg-france","status":"publish","type":"post","link":"http:\/\/batimedianews.com\/live\/index.php\/2022\/07\/19\/luc-dehais-nomme-a-la-direction-de-pvg-france\/","title":{"rendered":"Luc Dehais nomm\u00e9\u2002\u00e0 la Direction G\u00e9n\u00e9rale de PVG France"},"content":{"rendered":"\n<div class=\"wp-block-image\"><figure class=\"alignright size-large\"><img loading=\"lazy\" width=\"720\" height=\"959\" src=\"https:\/\/i1.wp.com\/batimedianews.com\/live\/wp-content\/uploads\/2022\/07\/image-245.png?resize=720%2C959\" alt=\"\" class=\"wp-image-22091\" srcset=\"https:\/\/i1.wp.com\/batimedianews.com\/live\/wp-content\/uploads\/2022\/07\/image-245.png?w=734 734w, https:\/\/i1.wp.com\/batimedianews.com\/live\/wp-content\/uploads\/2022\/07\/image-245.png?resize=450%2C600 450w, https:\/\/i1.wp.com\/batimedianews.com\/live\/wp-content\/uploads\/2022\/07\/image-245.png?resize=8%2C10 8w, https:\/\/i1.wp.com\/batimedianews.com\/live\/wp-content\/uploads\/2022\/07\/image-245.png?resize=432%2C576 432w, https:\/\/i1.wp.com\/batimedianews.com\/live\/wp-content\/uploads\/2022\/07\/image-245.png?resize=396%2C528 396w, https:\/\/i1.wp.com\/batimedianews.com\/live\/wp-content\/uploads\/2022\/07\/image-245.png?resize=660%2C879 660w, https:\/\/i1.wp.com\/batimedianews.com\/live\/wp-content\/uploads\/2022\/07\/image-245.png?resize=165%2C220 165w\" sizes=\"(max-width: 600px) 91vw, (max-width: 900px) 600px, (max-width: 1060px) 50vw, (max-width: 1200px) 520px, (max-width: 1400px) 43vw, 600px\" data-recalc-dims=\"1\" \/><\/figure><\/div>\n\n\n\n<p><strong>Luc Dehais, 59 ans, vient d\u2019\u00eatre nomm\u00e9 Directeur G\u00e9n\u00e9ral de PVG France (marques Qlima &#8211; leader du groupe &#8211; Tectro, Eurostove\u2026). Dipl\u00f4m\u00e9 de l\u2019\u00e9cole sup\u00e9rieure de commerce de Rouen, Luc Dehais est entr\u00e9 chez PVG en 1998, en qualit\u00e9 de Chef national des ventes. En 2004, il devient Directeur commercial et contribue au succ\u00e8s des produits Qlima, notamment dans les grandes surfaces de bricolage.<\/strong><\/p>\n\n\n\n<p>Avec pr\u00e8s de 25 ans d\u2019exp\u00e9rience au sein de PVG et dot\u00e9 d\u2019une connaissance fine du march\u00e9 du chauffage et de la climatisation, le nouveau Directeur G\u00e9n\u00e9ral aura pour mission de faire perdurer la croissance de l\u2019entreprise en France. Dans ses nouvelles fonctions, Luc Dehais devra f\u00e9d\u00e9rer les \u00e9quipes autour de la strat\u00e9gie RSE de PVG et assurer le d\u00e9veloppement des secteurs des pompes \u00e0 chaleur et des po\u00eales \u2002 granul\u00e9s, tout en renfor\u00e7ant les parts de march\u00e9 des segments historiques.<\/p>\n\n\n\n<p>Luc Dehais sera soutenu par l\u2019\u00e9quipe de direction existante : \u2002\u00c9ric Laurent, \u00e0 la direction des op\u00e9rations internationales, et Florence Lavigne en charge de la finance. La gestion des Grands Comptes sera progressivement transf\u00e9r\u00e9e \u00e0 Yannick Richomme, qui repr\u00e9sentera les activit\u00e9s commerciales au sein de PVG France.<\/p>\n","protected":false},"excerpt":{"rendered":"<p>Luc Dehais, 59 ans, vient d\u2019\u00eatre nomm\u00e9 Directeur G\u00e9n\u00e9ral de PVG France (marques Qlima &#8211; leader du groupe &#8211; Tectro, Eurostove\u2026). Dipl\u00f4m\u00e9 de l\u2019\u00e9cole sup\u00e9rieure de commerce de Rouen, Luc Dehais est entr\u00e9 chez PVG en 1998, en qualit\u00e9 de Chef national des ventes. En 2004, il devient Directeur commercial et contribue au succ\u00e8s des [&hellip;]<\/p>\n","protected":false},"author":41,"featured_media":22092,"comment_status":"open","ping_status":"open","sticky":false,"template":"","format":"standard","meta":{"spay_email":""},"categories":[4,88],"tags":[],"jetpack_featured_media_url":"https:\/\/i2.wp.com\/batimedianews.com\/live\/wp-content\/uploads\/2022\/07\/Qlima-Article.jpg?fit=1920%2C1080","jetpack_sharing_enabled":true,"jetpack_likes_enabled":true,"jetpack-related-posts":[{"id":22966,"url":"http:\/\/batimedianews.com\/live\/index.php\/2022\/09\/13\/luc-dehais-nomme-la-direction-generale-de-pvg-france\/","url_meta":{"origin":22089,"position":0},"title":"Luc Dehais nomm\u00e9 la Direction G\u00e9n\u00e9rale de PVG France","date":"13 septembre 2022","format":false,"excerpt":"Luc Dehais, 59 ans, vient d\u2019\u00eatre nomm\u00e9 Directeur G\u00e9n\u00e9ral de PVG France (marques Qlima - leader du groupe - Tectro, Eurostove\u2026). Dipl\u00f4m\u00e9 de l\u2019\u00e9cole sup\u00e9rieure de commerce de Rouen, Luc Dehais est entr\u00e9 chez PVG en 1998, en qualit\u00e9 de Chef national des ventes. En 2004, il devient Directeur commercial\u2026","rel":"","context":"Dans &quot;Actualit\u00e9 Entreprises&quot;","img":{"alt_text":"","src":"https:\/\/i0.wp.com\/batimedianews.com\/live\/wp-content\/uploads\/2022\/09\/Qlima-Article.jpg?fit=1080%2C1080&resize=350%2C200","width":350,"height":200},"classes":[]},{"id":31006,"url":"http:\/\/batimedianews.com\/live\/index.php\/2023\/09\/07\/david-petrovic-nomme-directeur-general-du-groupe-estemi\/","url_meta":{"origin":22089,"position":1},"title":"David PETROVI\u0106 nomm\u00e9 Directeur G\u00e9n\u00e9ral du Groupe EST\u00c9MI","date":"7 septembre 2023","format":false,"excerpt":"David Petrovi\u0107 prend la direction g\u00e9n\u00e9rale du Groupe EST\u00c9MI, acteur national r\u00e9f\u00e9rent de la r\u00e9novation et de la construction de l\u2019habitat individuel, fabricant multi-mat\u00e9riaux de menuiseries (Ouv\u00eao) et de fermetures (Loubat Fermetures \/Prov\u00e9lis) sur-mesure 100% fran\u00e7aise.\u00a0 Pour accompagner la forte dynamique de d\u00e9veloppement du groupe, David Petrovi\u0107, ancien directeur g\u00e9n\u00e9ral\u2026","rel":"","context":"Dans &quot;Actualit\u00e9 Entreprises&quot;","img":{"alt_text":"","src":"https:\/\/i2.wp.com\/batimedianews.com\/live\/wp-content\/uploads\/2023\/09\/Estemi-articles.jpg?fit=825%2C825&resize=350%2C200","width":350,"height":200},"classes":[]},{"id":9648,"url":"http:\/\/batimedianews.com\/live\/index.php\/2021\/05\/10\/nomination-deric-lambert-en-qualite-de-directeur-general-pour-mener-boostheat-vers-les-nouvelles-etapes-industrielles-et-commerciales\/","url_meta":{"origin":22089,"position":2},"title":"NOMINATION D\u2019\u00c9RIC LAMBERT EN QUALIT\u00c9 DE DIRECTEUR G\u00c9N\u00c9RAL POUR MENER BOOSTHEAT VERS LES NOUVELLES \u00c9TAPES INDUSTRIELLES ET COMMERCIALES","date":"10 mai 2021","format":false,"excerpt":"BOOSTHEAT (FR0011814938 \/ BOOST), acteur industriel fran\u00e7ais de l'efficacit\u00e9 \u00e9nerg\u00e9tique annonce un changement de la Direction G\u00e9n\u00e9rale de l\u2019entreprise.\u00a0 BOOSTHEAT annonce la nomination d\u2019\u00c9ric Lambert en tant que nouveau Directeur G\u00e9n\u00e9ral de la Soci\u00e9t\u00e9 avec prise de fonction au 18 mai 2021 en remplacement de Luc Jacquet, fondateur, qui a\u2026","rel":"","context":"Dans &quot;Actualit\u00e9 Entreprises&quot;","img":{"alt_text":"","src":"https:\/\/i0.wp.com\/batimedianews.com\/live\/wp-content\/uploads\/2021\/05\/BoostheatArticle.jpg?fit=512%2C512&resize=350%2C200","width":350,"height":200},"classes":[]},{"id":17162,"url":"http:\/\/batimedianews.com\/live\/index.php\/2022\/03\/09\/thierry-scotton-nomme-directeur-general-de-lakal-francehttp-batimedianews-com-live-index-php-2022-03-09-thierry-scotton-nomme-directeur-general-de-lakal-france\/","url_meta":{"origin":22089,"position":3},"title":"Thierry Scotton nomm\u00e9\u2002Directeur G\u00e9n\u00e9ral de LAKAL France","date":"9 mars 2022","format":false,"excerpt":"LAKAL, fabricant allemand de volets roulants, portes de garage, brise-soleil orientables et moustiquaires, vient de nommer un nouveau Directeur G\u00e9n\u00e9ral France, Thierry Scotton. Sans conteste, l\u2019histoire professionnelle de Thierry Scotton est li\u00e9e \u00e0 celle de LAKAL. Apr\u00e8s 3 ans en tant que Chef de March\u00e9, il est, depuis le 1er\u2026","rel":"","context":"Dans &quot;Actualit\u00e9 Entreprises&quot;","img":{"alt_text":"","src":"https:\/\/i0.wp.com\/batimedianews.com\/live\/wp-content\/uploads\/2022\/03\/Lakal-Article.jpg?fit=512%2C512&resize=350%2C200","width":350,"height":200},"classes":[]},{"id":31713,"url":"http:\/\/batimedianews.com\/live\/index.php\/2023\/10\/05\/hugues-de-marne-nomme-hugues-de-marne-nomme-directeur-general-france-chez-watts\/","url_meta":{"origin":22089,"position":4},"title":"Hugues de Marne nomm\u00e9 Hugues de Marne nomm\u00e9 Directeur G\u00e9n\u00e9ral France chez Watts","date":"5 octobre 2023","format":false,"excerpt":"Watts annonce la nomination d\u2019Hugues de Marne, 54 ans, au poste nouvellement cr\u00e9\u00e9 de Directeur G\u00e9n\u00e9ral France commerce et industrie pour d\u00e9velopper et soutenir, dans l\u2019Hexagone, la strat\u00e9gie du Groupe sp\u00e9cialis\u00e9 dans la fabrication de produits et solutions pour le sanitaire, le chauffage, la protection des r\u00e9seaux et installations d\u2019eau\u2026","rel":"","context":"Dans &quot;Actualit\u00e9 Entreprises&quot;","img":{"alt_text":"","src":"https:\/\/i0.wp.com\/batimedianews.com\/live\/wp-content\/uploads\/2023\/09\/Watts-articles.jpg?fit=825%2C825&resize=350%2C200","width":350,"height":200},"classes":[]},{"id":27422,"url":"http:\/\/batimedianews.com\/live\/index.php\/2023\/04\/04\/nomination-jordi-mestres-nomme-directeur-general-de-bdr-thermea-france\/","url_meta":{"origin":22089,"position":5},"title":"Nomination &#8211; JORDI MESTRES nomm\u00e9 directeur g\u00e9n\u00e9ral de  BDR THERMEA FRANCE","date":"4 avril 2023","format":false,"excerpt":"Jordi Mestres est nomm\u00e9 Directeur G\u00e9n\u00e9ral de BDR Thermea France \u00e0 compter du 1er avril 2023.\u00a0 Jordi Mestres, 49 ans, apportera sa connaissance de l\u2019industrie, son excellent relationnel et ses comp\u00e9tences manag\u00e9riales afin de d\u00e9velopper une croissance rentable et les parts de march\u00e9 de BDR Thermea en France.\u00a0 Il reportera\u2026","rel":"","context":"Dans &quot;Actualit\u00e9 Entreprises&quot;","img":{"alt_text":"","src":"https:\/\/i2.wp.com\/batimedianews.com\/live\/wp-content\/uploads\/2023\/03\/BDRThermea-Article.jpg?fit=1080%2C1080&resize=350%2C200","width":350,"height":200},"classes":[]}],"_links":{"self":[{"href":"http:\/\/batimedianews.com\/live\/index.php\/wp-json\/wp\/v2\/posts\/22089"}],"collection":[{"href":"http:\/\/batimedianews.com\/live\/index.php\/wp-json\/wp\/v2\/posts"}],"about":[{"href":"http:\/\/batimedianews.com\/live\/index.php\/wp-json\/wp\/v2\/types\/post"}],"author":[{"embeddable":true,"href":"http:\/\/batimedianews.com\/live\/index.php\/wp-json\/wp\/v2\/users\/41"}],"replies":[{"embeddable":true,"href":"http:\/\/batimedianews.com\/live\/index.php\/wp-json\/wp\/v2\/comments?post=22089"}],"version-history":[{"count":2,"href":"http:\/\/batimedianews.com\/live\/index.php\/wp-json\/wp\/v2\/posts\/22089\/revisions"}],"predecessor-version":[{"id":22138,"href":"http:\/\/batimedianews.com\/live\/index.php\/wp-json\/wp\/v2\/posts\/22089\/revisions\/22138"}],"wp:featuredmedia":[{"embeddable":true,"href":"http:\/\/batimedianews.com\/live\/index.php\/wp-json\/wp\/v2\/media\/22092"}],"wp:attachment":[{"href":"http:\/\/batimedianews.com\/live\/index.php\/wp-json\/wp\/v2\/media?parent=22089"}],"wp:term":[{"taxonomy":"category","embeddable":true,"href":"http:\/\/batimedianews.com\/live\/index.php\/wp-json\/wp\/v2\/categories?post=22089"},{"taxonomy":"post_tag","embeddable":true,"href":"http:\/\/batimedianews.com\/live\/index.php\/wp-json\/wp\/v2\/tags?post=22089"}],"curies":[{"name":"wp","href":"https:\/\/api.w.org\/{rel}","templated":true}]}}