{"id":22094,"date":"2022-07-19T10:33:21","date_gmt":"2022-07-19T08:33:21","guid":{"rendered":"http:\/\/batimedianews.com\/live\/?p=22094"},"modified":"2023-03-08T19:33:17","modified_gmt":"2023-03-08T18:33:17","slug":"le-fabricant-de-fermetures-provelis-celebre-ses-20-ans","status":"publish","type":"post","link":"http:\/\/batimedianews.com\/live\/index.php\/2022\/07\/19\/le-fabricant-de-fermetures-provelis-celebre-ses-20-ans\/","title":{"rendered":"Le fabricant de fermetures Prov\u00e9lis c\u00e9l\u00e8bre ses 20 ans !"},"content":{"rendered":"\n<p><strong>Marque du groupe Est\u00e9mi, Prov\u00e9lis concepteur et fabricant depuis 2002 de volets roulants mais \u00e9galement de portes de garage et de B.S.O. sur-mesure, f\u00eate aujourd\u2019hui ses 20 ans ! Aux c\u00f4t\u00e9s de ses salari\u00e9s, partenaires, fournisseurs et clients, Prov\u00e9lis a organis\u00e9 une journ\u00e9e de festivit\u00e9s sur son site de Saint-Jean-Bonnefonds. L&rsquo;occasion de revenir sur les 20 ann\u00e9es \u00e9coul\u00e9es et sur les grandes \u00e9tapes de construction de l&rsquo;entreprise.&nbsp;<\/strong><\/p>\n\n\n\n<p>Aujourd&rsquo;hui en 2022, c&rsquo;est toujours \u00e0 Saint-Jean-Bonnefonds que plus de 80 collaborateurs Prov\u00e9lis travaillent au quotidien pour faire grandir l\u2019entreprise \u00e0 l\u2019\u00e2me familiale, aux c\u00f4t\u00e9s de ses 1100 clients partenaires. Ce sont plus de 64 000 volets roulants qui sont fabriqu\u00e9s chaque ann\u00e9e au sein de l&rsquo;atelier de 8500 m\u00b2 ainsi que des portes de garage et des B.S.O., le tout sur-mesure, la marque de fabrique de Prov\u00e9lis.&nbsp;<\/p>\n\n\n\n<p><em>\u00ab\u00a0Il y a tout juste 20 ans, Prov\u00e9lis voyait le jour, \u00e0 Saint-Etienne (Loire), dans un local de 500m\u00b2. Sp\u00e9cialis\u00e9e dans la fabrication de volets roulants, elle ne comptait alors que 5 salari\u00e9s dont les fondateurs Gilbert D\u00e9palle et Nicolas Masson\u00a0\u00bb<\/em>, raconte Lionel Berthet, directeur g\u00e9n\u00e9ral de Prov\u00e9lis. Puis la soci\u00e9t\u00e9 se d\u00e9veloppe rapidement et d\u00e9m\u00e9nage dans de nouveaux locaux plus grands, \u00e0 Saint-Jean-Bonnefonds en 2006.&nbsp;<\/p>\n\n\n\n<p>\u00ab\u00a0<em>Sur notre site de Saint-Jean-Bonnefonds, Prov\u00e9lis est fier de porter haut les valeurs de la fabrication fran\u00e7aise, de la proximit\u00e9, de l\u2019authenticit\u00e9, du respect et de la satisfaction de nos clients\u00a0\u00bb, <\/em>rappelle Lionel Berthet.&nbsp;<\/p>\n\n\n\n<p>Prov\u00e9lis a organis\u00e9 le 20 mai dernier une journ\u00e9e anniversaire pour remercier clients, partenaires, fournisseurs, salari\u00e9s : tous ceux qui ont contribu\u00e9 et qui contribuent \u00e0 porter Prov\u00e9lis au quotidien.&nbsp;<\/p>\n\n\n\n<p><strong>Retour en Image sur la Journ\u00e9e Anniversaire \u2013 Prov\u00e9lis 20 ans !&nbsp;<\/strong><\/p>\n\n\n\n<figure class=\"wp-block-image size-large\"><img loading=\"lazy\" width=\"720\" height=\"454\" src=\"https:\/\/i1.wp.com\/batimedianews.com\/live\/wp-content\/uploads\/2022\/07\/image-246.png?resize=720%2C454\" alt=\"\" class=\"wp-image-22095\" srcset=\"https:\/\/i1.wp.com\/batimedianews.com\/live\/wp-content\/uploads\/2022\/07\/image-246.png?w=802 802w, https:\/\/i1.wp.com\/batimedianews.com\/live\/wp-content\/uploads\/2022\/07\/image-246.png?resize=600%2C379 600w, https:\/\/i1.wp.com\/batimedianews.com\/live\/wp-content\/uploads\/2022\/07\/image-246.png?resize=768%2C485 768w, https:\/\/i1.wp.com\/batimedianews.com\/live\/wp-content\/uploads\/2022\/07\/image-246.png?resize=10%2C6 10w, https:\/\/i1.wp.com\/batimedianews.com\/live\/wp-content\/uploads\/2022\/07\/image-246.png?resize=432%2C273 432w, https:\/\/i1.wp.com\/batimedianews.com\/live\/wp-content\/uploads\/2022\/07\/image-246.png?resize=396%2C250 396w, https:\/\/i1.wp.com\/batimedianews.com\/live\/wp-content\/uploads\/2022\/07\/image-246.png?resize=660%2C416 660w, https:\/\/i1.wp.com\/batimedianews.com\/live\/wp-content\/uploads\/2022\/07\/image-246.png?resize=349%2C220 349w\" sizes=\"(max-width: 600px) 91vw, (max-width: 900px) 600px, (max-width: 1060px) 50vw, (max-width: 1200px) 520px, (max-width: 1400px) 43vw, 600px\" data-recalc-dims=\"1\" \/><figcaption>&nbsp;De gauche \u00e0 droite \u2013Jean Luc Nouveau, pr\u00e9sident du groupe Est\u00e9mi et Lionel Berthet, directeur g\u00e9n\u00e9ral de Prov\u00e9lis\u00a9\u2013Mot de Bienvenue &nbsp;<\/figcaption><\/figure>\n\n\n\n<figure class=\"wp-block-image size-large\"><img loading=\"lazy\" width=\"720\" height=\"397\" src=\"https:\/\/i1.wp.com\/batimedianews.com\/live\/wp-content\/uploads\/2022\/07\/image-247.png?resize=720%2C397\" alt=\"\" class=\"wp-image-22096\" srcset=\"https:\/\/i1.wp.com\/batimedianews.com\/live\/wp-content\/uploads\/2022\/07\/image-247.png?w=884 884w, https:\/\/i1.wp.com\/batimedianews.com\/live\/wp-content\/uploads\/2022\/07\/image-247.png?resize=600%2C331 600w, https:\/\/i1.wp.com\/batimedianews.com\/live\/wp-content\/uploads\/2022\/07\/image-247.png?resize=768%2C424 768w, https:\/\/i1.wp.com\/batimedianews.com\/live\/wp-content\/uploads\/2022\/07\/image-247.png?resize=10%2C6 10w, https:\/\/i1.wp.com\/batimedianews.com\/live\/wp-content\/uploads\/2022\/07\/image-247.png?resize=432%2C238 432w, https:\/\/i1.wp.com\/batimedianews.com\/live\/wp-content\/uploads\/2022\/07\/image-247.png?resize=396%2C219 396w, https:\/\/i1.wp.com\/batimedianews.com\/live\/wp-content\/uploads\/2022\/07\/image-247.png?resize=660%2C364 660w, https:\/\/i1.wp.com\/batimedianews.com\/live\/wp-content\/uploads\/2022\/07\/image-247.png?resize=399%2C220 399w\" sizes=\"(max-width: 600px) 91vw, (max-width: 900px) 600px, (max-width: 1060px) 50vw, (max-width: 1200px) 520px, (max-width: 1400px) 43vw, 600px\" data-recalc-dims=\"1\" \/><figcaption>Une partie de l\u2019\u00e9quipede Production Prov\u00e9lis\u00a9<\/figcaption><\/figure>\n\n\n\n<figure class=\"wp-block-image size-large\"><img loading=\"lazy\" width=\"720\" height=\"478\" src=\"https:\/\/i1.wp.com\/batimedianews.com\/live\/wp-content\/uploads\/2022\/07\/image-248.png?resize=720%2C478\" alt=\"\" class=\"wp-image-22097\" srcset=\"https:\/\/i1.wp.com\/batimedianews.com\/live\/wp-content\/uploads\/2022\/07\/image-248.png?w=790 790w, https:\/\/i1.wp.com\/batimedianews.com\/live\/wp-content\/uploads\/2022\/07\/image-248.png?resize=600%2C398 600w, https:\/\/i1.wp.com\/batimedianews.com\/live\/wp-content\/uploads\/2022\/07\/image-248.png?resize=768%2C509 768w, https:\/\/i1.wp.com\/batimedianews.com\/live\/wp-content\/uploads\/2022\/07\/image-248.png?resize=10%2C7 10w, https:\/\/i1.wp.com\/batimedianews.com\/live\/wp-content\/uploads\/2022\/07\/image-248.png?resize=432%2C287 432w, https:\/\/i1.wp.com\/batimedianews.com\/live\/wp-content\/uploads\/2022\/07\/image-248.png?resize=396%2C263 396w, https:\/\/i1.wp.com\/batimedianews.com\/live\/wp-content\/uploads\/2022\/07\/image-248.png?resize=660%2C438 660w, https:\/\/i1.wp.com\/batimedianews.com\/live\/wp-content\/uploads\/2022\/07\/image-248.png?resize=332%2C220 332w\" sizes=\"(max-width: 600px) 91vw, (max-width: 900px) 600px, (max-width: 1060px) 50vw, (max-width: 1200px) 520px, (max-width: 1400px) 43vw, 600px\" data-recalc-dims=\"1\" \/><figcaption>Atelier de production Saint-Jean-BonnefondsProv\u00e9lis\u00a9\u2013Visite de site clients, fournisseurs, partenaires &nbsp;<\/figcaption><\/figure>\n\n\n\n<figure class=\"wp-block-image size-large\"><img loading=\"lazy\" width=\"720\" height=\"411\" src=\"https:\/\/i2.wp.com\/batimedianews.com\/live\/wp-content\/uploads\/2022\/07\/image-249.png?resize=720%2C411\" alt=\"\" class=\"wp-image-22098\" srcset=\"https:\/\/i2.wp.com\/batimedianews.com\/live\/wp-content\/uploads\/2022\/07\/image-249.png?w=910 910w, https:\/\/i2.wp.com\/batimedianews.com\/live\/wp-content\/uploads\/2022\/07\/image-249.png?resize=600%2C343 600w, https:\/\/i2.wp.com\/batimedianews.com\/live\/wp-content\/uploads\/2022\/07\/image-249.png?resize=768%2C439 768w, https:\/\/i2.wp.com\/batimedianews.com\/live\/wp-content\/uploads\/2022\/07\/image-249.png?resize=10%2C6 10w, https:\/\/i2.wp.com\/batimedianews.com\/live\/wp-content\/uploads\/2022\/07\/image-249.png?resize=432%2C247 432w, https:\/\/i2.wp.com\/batimedianews.com\/live\/wp-content\/uploads\/2022\/07\/image-249.png?resize=396%2C226 396w, https:\/\/i2.wp.com\/batimedianews.com\/live\/wp-content\/uploads\/2022\/07\/image-249.png?resize=660%2C377 660w, https:\/\/i2.wp.com\/batimedianews.com\/live\/wp-content\/uploads\/2022\/07\/image-249.png?resize=385%2C220 385w\" sizes=\"(max-width: 600px) 91vw, (max-width: 900px) 600px, (max-width: 1060px) 50vw, (max-width: 1200px) 520px, (max-width: 1400px) 43vw, 600px\" data-recalc-dims=\"1\" \/><figcaption>Saint-Jean-BonnefondsProv\u00e9lis\u00a9\u2013Accueil clients, fournisseurs, partenaires pour c\u00e9l\u00e9brer les 20 ans !&nbsp;<\/figcaption><\/figure>\n\n\n\n<p><strong><em>En bref, Groupe EST\u00c9MI <\/em><\/strong>\u2013 Acteur national r\u00e9f\u00e9rent de la r\u00e9novation et de la construction de l\u2019habitat individuel, le groupe EST\u00c9MI (Ouv\u00eao\/Prov\u00e9lis\/Loubat Fermetures) est sp\u00e9cialis\u00e9 depuis plusieurs d\u00e9cennies dans la conception de menuiseries (Aluminium\/Bois\/PVC) et de fermetures sur-mesure moyen\/haut de gamme. Pr\u00e9sent dans les 4 coins de l\u2019hexagone, le groupe EST\u00c9MI se positionne comme \u00ab Fabricants \u00e0 l\u2019\u00e9tat pur \u00bb et s\u2019appuie sur ses 5 sites de production et la proximit\u00e9 relationnelle avec ses 4 000 clients partenaires &#8211; artisans ind\u00e9pendants\/entreprises g\u00e9n\u00e9rales pour se d\u00e9velopper progressivement. Acteur local engag\u00e9, le groupe EST\u00c9MI d\u00e9veloppe une d\u00e9marche d\u2019actions en r\u00e9gion Ouv\u00eao Bretagne (22) \u2013 Ouv\u00eao Aquitaine (33) \u2013 Ouv\u00eao Rh\u00f4ne Alpes (42) \u2013 Ouv\u00eao Haut de France (59) \u2013 Prov\u00e9lis (42) \u2013 Loubat Fermetures (47).&nbsp;<\/p>\n\n\n\n<p>Avec 100% de produits certifi\u00e9s \u00ab sur mesure et de fabrication fran\u00e7aise \u00bb, le groupe EST\u00c9MI, soucieux de l\u2019impact environnemental du secteur de l\u2019habitat, est signataire de la charte Menuiserie Avenir 21 &#8211; Fen\u00eatres Bois depuis 2015. Avec un chiffre d\u2019affaires 2021 de plus de 88 millions d\u2019euros (int\u00e9grant le chiffre d\u2019affaires Loubat Fermetures 2021), le groupe EST\u00c9MI accueille plus de 450 collaborateurs r\u00e9partis sur l\u2019ensemble de ses sites en France.&nbsp;<\/p>\n","protected":false},"excerpt":{"rendered":"<p>Marque du groupe Est\u00e9mi, Prov\u00e9lis concepteur et fabricant depuis 2002 de volets roulants mais \u00e9galement de portes de garage et de B.S.O. sur-mesure, f\u00eate aujourd\u2019hui ses 20 ans ! Aux c\u00f4t\u00e9s de ses salari\u00e9s, partenaires, fournisseurs et clients, Prov\u00e9lis a organis\u00e9 une journ\u00e9e de festivit\u00e9s sur son site de Saint-Jean-Bonnefonds. L&rsquo;occasion de revenir sur les [&hellip;]<\/p>\n","protected":false},"author":41,"featured_media":22100,"comment_status":"open","ping_status":"open","sticky":false,"template":"","format":"standard","meta":{"spay_email":""},"categories":[4,66,138],"tags":[],"jetpack_featured_media_url":"https:\/\/i2.wp.com\/batimedianews.com\/live\/wp-content\/uploads\/2022\/07\/Provelis-Article.jpg?fit=1920%2C1080","jetpack_sharing_enabled":true,"jetpack_likes_enabled":true,"jetpack-related-posts":[{"id":37861,"url":"http:\/\/batimedianews.com\/live\/index.php\/2024\/06\/04\/nouveautes-fermetures-design-et-fonctionnalites-renovation-et-neuf-provelis-gamme-volets-roulants-les-lames-a-ajours-nouvelles-generations\/","url_meta":{"origin":22094,"position":0},"title":"Nouveaut\u00e9s Fermetures &#8211; Design et fonctionnalit\u00e9s \/ R\u00e9novation et Neuf &#8211; Prov\u00e9lis Gamme Volets Roulants \/ Les lames \u00e0 Ajours Nouvelles G\u00e9n\u00e9rations","date":"4 juin 2024","format":false,"excerpt":"Fabricant fran\u00e7ais de fermetures depuis 2002, Prov\u00e9lis enrichit sa large gamme de volets roulants en proposant deux nouvelles options de lames \u00e0 ajours pour les r\u00e9alisations en r\u00e9novation et en neuf. Avec cette nouvelle option d\u00e9sormais disponible, les volants roulants Prov\u00e9lis dot\u00e9s de lames \u00e0 ajours jouent la carte du\u2026","rel":"","context":"Dans &quot;Actualit\u00e9 Entreprises&quot;","img":{"alt_text":"","src":"https:\/\/i2.wp.com\/batimedianews.com\/live\/wp-content\/uploads\/2024\/06\/Provelis.jpg?fit=825%2C825&resize=350%2C200","width":350,"height":200},"classes":[]},{"id":30138,"url":"http:\/\/batimedianews.com\/live\/index.php\/2023\/07\/10\/beoplast-rejoint-le-groupe-estemi-marques-ouveo-loubat-fermetures-provelis\/","url_meta":{"origin":22094,"position":1},"title":"B\u00e9oplast rejoint le groupe EST\u00c9MI (marques Ouv\u00eao \/ Loubat Fermetures \/ Prov\u00e9lis )","date":"10 juillet 2023","format":false,"excerpt":"Le 6 juillet 2023, le Groupe EST\u00c9MI a fait l\u2019acquisition du fabricant fran\u00e7ais de menuiseries B\u00e9oplast. Sp\u00e9cialiste des menuiseries sur-mesure aluminium et PVC sur les r\u00e9gions Bourgogne- Franche Comt\u00e9\/ Auvergne-Rh\u00f4ne Alpes \/R\u00e9gion Sud PACA pour les professionnels du b\u00e2timent, B\u00e9oplast devient \u00e0 ce jour Ouv\u00eao Rh\u00f4ne-Alpes.\u00a0 Jean-Luc Nouveau,\u00a0Pr\u00e9sident du Groupe\u2026","rel":"","context":"Dans &quot;Actualit\u00e9 Entreprises&quot;","img":{"alt_text":"","src":"https:\/\/i1.wp.com\/batimedianews.com\/live\/wp-content\/uploads\/2023\/07\/Estemi-article.jpg?fit=1080%2C1080&resize=350%2C200","width":350,"height":200},"classes":[]},{"id":31006,"url":"http:\/\/batimedianews.com\/live\/index.php\/2023\/09\/07\/david-petrovic-nomme-directeur-general-du-groupe-estemi\/","url_meta":{"origin":22094,"position":2},"title":"David PETROVI\u0106 nomm\u00e9 Directeur G\u00e9n\u00e9ral du Groupe EST\u00c9MI","date":"7 septembre 2023","format":false,"excerpt":"David Petrovi\u0107 prend la direction g\u00e9n\u00e9rale du Groupe EST\u00c9MI, acteur national r\u00e9f\u00e9rent de la r\u00e9novation et de la construction de l\u2019habitat individuel, fabricant multi-mat\u00e9riaux de menuiseries (Ouv\u00eao) et de fermetures (Loubat Fermetures \/Prov\u00e9lis) sur-mesure 100% fran\u00e7aise.\u00a0 Pour accompagner la forte dynamique de d\u00e9veloppement du groupe, David Petrovi\u0107, ancien directeur g\u00e9n\u00e9ral\u2026","rel":"","context":"Dans &quot;Actualit\u00e9 Entreprises&quot;","img":{"alt_text":"","src":"https:\/\/i2.wp.com\/batimedianews.com\/live\/wp-content\/uploads\/2023\/09\/Estemi-articles.jpg?fit=825%2C825&resize=350%2C200","width":350,"height":200},"classes":[]},{"id":28537,"url":"http:\/\/batimedianews.com\/live\/index.php\/2023\/05\/11\/renovation-nouveaute-technique-fenetres-pvc-pour-le-dormant-en-renovation-ouveo-lance-laile-de-recouvrement-75mm\/","url_meta":{"origin":22094,"position":3},"title":"R\u00e9novation \/ nouveaut\u00e9 technique \/fen\u00eatres PVC  &#8211; Pour le dormant en R\u00e9novation, Ouv\u00eao lance l\u2019aile de recouvrement 75mm","date":"11 mai 2023","format":false,"excerpt":"\u00a0Acteur national majeur de l\u2019habitat individuel en r\u00e9novation, le fabricant fran\u00e7ais de fen\u00eatres sur-mesure Ouv\u00eao Menuiseries lance l\u2019aile de recouvrement de 75 mm pour le dormant de ses menuiseries PVC.\u00a0 La nouvelle aile de recouvrement de 75 mm sign\u00e9e Ouv\u00eao Menuiseries permet d\u00e9sormais de recouvrir l\u2019ancien dormant des fen\u00eatres PVC\u2026","rel":"","context":"Dans &quot;Actualit\u00e9 Entreprises&quot;","img":{"alt_text":"","src":"https:\/\/i0.wp.com\/batimedianews.com\/live\/wp-content\/uploads\/2023\/05\/Ouveo-Article.jpg?fit=1080%2C1080&resize=350%2C200","width":350,"height":200},"classes":[]},{"id":19327,"url":"http:\/\/batimedianews.com\/live\/index.php\/2022\/04\/25\/nouveaute-le-pack-protec-10-protection-renforcee-et-grande-largeur-du-volet-roulant\/","url_meta":{"origin":22094,"position":4},"title":"Nouveaut\u00e9 le pack protec 10 : protection renforc\u00e9e et grande largeur du volet roulant","date":"25 avril 2022","format":false,"excerpt":"Pack Pacifique Protec 10-Tradi Wizeo, le r\u00e9seau de Fermetures Loire Oc\u00e9an, sp\u00e9cialiste des volets roulants, portes de garage, moustiquaires et brise-soleil, est reconnu sur le march\u00e9 de la fermeture pour ses produits packag\u00e9s (coffre + motorisation + volet roulant) garantis 10 ans offrant au consommateur final des solutions cl\u00e9s en\u2026","rel":"","context":"Dans &quot;Actualit\u00e9 Entreprises&quot;","img":{"alt_text":"","src":"https:\/\/i1.wp.com\/batimedianews.com\/live\/wp-content\/uploads\/2022\/04\/Wizeo-article.jpg?fit=1080%2C1080&resize=350%2C200","width":350,"height":200},"classes":[]},{"id":33694,"url":"http:\/\/batimedianews.com\/live\/index.php\/2023\/12\/07\/2023-nouveautes-fermetures-sur-mesure\/","url_meta":{"origin":22094,"position":5},"title":"2023 nouveaut\u00e9s fermetures sur-mesure","date":"7 d\u00e9cembre 2023","format":false,"excerpt":"\u00a0Pour des performances thermiques accrues, Loubat Fermetures renforce sa gamme de volets battants aluminium pr\u00e9cadre\u00a0- Fabriqu\u00e9s sur-mesure en atelier\u00a0 Grande classique des fermetures sur-mesure sign\u00e9es Loubat Fermetures, l\u2019intemporelle gamme de volets battants aluminium* pr\u00e9serve le charme authentique et color\u00e9 des fa\u00e7ades des maisons r\u00e9nov\u00e9es et apporte \u00e9galement une touche design\u2026","rel":"","context":"Dans &quot;Actualit\u00e9 Entreprises&quot;","img":{"alt_text":"","src":"https:\/\/i1.wp.com\/batimedianews.com\/live\/wp-content\/uploads\/2023\/12\/Loubat-Image-articles-.jpg?fit=825%2C825&resize=350%2C200","width":350,"height":200},"classes":[]}],"_links":{"self":[{"href":"http:\/\/batimedianews.com\/live\/index.php\/wp-json\/wp\/v2\/posts\/22094"}],"collection":[{"href":"http:\/\/batimedianews.com\/live\/index.php\/wp-json\/wp\/v2\/posts"}],"about":[{"href":"http:\/\/batimedianews.com\/live\/index.php\/wp-json\/wp\/v2\/types\/post"}],"author":[{"embeddable":true,"href":"http:\/\/batimedianews.com\/live\/index.php\/wp-json\/wp\/v2\/users\/41"}],"replies":[{"embeddable":true,"href":"http:\/\/batimedianews.com\/live\/index.php\/wp-json\/wp\/v2\/comments?post=22094"}],"version-history":[{"count":2,"href":"http:\/\/batimedianews.com\/live\/index.php\/wp-json\/wp\/v2\/posts\/22094\/revisions"}],"predecessor-version":[{"id":22137,"href":"http:\/\/batimedianews.com\/live\/index.php\/wp-json\/wp\/v2\/posts\/22094\/revisions\/22137"}],"wp:featuredmedia":[{"embeddable":true,"href":"http:\/\/batimedianews.com\/live\/index.php\/wp-json\/wp\/v2\/media\/22100"}],"wp:attachment":[{"href":"http:\/\/batimedianews.com\/live\/index.php\/wp-json\/wp\/v2\/media?parent=22094"}],"wp:term":[{"taxonomy":"category","embeddable":true,"href":"http:\/\/batimedianews.com\/live\/index.php\/wp-json\/wp\/v2\/categories?post=22094"},{"taxonomy":"post_tag","embeddable":true,"href":"http:\/\/batimedianews.com\/live\/index.php\/wp-json\/wp\/v2\/tags?post=22094"}],"curies":[{"name":"wp","href":"https:\/\/api.w.org\/{rel}","templated":true}]}}