{"id":22626,"date":"2022-09-03T18:46:07","date_gmt":"2022-09-03T16:46:07","guid":{"rendered":"http:\/\/batimedianews.com\/live\/?p=22626"},"modified":"2023-07-15T15:01:58","modified_gmt":"2023-07-15T13:01:58","slug":"interclima-2022-qualite-dair-interieur-les-industriels-de-la-ventilation-sont-la","status":"publish","type":"post","link":"http:\/\/batimedianews.com\/live\/index.php\/2022\/09\/03\/interclima-2022-qualite-dair-interieur-les-industriels-de-la-ventilation-sont-la\/","title":{"rendered":"INTERCLIMA 2022 &#8211; qualit\u00e9 d&rsquo;air int\u00e9rieur : les industriels de la ventilation sont l\u00e0"},"content":{"rendered":"\n<p><em>Apr\u00e8s deux ans de pand\u00e9mie et la m\u00e9diatisation croissante de la pollution atmosph\u00e9rique, la sensibilisation des populations \u00e0 la qualit\u00e9 de l\u2019air int\u00e9rieur et \u00e0 son renouvellement dans les b\u00e2timents s\u2019est accrue. Enjeu de sant\u00e9 publique partout dans le monde, elle fait aujourd\u2019hui l\u2019objet d\u2019une nouvelle prise de conscience. Penser qualit\u00e9 de l\u2019air int\u00e9rieur et ventilation devient pour les professionnels de la fili\u00e8re un des grands sujets \u00e0 mettre en oeuvre, en construction neuve comme en r\u00e9novation.&nbsp;<\/em><\/p>\n\n\n\n<p>En adressant la question de la QAI et de la ventilation, <strong>INTERCLIMA 2022<\/strong>, salon historique de toute la fili\u00e8re du g\u00e9nie climatique et <strong>qui se tiendra du 3 au 6 octobre \u00e0 Paris, Porte de Versailles<\/strong>, s\u2019empare ainsi d\u2019un sujet fort d\u2019actualit\u00e9 et d\u2019avenir, pour apporter aux professionnels des clefs de r\u00e9ponse en termes de solutions, de pratiques, de formations et d\u2019innovations.&nbsp;<\/p>\n\n\n\n<p class=\"has-text-color\" style=\"color:#a15ec5\"><strong>UN ESPACE QUALITE D\u2019AIR INTERIEUR&nbsp;<\/strong><\/p>\n\n\n\n<p>L\u2019ensemble de la fili\u00e8re pourra se rencontrer et \u00e9changer dans un espace d\u00e9di\u00e9, imagin\u00e9 par Uniclima en partenariat avec l\u2019Association fran\u00e7aise de la Ventilation, n\u00e9e en janvier 2021, autour de Forum et Atelier. Avec ses 18 adh\u00e9rents dont 7 organisations professionnelles fondatrices (CAPEB, COEDIS, FEDENE, UMGCCP-FFB, UNICLIMA, SNEFCCA et SYNASAV), c\u2019est l\u2019ensemble de la fili\u00e8re professionnelle de la ventilation qui se mobilise ainsi pour la premi\u00e8re fois sur Interclima.&nbsp;<\/p>\n\n\n\n<ul><li><strong>Le Forum QAI : <\/strong>dans cet espace de prises de parole, dynamique et rythm\u00e9, experts, et fabricants se succ\u00e8deront toutes les 30 mn pour pr\u00e9senter un produit, un service, le r\u00e9sultat d\u2019une \u00e9tude ou une solution, avec des sujets li\u00e9s \u00e0 la qualit\u00e9 d\u2019air int\u00e9rieur ou \u00e0 la ventilation.&nbsp;<\/li><\/ul>\n\n\n\n<p>Hall 3 stand J108&nbsp;<\/p>\n\n\n\n<ul><li><strong>L\u2019Atelier QAI <\/strong>: ce stand d\u2019Uniclima, en partenariat avec l\u2019Association Fran\u00e7aise de la Ventilation permettra de sensibiliser les diff\u00e9rents acteurs (ma\u00eetres d\u2019oeuvre, ma\u00eetres d\u2019ouvrage, installateurs..) \u00e0 la qualit\u00e9 des installations de ventilation. Dans ce lieu de rencontres totalement r\u00e9invent\u00e9 cette ann\u00e9e, tout professionnel s\u2019interrogeant sur une question li\u00e9e \u00e0 la QAI pourra acc\u00e9der \u00e0 une s\u00e9rie de \u00ab serious game \u00bb lui permettant de tester ses connaissances de fa\u00e7on ludique.&nbsp;<\/li><li>La maquette <em>Un air en commun, <\/em>propos\u00e9e par l\u2019Agence qualit\u00e9 construction (AQC), sensibilisera les visiteurs \u00e0 la ventilation r\u00e9sidentielle. Jeux et quizz p\u00e9dagogiques en ligne permettront aux installateurs, ma\u00eetres d\u2019ouvrage ou bureaux d\u2019\u00e9tudes, de faire le point en mati\u00e8re de ventilation, gr\u00e2ce notamment au contenu du site batiment-ventilation.fr mis en place par la DHUP avec le soutien du CEREMA et du Club de la ventilation.&nbsp;<\/li><\/ul>\n\n\n\n<p>Hall 3 stand K108&nbsp;<\/p>\n\n\n\n<p class=\"has-text-color\" style=\"color:#a15ec5\"><strong>DES ENGAGEMENTS CONCRETS SIGNES&nbsp;<\/strong><\/p>\n\n\n\n<p>Un accord <strong>Green Deal <\/strong>entre le <strong>Plan B\u00e2timent Durable <\/strong>(PBD) et <strong>l&rsquo;Association fran\u00e7aise de la ventilation <\/strong>sera sign\u00e9 sur le salon en pr\u00e9sence de Philippe Pelletier, pr\u00e9sident du PBD. Cet accord portera les engagements concrets de l&rsquo;AFV pour la ventilation et la qualit\u00e9 de l&rsquo;air int\u00e9rieur des b\u00e2timents en r\u00e9novation. Il s&rsquo;agit notamment d&rsquo;accompagner la mont\u00e9e en comp\u00e9tence des acteurs de la fili\u00e8re, de d\u00e9velopper la maintenance et l&rsquo;entretien des \u00e9quipements, de favoriser le remplacement des \u00e9quipements anciens en augmentant le taux de renouvellement annuel des groupes de VMC et aussi de favoriser l&rsquo;installation de syst\u00e8mes de ventilation dans les b\u00e2timents anciens non \u00e9quip\u00e9s. Une attention particuli\u00e8re sera port\u00e9e aux \u00e9tablissements scolaires qui ont fait l&rsquo;objet d&rsquo;une position forte en 5 points de la part de l&rsquo;AFV.&nbsp;<\/p>\n\n\n\n<p class=\"has-text-color\" style=\"color:#a15ec5\"><strong>LES PRINCIPAUX ACTEURS DE LA QAI ET DE LA VENTILATION ONT REPONDU PRESENTS !&nbsp;<\/strong><\/p>\n\n\n\n<p>De nombreux acteurs de la QAI et de la ventilation seront positionn\u00e9s autour de l\u2019espace Qualit\u00e9 d\u2019Air Int\u00e9rieur, cr\u00e9ant ainsi une zone d\u2019affluence sur ces sujets.&nbsp;<\/p>\n\n\n\n<p><\/p>\n\n\n\n<p class=\"has-text-color\" style=\"color:#a15ec5\"><strong>L\u2019INNOVATION TECHNOLOGIQUE EN VENTILATION LARGEMENT REPRESENTEE SUR LE SALON&nbsp;<\/strong><\/p>\n\n\n\n<p>Parmi les 43 participants aux Awards de l&rsquo;innovation d&rsquo;Interclima 2022, 5 fabricants proposent des innovations dans le domaine des syst\u00e8mes de ventilation (Aldes, Groupe Atlantic, France Air, S&amp;P France et Zehnder Group France) et 4 autres proposent des unit\u00e9s int\u00e9rieures de pompes \u00e0 chaleur air\/air participant au traitement de l&rsquo;air int\u00e9rieur (Thermor, Toshiba, Frigicoll France et Johnson Controls Hitachi&#8230;).&nbsp;<\/p>\n\n\n\n<p>D&rsquo;autres solutions r\u00e9centes ou in\u00e9dites seront \u00e9galement pr\u00e9sent\u00e9es sur le salon.&nbsp;<\/p>\n\n\n\n<p>Pour son retour \u00e0 la Porte de Versailles, apr\u00e8s trois ann\u00e9es de silence impos\u00e9 par la crise sanitaire, INTERCLIMA 2022 s\u2019annonce comme une \u00e9dition exceptionnelle pour dresser l\u2019\u00e9tat des lieux des solutions, des formations et des innovations et pour se projeter avec confiance dans l\u2019avenir de la fili\u00e8re.&nbsp;<\/p>\n\n\n\n<p><strong>A propos du salon INTERCLIMA :&nbsp;<\/strong><\/p>\n\n\n\n<div class=\"wp-block-group\"><div class=\"wp-block-group__inner-container\">\n<p class=\"has-small-font-size\"><strong>INTERCLIMA est le salon sp\u00e9cialis\u00e9 des \u00e9quipements techniques pour r\u00e9aliser des b\u00e2timents plus \u00e9conomes et confortables<\/strong>. Les concepteurs et les installateurs de la fili\u00e8re y trouvent les solutions en mati\u00e8re d\u2019efficacit\u00e9 \u00e9nerg\u00e9tique, d\u2019utilisation des \u00e9nergies renouvelables, de confort et de solutions connect\u00e9es pour tous les b\u00e2timents.&nbsp;<\/p>\n\n\n\n<p>Il r\u00e9unit les grands secteurs : chauffage, eau chaude sanitaire, climatisation, froid, ventilation, qualit\u00e9 de l\u2019air, pompes, robinetterie, traitement de l\u2019eau, solutions techniques\u2026&nbsp;<\/p>\n<\/div><\/div>\n\n\n\n<p><strong>\u00c0 propos de RX&nbsp;<\/strong><\/p>\n\n\n\n<div class=\"wp-block-group\"><div class=\"wp-block-group__inner-container\">\n<div class=\"wp-block-group\"><div class=\"wp-block-group__inner-container\">\n<p class=\"has-small-font-size\">Pr\u00e9sent sur 18 secteurs d\u2019activit\u00e9, avec 40 salons leaders dont Batimat, EquipHotel, IFTM-Top Resa, Expoprotection, Pollutec, SITL, Maison &amp; Objet*, Fiac, Paris Photo\u2026 et 45 sites internet et blogs, RX France apporte \u00e0 ses clients les contacts, les contenus et les r\u00e9seaux pour acc\u00e9l\u00e9rer leur d\u00e9veloppement. Plus de 18 600 entreprises et 1,08 million d&rsquo;acheteurs fran\u00e7ais et \u00e9trangers sont clients de ses \u00e9v\u00e9nements. RX France fait partie du groupe RX, l\u2019un des premiers organisateurs mondiaux de salons et leader sur le march\u00e9 fran\u00e7ais avec plus de 60 manifestations.&nbsp;<\/p>\n\n\n\n<p class=\"has-small-font-size\">*organis\u00e9 par la SAFI, filiale de RX France et d\u2019Ateliers d\u2019Art de France.&nbsp;<\/p>\n<\/div><\/div>\n\n\n\n<p><\/p>\n<\/div><\/div>\n","protected":false},"excerpt":{"rendered":"<p>Apr\u00e8s deux ans de pand\u00e9mie et la m\u00e9diatisation croissante de la pollution atmosph\u00e9rique, la sensibilisation des populations \u00e0 la qualit\u00e9 de l\u2019air int\u00e9rieur et \u00e0 son renouvellement dans les b\u00e2timents s\u2019est accrue. Enjeu de sant\u00e9 publique partout dans le monde, elle fait aujourd\u2019hui l\u2019objet d\u2019une nouvelle prise de conscience. Penser qualit\u00e9 de l\u2019air int\u00e9rieur et [&hellip;]<\/p>\n","protected":false},"author":1,"featured_media":0,"comment_status":"open","ping_status":"open","sticky":false,"template":"","format":"standard","meta":{"spay_email":""},"categories":[5,486,56,1949,80,1946,2090,128,921],"tags":[2087,2086,418],"jetpack_featured_media_url":"","jetpack_sharing_enabled":true,"jetpack_likes_enabled":true,"jetpack-related-posts":[{"id":23198,"url":"http:\/\/batimedianews.com\/live\/index.php\/2022\/09\/16\/trains-et-bus-pour-interclima-2022-en-route-vers-le-succes\/","url_meta":{"origin":22626,"position":0},"title":"Trains et bus pour INTERCLIMA 2022 : en route vers le succ\u00e8s !","date":"16 septembre 2022","format":false,"excerpt":"Rendez-vous f\u00e9d\u00e9rateur des acteurs du g\u00e9nie climatique, INTERCLIMA 2022 (du 3 au 6 octobre \u00e0 Paris-Porte de Versailles) confirme son dynamisme et son attractivit\u00e9.\u00a0 Pour l\u2019\u00e9dition 2022, RX et Uniclima mettent \u00e0 nouveau des moyens exceptionnels pour contribuer au faire-venir d\u2019environ 3 000 visiteurs en provenance de toute la France.\u00a0\u2026","rel":"","context":"Dans &quot;Fil d'actu Interclima 2022&quot;","img":{"alt_text":"","src":"https:\/\/i0.wp.com\/batimedianews.com\/live\/wp-content\/uploads\/2022\/09\/Interclima-Article-1.jpg?fit=1080%2C1080&resize=350%2C200","width":350,"height":200},"classes":[]},{"id":23068,"url":"http:\/\/batimedianews.com\/live\/index.php\/2022\/09\/15\/interclima-2022-venez-decouvrir-et-tester-nos-nouveautes-2022\/","url_meta":{"origin":22626,"position":1},"title":"Interclima 2022 \u2013 Venez d\u00e9couvrir et tester nos nouveaut\u00e9s 2022","date":"15 septembre 2022","format":false,"excerpt":"\u00a0Le sp\u00e9cialiste en mat\u00e9riels\u00a0de ventilation, climatisation,\u00a0et chauffages a\u00e9rauliques\u00a0 Axelair, le sp\u00e9cialiste en mat\u00e9riels de ventilation, climatisation, et chauffages a\u00e9rauliques sera pr\u00e9sent \u00e0 Interclima du 3 au 6 octobre 2022, \u00e0 Paris Expo Porte de Versailles \u2013 Pavillon 3, Stand M090.\u00a0 Notre \u00e9quipe vous accueillera sur notre stand afin de vous\u2026","rel":"","context":"Dans &quot;Actualit\u00e9 Entreprises&quot;","img":{"alt_text":"","src":"https:\/\/i1.wp.com\/batimedianews.com\/live\/wp-content\/uploads\/2022\/09\/Axelair-Article.jpg?fit=1080%2C1080&resize=350%2C200","width":350,"height":200},"classes":[]},{"id":39551,"url":"http:\/\/batimedianews.com\/live\/index.php\/2024\/09\/11\/interclima-2024-met-laccent-sur-le-tertiaire\/","url_meta":{"origin":22626,"position":2},"title":"INTERCLIMA 2024 met l\u2019accent sur le tertiaire","date":"11 septembre 2024","format":false,"excerpt":"INTERCLIMA 2024 organis\u00e9 par RX et Uniclima et qui se tiendra du 30 septembre au 3 octobre \u00e0 Paris-Porte de Versailles est un rendez-vous attendu pour tous les acteurs du g\u00e9nie climatique. Au travers de conf\u00e9rences et d\u2019ateliers, les visiteurs pourront d\u00e9couvrir les derni\u00e8res technologies en mati\u00e8re d\u2019efficacit\u00e9 \u00e9nerg\u00e9tique et\u2026","rel":"","context":"Dans &quot;Actualit\u00e9s salons&quot;","img":{"alt_text":"","src":"https:\/\/i0.wp.com\/batimedianews.com\/live\/wp-content\/uploads\/2024\/09\/Interclima.jpg?fit=825%2C825&resize=350%2C200","width":350,"height":200},"classes":[]},{"id":23140,"url":"http:\/\/batimedianews.com\/live\/index.php\/2022\/09\/16\/de-retour-a-interclima-zehnder-souvre-au-secteur-tertiaire-et-renforce-son-offre-pour-le-marche-du-residentiel\/","url_meta":{"origin":22626,"position":3},"title":"De retour \u00e0 INTERCLIMA, Zehnder s\u2019ouvre au secteur tertiaire et renforce son offre pour le march\u00e9 du r\u00e9sidentiel","date":"16 septembre 2022","format":false,"excerpt":"Pour son retour \u00e0 Interclima, Zehnder d\u00e9voile sa nouvelle offre de ventilation double flux d\u00e9centralis\u00e9e d\u00e9di\u00e9e au tertiaire, et plus particuli\u00e8rement celle pour les \u00e9coles, fruit de l\u2019acquisition de la soci\u00e9t\u00e9 fran\u00e7aise CALADAIR. Ce salon sera \u00e9galement l\u2019occasion pour le sp\u00e9cialiste du climat int\u00e9rieur sain, confortable et \u00e9conome en \u00e9nergie\u2026","rel":"","context":"Dans &quot;Actualit\u00e9 Entreprises&quot;","img":{"alt_text":"","src":"https:\/\/i0.wp.com\/batimedianews.com\/live\/wp-content\/uploads\/2022\/09\/Zehnder-Article.jpg?fit=1080%2C1080&resize=350%2C200","width":350,"height":200},"classes":[]},{"id":22782,"url":"http:\/\/batimedianews.com\/live\/index.php\/2022\/09\/08\/ubbink-presente-ses-innovations-sur-les-salons-batimat-et-interclima-du-3-au-6-octobre-2022\/","url_meta":{"origin":22626,"position":4},"title":"Ubbink pr\u00e9sente ses innovations sur les salons Batimat et Interclima du 3 au 6 octobre 2022","date":"8 septembre 2022","format":false,"excerpt":"\u00a0Journ\u00e9e d\u00e9di\u00e9e \u00e0 la presse le Mardi 4 octobre 2022 sur le stand de Ubbink Pavillon 3 stand C094 \u00a0Ubbink, sp\u00e9cialiste de la performance \u00e9nerg\u00e9tique et du confort de l\u2019habitat, donne rendez-vous \u00e0 ses partenaires professionnels du b\u00e2timent sur ses deux stands distincts. \u00a0\u00c0 propos d\u2019Ubbink France Ubbink France, filiale\u2026","rel":"","context":"Dans &quot;Actualit\u00e9 Entreprises&quot;","img":{"alt_text":"","src":"https:\/\/i1.wp.com\/batimedianews.com\/live\/wp-content\/uploads\/2022\/09\/Ubbink-Article.jpg?fit=1080%2C1080&resize=350%2C200","width":350,"height":200},"classes":[]},{"id":21630,"url":"http:\/\/batimedianews.com\/live\/index.php\/2022\/07\/04\/panasonic-donne-le-la-sur-interclima-2022\/","url_meta":{"origin":22626,"position":5},"title":"Panasonic donne le \u00a0\u00bb la \u00a0\u00bb sur Interclima 2022 !","date":"4 juillet 2022","format":false,"excerpt":"\u00a03-6 Octobre 2022\u00a0 Paris Porte de Versailles\u00a0 Stand F106, Hall 3\u00a0 Gennevilliers \u2013 Panasonic solutions chauffage & refroidissement annonce sa pr\u00e9sence sur le prochain salon Interclima 2022.\u00a0 Nouveaut\u00e9s produit, conf\u00e9rence de presse, animations, annonces majeures, le fabricant partagera ses innovations et savoir-faire sur un stand de 99 m\u00b2 install\u00e9 au\u2026","rel":"","context":"Dans &quot;Actualit\u00e9 Entreprises&quot;","img":{"alt_text":"","src":"https:\/\/i2.wp.com\/batimedianews.com\/live\/wp-content\/uploads\/2022\/07\/Panasonic-Article.jpg?fit=1080%2C1080&resize=350%2C200","width":350,"height":200},"classes":[]}],"_links":{"self":[{"href":"http:\/\/batimedianews.com\/live\/index.php\/wp-json\/wp\/v2\/posts\/22626"}],"collection":[{"href":"http:\/\/batimedianews.com\/live\/index.php\/wp-json\/wp\/v2\/posts"}],"about":[{"href":"http:\/\/batimedianews.com\/live\/index.php\/wp-json\/wp\/v2\/types\/post"}],"author":[{"embeddable":true,"href":"http:\/\/batimedianews.com\/live\/index.php\/wp-json\/wp\/v2\/users\/1"}],"replies":[{"embeddable":true,"href":"http:\/\/batimedianews.com\/live\/index.php\/wp-json\/wp\/v2\/comments?post=22626"}],"version-history":[{"count":3,"href":"http:\/\/batimedianews.com\/live\/index.php\/wp-json\/wp\/v2\/posts\/22626\/revisions"}],"predecessor-version":[{"id":22757,"href":"http:\/\/batimedianews.com\/live\/index.php\/wp-json\/wp\/v2\/posts\/22626\/revisions\/22757"}],"wp:attachment":[{"href":"http:\/\/batimedianews.com\/live\/index.php\/wp-json\/wp\/v2\/media?parent=22626"}],"wp:term":[{"taxonomy":"category","embeddable":true,"href":"http:\/\/batimedianews.com\/live\/index.php\/wp-json\/wp\/v2\/categories?post=22626"},{"taxonomy":"post_tag","embeddable":true,"href":"http:\/\/batimedianews.com\/live\/index.php\/wp-json\/wp\/v2\/tags?post=22626"}],"curies":[{"name":"wp","href":"https:\/\/api.w.org\/{rel}","templated":true}]}}