{"id":23057,"date":"2022-09-15T09:09:11","date_gmt":"2022-09-15T07:09:11","guid":{"rendered":"http:\/\/batimedianews.com\/live\/?p=23057"},"modified":"2023-07-15T15:01:28","modified_gmt":"2023-07-15T13:01:28","slug":"ecopeg-lavenir-de-lisolation-durable","status":"publish","type":"post","link":"http:\/\/batimedianews.com\/live\/index.php\/2022\/09\/15\/ecopeg-lavenir-de-lisolation-durable\/","title":{"rendered":"EcoPeg, l\u2019avenir de l\u2019isolation durable"},"content":{"rendered":"\n<p class=\"has-text-align-right\">septembre 2022<\/p>\n\n\n\n<p><strong><em>L\u2018isolation des foyers et des b\u00e2timents est devenue un enjeu cl\u00e9 du secteur de l\u2019\u00e9nergie, tant sur l\u2019aspect \u00e9conomique qu\u2019\u00e9cologique. Gr\u00e2ce \u00e0 son savoir-faire historique, PEG met \u00e0 la disposition des professionnels et des particuliers un isolant fabriqu\u00e9 en France capable de r\u00e9pondre aux exigences techniques et environnementales.<\/em><\/strong><\/p>\n\n\n\n<p class=\"has-text-color\" style=\"color:#72a300\"><strong>Une histoire familiale construite autour d\u2019un projet pr\u00e9curseur<\/strong><\/p>\n\n\n\n<p>Fond\u00e9e \u00e0 la fin du 19\u00e8me si\u00e8cle, PEG fait figure de v\u00e9ritable pr\u00e9curseur dans le domaine de la revalorisation des d\u00e9chets. \u00c0 cette \u00e9poque, la soci\u00e9t\u00e9 se concentrait d\u00e9j\u00e0 \u00e0 effilocher les chiffons et autres d\u00e9chets neufs des manufactures textiles afin de fabriquer de la bourre pour la conception de couvertures. Son but ? Devenir le leader dans l\u2019univers de la fibre textile. Tout en gardant son envie de revaloriser les d\u00e9chets, l\u2019entreprise a petit \u00e0 petit adapt\u00e9 son offre. Afin d\u2019arriver \u00e0 ce qu\u2019elle est aujourd\u2019hui : <strong>un v\u00e9ritable expert de la ouate haut de gamme et technique dans les domaines de la literie, de l\u2019habillement et de l\u2019isolation<\/strong>.<\/p>\n\n\n\n<p><strong>PEG c\u2019est avant tout une histoire de famille, avec un savoir-faire qui se transmet de g\u00e9n\u00e9ration en g\u00e9n\u00e9ration. Apr\u00e8s avoir dirig\u00e9 et contribu\u00e9 au d\u00e9veloppement de l\u2019entreprise durant plusieurs d\u00e9cennies, Alain COMALADA, passe le flambeau \u00e0 sa fille, Manon.<\/strong><\/p>\n\n\n\n<p class=\"has-text-color\" style=\"color:#72a300\"><strong>L\u2019isolant EcoPeg<\/strong><\/p>\n\n\n\n<p>Gr\u00e2ce \u00e0 son expertise empirique, PEG a mis au point un v\u00e9ritable isolant thermique et acoustique innovant, constitu\u00e9 de fibres de polyester issues du recyclage de bouteilles plastique post consommation. En somme, une solution bas\u00e9e sur un produit recycl\u00e9\u2026 et recyclable !<\/p>\n\n\n\n<p><strong>42 bouteilles plastiques permettent de fabriquer 1 kg de fibres de polyester.<\/strong><\/p>\n\n\n\n<div class=\"wp-block-image\"><figure class=\"alignleft size-large is-resized\"><img loading=\"lazy\" src=\"https:\/\/i0.wp.com\/batimedianews.com\/live\/wp-content\/uploads\/2022\/09\/image-160.png?resize=281%2C364\" alt=\"\" class=\"wp-image-23058\" width=\"281\" height=\"364\" srcset=\"https:\/\/i0.wp.com\/batimedianews.com\/live\/wp-content\/uploads\/2022\/09\/image-160.png?w=532 532w, https:\/\/i0.wp.com\/batimedianews.com\/live\/wp-content\/uploads\/2022\/09\/image-160.png?resize=463%2C600 463w, https:\/\/i0.wp.com\/batimedianews.com\/live\/wp-content\/uploads\/2022\/09\/image-160.png?resize=8%2C10 8w, https:\/\/i0.wp.com\/batimedianews.com\/live\/wp-content\/uploads\/2022\/09\/image-160.png?resize=432%2C560 432w, https:\/\/i0.wp.com\/batimedianews.com\/live\/wp-content\/uploads\/2022\/09\/image-160.png?resize=396%2C514 396w, https:\/\/i0.wp.com\/batimedianews.com\/live\/wp-content\/uploads\/2022\/09\/image-160.png?resize=170%2C220 170w\" sizes=\"(max-width: 600px) 91vw, (max-width: 900px) 600px, (max-width: 1060px) 50vw, (max-width: 1200px) 520px, (max-width: 1400px) 43vw, 600px\" data-recalc-dims=\"1\" \/><\/figure><\/div>\n\n\n\n<div class=\"wp-block-image\"><figure class=\"alignright size-large\"><img loading=\"lazy\" width=\"720\" height=\"530\" src=\"https:\/\/i1.wp.com\/batimedianews.com\/live\/wp-content\/uploads\/2022\/09\/image-162.png?resize=720%2C530\" alt=\"\" class=\"wp-image-23060\" srcset=\"https:\/\/i1.wp.com\/batimedianews.com\/live\/wp-content\/uploads\/2022\/09\/image-162.png?w=932 932w, https:\/\/i1.wp.com\/batimedianews.com\/live\/wp-content\/uploads\/2022\/09\/image-162.png?resize=600%2C442 600w, https:\/\/i1.wp.com\/batimedianews.com\/live\/wp-content\/uploads\/2022\/09\/image-162.png?resize=768%2C565 768w, https:\/\/i1.wp.com\/batimedianews.com\/live\/wp-content\/uploads\/2022\/09\/image-162.png?resize=10%2C7 10w, https:\/\/i1.wp.com\/batimedianews.com\/live\/wp-content\/uploads\/2022\/09\/image-162.png?resize=432%2C318 432w, https:\/\/i1.wp.com\/batimedianews.com\/live\/wp-content\/uploads\/2022\/09\/image-162.png?resize=396%2C291 396w, https:\/\/i1.wp.com\/batimedianews.com\/live\/wp-content\/uploads\/2022\/09\/image-162.png?resize=660%2C486 660w, https:\/\/i1.wp.com\/batimedianews.com\/live\/wp-content\/uploads\/2022\/09\/image-162.png?resize=299%2C220 299w\" sizes=\"(max-width: 600px) 91vw, (max-width: 900px) 600px, (max-width: 1060px) 50vw, (max-width: 1200px) 520px, (max-width: 1400px) 43vw, 600px\" data-recalc-dims=\"1\" \/><\/figure><\/div>\n\n\n\n<p>Cette fibre sert directement \u00e0 la fabrication des panneaux et rouleaux d\u2019isolants. Le savoir-faire historique sur les fibres techniques permet \u00e0 PEG de surfer sur les qualit\u00e9s du polyester afin de cr\u00e9er un produit performant, qui respecte l\u2019environnement. Dans ce sens, tous ses isolants sont certifi\u00e9s Oeko- Tex. L\u2019entreprise est engag\u00e9e dans cette d\u00e9marche \u00e9cologique et cherche en permanence \u00e0 optimiser ses m\u00e9thodes de fabrication, afin de limiter les d\u00e9chets. L\u2019\u00e9quipe travaille \u00e9galement avec des entreprises partenaires d\u00e9di\u00e9es \u00e0 leur revalorisation. Le souhait de produire un isolant aussi performant que respectueux de l\u2019environnement a ainsi amen\u00e9 l\u2019entreprise PEG \u00e0 multiplier les \u00e9tapes de recherche, de d\u00e9veloppement et d\u2019optimisation des produits EcoPeg . Des efforts, sur le long terme, qui permettent aujourd\u2019hui de s\u00e9duire les clients. Gr\u00e2ce \u00e0 son proc\u00e9d\u00e9 de fabrication, le produit ne se d\u00e9lite pas, ne se tasse pas. Il ne n\u00e9cessite ni liant, ni adjuvant ou autre sel de bore.<\/p>\n\n\n\n<p>Ce point de d\u00e9part fait d\u2019EcoPeg <strong>un produit sain, doux, non irritant et non toxique<\/strong>, pouvant \u00eatre pos\u00e9 sans gants, ni masque.<\/p>\n\n\n\n<p>Contrairement \u00e0 de nombreux concurrents, sa composition en polyester lui conf\u00e8re \u00e9galement des pouvoirs hydrophobes et antifongiques, contribuant \u00e0 sa longue dur\u00e9e de vie (environ 50 ans !). Ici, son bon comportement au feu n\u2019enl\u00e8ve d\u2019ailleurs rien \u00e0 son statut d\u2019isolant incontournable ! Ainsi, de par sa fabrication fran\u00e7aise et ses caract\u00e9ristiques techniques, EcoPeg a su s\u00e9duire, au fil des ann\u00e9es, une client\u00e8le de professionnels se composant d\u2019architectes, d\u2019artisans, d\u2019entreprises de construction ou de r\u00e9novation, de distributeurs sp\u00e9cialis\u00e9s (\u2026) tous, en qu\u00eate de produits remplissant des <strong>exigences techniques et r\u00e9pondant aux enjeux environnementaux actuels<\/strong>.<\/p>\n\n\n\n<p class=\"has-text-color\" style=\"color:#72a300\"><strong>La pr\u00e9servation d\u2019un savoir-faire bi centenaire<\/strong><\/p>\n\n\n\n<p>Au-del\u00e0 d\u2019une proposition qui a fait sa r\u00e9putation, PEG se distingue \u00e9galement par son approche soci\u00e9tale, sa volont\u00e9 de construire une structure qui fait sens. Ainsi, la soci\u00e9t\u00e9 a depuis toujours voulu conserver son approche familiale : une logique qui s\u2019applique aux collaborateurs, mais aussi \u00e0 la recherche. L\u2019objectif a toujours \u00e9t\u00e9 de proposer un produit qui conviendra aux g\u00e9n\u00e9rations futures ; que ce soit au niveau des produits utilis\u00e9s, ou de la volont\u00e9 de mettre en avant le tissu \u00e9conomique de sa r\u00e9gion normande.<\/p>\n\n\n\n<p>Les projets se concentrent parall\u00e8lement autour du d\u00e9veloppement de nouveaux produits plus performants thermiquement et acoustiquement, en minimisant le volume du produit tout en pr\u00e9servant une d\u00e9marche de revalorisation des d\u00e9chets. En effet, les m\u00e8tres carr\u00e9s de surface habitable augmentant, PEG cherche \u2002 optimiser l\u2019espace du client tout en proposant des capacit\u00e9s techniques performantes. De plus, les produits alternatifs \u00e0 la laine de verre s\u2019inscrivant dans une d\u00e9marche environnementale ont le vent en poupe\u2026 de cette logique, l\u2019<strong>isolant EcoPeg se positionne purement et simplement comme un produit incontournable de la r\u00e9novation et de la construction<\/strong> !<\/p>\n\n\n\n<div class=\"wp-block-image\"><figure class=\"alignright size-large is-resized\"><img loading=\"lazy\" src=\"https:\/\/i0.wp.com\/batimedianews.com\/live\/wp-content\/uploads\/2022\/09\/image-163.png?resize=298%2C310\" alt=\"\" class=\"wp-image-23062\" width=\"298\" height=\"310\" srcset=\"https:\/\/i0.wp.com\/batimedianews.com\/live\/wp-content\/uploads\/2022\/09\/image-163.png?w=552 552w, https:\/\/i0.wp.com\/batimedianews.com\/live\/wp-content\/uploads\/2022\/09\/image-163.png?resize=10%2C10 10w, https:\/\/i0.wp.com\/batimedianews.com\/live\/wp-content\/uploads\/2022\/09\/image-163.png?resize=432%2C449 432w, https:\/\/i0.wp.com\/batimedianews.com\/live\/wp-content\/uploads\/2022\/09\/image-163.png?resize=396%2C412 396w, https:\/\/i0.wp.com\/batimedianews.com\/live\/wp-content\/uploads\/2022\/09\/image-163.png?resize=212%2C220 212w\" sizes=\"(max-width: 600px) 91vw, (max-width: 900px) 600px, (max-width: 1060px) 50vw, (max-width: 1200px) 520px, (max-width: 1400px) 43vw, 600px\" data-recalc-dims=\"1\" \/><\/figure><\/div>\n\n\n\n<p><strong>CHIFFRES CLEFS<\/strong><\/p>\n\n\n\n<p>&#8211; Plus de 100 ans d\u2019exp\u00e9rience<\/p>\n\n\n\n<p>&#8211; Chiffres d\u2019affaires : 28 M\u20ac d\u2019euros<\/p>\n\n\n\n<p>&#8211; Production : 1 seul unique site, \u00e0 D\u00e9nestanville en Normandie<\/p>\n\n\n\n<p>&#8211; Effectif : jusqu\u2019\u00e0 140 personnes (selon la saisonnalit\u00e9)<\/p>\n\n\n\n<p>&#8211; La Ouate : 100% fabriqu\u00e9e en France, recycl\u00e9e et recyclable<\/p>\n\n\n\n<p>&#8211; Fabrication : 0 produit toxique<\/p>\n\n\n\n<div class=\"wp-block-group\"><div class=\"wp-block-group__inner-container\">\n<p class=\"has-text-align-center\"><strong>CERTIFICATIONS ET RECOMPENSES<\/strong><\/p>\n\n\n\n<p class=\"has-text-align-center\">&#8211; Oekotex<\/p>\n\n\n\n<p class=\"has-text-align-center\">&#8211; ACERMI<\/p>\n\n\n\n<p class=\"has-text-align-center\">&#8211; Avis technique<\/p>\n\n\n\n<p class=\"has-text-align-center\">&#8211; Wesling<\/p>\n\n\n\n<p class=\"has-text-align-center\">&#8211; \u2002\u00c9lection des produits du b\u00e2timent 2018 Reconnaissance de la haute technicit\u00e9 de l\u2019isolation.<\/p>\n<\/div><\/div>\n\n\n\n<figure class=\"wp-block-image size-large\"><img loading=\"lazy\" width=\"720\" height=\"171\" src=\"https:\/\/i2.wp.com\/batimedianews.com\/live\/wp-content\/uploads\/2022\/09\/image-164.png?resize=720%2C171\" alt=\"\" class=\"wp-image-23065\" srcset=\"https:\/\/i2.wp.com\/batimedianews.com\/live\/wp-content\/uploads\/2022\/09\/image-164.png?resize=1024%2C243 1024w, https:\/\/i2.wp.com\/batimedianews.com\/live\/wp-content\/uploads\/2022\/09\/image-164.png?resize=600%2C142 600w, https:\/\/i2.wp.com\/batimedianews.com\/live\/wp-content\/uploads\/2022\/09\/image-164.png?resize=768%2C182 768w, https:\/\/i2.wp.com\/batimedianews.com\/live\/wp-content\/uploads\/2022\/09\/image-164.png?resize=1536%2C364 1536w, https:\/\/i2.wp.com\/batimedianews.com\/live\/wp-content\/uploads\/2022\/09\/image-164.png?resize=10%2C2 10w, https:\/\/i2.wp.com\/batimedianews.com\/live\/wp-content\/uploads\/2022\/09\/image-164.png?resize=432%2C102 432w, https:\/\/i2.wp.com\/batimedianews.com\/live\/wp-content\/uploads\/2022\/09\/image-164.png?resize=396%2C94 396w, https:\/\/i2.wp.com\/batimedianews.com\/live\/wp-content\/uploads\/2022\/09\/image-164.png?resize=1120%2C265 1120w, https:\/\/i2.wp.com\/batimedianews.com\/live\/wp-content\/uploads\/2022\/09\/image-164.png?resize=660%2C156 660w, https:\/\/i2.wp.com\/batimedianews.com\/live\/wp-content\/uploads\/2022\/09\/image-164.png?resize=710%2C168 710w, https:\/\/i2.wp.com\/batimedianews.com\/live\/wp-content\/uploads\/2022\/09\/image-164.png?w=1748 1748w, https:\/\/i2.wp.com\/batimedianews.com\/live\/wp-content\/uploads\/2022\/09\/image-164.png?w=1440 1440w\" sizes=\"(max-width: 600px) 91vw, (max-width: 900px) 600px, (max-width: 1060px) 50vw, (max-width: 1200px) 520px, (max-width: 1400px) 43vw, 600px\" data-recalc-dims=\"1\" \/><\/figure>\n","protected":false},"excerpt":{"rendered":"<p>septembre 2022 L\u2018isolation des foyers et des b\u00e2timents est devenue un enjeu cl\u00e9 du secteur de l\u2019\u00e9nergie, tant sur l\u2019aspect \u00e9conomique qu\u2019\u00e9cologique. Gr\u00e2ce \u00e0 son savoir-faire historique, PEG met \u00e0 la disposition des professionnels et des particuliers un isolant fabriqu\u00e9 en France capable de r\u00e9pondre aux exigences techniques et environnementales. Une histoire familiale construite autour [&hellip;]<\/p>\n","protected":false},"author":41,"featured_media":23066,"comment_status":"open","ping_status":"open","sticky":false,"template":"","format":"standard","meta":{"spay_email":""},"categories":[52,1947,80,1946],"tags":[2101],"jetpack_featured_media_url":"https:\/\/i1.wp.com\/batimedianews.com\/live\/wp-content\/uploads\/2022\/09\/EcoPeg-Article.jpg?fit=1920%2C1080","jetpack_sharing_enabled":true,"jetpack_likes_enabled":true,"jetpack-related-posts":[{"id":16668,"url":"http:\/\/batimedianews.com\/live\/index.php\/2022\/03\/02\/le-recyclage-des-dechets-de-platre-reprend-nettement-son-ascension\/","url_meta":{"origin":23057,"position":0},"title":"Le recyclage des d\u00e9chets de pl\u00e2tre reprend nettement son ascension !","date":"2 mars 2022","format":false,"excerpt":"127 300 tonnes de d\u00e9chets de pl\u00e2tre externes recycl\u00e9s en 2021 dans la fabrication de plaques de pl\u00e2tre, soit une progression de 37% par rapport \u00e0 2020 et 19% par rapport \u00e0 2019.\u00a0 Les industriels du pl\u00e2tre poursuivent sans rel\u00e2che la formation et la sensibilisation des professionnels. Ainsi, par exemple,\u2026","rel":"","context":"Dans &quot;Isolation&quot;","img":{"alt_text":"","src":"https:\/\/i1.wp.com\/batimedianews.com\/live\/wp-content\/uploads\/2022\/02\/snip-Article.jpg?fit=512%2C512&resize=350%2C200","width":350,"height":200},"classes":[]},{"id":23960,"url":"http:\/\/batimedianews.com\/live\/index.php\/2022\/10\/04\/eco-peg-au-mondial-du-batiment\/","url_meta":{"origin":23057,"position":1},"title":"ECO PEG au Mondial du B\u00e2timent","date":"4 octobre 2022","format":false,"excerpt":"https:\/\/youtu.be\/eCBArVMYl7A http:\/\/batimedianews.com\/live\/index.php\/2022\/09\/15\/ecopeg-lavenir-de-lisolation-durable\/","rel":"","context":"Dans &quot;Le mondial du b\u00e2timent en live&quot;","img":{"alt_text":"","src":"https:\/\/i0.wp.com\/batimedianews.com\/live\/wp-content\/uploads\/2022\/10\/ecopg.jpg?fit=1080%2C1080&resize=350%2C200","width":350,"height":200},"classes":[]},{"id":20418,"url":"http:\/\/batimedianews.com\/live\/index.php\/2022\/05\/26\/le-parc-du-robec-un-quartier-a-revaloriser\/","url_meta":{"origin":23057,"position":2},"title":"Le Parc du Robec &#8211; Un quartier \u00e0 revaloriser","date":"26 mai 2022","format":false,"excerpt":"Projet de r\u00e9habilitation GROUPE DE LOGEMENTS Parc du robec, 645 LOGEMENTS, DARNETAL Programme de travaux g\u00e9n\u00e9ral \u2002- D\u00e9molition de 20 logements sur l\u2019immeuble \"calicots\" pour ouvrir l\u2019ilot sur la rue Pasteur \u2002- Requalification de 645 logements (14 b\u00e2timents) \u2002- R\u00e9sidentialisation paysag\u00e8re Principaux Travaux en ext\u00e9rieur D\u00e9voiement de r\u00e9seaux : Implique\u2026","rel":"","context":"Dans &quot;Actualit\u00e9 Entreprises&quot;","img":{"alt_text":"","src":"https:\/\/i2.wp.com\/batimedianews.com\/live\/wp-content\/uploads\/2022\/05\/image-419.png?resize=350%2C200","width":350,"height":200},"classes":[]},{"id":19197,"url":"http:\/\/batimedianews.com\/live\/index.php\/2022\/04\/21\/myral-se-fixe-un-objectif-de-63-de-reduction-dimpact-carbone-a-lhorizon-2024\/","url_meta":{"origin":23057,"position":3},"title":"Myral se fixe un objectif de 63 % de r\u00e9duction d\u2019impact carbone \u00e0 l\u2019horizon 2024","date":"21 avril 2022","format":false,"excerpt":"Une d\u00e9marche environnementale entre actions et engagements Myral s\u2019appr\u00eate \u00e0 d\u00e9ployer une d\u00e9carbonation massive, apr\u00e8s plus de 10 ans de travail et de r\u00e9flexion en faveur de la transition \u00e9cologique et de la r\u00e9duction des \u00e9missions de CO2 dans le b\u00e2timent. Depuis sa cr\u00e9ation en 1987, Myral place les pr\u00e9occupations\u2026","rel":"","context":"Dans &quot;Bas carbone&quot;","img":{"alt_text":"","src":"https:\/\/i1.wp.com\/batimedianews.com\/live\/wp-content\/uploads\/2022\/04\/Myral-Article.jpg?fit=1080%2C1080&resize=350%2C200","width":350,"height":200},"classes":[]},{"id":46496,"url":"http:\/\/batimedianews.com\/live\/index.php\/2025\/09\/15\/les-materiaux-ecosources-une-reponse-aux-defis-environnementaux-et-de-la-construction-renovation\/","url_meta":{"origin":23057,"position":4},"title":"Les mat\u00e9riaux \u00e9cosourc\u00e9s : une r\u00e9ponse aux d\u00e9fis environnementaux et de la construction \/ r\u00e9novation","date":"15 septembre 2025","format":false,"excerpt":"https:\/\/www.youtube.com\/watch?v=c-TA6Gp0-dM Face \u00e0 l'augmentation des d\u00e9chets plastiques ou aluminium et aux exigences croissantes en mati\u00e8re de construction durable, l'utilisation de mat\u00e9riaux \u00e9cosourc\u00e9s s'impose comme une solution pertinente et d\u2019avenir. Myral, industriel sp\u00e9cialiste de la fa\u00e7ade et entreprise pionni\u00e8re des mat\u00e9riaux \u00e9cosourc\u00e9s, illustre cette d\u00e9marche en int\u00e9grant des mati\u00e8res recycl\u00e9es dans\u2026","rel":"","context":"Dans &quot;Actualit\u00e9 Entreprises&quot;","img":{"alt_text":"","src":"https:\/\/i1.wp.com\/batimedianews.com\/live\/wp-content\/uploads\/2025\/09\/Myral.jpg?fit=825%2C825&resize=350%2C200","width":350,"height":200},"classes":[]},{"id":36562,"url":"http:\/\/batimedianews.com\/live\/index.php\/2024\/03\/28\/sto-etend-son-systeme-dite-eco-concu-stotherm-aims-avec-un-nouvel-isolant-polystyrene-pour-la-maison-individuelle\/","url_meta":{"origin":23057,"position":5},"title":"Sto \u00e9tend son syst\u00e8me d&rsquo;ITE \u00e9co-con\u00e7u StoTherm AimS\u00ae avec un nouvel isolant polystyr\u00e8ne pour la maison individuelle","date":"28 mars 2024","format":false,"excerpt":"Qualit\u00e9, protection du climat et pr\u00e9servation des ressources sont les ma\u00eetres-mots de la ligne de produits AimS\u00ae* d\u00e9velopp\u00e9e par Sto, fabriqu\u00e9e avec 95 % de mati\u00e8res premi\u00e8res renouvelables. Apr\u00e8s avoir lanc\u00e9 son premier syst\u00e8me ITE \u00e9co-con\u00e7u en 2022 int\u00e9grant un isolant en laine de roche, Sto poursuit sur sa lanc\u00e9e\u2026","rel":"","context":"Dans &quot;Actualit\u00e9 Entreprises&quot;","img":{"alt_text":"","src":"https:\/\/i2.wp.com\/batimedianews.com\/live\/wp-content\/uploads\/2024\/03\/sto.jpg?fit=825%2C825&resize=350%2C200","width":350,"height":200},"classes":[]}],"_links":{"self":[{"href":"http:\/\/batimedianews.com\/live\/index.php\/wp-json\/wp\/v2\/posts\/23057"}],"collection":[{"href":"http:\/\/batimedianews.com\/live\/index.php\/wp-json\/wp\/v2\/posts"}],"about":[{"href":"http:\/\/batimedianews.com\/live\/index.php\/wp-json\/wp\/v2\/types\/post"}],"author":[{"embeddable":true,"href":"http:\/\/batimedianews.com\/live\/index.php\/wp-json\/wp\/v2\/users\/41"}],"replies":[{"embeddable":true,"href":"http:\/\/batimedianews.com\/live\/index.php\/wp-json\/wp\/v2\/comments?post=23057"}],"version-history":[{"count":2,"href":"http:\/\/batimedianews.com\/live\/index.php\/wp-json\/wp\/v2\/posts\/23057\/revisions"}],"predecessor-version":[{"id":23124,"href":"http:\/\/batimedianews.com\/live\/index.php\/wp-json\/wp\/v2\/posts\/23057\/revisions\/23124"}],"wp:featuredmedia":[{"embeddable":true,"href":"http:\/\/batimedianews.com\/live\/index.php\/wp-json\/wp\/v2\/media\/23066"}],"wp:attachment":[{"href":"http:\/\/batimedianews.com\/live\/index.php\/wp-json\/wp\/v2\/media?parent=23057"}],"wp:term":[{"taxonomy":"category","embeddable":true,"href":"http:\/\/batimedianews.com\/live\/index.php\/wp-json\/wp\/v2\/categories?post=23057"},{"taxonomy":"post_tag","embeddable":true,"href":"http:\/\/batimedianews.com\/live\/index.php\/wp-json\/wp\/v2\/tags?post=23057"}],"curies":[{"name":"wp","href":"https:\/\/api.w.org\/{rel}","templated":true}]}}