{"id":23295,"date":"2022-09-19T16:51:02","date_gmt":"2022-09-19T14:51:02","guid":{"rendered":"http:\/\/batimedianews.com\/live\/?p=23295"},"modified":"2023-07-15T15:00:35","modified_gmt":"2023-07-15T13:00:35","slug":"parution-du-smart-guide-de-la-re2020-construire-des-logements-avec-les-smart-systemes-en-beton","status":"publish","type":"post","link":"http:\/\/batimedianews.com\/live\/index.php\/2022\/09\/19\/parution-du-smart-guide-de-la-re2020-construire-des-logements-avec-les-smart-systemes-en-beton\/","title":{"rendered":"Parution du Smart Guide de la RE2020 &#8211; Construire des logements avec les Smart Syst\u00e8mes en B\u00e9ton"},"content":{"rendered":"\n<p class=\"has-text-align-center\"><strong>Un guide \u00e9dit\u00e9 par la FIB, avec le concours du Cerib, pour valoriser les performances environnementales et \u00e9nerg\u00e9tiques des solutions pr\u00e9fabriqu\u00e9es en b\u00e9ton<\/strong><\/p>\n\n\n\n<figure class=\"wp-block-image size-large\"><img loading=\"lazy\" width=\"720\" height=\"1018\" src=\"https:\/\/i2.wp.com\/batimedianews.com\/live\/wp-content\/uploads\/2022\/09\/image-290.png?resize=720%2C1018\" alt=\"\" class=\"wp-image-23296\" srcset=\"https:\/\/i2.wp.com\/batimedianews.com\/live\/wp-content\/uploads\/2022\/09\/image-290.png?resize=724%2C1024 724w, https:\/\/i2.wp.com\/batimedianews.com\/live\/wp-content\/uploads\/2022\/09\/image-290.png?resize=424%2C600 424w, https:\/\/i2.wp.com\/batimedianews.com\/live\/wp-content\/uploads\/2022\/09\/image-290.png?resize=768%2C1086 768w, https:\/\/i2.wp.com\/batimedianews.com\/live\/wp-content\/uploads\/2022\/09\/image-290.png?resize=1086%2C1536 1086w, https:\/\/i2.wp.com\/batimedianews.com\/live\/wp-content\/uploads\/2022\/09\/image-290.png?resize=7%2C10 7w, https:\/\/i2.wp.com\/batimedianews.com\/live\/wp-content\/uploads\/2022\/09\/image-290.png?resize=432%2C611 432w, https:\/\/i2.wp.com\/batimedianews.com\/live\/wp-content\/uploads\/2022\/09\/image-290.png?resize=396%2C560 396w, https:\/\/i2.wp.com\/batimedianews.com\/live\/wp-content\/uploads\/2022\/09\/image-290.png?resize=1120%2C1584 1120w, https:\/\/i2.wp.com\/batimedianews.com\/live\/wp-content\/uploads\/2022\/09\/image-290.png?resize=660%2C934 660w, https:\/\/i2.wp.com\/batimedianews.com\/live\/wp-content\/uploads\/2022\/09\/image-290.png?resize=156%2C220 156w, https:\/\/i2.wp.com\/batimedianews.com\/live\/wp-content\/uploads\/2022\/09\/image-290.png?w=1240 1240w\" sizes=\"(max-width: 600px) 91vw, (max-width: 900px) 600px, (max-width: 1060px) 50vw, (max-width: 1200px) 520px, (max-width: 1400px) 43vw, 600px\" data-recalc-dims=\"1\" \/><\/figure>\n\n\n\n<p><strong>\u00c9dit\u00e9 par la F\u00e9d\u00e9ration de l\u2019Industrie du B\u00e9ton (FIB), avec le concours du Centre d\u2019\u00c9tudes et de Recherches de l\u2019Industrie du B\u00e9ton (Cerib), Le Smart Guide de la RE2020 &#8211; Construire des logements avec les Smart Syst\u00e8mes en B\u00e9ton &#8211; vient de para\u00eetre.&nbsp;&nbsp;Il a pour objectif de guider les acteurs de la construction \u00e0 mieux comprendre les trois objectifs de la RE2020 et de d\u00e9montrer qu\u2019utiliser les solutions pr\u00e9fabriqu\u00e9es en b\u00e9ton permet d\u2019ores et d\u00e9j\u00e0 de r\u00e9pondre pleinement aux exigences environnementales et de confort de la nouvelle r\u00e9glementation et de favoriser la sobri\u00e9t\u00e9 \u00e9nerg\u00e9tique du b\u00e2ti.<\/strong><strong><\/strong><strong><\/strong><\/p>\n\n\n\n<p>Destin\u00e9 \u00e0 tous les acteurs de la construction et en priorit\u00e9 aux<strong>&nbsp;<\/strong>CMistes, promoteurs et bureaux d\u2019\u00e9tudes thermiques et environnementaux, ce guide de 24 pages, p\u00e9dagogique, ludique et \u00e9tay\u00e9 par des cas concrets, est divis\u00e9 en deux grands chapitres&nbsp;:&nbsp;<\/p>\n\n\n\n<ul><li><strong>Comprendre les objectifs de la RE2020<\/strong>&nbsp;: ses trois objectifs (sobri\u00e9t\u00e9 \u00e9nerg\u00e9tique, fra\u00eecheur des b\u00e2timents en cas de fortes chaleurs et diminution de l\u2019impact carbone) et son calendrier d\u2019application, les \u00e9volutions entre la RT2012 et la RE2020, le calcul de l\u2019impact carbone \u00e0 l\u2019\u00e9chelle du b\u00e2timent et la m\u00e9thode ACV, le respect des seuils carbone construction n\u00e9cessitant que tous les lots contribuent \u00e0 la r\u00e9duction de l\u2019impact carbone des b\u00e2timents.&nbsp;<strong><\/strong><\/li><\/ul>\n\n\n\n<ul><li><strong>Utiliser les Smart Syst\u00e8mes en B\u00e9ton pour passer la RE2020&nbsp;<\/strong><strong>:&nbsp;<\/strong>les solutions pr\u00e9fabriqu\u00e9es en b\u00e9ton pour les logements pour r\u00e9pondre aux trois objectifs de la RE2020, et donc, construire bas carbone, diminuer toujours plus l\u2019impact carbone des syst\u00e8mes constructifs en b\u00e9ton et favoriser le confort d\u2019\u00e9t\u00e9 li\u00e9 \u00e0 l\u2019inertie des b\u00e2timents.&nbsp;<strong><\/strong><\/li><\/ul>\n\n\n\n<p>Au travers des&nbsp;Smart Syst\u00e8mes en B\u00e9ton, la FIB a initi\u00e9 un programme pour valoriser l\u2019intelligence embarqu\u00e9e dans chacune des solutions pr\u00e9fabriqu\u00e9es en b\u00e9ton, en termes d\u2019\u00e9conomie des territoires, des ressources, de l\u2019\u00e9nergie et de la fonctionnalit\u00e9, r\u00e9solument inscrites dans une voie de production responsable et connect\u00e9e.&nbsp;<\/p>\n\n\n\n<p>La publication du guide s\u2019inscrit dans ce cadre et dans la communication collective initi\u00e9e par la F\u00e9d\u00e9ration pour valoriser l\u2019apport&nbsp;des solutions pr\u00e9fabriqu\u00e9es en b\u00e9ton pour r\u00e9duire l\u2019empreinte environnementale, notamment les murs et planchers destin\u00e9s aux march\u00e9s des maisons individuelles et logements collectifs.<\/p>\n\n\n\n<p>Elle est compl\u00e9t\u00e9e par une panoplie d\u2019autres outils&nbsp;: des \u00e9tudes de cas, outils d\u2019aide \u00e0 la d\u00e9cision, fiches chantiers avec le t\u00e9moignage de bureaux d\u2019\u00e9tudes pour&nbsp;quantifier les param\u00e8tres d\u2019application de la RE2020, une web s\u00e9rie de vid\u00e9os t\u00e9moignages pour faire incarner les messages par des bureaux d\u2019\u00e9tudes, des constructeurs\u2026<\/p>\n\n\n\n<p><strong>La F\u00e9d\u00e9ration de l\u2019Industrie du B\u00e9ton (FIB)<\/strong>&nbsp;concourt en France \u00e0 la promotion des int\u00e9r\u00eats des industriels fabricants de produits en b\u00e9ton et assure la repr\u00e9sentation de ce secteur industriel aupr\u00e8s des pouvoirs publics, des collectivit\u00e9s locales et de l\u2019environnement professionnel. Elle repr\u00e9sente 100 % d\u2019entreprises fran\u00e7aises&nbsp;TPE, PME et PMI,&nbsp;un maillage territorial&nbsp;d\u2019industriels tr\u00e8s dense, des entreprises industrielles locales&nbsp;cr\u00e9atrices de richesse et d\u2019emplois locaux directs non d\u00e9localisables.&nbsp;<a href=\"http:\/\/www.fib.org\/\">www.fib.org<\/a><\/p>\n\n\n\n<p><strong>Le Centre d\u2019\u00c9tudes et de Recherches de l\u2019Industrie du B\u00e9ton (Cerib)<\/strong>&nbsp;est un Centre Technique Industriel, reconnu d\u2019utilit\u00e9 publique et institu\u00e9 en 1967 conjointement par le ministre charg\u00e9 de l\u2019Industrie et par le ministre charg\u00e9 de l\u2019\u00c9conomie et des Finances, \u00e0 la demande de la F\u00e9d\u00e9ration de l\u2019Industrie du B\u00e9ton (FIB). Avec plus de 170 collaborateurs et un haut niveau d\u2019expertise, ses \u00e9quipements d\u2019essais des produits et mat\u00e9riaux du BTP se d\u00e9ploient sur 15 000 m<sup>2<\/sup>&nbsp;de laboratoires. Le Centre exerce son activit\u00e9 entre essais et \u00e9valuations, \u00e9tudes et recherches, normalisation et certification, appui technique et transfert de connaissances, et dispose d\u2019un centre de formation. Op\u00e9rateur de recherche du minist\u00e8re de l\u2019\u00c9ducation nationale, de l\u2019Enseignement sup\u00e9rieur et de la Recherche, ses travaux de R&amp;D \u00e9ligibles peuvent b\u00e9n\u00e9ficier du Cr\u00e9dit d\u2019Imp\u00f4t Recherche<strong>.&nbsp;<\/strong><a href=\"http:\/\/www.cerib.com\/\">www.cerib.com<\/a><strong><\/strong><\/p>\n\n\n\n<p><strong>L&rsquo;industrie du b\u00e9ton en France<\/strong><\/p>\n\n\n\n<ul><li><strong>461<\/strong>&nbsp;entreprises&nbsp;<\/li><li><strong>722<\/strong>&nbsp;sites de production&nbsp;<\/li><li><strong>2,8&nbsp;<\/strong>milliards d\u2019\u20ac&nbsp;de CA d\u00e9part usine, hors taxes et hors transport, dont&nbsp;:<\/li><li><strong>62,8 %&nbsp;<\/strong>\u00e0 destination du b\u00e2timent<\/li><li><strong>37,2 %<\/strong>&nbsp;destination des travaux publics et du g\u00e9nie civil&nbsp;<\/li><li><strong>20&nbsp;<\/strong>millions de tonnes de produits en b\u00e9ton en volume<\/li><li><strong>19&nbsp;200<\/strong>&nbsp;emplois directs<strong><\/strong><\/li><li><strong>100 %&nbsp;<\/strong>r\u00e9seau local<\/li><li><strong>Le 1<sup>er<\/sup>&nbsp;<\/strong>employeur des industries de la branche carri\u00e8res et mat\u00e9riaux de construction.<\/li><\/ul>\n","protected":false},"excerpt":{"rendered":"<p>Un guide \u00e9dit\u00e9 par la FIB, avec le concours du Cerib, pour valoriser les performances environnementales et \u00e9nerg\u00e9tiques des solutions pr\u00e9fabriqu\u00e9es en b\u00e9ton \u00c9dit\u00e9 par la F\u00e9d\u00e9ration de l\u2019Industrie du B\u00e9ton (FIB), avec le concours du Centre d\u2019\u00c9tudes et de Recherches de l\u2019Industrie du B\u00e9ton (Cerib), Le Smart Guide de la RE2020 &#8211; Construire des [&hellip;]<\/p>\n","protected":false},"author":41,"featured_media":23297,"comment_status":"open","ping_status":"open","sticky":false,"template":"","format":"standard","meta":{"spay_email":""},"categories":[4,1572,21,22,847,29,486,65,77,80,708,128,921],"tags":[784,1897,2117,975,850,851,2116,478],"jetpack_featured_media_url":"https:\/\/i1.wp.com\/batimedianews.com\/live\/wp-content\/uploads\/2022\/09\/FIB-Article.jpg?fit=1920%2C1080","jetpack_sharing_enabled":true,"jetpack_likes_enabled":true,"jetpack-related-posts":[{"id":38167,"url":"http:\/\/batimedianews.com\/live\/index.php\/2024\/06\/18\/contrat-dobjectifs-et-de-performance-cop-2024-2027-entre-letat-la-fib-federation-de-lindustrie-du-beton-et-le-cerib-centre-detudes-et-de-recherches-de-l\/","url_meta":{"origin":23295,"position":0},"title":"Contrat d\u2019Objectifs et de Performance (COP) 2024-2027 entre l\u2019\u00c9tat, la FIB (F\u00e9d\u00e9ration de l\u2019Industrie du B\u00e9ton) et le CERIB (Centre d\u2019\u00c9tudes et de Recherches de l\u2019Industrie du B\u00e9ton)","date":"18 juin 2024","format":false,"excerpt":"\u00ab\u00a0Les grandes transitions de la construction au c\u0153ur de notre engagement\u00a0\u00bb Bertrand Bedel, pr\u00e9sident de la FIB et du CERIB et St\u00e9phane Le Guirriec, directeur g\u00e9n\u00e9ral du CERIB ont sign\u00e9 le 7 juin, lors d\u2019une c\u00e9r\u00e9monie de signature au\u00a0Minist\u00e8re de l\u2019\u00c9conomie, des Finances et de la Souverainet\u00e9 Industrielle et Num\u00e9rique\u2026","rel":"","context":"Dans &quot;Actualit\u00e9 Entreprises&quot;","img":{"alt_text":"","src":"https:\/\/i1.wp.com\/batimedianews.com\/live\/wp-content\/uploads\/2024\/06\/Cerib-articles-.jpg?fit=825%2C825&resize=350%2C200","width":350,"height":200},"classes":[]},{"id":18634,"url":"http:\/\/batimedianews.com\/live\/index.php\/2022\/04\/05\/bim-creation-du-dictionnaire-de-donnees-de-lindustrie-du-beton\/","url_meta":{"origin":23295,"position":1},"title":"BIM : cr\u00e9ation du Dictionnaire de donn\u00e9es de l\u2019Industrie du B\u00e9ton","date":"5 avril 2022","format":false,"excerpt":"Le d\u00e9veloppement des process num\u00e9riques dans la construction n\u00e9cessite la cr\u00e9ation de langages communs pour les \u00e9changes d\u2019informations entre les parties prenantes d\u2019un projet. Port\u00e9s par des dictionnaires de donn\u00e9es, ces langages permettent l\u2019utilisation de d\u00e9finitions coh\u00e9rentes pour d\u00e9crire les ouvrages, les syst\u00e8mes et les composants dans les maquettes num\u00e9riques.\u00a0\u2026","rel":"","context":"Dans &quot;Actualit\u00e9 Entreprises&quot;","img":{"alt_text":"","src":"https:\/\/i0.wp.com\/batimedianews.com\/live\/wp-content\/uploads\/2022\/04\/CERIB-Article.jpg?fit=512%2C512&resize=350%2C200","width":350,"height":200},"classes":[]},{"id":21498,"url":"http:\/\/batimedianews.com\/live\/index.php\/2022\/07\/04\/bertrand-bedel-reelu-a-la-presidence-de-la-federation-de-lindustrie-du-beton-fib\/","url_meta":{"origin":23295,"position":2},"title":"Bertrand Bedel, r\u00e9\u00e9lu \u00e0 la pr\u00e9sidence de la                                   F\u00e9d\u00e9ration de l\u2019Industrie du B\u00e9ton (FIB)","date":"4 juillet 2022","format":false,"excerpt":"Bertrand Bedel (65 ans) a \u00e9t\u00e9 r\u00e9\u00e9lu \u00e0 la pr\u00e9sidence de la F\u00e9d\u00e9ration de l\u2019industrie du B\u00e9ton (FIB), pour un nouveau mandat d\u2019un an, lors de l\u2019Assembl\u00e9e G\u00e9n\u00e9rale qui s\u2019est tenue le 17 juin \u00e0 Paris. Bertrand Bedel est \u00e9galement le pr\u00e9sident du Centre d\u2019\u00c9tudes et de Recherches de l\u2019Industrie\u2026","rel":"","context":"Dans &quot;Actualit\u00e9 Entreprises&quot;","img":{"alt_text":"","src":"https:\/\/i1.wp.com\/batimedianews.com\/live\/wp-content\/uploads\/2022\/06\/FIB-Article.jpg?fit=1080%2C1080&resize=350%2C200","width":350,"height":200},"classes":[]},{"id":8173,"url":"http:\/\/batimedianews.com\/live\/index.php\/2021\/01\/27\/bertrand-bedel-nouveau-president-du-cerib\/","url_meta":{"origin":23295,"position":3},"title":"Bertrand BEDEL, nouveau pr\u00e9sident du Cerib","date":"27 janvier 2021","format":false,"excerpt":"Bertrand Bedel a \u00e9t\u00e9 \u00e9lu \u00e0 la pr\u00e9sidence du Cerib le 26 janvier 2021 pour une mandature de trois ans. Il succ\u00e8de \u00e0 Philippe Gruat, pr\u00e9sident depuis 2018. Engag\u00e9 de longue date dans l\u2019industrie du b\u00e9ton, Bertrand Bedel est membre du conseil d\u2019administration du Cerib depuis 2012 ans et pr\u00e9sident\u2026","rel":"","context":"Dans &quot;Actualit\u00e9 Entreprises&quot;","img":{"alt_text":"","src":"https:\/\/i0.wp.com\/batimedianews.com\/live\/wp-content\/uploads\/2021\/01\/image-302.png?resize=350%2C200","width":350,"height":200},"classes":[]},{"id":8538,"url":"http:\/\/batimedianews.com\/live\/index.php\/2021\/03\/09\/nouvelles-solutions-constructives-en-beton-bas-carbone-developpees-sous-la-marque-lowcarbotys-pour-diminuer-lempreinte-carbone-du-beton\/","url_meta":{"origin":23295,"position":4},"title":"Nouvelles solutions constructives en b\u00e9ton bas carbone  d\u00e9velopp\u00e9es sous la marque LOWCARBOTYS\u00ae   pour diminuer l\u2019empreinte carbone du b\u00e9ton","date":"9 mars 2021","format":false,"excerpt":"La recherche de solutions permettant de diminuer l\u2019empreinte carbone des syst\u00e8mes constructifs en b\u00e9ton figure parmi les priorit\u00e9s du Cerib. Des travaux exp\u00e9rimentaux lanc\u00e9s \u00e0 la demande de l\u2019Industrie du B\u00e9ton sont initi\u00e9s dans ce sens. Ils s\u2019appuient notamment sur des collaborations avec l\u2019IMT de Douai et d\u2019Al\u00e8s, concr\u00e9tis\u00e9es par\u2026","rel":"","context":"Dans &quot;Actualit\u00e9 Entreprises&quot;","img":{"alt_text":"","src":"https:\/\/i0.wp.com\/batimedianews.com\/live\/wp-content\/uploads\/2021\/02\/image-178.png?fit=734%2C470&resize=350%2C200","width":350,"height":200},"classes":[]},{"id":8191,"url":"http:\/\/batimedianews.com\/live\/index.php\/2021\/01\/28\/la-filiere-beton-salue-le-vote-du-cscee-sur-la-re2020-qui-demande-le-retrait-de-lacv-dynamique-simplifiee\/","url_meta":{"origin":23295,"position":5},"title":"La Fili\u00e8re B\u00e9ton salue le vote du CSCEE sur la RE2020 qui demande le retrait de l\u2019ACV dynamique simplifi\u00e9e","date":"28 janvier 2021","format":false,"excerpt":"Le mardi 26 janvier 2021, le Conseil Sup\u00e9rieur de la Construction et de l\u2019Efficacit\u00e9 \u00c9nerg\u00e9tique (CSCEE) a rendu son avis sur les projets de textes relatifs \u00e0 la future R\u00e9glementation Environnementale du secteur : la RE2020. Cet avis est salu\u00e9 par la Fili\u00e8re B\u00e9ton\u00a0qui demande le respect des observations formul\u00e9es\u2026","rel":"","context":"Dans &quot;RE 2020&quot;","img":{"alt_text":"","src":"","width":0,"height":0},"classes":[]}],"_links":{"self":[{"href":"http:\/\/batimedianews.com\/live\/index.php\/wp-json\/wp\/v2\/posts\/23295"}],"collection":[{"href":"http:\/\/batimedianews.com\/live\/index.php\/wp-json\/wp\/v2\/posts"}],"about":[{"href":"http:\/\/batimedianews.com\/live\/index.php\/wp-json\/wp\/v2\/types\/post"}],"author":[{"embeddable":true,"href":"http:\/\/batimedianews.com\/live\/index.php\/wp-json\/wp\/v2\/users\/41"}],"replies":[{"embeddable":true,"href":"http:\/\/batimedianews.com\/live\/index.php\/wp-json\/wp\/v2\/comments?post=23295"}],"version-history":[{"count":3,"href":"http:\/\/batimedianews.com\/live\/index.php\/wp-json\/wp\/v2\/posts\/23295\/revisions"}],"predecessor-version":[{"id":23408,"href":"http:\/\/batimedianews.com\/live\/index.php\/wp-json\/wp\/v2\/posts\/23295\/revisions\/23408"}],"wp:featuredmedia":[{"embeddable":true,"href":"http:\/\/batimedianews.com\/live\/index.php\/wp-json\/wp\/v2\/media\/23297"}],"wp:attachment":[{"href":"http:\/\/batimedianews.com\/live\/index.php\/wp-json\/wp\/v2\/media?parent=23295"}],"wp:term":[{"taxonomy":"category","embeddable":true,"href":"http:\/\/batimedianews.com\/live\/index.php\/wp-json\/wp\/v2\/categories?post=23295"},{"taxonomy":"post_tag","embeddable":true,"href":"http:\/\/batimedianews.com\/live\/index.php\/wp-json\/wp\/v2\/tags?post=23295"}],"curies":[{"name":"wp","href":"https:\/\/api.w.org\/{rel}","templated":true}]}}