{"id":23392,"date":"2022-09-21T08:44:03","date_gmt":"2022-09-21T06:44:03","guid":{"rendered":"http:\/\/batimedianews.com\/live\/?p=23392"},"modified":"2023-07-15T15:00:35","modified_gmt":"2023-07-15T13:00:35","slug":"alkern-de-nouveaux-investissements-pour-accelerer-la-decarbonation-de-la-construction-neuve","status":"publish","type":"post","link":"http:\/\/batimedianews.com\/live\/index.php\/2022\/09\/21\/alkern-de-nouveaux-investissements-pour-accelerer-la-decarbonation-de-la-construction-neuve\/","title":{"rendered":"Alkern : de nouveaux investissements pour acc\u00e9l\u00e9rer la d\u00e9carbonation de la construction neuve"},"content":{"rendered":"\n<ul><li>De nouveaux investissements pour d\u00e9velopper les solutions bas carbone&nbsp;<\/li><li>Kit Piscine&nbsp;<\/li><li>Nouveaux parements am\u00e9nagement ext\u00e9rieur<\/li><\/ul>\n\n\n\n<p><strong>Fabricant leader de produits pr\u00e9fabriqu\u00e9s en b\u00e9ton, Alkern, avec un CA 2021 de 247 millions d\u2019euros pour 1 000 collaborateurs, revendique expertise et savoir-faire dans une activit\u00e9 tourn\u00e9e autour de trois grands march\u00e9s : le b\u00e2timent, l\u2019am\u00e9nagement ext\u00e9rieur et les travaux publics. Engag\u00e9 sur les enjeux environnementaux de longue date et pr\u00eat pour l\u2019application de la RE2020, Alkern dispose en effet d\u2019une offre constructive riche, 100 % recyclable et aux performances reconnues et appr\u00e9ci\u00e9es pour des b\u00e2timents \u00e0 faible impact carbone.&nbsp;<\/strong><\/p>\n\n\n\n<figure class=\"wp-block-embed is-type-video is-provider-youtube wp-block-embed-youtube wp-embed-aspect-16-9 wp-has-aspect-ratio\"><div class=\"wp-block-embed__wrapper\">\n<div class=\"jetpack-video-wrapper\"><iframe loading=\"lazy\" title=\"NDLR 2022 - ALKERN\" width=\"720\" height=\"405\" src=\"https:\/\/www.youtube.com\/embed\/wx2BJDDTg10?feature=oembed\" frameborder=\"0\" allow=\"accelerometer; autoplay; clipboard-write; encrypted-media; gyroscope; picture-in-picture\" allowfullscreen><\/iframe><\/div>\n<\/div><\/figure>\n\n\n\n<p>Avec l\u2019offre la plus large du march\u00e9 Alkern peut ainsi r\u00e9pondre \u00e0 tous les besoins ! Citons ses solutions en blocs b\u00e9ton \u00e0 ma\u00e7onner, \u00e0 bancher, blocs creux \u00e0 coller, blocs isolants \u00e0 coller ou encore sa paroi compl\u00e8te R+Mur, \u00e9conomique et bas carbone d\u00e9di\u00e9e aux b\u00e2timents \u00e0 \u00e9tage (toutes familles) jusqu\u2019au R+4. Face \u00e0 une demande grandissante de produits de construction bas carbone, Alkern renforce encore son offre et lance de nouveaux investissements dans son dispositif industriel.&nbsp;<\/p>\n\n\n\n<p>Ainsi, au cours des derniers mois, Alkern confirme avoir d\u00e9j\u00e0 largement investi dans ses diff\u00e9rentes usines avec pour objectif, d\u00e8s 2022, de mettre sur le march\u00e9 25 % de blocs \u00e0 coller bas carbone suppl\u00e9mentaires par rapport \u00e0 2021. Des r\u00e9ponses blocs comme notamment l\u2019Elibloc, qui s\u2019impose comme solution d\u2019\u00e9l\u00e9vation de murs \u00e9conomique, mais aussi et surtout par un niveau bas carbone le plus bas du march\u00e9, avec 9,92 kg CO2 eq\/m2. Rappelons \u00e9galement dans le contexte climatique 2022 que la m\u00e9thode de pose coll\u00e9e de ces blocs permet de diminuer la consommation d\u2019eau sur chantier de pr\u00e8s de 90 % !&nbsp;<\/p>\n\n\n\n<p>Pour la rentr\u00e9e, Alkern confirme le cap et annonce de nouveaux investissements prochainement d\u00e9ploy\u00e9s sur son dispositif industriel qui compte quelque cinquante sites r\u00e9partis sur l\u2019Hexagone. Dans le Nord de la France, notamment, Alkern a d\u00e9cid\u00e9 d\u2019accro\u00eetre \u00e0 nouveau sa capacit\u00e9 de production de 25 %, qui permettront d\u2019\u00e9viter les \u00e9missions de 1600 T de CO2\/an.&nbsp;<\/p>\n\n\n\n<p>Christophe Lagrange, Directeur de l\u2019Offre, pr\u00e9cise : \u00ab <em>Ces investissements vont \u00e9galement assurer le d\u00e9veloppement d\u2019une offre de blocs utilisant des mati\u00e8res premi\u00e8res bio-sourc\u00e9es.&nbsp;<\/em><\/p>\n\n\n\n<p><em>Cette offre permettra de couvrir diff\u00e9rents besoins que cela soit en maison individuelle ou dans le collectif. <\/em>\u00bb Et de poursuivre : \u00ab <em>Une usine situ\u00e9e sur l\u2019axe Seine Eure sera pour cela enti\u00e8rement reconstruite au cours des prochains mois pour permettre l\u2019\u00e9mergence de ces nouvelles solutions constructives. Ce projet fait l\u2019objet d\u2019un investissement de la r\u00e9gion et de l\u2019\u00c9tat (projet PIA3 r\u00e9gionalis\u00e9) d\u00e9montrant l\u2019int\u00e9r\u00eat commun et partag\u00e9 par les acteurs publics et priv\u00e9s de d\u00e9velopper de nouvelles solutions locales, durables &amp; bas carbone. \u00bb <\/em>Avant de conclure : <em>\u00ab Les usines Alkern, avec une tr\u00e8s faible consommation d\u2019\u00e9nergie gr\u00e2ce \u00e0 un proc\u00e9d\u00e9 \u00ab sans cuisson \u00bb, (attest\u00e9e dans notre BEGES visible dans notre rapport RSE), fabriquent des produits ayant une faible empreinte carbone, 100 % recyclables, durables, fabriqu\u00e9s en France et r\u00e9pondant aux enjeux de la construction RE2020 <\/em>\u00bb.&nbsp;<\/p>\n\n\n\n<p>Enfin, mentionnons qu\u2019Alkern, tr\u00e8s attach\u00e9 \u00e0 l\u2019\u00e9coconception et au d\u00e9veloppement de solutions locales et ancr\u00e9es dans le territoire, est un des membres fondateurs d\u2019EcoMinero, \u00e9co-organisme cr\u00e9\u00e9 par la fili\u00e8re min\u00e9rale (syndicats, f\u00e9d\u00e9rations, fabricants de produits et mat\u00e9riaux de construction d\u2019origine min\u00e9rale) pour r\u00e9pondre aux exigences de la REP (Responsabilit\u00e9 Elargie du Producteur) et de l\u2019AGEC (loi Anti-gaspillage pour l\u2019\u00e9conomie circulaire), dont l\u2019application s\u2019effectuera en 2023 afin d\u2019assurer la collecte et la valorisation des d\u00e9chets min\u00e9raux. Rappelons enfin que ces produits et mat\u00e9riaux min\u00e9raux sont les seuls du secteur b\u00e2timent, en fin de vie, \u00e0 g\u00e9n\u00e9rer des d\u00e9chets inertes.&nbsp;<\/p>\n\n\n\n<div class=\"wp-block-image\"><figure class=\"aligncenter size-large\"><img loading=\"lazy\" width=\"720\" height=\"715\" src=\"https:\/\/i2.wp.com\/batimedianews.com\/live\/wp-content\/uploads\/2022\/09\/image-352.png?resize=720%2C715\" alt=\"\" class=\"wp-image-23394\" srcset=\"https:\/\/i2.wp.com\/batimedianews.com\/live\/wp-content\/uploads\/2022\/09\/image-352.png?w=846 846w, https:\/\/i2.wp.com\/batimedianews.com\/live\/wp-content\/uploads\/2022\/09\/image-352.png?resize=600%2C596 600w, https:\/\/i2.wp.com\/batimedianews.com\/live\/wp-content\/uploads\/2022\/09\/image-352.png?resize=768%2C763 768w, https:\/\/i2.wp.com\/batimedianews.com\/live\/wp-content\/uploads\/2022\/09\/image-352.png?resize=10%2C10 10w, https:\/\/i2.wp.com\/batimedianews.com\/live\/wp-content\/uploads\/2022\/09\/image-352.png?resize=432%2C429 432w, https:\/\/i2.wp.com\/batimedianews.com\/live\/wp-content\/uploads\/2022\/09\/image-352.png?resize=396%2C393 396w, https:\/\/i2.wp.com\/batimedianews.com\/live\/wp-content\/uploads\/2022\/09\/image-352.png?resize=660%2C655 660w, https:\/\/i2.wp.com\/batimedianews.com\/live\/wp-content\/uploads\/2022\/09\/image-352.png?resize=222%2C220 222w\" sizes=\"(max-width: 600px) 91vw, (max-width: 900px) 600px, (max-width: 1060px) 50vw, (max-width: 1200px) 520px, (max-width: 1400px) 43vw, 600px\" data-recalc-dims=\"1\" \/><\/figure><\/div>\n\n\n\n<figure class=\"wp-block-image size-large\"><img loading=\"lazy\" width=\"720\" height=\"480\" src=\"https:\/\/i0.wp.com\/batimedianews.com\/live\/wp-content\/uploads\/2022\/09\/4_ALKERN-NDLR22.jpg?resize=720%2C480\" alt=\"\" class=\"wp-image-23403\" srcset=\"https:\/\/i0.wp.com\/batimedianews.com\/live\/wp-content\/uploads\/2022\/09\/4_ALKERN-NDLR22-scaled.jpg?resize=1024%2C683 1024w, https:\/\/i0.wp.com\/batimedianews.com\/live\/wp-content\/uploads\/2022\/09\/4_ALKERN-NDLR22-scaled.jpg?resize=600%2C400 600w, https:\/\/i0.wp.com\/batimedianews.com\/live\/wp-content\/uploads\/2022\/09\/4_ALKERN-NDLR22-scaled.jpg?resize=768%2C512 768w, https:\/\/i0.wp.com\/batimedianews.com\/live\/wp-content\/uploads\/2022\/09\/4_ALKERN-NDLR22-scaled.jpg?resize=1536%2C1024 1536w, https:\/\/i0.wp.com\/batimedianews.com\/live\/wp-content\/uploads\/2022\/09\/4_ALKERN-NDLR22-scaled.jpg?resize=2048%2C1365 2048w, https:\/\/i0.wp.com\/batimedianews.com\/live\/wp-content\/uploads\/2022\/09\/4_ALKERN-NDLR22-scaled.jpg?resize=10%2C7 10w, https:\/\/i0.wp.com\/batimedianews.com\/live\/wp-content\/uploads\/2022\/09\/4_ALKERN-NDLR22-scaled.jpg?resize=432%2C288 432w, https:\/\/i0.wp.com\/batimedianews.com\/live\/wp-content\/uploads\/2022\/09\/4_ALKERN-NDLR22-scaled.jpg?resize=396%2C264 396w, https:\/\/i0.wp.com\/batimedianews.com\/live\/wp-content\/uploads\/2022\/09\/4_ALKERN-NDLR22-scaled.jpg?resize=1120%2C747 1120w, https:\/\/i0.wp.com\/batimedianews.com\/live\/wp-content\/uploads\/2022\/09\/4_ALKERN-NDLR22-scaled.jpg?resize=660%2C440 660w, https:\/\/i0.wp.com\/batimedianews.com\/live\/wp-content\/uploads\/2022\/09\/4_ALKERN-NDLR22-scaled.jpg?resize=330%2C220 330w, https:\/\/i0.wp.com\/batimedianews.com\/live\/wp-content\/uploads\/2022\/09\/4_ALKERN-NDLR22-scaled.jpg?w=1440 1440w, https:\/\/i0.wp.com\/batimedianews.com\/live\/wp-content\/uploads\/2022\/09\/4_ALKERN-NDLR22-scaled.jpg?w=2160 2160w\" sizes=\"(max-width: 600px) 91vw, (max-width: 900px) 600px, (max-width: 1060px) 50vw, (max-width: 1200px) 520px, (max-width: 1400px) 43vw, 600px\" data-recalc-dims=\"1\" \/><\/figure>\n\n\n\n<p class=\"has-text-color has-medium-font-size\" style=\"color:#65979e\"><strong>Kit Piscine Alkern : <\/strong>la r\u00e9ponse pour la r\u00e9alisation des bords de piscine faisant rimer \u00e9conomie et gain de temps&nbsp;<\/p>\n\n\n\n<p><strong>Fort de son expertise en solutions d\u2019am\u00e9nagement ext\u00e9rieur et de ses ann\u00e9es d\u2019exp\u00e9rience aux c\u00f4t\u00e9s des professionnels de la piscine, Alkern a d\u00e9ploy\u00e9, fin 2021, l\u2019offre des Kits Piscine qui s\u2019impose d\u00e9j\u00e0 comme le service unique de r\u00e9f\u00e9rence apportant une r\u00e9ponse simple, \u00e9conomique et source de gain de temps comme de s\u00e9r\u00e9nit\u00e9 pour les professionnels et donc pour leurs clients finaux.<\/strong><\/p>\n\n\n\n<p>L\u2019objectif de cette offre est de faciliter la gestion des chantiers par les entreprises afin de les laisser se concentrer sur leur r\u00e9el m\u00e9tier : r\u00e9aliser efficacement des ouvrages beaux et durables !&nbsp;<\/p>\n\n\n\n<p>Rappelons que ces Kits Piscine d\u2019Alkern sont une solution pour l\u2019am\u00e9nagement des bords de piscine regroupant un ensemble complet (margelles, angles et produits de mise en oeuvre) correspondant aux dimensions d\u2019une grande majorit\u00e9 de piscines et couloirs de nage (4 x 8 m, 3 x 9 m et 5 x 10 m\u00e8tres) et livr\u00e9 sur site sous seulement 15 jours ; une solution qui permet d\u2019ailleurs aux professionnels de lib\u00e9rer de la tr\u00e9sorerie et d\u2019\u00e9viter la gestion des stocks et de d\u00e9chets en fin de chantier.<\/p>\n\n\n\n<p>De quoi r\u00e9pondre \u00e0 l\u2019engouement des Fran\u00e7ais, de plus en plus nombreux \u00e0 disposer d\u2019un bassin et de ses pourtours am\u00e9nag\u00e9s \u00e0 leur domicile (march\u00e9 estim\u00e9 fin 2021 \u00e0 3,2 millions de bassins) ; des bassins neufs ou \u00e0 r\u00e9nover, comme pour cette premi\u00e8re r\u00e9f\u00e9rence r\u00e9alis\u00e9e par la soci\u00e9t\u00e9 Alberto R\u00e9nov\u2019Action bas\u00e9e \u00e0 Rumilly (74), charg\u00e9e par les nouveaux propri\u00e9taires, de la r\u00e9novation de la piscine (3,75 x 7 m\u00e8tres) qui \u00e9tait par\u00e9e anciennement de margelles galb\u00e9es et d\u2019une terrasse bois composite pos\u00e9e sur lambourde en bois autoclav\u00e9, les deux ayant subi l\u2019outrage du temps. L\u2019entreprise a notamment pu appr\u00e9cier de passer la commande du kit \u00e0 son n\u00e9goce en mat\u00e9riaux et que l\u2019ensemble soit livr\u00e9 rapidement et \u00e0 date annonc\u00e9e sur le site m\u00eame afin de lui permettre d\u2019organiser facilement son chantier. Ainsi le chantier s\u2019est d\u00e9roul\u00e9 sous moins de 2 jours pour moins de nuisance pour les propri\u00e9taires !<\/p>\n\n\n\n<div class=\"wp-block-image\"><figure class=\"aligncenter size-large\"><img loading=\"lazy\" width=\"720\" height=\"998\" src=\"https:\/\/i2.wp.com\/batimedianews.com\/live\/wp-content\/uploads\/2022\/09\/image-354.png?resize=720%2C998\" alt=\"\" class=\"wp-image-23396\" srcset=\"https:\/\/i2.wp.com\/batimedianews.com\/live\/wp-content\/uploads\/2022\/09\/image-354.png?resize=739%2C1024 739w, https:\/\/i2.wp.com\/batimedianews.com\/live\/wp-content\/uploads\/2022\/09\/image-354.png?resize=433%2C600 433w, https:\/\/i2.wp.com\/batimedianews.com\/live\/wp-content\/uploads\/2022\/09\/image-354.png?resize=768%2C1064 768w, https:\/\/i2.wp.com\/batimedianews.com\/live\/wp-content\/uploads\/2022\/09\/image-354.png?resize=7%2C10 7w, https:\/\/i2.wp.com\/batimedianews.com\/live\/wp-content\/uploads\/2022\/09\/image-354.png?resize=432%2C598 432w, https:\/\/i2.wp.com\/batimedianews.com\/live\/wp-content\/uploads\/2022\/09\/image-354.png?resize=396%2C549 396w, https:\/\/i2.wp.com\/batimedianews.com\/live\/wp-content\/uploads\/2022\/09\/image-354.png?resize=660%2C914 660w, https:\/\/i2.wp.com\/batimedianews.com\/live\/wp-content\/uploads\/2022\/09\/image-354.png?resize=159%2C220 159w, https:\/\/i2.wp.com\/batimedianews.com\/live\/wp-content\/uploads\/2022\/09\/image-354.png?w=846 846w\" sizes=\"(max-width: 600px) 91vw, (max-width: 900px) 600px, (max-width: 1060px) 50vw, (max-width: 1200px) 520px, (max-width: 1400px) 43vw, 600px\" data-recalc-dims=\"1\" \/><\/figure><\/div>\n\n\n\n<p class=\"has-text-color has-medium-font-size\" style=\"color:#5a929c\"><strong>Alkern : <\/strong>une offre de parements repens\u00e9e, modernis\u00e9e et enrichie<\/p>\n\n\n\n<p><strong>Pour apporter vie, chaleur et cachet aux murs, en int\u00e9rieur comme en ext\u00e9rieur, Alkern revendique \u00e9galement une forte expertise doubl\u00e9e d\u2019un large \u00e9ventail de solutions d\u00e9coratives en parements muraux d\u00e9clin\u00e9s en de nombreuses finitions et de multiples formats\u2026&nbsp;<\/strong><\/p>\n\n\n\n<p>Avec pour double objectif d\u2019apporter des solutions de remplacement \u00e0 la pierre naturelle et d\u2019impulser une modernisation de son offre de parements muraux, Alkern con\u00e7oit pour cette rentr\u00e9e, une nouvelle collection avec des coloris plus nuanc\u00e9s, plus naturels. Rappelons aussi que tous ces parements sont \u00ab 100 % locaux \u00bb puisque fabriqu\u00e9s en France, avec des composants provenant de la r\u00e9gion de l\u2019usine, et qu\u2019ils s\u2019av\u00e8rent aussi 100 % recyclables.&nbsp;<\/p>\n\n\n\n<p>Simples \u00e0 poser, ils habillent facilement les murs en leur donnant caract\u00e8re et style avec des inspirations tour \u00e0 tour ethnique, vintage, scandinave ou encore industrielle, qu\u2019il s\u2019agisse de parois verticales int\u00e9rieures comme ext\u00e9rieures.&nbsp;<\/p>\n\n\n\n<p>Si la gamme se veut large afin de r\u00e9pondre \u00e0 chaque envie, chaque ambiance, son panel cr\u00e9atif compte ainsi tant des r\u00e9f\u00e9rences de parements \u00e0 l\u2019aspect naturel pour des rendus authentiques et chaleureux que des solutions tr\u00e8s contemporaines, avec des effets graphiques saisissants de cr\u00e9ativit\u00e9 et de modernisme, \u00e0 l\u2019image de Cubik ou encore d\u2019Ondul.<\/p>\n\n\n\n<p>\u00c0 l\u2019image de Pierre s\u00e8che, au rendu hyper-r\u00e9aliste, qui voit les coloris ton pierre et anthracite devenir ton pierre nuanc\u00e9 et gris nuanc\u00e9, propos\u00e9s aux prix publics indicatifs de 61,89 \u20ac le m\u00b2 et de 71,17 \u20ac le m\u00b2 (prix public hors pose) pour le coloris gris nuanc\u00e9 (multiformat : 3 longueurs diff\u00e9rentes &#8211; 20, 30 et 50 cm, hauteur de 10 cm et 2,5 cm d\u2019\u00e9paisseur).&nbsp;<\/p>\n\n\n\n<p>Dans la m\u00eame logique, Alkern d\u00e9cline une modernisation de sa r\u00e9f\u00e9rence incomparable Moellon Rustique coloris ton pierre nuanc\u00e9, vendue au prix public indicatif de 46,10 \u20ac le m2, hors pose, (multiformat, +\/- 2 cm d\u2019\u00e9paisseur).<\/p>\n\n\n\n<figure class=\"wp-block-image size-large\"><img loading=\"lazy\" width=\"720\" height=\"295\" src=\"https:\/\/i2.wp.com\/batimedianews.com\/live\/wp-content\/uploads\/2022\/09\/image-355.png?resize=720%2C295\" alt=\"\" class=\"wp-image-23398\" srcset=\"https:\/\/i2.wp.com\/batimedianews.com\/live\/wp-content\/uploads\/2022\/09\/image-355.png?resize=1024%2C420 1024w, https:\/\/i2.wp.com\/batimedianews.com\/live\/wp-content\/uploads\/2022\/09\/image-355.png?resize=600%2C246 600w, https:\/\/i2.wp.com\/batimedianews.com\/live\/wp-content\/uploads\/2022\/09\/image-355.png?resize=768%2C315 768w, https:\/\/i2.wp.com\/batimedianews.com\/live\/wp-content\/uploads\/2022\/09\/image-355.png?resize=1536%2C630 1536w, https:\/\/i2.wp.com\/batimedianews.com\/live\/wp-content\/uploads\/2022\/09\/image-355.png?resize=10%2C4 10w, https:\/\/i2.wp.com\/batimedianews.com\/live\/wp-content\/uploads\/2022\/09\/image-355.png?resize=432%2C177 432w, https:\/\/i2.wp.com\/batimedianews.com\/live\/wp-content\/uploads\/2022\/09\/image-355.png?resize=396%2C162 396w, https:\/\/i2.wp.com\/batimedianews.com\/live\/wp-content\/uploads\/2022\/09\/image-355.png?resize=1120%2C459 1120w, https:\/\/i2.wp.com\/batimedianews.com\/live\/wp-content\/uploads\/2022\/09\/image-355.png?resize=660%2C271 660w, https:\/\/i2.wp.com\/batimedianews.com\/live\/wp-content\/uploads\/2022\/09\/image-355.png?resize=536%2C220 536w, https:\/\/i2.wp.com\/batimedianews.com\/live\/wp-content\/uploads\/2022\/09\/image-355.png?w=1726 1726w, https:\/\/i2.wp.com\/batimedianews.com\/live\/wp-content\/uploads\/2022\/09\/image-355.png?w=1440 1440w\" sizes=\"(max-width: 600px) 91vw, (max-width: 900px) 600px, (max-width: 1060px) 50vw, (max-width: 1200px) 520px, (max-width: 1400px) 43vw, 600px\" data-recalc-dims=\"1\" \/><\/figure>\n\n\n\n<p>Par ailleurs, notons qu\u2019Alkern compl\u00e8te aussi l\u2019offre des parements Brique, saisissants de r\u00e9alisme, avec l\u2019arriv\u00e9e du coloris Arp\u00e8ge vendue au prix public indicatif de 66,18 \u20ac le m2 (hors pose), (formats d\u2019\u00e9p 2 cm x long 24 \u00e0 26 cm x largeur 5,6 cm).<\/p>\n\n\n\n<p>Quant \u00e0 la nouvelle r\u00e9ponse, Ghisa, qui s\u2019harmonise \u00e0 merveille avec son \u00e9ponyme au sol en margelle, elle se d\u00e9cline en deux suggestions chromatiques, au coeur des tendances (gris oxyd\u00e9 et anthracite oxyd\u00e9), aux prix publics indicatifs respectifs de 72,79 \u20ac euros et 80,10 \u20ac le m2 hors pose, (formats d\u2019\u00e9p 1,8 cm x long 27,5 cm x largeur 4 cm).<\/p>\n\n\n\n<p>Enfin, dans une veine plus contemporaine, mentionnons que Cubik et Ondul se compl\u00e8tent tous deux \u00e9galement d\u2019une nouvelle solution d\u00e9corative. Le parement Cubik sera commercialis\u00e9 au prix indicatif de 73,25 \u20ac le m2 hors pose en coloris ton pierre, gris et anthracite (formats d\u2019\u00e9paisseur 1,5 cm x longueur 30 cm x largeur 26 cm).<\/p>\n\n\n\n<p>L\u2019Ondul coloris gris sera propos\u00e9 au tarif indicatif de 72,45 \u20ac le m2 hors pose, (formats d\u2019\u00e9paisseur de 1 \u00e0 2,5 cm x longueur 40 cm x largeur 6 cm).<\/p>\n","protected":false},"excerpt":{"rendered":"<p>De nouveaux investissements pour d\u00e9velopper les solutions bas carbone&nbsp; Kit Piscine&nbsp; Nouveaux parements am\u00e9nagement ext\u00e9rieur Fabricant leader de produits pr\u00e9fabriqu\u00e9s en b\u00e9ton, Alkern, avec un CA 2021 de 247 millions d\u2019euros pour 1 000 collaborateurs, revendique expertise et savoir-faire dans une activit\u00e9 tourn\u00e9e autour de trois grands march\u00e9s : le b\u00e2timent, l\u2019am\u00e9nagement ext\u00e9rieur et les [&hellip;]<\/p>\n","protected":false},"author":41,"featured_media":23399,"comment_status":"open","ping_status":"open","sticky":false,"template":"","format":"standard","meta":{"spay_email":""},"categories":[4,792,1223,1899,22,29,866,486,77,80,540,128],"tags":[],"jetpack_featured_media_url":"https:\/\/i1.wp.com\/batimedianews.com\/live\/wp-content\/uploads\/2022\/09\/Alkern-Article.jpg?fit=1920%2C1080","jetpack_sharing_enabled":true,"jetpack_likes_enabled":true,"jetpack-related-posts":[{"id":8050,"url":"http:\/\/batimedianews.com\/live\/index.php\/2021\/01\/28\/nouveau-catalogue-2021-des-solutions-amenagement-exterieur-alkern\/","url_meta":{"origin":23392,"position":0},"title":"Nouveau catalogue 2021 des solutions Am\u00e9nagement Ext\u00e9rieur Alkern","date":"28 janvier 2021","format":false,"excerpt":"Nouvelle bible sign\u00e9e du leader fran\u00e7ais des produits pr\u00e9fabriqu\u00e9s en b\u00e9ton, le catalogue ALKERN 2021 propose de donner mati\u00e8re \u00e0 tous les projets d\u2019am\u00e9nagement ext\u00e9rieur. Sur 140 pages richement illustr\u00e9es pour se projeter ais\u00e9ment, chacun y trouvera, \u00e0 coup s\u00fbr, les r\u00e9ponses \u00e0 ses souhaits parmi la largeur de gamme\u2026","rel":"","context":"Dans &quot;Actualit\u00e9 Entreprises&quot;","img":{"alt_text":"","src":"https:\/\/i0.wp.com\/batimedianews.com\/live\/wp-content\/uploads\/2021\/01\/alkern.jpg?fit=506%2C374&resize=350%2C200","width":350,"height":200},"classes":[]},{"id":2901,"url":"http:\/\/batimedianews.com\/live\/index.php\/2019\/09\/04\/special-amenagement-exterieur-toutes-les-solutions-alkern-dans-ses-nouvelles-editions-2019\/","url_meta":{"origin":23392,"position":1},"title":"Sp\u00e9cial Am\u00e9nagement ext\u00e9rieur : toutes les solutions Alkern dans ses nouvelles \u00e9ditions 2019","date":"4 septembre 2019","format":false,"excerpt":"Premier fabricant ind\u00e9pendant de produits pr\u00e9fabriqu\u00e9s en b\u00e9ton en France, le Groupe Alkern impose son expertise en am\u00e9nagement ext\u00e9rieur avec de nombreuses solutions en pierre reconstitu\u00e9e et b\u00e9ton press\u00e9. Permettant d\u2019am\u00e9nager, structurer et d\u00e9corer terrasse, plage de piscine, all\u00e9e de jardin et m\u00eame habiller ses murs int\u00e9rieurs, les r\u00e9f\u00e9rences Alkern\u2026","rel":"","context":"Dans &quot;B\u00e9ton&quot;","img":{"alt_text":"","src":"https:\/\/i1.wp.com\/batimedianews.com\/live\/wp-content\/uploads\/2019\/09\/alkern5image.jpg?fit=995%2C995&resize=350%2C200","width":350,"height":200},"classes":[]},{"id":49397,"url":"http:\/\/batimedianews.com\/live\/index.php\/2026\/03\/05\/amenagement-exterieur-alkern-devoile-ses-catalogues-regionaux-2026-des-editions-engagees-et-resolument-locales\/","url_meta":{"origin":23392,"position":2},"title":"Am\u00e9nagement ext\u00e9rieur : Alkern d\u00e9voile ses catalogues r\u00e9gionaux 2026, des \u00e9ditions engag\u00e9es et r\u00e9solument locales","date":"5 mars 2026","format":false,"excerpt":"Alkern confirme en 2026 son statut d\u2019acteur de r\u00e9f\u00e9rence de l\u2019am\u00e9nagement ext\u00e9rieur avec la sortie de ses trois nouveaux catalogues r\u00e9gionaux : Nord Centre Est, Grand Ouest, Sud Est. R\u00e9pondant aux sp\u00e9cificit\u00e9s architecturales, climatiques comme esth\u00e9tiques de chaque territoire, ces \u00e9ditions valorisent \u00e0 la fois la richesse des gammes Alkern\u2026","rel":"","context":"Dans &quot;Actualit\u00e9 Entreprises&quot;","img":{"alt_text":"","src":"https:\/\/i0.wp.com\/batimedianews.com\/live\/wp-content\/uploads\/2026\/02\/Alkern.jpg?fit=825%2C825&resize=350%2C200","width":350,"height":200},"classes":[]},{"id":45272,"url":"http:\/\/batimedianews.com\/live\/index.php\/2025\/06\/12\/alkern-confirme-son-developpement-et-envisage-de-doubler-de-taille-dici-2030\/","url_meta":{"origin":23392,"position":3},"title":"ALKERN confirme son d\u00e9veloppement et envisage de doubler de taille d\u2019ici 2030","date":"12 juin 2025","format":false,"excerpt":"Alkern dispose d\u2019un large \u00e9ventail d\u2019offres d\u00e9di\u00e9es tant aux modes constructifs peu carbon\u00e9s pour le b\u00e2timent, que des solutions d\u2019am\u00e9nagement durables des villes ou encore des produits d\u2019embellissement des espaces ext\u00e9rieurs. Proposant des solutions adapt\u00e9es au changement climatique, notamment au c\u0153ur de l\u2019am\u00e9nagement des villes et de leurs infrastructures, Alkern\u2026","rel":"","context":"Dans &quot;Actualit\u00e9 Entreprises&quot;","img":{"alt_text":"","src":"https:\/\/i0.wp.com\/batimedianews.com\/live\/wp-content\/uploads\/2025\/06\/Alkern.jpg?fit=825%2C825&resize=350%2C200","width":350,"height":200},"classes":[]},{"id":14030,"url":"http:\/\/batimedianews.com\/live\/index.php\/2021\/11\/29\/paysalia-alkern-devoile-en-avant-premiere-ses-nouveaux-catalogues-2022-et-une-offre-dediee-aux-professionnels-de-la-piscine\/","url_meta":{"origin":23392,"position":4},"title":"Paysalia : Alkern d\u00e9voile en avant-premi\u00e8re ses nouveaux catalogues 2022 et une offre d\u00e9di\u00e9e aux professionnels de la piscine","date":"29 novembre 2021","format":false,"excerpt":"EUREXPO Lyon Stand 6A102 Paysalia 2021 constitue, pour ALKERN, une occasion privil\u00e9gi\u00e9e de d\u00e9voiler, en avant-premi\u00e8re, ses nouvelles \u00e9ditions de catalogues r\u00e9gionaux 2022. Une bonne nouvelle n\u2019arrivant jamais seule, ALKERN en profitera pour mettre en lumi\u00e8re une offre d\u00e9volue aux professionnels avec ses Kits Piscine : des solutions en pierre\u2026","rel":"","context":"Dans &quot;Actualit\u00e9 Entreprises&quot;","img":{"alt_text":"","src":"https:\/\/i2.wp.com\/batimedianews.com\/live\/wp-content\/uploads\/2021\/11\/Alkern-Article.jpg?fit=512%2C512&resize=350%2C200","width":350,"height":200},"classes":[]},{"id":31609,"url":"http:\/\/batimedianews.com\/live\/index.php\/2023\/09\/22\/le-groupe-alkern-confirme-son-ambition-rse-en-procedant-a-la-mise-en-place-dun-sustainability-linked-loan-ou-pret-lie-a-des-objectifs-durables\/","url_meta":{"origin":23392,"position":5},"title":"Le groupe Alkern confirme son ambition RSE en proc\u00e9dant \u00e0 la mise en place d&rsquo;un Sustainability-Linked Loan, ou pr\u00eat li\u00e9 \u00e0 des objectifs durables","date":"22 septembre 2023","format":false,"excerpt":"Depuis 2021, Alkern poursuit sa croissance dans le cadre de son plan strat\u00e9gique, qui vise essentiellement \u00e0 :\u00a0 \u2022 piloter ses activit\u00e9s, principalement industrielles, de mani\u00e8re responsable au niveau de la s\u00e9curit\u00e9 de ses \u00e9quipes et de leur bien-\u00eatre tout en ma\u00eetrisant son impact environnemental, \u2022 apporter au march\u00e9 de\u2026","rel":"","context":"Dans &quot;Alkern&quot;","img":{"alt_text":"","src":"https:\/\/i0.wp.com\/batimedianews.com\/live\/wp-content\/uploads\/2023\/09\/Alkern-articles.jpg?fit=825%2C825&resize=350%2C200","width":350,"height":200},"classes":[]}],"_links":{"self":[{"href":"http:\/\/batimedianews.com\/live\/index.php\/wp-json\/wp\/v2\/posts\/23392"}],"collection":[{"href":"http:\/\/batimedianews.com\/live\/index.php\/wp-json\/wp\/v2\/posts"}],"about":[{"href":"http:\/\/batimedianews.com\/live\/index.php\/wp-json\/wp\/v2\/types\/post"}],"author":[{"embeddable":true,"href":"http:\/\/batimedianews.com\/live\/index.php\/wp-json\/wp\/v2\/users\/41"}],"replies":[{"embeddable":true,"href":"http:\/\/batimedianews.com\/live\/index.php\/wp-json\/wp\/v2\/comments?post=23392"}],"version-history":[{"count":5,"href":"http:\/\/batimedianews.com\/live\/index.php\/wp-json\/wp\/v2\/posts\/23392\/revisions"}],"predecessor-version":[{"id":24106,"href":"http:\/\/batimedianews.com\/live\/index.php\/wp-json\/wp\/v2\/posts\/23392\/revisions\/24106"}],"wp:featuredmedia":[{"embeddable":true,"href":"http:\/\/batimedianews.com\/live\/index.php\/wp-json\/wp\/v2\/media\/23399"}],"wp:attachment":[{"href":"http:\/\/batimedianews.com\/live\/index.php\/wp-json\/wp\/v2\/media?parent=23392"}],"wp:term":[{"taxonomy":"category","embeddable":true,"href":"http:\/\/batimedianews.com\/live\/index.php\/wp-json\/wp\/v2\/categories?post=23392"},{"taxonomy":"post_tag","embeddable":true,"href":"http:\/\/batimedianews.com\/live\/index.php\/wp-json\/wp\/v2\/tags?post=23392"}],"curies":[{"name":"wp","href":"https:\/\/api.w.org\/{rel}","templated":true}]}}