{"id":23490,"date":"2022-09-23T10:48:50","date_gmt":"2022-09-23T08:48:50","guid":{"rendered":"http:\/\/batimedianews.com\/live\/?p=23490"},"modified":"2023-07-15T15:00:21","modified_gmt":"2023-07-15T13:00:21","slug":"semaine-europeenne-du-developpement-durable-clareo-sengage-et-organise-la-1ere-edition-des-clareo-green-days","status":"publish","type":"post","link":"http:\/\/batimedianews.com\/live\/index.php\/2022\/09\/23\/semaine-europeenne-du-developpement-durable-clareo-sengage-et-organise-la-1ere-edition-des-clareo-green-days\/","title":{"rendered":"Semaine Europ\u00e9enne du D\u00e9veloppement Durable : CLAREO s&rsquo;engage et organise la 1\u00e8re \u00e9dition des CLAREO Green Days !"},"content":{"rendered":"\n<figure class=\"wp-block-image size-large\"><img loading=\"lazy\" width=\"720\" height=\"147\" src=\"https:\/\/i1.wp.com\/batimedianews.com\/live\/wp-content\/uploads\/2022\/09\/image-395.png?resize=720%2C147\" alt=\"\" class=\"wp-image-23491\" srcset=\"https:\/\/i1.wp.com\/batimedianews.com\/live\/wp-content\/uploads\/2022\/09\/image-395.png?w=1002 1002w, https:\/\/i1.wp.com\/batimedianews.com\/live\/wp-content\/uploads\/2022\/09\/image-395.png?resize=600%2C122 600w, https:\/\/i1.wp.com\/batimedianews.com\/live\/wp-content\/uploads\/2022\/09\/image-395.png?resize=768%2C156 768w, https:\/\/i1.wp.com\/batimedianews.com\/live\/wp-content\/uploads\/2022\/09\/image-395.png?resize=10%2C2 10w, https:\/\/i1.wp.com\/batimedianews.com\/live\/wp-content\/uploads\/2022\/09\/image-395.png?resize=432%2C88 432w, https:\/\/i1.wp.com\/batimedianews.com\/live\/wp-content\/uploads\/2022\/09\/image-395.png?resize=396%2C81 396w, https:\/\/i1.wp.com\/batimedianews.com\/live\/wp-content\/uploads\/2022\/09\/image-395.png?resize=660%2C134 660w, https:\/\/i1.wp.com\/batimedianews.com\/live\/wp-content\/uploads\/2022\/09\/image-395.png?resize=710%2C145 710w\" sizes=\"(max-width: 600px) 91vw, (max-width: 900px) 600px, (max-width: 1060px) 50vw, (max-width: 1200px) 520px, (max-width: 1400px) 43vw, 600px\" data-recalc-dims=\"1\" \/><\/figure>\n\n\n\n<p>Alors que&nbsp;<strong>les effets du changement climatique ne sont plus une projection mais bien une r\u00e9alit\u00e9&nbsp;<\/strong>(incendies, inondations, canicules, etc.) et que la pr\u00e9servation de notre plan\u00e8te est un v\u00e9ritable enjeu de soci\u00e9t\u00e9, CLAREO s&rsquo;engage et&nbsp;<strong>organise les CLAREO Green Days<\/strong>&nbsp;pendant la Semaine Europ\u00e9enne du D\u00e9veloppement Durable.<\/p>\n\n\n\n<p><strong>Les entreprises sont plus concern\u00e9es que jamais&nbsp;<\/strong>pour mettre en place des&nbsp;<strong>actions concr\u00e8tes pour r\u00e9duire leur impact sur la plan\u00e8te<\/strong>.<\/p>\n\n\n\n<p><strong>Au c\u0153ur m\u00eame de ses produits, CLAREO s&rsquo;engage quotidiennement dans une d\u00e9marche responsable&nbsp;<\/strong>et souhaite s&rsquo;impliquer encore plus pour limiter l&rsquo;impact environnemental de son activit\u00e9.Cet \u00e9v\u00e9nement a&nbsp;<strong>pour but de sensibiliser les clients et les collaborateurs au d\u00e9veloppement durable et d&rsquo;informer sur les engagements RSE et diff\u00e9rentes actions que CLAREO met en place pour r\u00e9duire son impact sur l&rsquo;environnement<\/strong>.<\/p>\n\n\n\n<p class=\"has-text-align-center has-background\" style=\"background-color:#f8eb03\"><strong>La cr\u00e9ation d&rsquo;une mini-s\u00e9rie&nbsp;<\/strong><\/p>\n\n\n\n<p>A travers la diffusion de 3 courts \u00e9pisodes tout au long de l&rsquo;\u00e9v\u00e9nement,&nbsp;<strong>CLAREO fait intervenir ses collaborateurs sur des th\u00e9matiques importantes, pour informer des actions mises en place<\/strong>.&nbsp;<\/p>\n\n\n\n<figure class=\"wp-block-embed is-type-video is-provider-youtube wp-block-embed-youtube wp-embed-aspect-16-9 wp-has-aspect-ratio\"><div class=\"wp-block-embed__wrapper\">\n<div class=\"jetpack-video-wrapper\"><iframe loading=\"lazy\" title=\"\u00c9pisode #1 : les produits\" width=\"720\" height=\"405\" src=\"https:\/\/www.youtube.com\/embed\/zOC757CmrKk?list=PLYDUWykOs5v8RpNxLqDp568r3P_0UaPSA\" frameborder=\"0\" allow=\"accelerometer; autoplay; clipboard-write; encrypted-media; gyroscope; picture-in-picture\" allowfullscreen><\/iframe><\/div>\n<\/div><\/figure>\n\n\n\n<figure class=\"wp-block-embed is-type-video is-provider-youtube wp-block-embed-youtube wp-embed-aspect-16-9 wp-has-aspect-ratio\"><div class=\"wp-block-embed__wrapper\">\n<div class=\"jetpack-video-wrapper\"><iframe loading=\"lazy\" title=\"\u00c9pisode #2 : les packagings\" width=\"720\" height=\"405\" src=\"https:\/\/www.youtube.com\/embed\/y9F2VpUDjHg?list=PLYDUWykOs5v8RpNxLqDp568r3P_0UaPSA\" frameborder=\"0\" allow=\"accelerometer; autoplay; clipboard-write; encrypted-media; gyroscope; picture-in-picture\" allowfullscreen><\/iframe><\/div>\n<\/div><\/figure>\n\n\n\n<figure class=\"wp-block-embed is-type-video is-provider-youtube wp-block-embed-youtube wp-embed-aspect-16-9 wp-has-aspect-ratio\"><div class=\"wp-block-embed__wrapper\">\n<div class=\"jetpack-video-wrapper\"><iframe loading=\"lazy\" title=\"\u00c9pisode #3 : le transport\" width=\"720\" height=\"405\" src=\"https:\/\/www.youtube.com\/embed\/gxJmtBVDCZo?list=PLYDUWykOs5v8RpNxLqDp568r3P_0UaPSA\" frameborder=\"0\" allow=\"accelerometer; autoplay; clipboard-write; encrypted-media; gyroscope; picture-in-picture\" allowfullscreen><\/iframe><\/div>\n<\/div><\/figure>\n\n\n\n<p class=\"has-text-align-center has-background\" style=\"background-color:#f8eb03\"><strong>Les CLAREO Green Days Challenges&nbsp;<\/strong><\/p>\n\n\n\n<p>CLAREO organisera&nbsp;<strong>des challenges<\/strong>&nbsp;pendant 10 jours pour&nbsp;<strong>sensibiliser le plus grand nombre aux eco-gestes.&nbsp;<\/strong>L&rsquo;objectif \u00e9tant de r\u00e9duire son impact carbone en changeant certaines de ses habitudes.<\/p>\n\n\n\n<p>De l&rsquo;alimentation \u00e0 la mobilit\u00e9, en passant par le num\u00e9rique responsable, il y en aura pour tous les go\u00fbts.<\/p>\n\n\n\n<div class=\"wp-block-image\"><figure class=\"aligncenter size-large is-resized\"><img loading=\"lazy\" src=\"https:\/\/i1.wp.com\/batimedianews.com\/live\/wp-content\/uploads\/2022\/09\/image-396.png?resize=277%2C276\" alt=\"\" class=\"wp-image-23492\" width=\"277\" height=\"276\" srcset=\"https:\/\/i1.wp.com\/batimedianews.com\/live\/wp-content\/uploads\/2022\/09\/image-396.png?w=498 498w, https:\/\/i1.wp.com\/batimedianews.com\/live\/wp-content\/uploads\/2022\/09\/image-396.png?resize=300%2C300 300w, https:\/\/i1.wp.com\/batimedianews.com\/live\/wp-content\/uploads\/2022\/09\/image-396.png?resize=10%2C10 10w, https:\/\/i1.wp.com\/batimedianews.com\/live\/wp-content\/uploads\/2022\/09\/image-396.png?resize=432%2C430 432w, https:\/\/i1.wp.com\/batimedianews.com\/live\/wp-content\/uploads\/2022\/09\/image-396.png?resize=396%2C394 396w, https:\/\/i1.wp.com\/batimedianews.com\/live\/wp-content\/uploads\/2022\/09\/image-396.png?resize=221%2C220 221w\" sizes=\"(max-width: 600px) 91vw, (max-width: 900px) 600px, (max-width: 1060px) 50vw, (max-width: 1200px) 520px, (max-width: 1400px) 43vw, 600px\" data-recalc-dims=\"1\" \/><\/figure><\/div>\n\n\n\n<p class=\"has-text-align-center has-background\" style=\"background-color:#f8eb03\"><strong>L&rsquo; organisation d&rsquo;une collecte de d\u00e9chets&nbsp;<\/strong><\/p>\n\n\n\n<p>Le&nbsp;<strong>World Clean Up Day<\/strong>&nbsp;se d\u00e9roulait du 14 au 18 septembre en France.&nbsp;<br>Ainsi, durant toute une matin\u00e9e, une partie des collaborateurs CLAREO&nbsp;<strong>se sont engag\u00e9s en donnant de leur temps pour participer \u00e0 une collecte de d\u00e9chets<\/strong>.<\/p>\n\n\n\n<p>Un<strong>&nbsp;bilan positif pour cette premi\u00e8re \u00e9dition<\/strong>&nbsp;avec&nbsp;<strong>17 000 m\u00e9gots ramass\u00e9s<\/strong>, 7 grands sacs de d\u00e9chets recyclables et 5 de d\u00e9chets r\u00e9siduels.<\/p>\n\n\n\n<div class=\"wp-block-image\"><figure class=\"aligncenter size-large is-resized\"><img loading=\"lazy\" src=\"https:\/\/i0.wp.com\/batimedianews.com\/live\/wp-content\/uploads\/2022\/09\/image-397.png?resize=362%2C363\" alt=\"\" class=\"wp-image-23493\" width=\"362\" height=\"363\" srcset=\"https:\/\/i0.wp.com\/batimedianews.com\/live\/wp-content\/uploads\/2022\/09\/image-397.png?w=484 484w, https:\/\/i0.wp.com\/batimedianews.com\/live\/wp-content\/uploads\/2022\/09\/image-397.png?resize=300%2C300 300w, https:\/\/i0.wp.com\/batimedianews.com\/live\/wp-content\/uploads\/2022\/09\/image-397.png?resize=10%2C10 10w, https:\/\/i0.wp.com\/batimedianews.com\/live\/wp-content\/uploads\/2022\/09\/image-397.png?resize=432%2C434 432w, https:\/\/i0.wp.com\/batimedianews.com\/live\/wp-content\/uploads\/2022\/09\/image-397.png?resize=396%2C398 396w, https:\/\/i0.wp.com\/batimedianews.com\/live\/wp-content\/uploads\/2022\/09\/image-397.png?resize=219%2C220 219w\" sizes=\"(max-width: 600px) 91vw, (max-width: 900px) 600px, (max-width: 1060px) 50vw, (max-width: 1200px) 520px, (max-width: 1400px) 43vw, 600px\" data-recalc-dims=\"1\" \/><\/figure><\/div>\n\n\n\n<p class=\"has-text-align-center has-background\" style=\"background-color:#f8eb03\"><strong>La mise en place d&rsquo;actions concr\u00e8tes&nbsp;<\/strong><\/p>\n\n\n\n<p>Tout au long de l&rsquo;\u00e9v\u00e9nement, CLAREO communiquera aupr\u00e8s de ses clients et de ses collaborateurs sur toutes les actions mises en place, notamment :&nbsp;<\/p>\n\n\n\n<ul><li><strong>Au niveau des produits<\/strong>&nbsp;: le plus gros poste d&rsquo;\u00e9missions carbone d&rsquo;un luminaire est sa consommation \u00e9lectrique qui est responsable de 90 % de l&rsquo;impact. L&rsquo;objectif de CLAREO&nbsp;<strong>est donc de r\u00e9duire cette consommation en augmentant les rendements lumineux de tous ses produits<\/strong>. Par exemple, le dernier Highbay basse luminance a un&nbsp;<strong>rendement exceptionnel de 160&nbsp;<\/strong>lm\/W.<br>&nbsp;<\/li><li><strong>Au niveau des packagings<\/strong>&nbsp;: les packagings de la soci\u00e9t\u00e9 ont \u00e9t\u00e9 modifi\u00e9s, ce qui a&nbsp;<strong>permis de r\u00e9duire la consommation d&rsquo;encre par 8<\/strong>. De plus,&nbsp;<strong>tous les<\/strong>&nbsp;<strong>plastiques inutiles sont d\u00e9sormais supprim\u00e9s<\/strong>&nbsp;et les plastiques indispensables sont remplac\u00e9s par du papier kraft ou du textile non tiss\u00e9.<br>&nbsp;<\/li><li><strong>Au niveau des commandes&nbsp;<\/strong>: CLAREO a d\u00e9sormais pris&nbsp;<strong>la d\u00e9cision de refuser toutes les commandes inf\u00e9rieures \u00e0 50\u20ac&nbsp;<\/strong>afin d&rsquo;arr\u00eater les livraisons de ces petites commandes. En effet en 2021,&nbsp;<strong>les commandes inf\u00e9rieures \u00e0 50\u20ac avaient g\u00e9n\u00e9r\u00e9 17 000 kg CO2eq soit 17 tonnes de CO2<\/strong>.&nbsp;<br>&nbsp;<\/li><li><strong>Au niveau des transporteurs<\/strong>&nbsp;: le transport a\u00e9rien est \u00e9videmment limit\u00e9 au strict minimum. De plus CLAREO&nbsp;<strong>travaille d\u00e9sormais uniquement avec des compagnies maritimes qui utilisent des carburants bas carbone, qui permettent de r\u00e9duire les \u00e9missions de CO2 de 25 %<\/strong>.<\/li><\/ul>\n\n\n\n<p>D\u00e9couvrez tous&nbsp;<a rel=\"noreferrer noopener\" href=\"http:\/\/xj6i.mj.am\/lnk\/AM8AANTRs4wAAcq1T5YAALnNfmUAAYCrJgwAJK_QAAC1fABjKV3-DqUWX_IERw2Xl9ZOH1bsoQAAtqQ\/6\/Pvig23iNz_kkaeXx6HcPlQ\/aHR0cHM6Ly93d3cuY2xhcmVvbGlnaHRpbmcuY29tL2NvbnRlbnQvMTQ4LWxlcy1lbmdhZ2VtZW50cy1yc2UtY2xhcmVv\" target=\"_blank\">nos engagements RSE ici&nbsp;<\/a><\/p>\n\n\n\n<p class=\"has-text-align-center has-background\" style=\"background-color:#f8eb03\"><strong>CLAREO certifi\u00e9e m\u00e9daille d&rsquo;argent EcoVadis<\/strong><\/p>\n\n\n\n<p>Afin&nbsp;<strong>d&rsquo;ancrer sa d\u00e9marche RSE dans le temps et de certifier l&rsquo;ensemble de ses actions responsables<\/strong>, CLAREO a fait l&rsquo;objet d&rsquo;une \u00e9valuation r\u00e9alis\u00e9e par l&rsquo;organisme ind\u00e9pendant EcoVadis.<\/p>\n\n\n\n<p>Suite \u00e0 cette \u00e9tude,&nbsp;<strong>CLAREO a obtenu en 2022 une m\u00e9daille d&rsquo;argent pour ses actions responsables<\/strong>&nbsp;et s&rsquo;engage pour les ann\u00e9es \u00e0 venir \u00e0 continuer ses efforts vers une d\u00e9marche positive, visant une m\u00e9daille d&rsquo;or ou de platine dans les prochains mois.<\/p>\n\n\n\n<div class=\"wp-block-image\"><figure class=\"aligncenter size-large is-resized\"><img loading=\"lazy\" src=\"https:\/\/i2.wp.com\/batimedianews.com\/live\/wp-content\/uploads\/2022\/09\/image-398.png?resize=175%2C178\" alt=\"\" class=\"wp-image-23494\" width=\"175\" height=\"178\" srcset=\"https:\/\/i2.wp.com\/batimedianews.com\/live\/wp-content\/uploads\/2022\/09\/image-398.png?w=326 326w, https:\/\/i2.wp.com\/batimedianews.com\/live\/wp-content\/uploads\/2022\/09\/image-398.png?resize=10%2C10 10w, https:\/\/i2.wp.com\/batimedianews.com\/live\/wp-content\/uploads\/2022\/09\/image-398.png?resize=216%2C220 216w\" sizes=\"(max-width: 600px) 91vw, (max-width: 900px) 600px, (max-width: 1060px) 50vw, (max-width: 1200px) 520px, (max-width: 1400px) 43vw, 600px\" data-recalc-dims=\"1\" \/><\/figure><\/div>\n\n\n\n<p class=\"has-text-color\" style=\"color:#45a300\"><strong>A propos de CLAREO<\/strong><\/p>\n\n\n\n<p>Fond\u00e9 par Olivier MASCHINO et Damien SIPOS, tous deux ing\u00e9nieurs de formation, CLAREO voit le jour en 2012. Fabricant et distributeur nouvelle g\u00e9n\u00e9ration, la soci\u00e9t\u00e9 propose des produits et solutions d&rsquo;\u00e9clairage LED. CLAREO connait une croissance \u00e0 2 chiffres, depuis sa cr\u00e9ation. Pour cela, elle s&rsquo;appuie notamment sur des produits innovants, des projets d&rsquo;envergure, et fournit de l&rsquo;\u00e9clairage pour des grands noms comme la Biblioth\u00e8que Nationale Fran\u00e7ois Mitterrand ou encore l&#8217;embl\u00e9matique h\u00f4tel Parisien : Le Meurice.<\/p>\n","protected":false},"excerpt":{"rendered":"<p>Alors que&nbsp;les effets du changement climatique ne sont plus une projection mais bien une r\u00e9alit\u00e9&nbsp;(incendies, inondations, canicules, etc.) et que la pr\u00e9servation de notre plan\u00e8te est un v\u00e9ritable enjeu de soci\u00e9t\u00e9, CLAREO s&rsquo;engage et&nbsp;organise les CLAREO Green Days&nbsp;pendant la Semaine Europ\u00e9enne du D\u00e9veloppement Durable. Les entreprises sont plus concern\u00e9es que jamais&nbsp;pour mettre en place des&nbsp;actions [&hellip;]<\/p>\n","protected":false},"author":41,"featured_media":23495,"comment_status":"open","ping_status":"open","sticky":false,"template":"","format":"standard","meta":{"spay_email":""},"categories":[50,52,55,56,128],"tags":[627,2125,2126],"jetpack_featured_media_url":"https:\/\/i1.wp.com\/batimedianews.com\/live\/wp-content\/uploads\/2022\/09\/Clareo-Article.jpg?fit=1920%2C1080","jetpack_sharing_enabled":true,"jetpack_likes_enabled":true,"jetpack-related-posts":[{"id":14938,"url":"http:\/\/batimedianews.com\/live\/index.php\/2022\/01\/19\/10-ans-de-clareo-retour-sur-une-success-story\/","url_meta":{"origin":23490,"position":0},"title":"10 ans de CLAREO, retour sur une success story !","date":"19 janvier 2022","format":false,"excerpt":"Le 25 janvier prochain CLAREO f\u00eatera son 10\u00e8me anniversaire, l'occasion pour la soci\u00e9t\u00e9 de faire un retour en arri\u00e8re. Olivier MASCHINO et Damien SIPOS, les\u00a0fondateurs n'auraient pas os\u00e9 imaginer\u00a0en 2012 en exp\u00e9diant eux-m\u00eames, depuis leur garage de 15m\u00b2, les commandes de leur unique r\u00e9f\u00e9rence produit. Le\u00a0bilan d'aujourd'hui.\u00a0Ce\u00a0bilan d\u00e9montre \u00e0 lui\u2026","rel":"","context":"Dans &quot;Eclairage&quot;","img":{"alt_text":"","src":"https:\/\/i2.wp.com\/batimedianews.com\/live\/wp-content\/uploads\/2022\/01\/claret-Article.jpg?fit=512%2C512&resize=350%2C200","width":350,"height":200},"classes":[]},{"id":33056,"url":"http:\/\/batimedianews.com\/live\/index.php\/2023\/11\/14\/clareo-devient-une-reference-du-marche-de-leclairage-en-11-ans\/","url_meta":{"origin":23490,"position":1},"title":"CLAREO devient une r\u00e9f\u00e9rence du march\u00e9 de l&rsquo;\u00e9clairage en 11 ans","date":"14 novembre 2023","format":false,"excerpt":"30 % de croissance moyenne par an en valeur et 58 % de croissance moyenne en volume.Un chiffre d'affaires annuel de 40 millions d'euros apr\u00e8s 11 ans.L'ambition de d\u00e9passer les 100 millions d'euros de chiffre d'affaires en 2028.Environ 5.5 millions de Fran\u00e7ais \u00e9clair\u00e9s au quotidien par les produits CLAREO. Fabricant\u2026","rel":"","context":"Dans &quot;Actualit\u00e9 Entreprises&quot;","img":{"alt_text":"","src":"https:\/\/i0.wp.com\/batimedianews.com\/live\/wp-content\/uploads\/2023\/11\/Clareo-Image-articles-.jpg?fit=825%2C825&resize=350%2C200","width":350,"height":200},"classes":[]},{"id":36541,"url":"http:\/\/batimedianews.com\/live\/index.php\/2024\/03\/28\/clareo-publie-le-1er-profil-environnemental-produit-du-marche-de-leclairage-dans-la-base-inies\/","url_meta":{"origin":23490,"position":2},"title":"CLAREO publie le 1er Profil Environnemental Produit du march\u00e9 de l\u2019\u00e9clairage dans la base INIES.","date":"28 mars 2024","format":false,"excerpt":"\u00a0CLAREO a d\u00e9velopp\u00e9 le premier Profil Environnemental Produit du march\u00e9 de l'\u00e9clairage selon le nouveau PCR \u00e9dition 4 et le PSR 014 \u00e9dition 2 mis \u00e0 jour en juillet 2023, afin de pouvoir r\u00e9pondre aux nouvelles r\u00e9glementations environnementales dans les b\u00e2timents en France.\u00a0 La mise en \u0153uvre de la R\u00e9glementation\u2026","rel":"","context":"Dans &quot;Actualit\u00e9 Entreprises&quot;","img":{"alt_text":"","src":"https:\/\/i0.wp.com\/batimedianews.com\/live\/wp-content\/uploads\/2024\/03\/Clareo.jpg?fit=825%2C825&resize=350%2C200","width":350,"height":200},"classes":[]},{"id":35199,"url":"http:\/\/batimedianews.com\/live\/index.php\/2024\/02\/12\/specialiste-de-leclairage-led-professionnel-clareo-lighting-realise-un-tour-de-table-de-35me-aupres-de-nextstage-am-mi3-bnp-paribas-developpement-et-adelie\/","url_meta":{"origin":23490,"position":3},"title":"Sp\u00e9cialiste de l&rsquo;\u00e9clairage LED professionnel, CLAREO Lighting r\u00e9alise un tour de table de 35M\u20ac aupr\u00e8s de NextStage AM, MI3, BNP Paribas D\u00e9veloppement et Adelie","date":"12 f\u00e9vrier 2024","format":false,"excerpt":"Paris, le 2 f\u00e9vrier 2024 \u2013 CLAREO Lighting, concepteur et fabricant fran\u00e7ais nouvelle g\u00e9n\u00e9ration de produits et solutions d'\u00e9clairage LED pour les professionnels, annonce un tour de table de plus de 35 millions d'euros aupr\u00e8s de NextStage AM, MI3, BNP Paribas D\u00e9veloppement et Adelie. NextStage AM et les autres partenaires\u2026","rel":"","context":"Dans &quot;Actualit\u00e9 Entreprises&quot;","img":{"alt_text":"","src":"https:\/\/i0.wp.com\/batimedianews.com\/live\/wp-content\/uploads\/2024\/02\/Clareo.jpg?fit=825%2C825&resize=350%2C200","width":350,"height":200},"classes":[]},{"id":39440,"url":"http:\/\/batimedianews.com\/live\/index.php\/2024\/09\/10\/le-panel-clareo-access-9-la-nouvelle-reference-du-marche\/","url_meta":{"origin":23490,"position":4},"title":"Le Panel CLAREO ACCESS 9 : la nouvelle r\u00e9f\u00e9rence du march\u00e9 !","date":"10 septembre 2024","format":false,"excerpt":"CLAREO d\u00e9voile son tout nouveau panel ACCESS 9, une solution d\u2019\u00e9clairage aussi polyvalente que performante pour toutes les applications ! Disponible en six tailles, avec 2 diffuseurs et 3 options de temp\u00e9rature de couleur, ce produit s'adapte \u00e0 une grande vari\u00e9t\u00e9 de configurations, garantissant ainsi une flexibilit\u00e9 optimale.\u00a0 Cette nouvelle\u2026","rel":"","context":"Dans &quot;Actualit\u00e9 Entreprises&quot;","img":{"alt_text":"","src":"https:\/\/i2.wp.com\/batimedianews.com\/live\/wp-content\/uploads\/2024\/09\/Clareo-articles-.jpg?fit=825%2C825&resize=350%2C200","width":350,"height":200},"classes":[]},{"id":6806,"url":"http:\/\/batimedianews.com\/live\/index.php\/2020\/11\/29\/clareo-un-positionnement-unique-sur-le-marche-de-leclairage-led\/","url_meta":{"origin":23490,"position":5},"title":"CLAREO : Un positionnement unique sur le march\u00e9 de l&rsquo;\u00e9clairage LED","date":"29 novembre 2020","format":false,"excerpt":"L'\u00e9clairage LED continue de se d\u00e9velopper pour conqu\u00e9rir dans les ann\u00e9es \u00e0 venir tout le march\u00e9 de l'\u00e9clairage !Ainsi, afin de suivre le\u00a0rythme d'\u00e9volution de cette technologie\u00a0tout en restant comp\u00e9titif, CLAREO a adopt\u00e9\u00a0un positionnement in\u00e9dit et puissant de fabricant et distributeur nouvelle g\u00e9n\u00e9ration d'\u00e9clairage LED.En effet ce positionnement permet \u00e0\u2026","rel":"","context":"Dans &quot;Actualit\u00e9 Entreprises&quot;","img":{"alt_text":"","src":"https:\/\/i0.wp.com\/batimedianews.com\/live\/wp-content\/uploads\/2020\/11\/image-154.png?fit=396%2C396&resize=350%2C200","width":350,"height":200},"classes":[]}],"_links":{"self":[{"href":"http:\/\/batimedianews.com\/live\/index.php\/wp-json\/wp\/v2\/posts\/23490"}],"collection":[{"href":"http:\/\/batimedianews.com\/live\/index.php\/wp-json\/wp\/v2\/posts"}],"about":[{"href":"http:\/\/batimedianews.com\/live\/index.php\/wp-json\/wp\/v2\/types\/post"}],"author":[{"embeddable":true,"href":"http:\/\/batimedianews.com\/live\/index.php\/wp-json\/wp\/v2\/users\/41"}],"replies":[{"embeddable":true,"href":"http:\/\/batimedianews.com\/live\/index.php\/wp-json\/wp\/v2\/comments?post=23490"}],"version-history":[{"count":2,"href":"http:\/\/batimedianews.com\/live\/index.php\/wp-json\/wp\/v2\/posts\/23490\/revisions"}],"predecessor-version":[{"id":23554,"href":"http:\/\/batimedianews.com\/live\/index.php\/wp-json\/wp\/v2\/posts\/23490\/revisions\/23554"}],"wp:featuredmedia":[{"embeddable":true,"href":"http:\/\/batimedianews.com\/live\/index.php\/wp-json\/wp\/v2\/media\/23495"}],"wp:attachment":[{"href":"http:\/\/batimedianews.com\/live\/index.php\/wp-json\/wp\/v2\/media?parent=23490"}],"wp:term":[{"taxonomy":"category","embeddable":true,"href":"http:\/\/batimedianews.com\/live\/index.php\/wp-json\/wp\/v2\/categories?post=23490"},{"taxonomy":"post_tag","embeddable":true,"href":"http:\/\/batimedianews.com\/live\/index.php\/wp-json\/wp\/v2\/tags?post=23490"}],"curies":[{"name":"wp","href":"https:\/\/api.w.org\/{rel}","templated":true}]}}