{"id":23497,"date":"2022-09-23T10:44:46","date_gmt":"2022-09-23T08:44:46","guid":{"rendered":"http:\/\/batimedianews.com\/live\/?p=23497"},"modified":"2023-07-15T15:00:35","modified_gmt":"2023-07-15T13:00:35","slug":"bruno-malerba-finances-acquiert-la-societe-menuiserie-magnin-specialiste-des-escaliers","status":"publish","type":"post","link":"http:\/\/batimedianews.com\/live\/index.php\/2022\/09\/23\/bruno-malerba-finances-acquiert-la-societe-menuiserie-magnin-specialiste-des-escaliers\/","title":{"rendered":"BRUNO MALERBA FINANCES acquiert la soci\u00e9t\u00e9 MENUISERIE MAGNIN , sp\u00e9cialiste des escaliers"},"content":{"rendered":"\n<div class=\"wp-block-image\"><figure class=\"alignright size-large\"><img loading=\"lazy\" width=\"720\" height=\"625\" src=\"https:\/\/i1.wp.com\/batimedianews.com\/live\/wp-content\/uploads\/2022\/09\/image-400.png?resize=720%2C625\" alt=\"\" class=\"wp-image-23499\" srcset=\"https:\/\/i1.wp.com\/batimedianews.com\/live\/wp-content\/uploads\/2022\/09\/image-400.png?w=972 972w, https:\/\/i1.wp.com\/batimedianews.com\/live\/wp-content\/uploads\/2022\/09\/image-400.png?resize=600%2C521 600w, https:\/\/i1.wp.com\/batimedianews.com\/live\/wp-content\/uploads\/2022\/09\/image-400.png?resize=768%2C667 768w, https:\/\/i1.wp.com\/batimedianews.com\/live\/wp-content\/uploads\/2022\/09\/image-400.png?resize=10%2C10 10w, https:\/\/i1.wp.com\/batimedianews.com\/live\/wp-content\/uploads\/2022\/09\/image-400.png?resize=432%2C375 432w, https:\/\/i1.wp.com\/batimedianews.com\/live\/wp-content\/uploads\/2022\/09\/image-400.png?resize=396%2C344 396w, https:\/\/i1.wp.com\/batimedianews.com\/live\/wp-content\/uploads\/2022\/09\/image-400.png?resize=660%2C573 660w, https:\/\/i1.wp.com\/batimedianews.com\/live\/wp-content\/uploads\/2022\/09\/image-400.png?resize=253%2C220 253w\" sizes=\"(max-width: 600px) 91vw, (max-width: 900px) 600px, (max-width: 1060px) 50vw, (max-width: 1200px) 520px, (max-width: 1400px) 43vw, 600px\" data-recalc-dims=\"1\" \/><\/figure><\/div>\n\n\n\n<p><strong>Bruno MALERBA, Pr\u00e9sident de BRUNO MALERBA FINANCES, annonce l\u2019acquisition au 15 septembre 2022, de la soci\u00e9t\u00e9 MENUISERIE MAGNIN, dont le si\u00e8ge social est situ\u00e9 \u00e0 Charlieu dans la Loire (42). Avec ce rachat, l\u2019entreprise rejoint le giron des activit\u00e9s de BRUNO MALERBA FINANCES, qui inclut notamment la soci\u00e9t\u00e9 MALERBA, fabricant r\u00e9f\u00e9rent de blocs-portes techniques, bas\u00e9 \u00e0 Cours dans le Rh\u00f4ne (69). Cette acquisition s\u2019inscrit dans une logique d\u2019\u00e9largissement du portefeuille d\u2019activit\u00e9s de MALERBA \u00e0 destination de sa client\u00e8le sp\u00e9cialis\u00e9e dans la menuiserie int\u00e9rieure.<\/strong><\/p>\n\n\n\n<p>Cr\u00e9\u00e9e en 1984, l\u2019entreprise MENUISERIE MAGNIN \u00e9tait d\u00e9tenue depuis le 1<sup>er <\/sup>octobre 2008 par la soci\u00e9t\u00e9 B Finances, filiale de la family office Evolem. Elle est, avant tout, sp\u00e9cialis\u00e9e dans la conception, la r\u00e9alisation et la pose d\u2019escaliers bois pour usage int\u00e9rieur \u00e0 destination de l\u2019habitat collectif et individuel, avec une offre compl\u00e9mentaire d\u2019escaliers m\u00e9talliques. Ses produits sont distribu\u00e9s en direct aupr\u00e8s de menuisiers fran\u00e7ais et r\u00e9f\u00e9renc\u00e9s par des promoteurs immobiliers de premier plan tels que Nexity, Vilogia, Bouygues Immobilier, etc.<\/p>\n\n\n\n<p>Bas\u00e9e \u00e0 Charlieu, \u00e0 moins de 20 km du si\u00e8ge social de MALERBA, la soci\u00e9t\u00e9 compte aujourd\u2019hui 45 employ\u00e9s, pour un chiffre d\u2019affaires de 7 millions d\u2019euros. Engag\u00e9e dans une d\u00e9marche RSE, elle propose notamment des produits certifi\u00e9s PEFC et a obtenu le label Silver par Ecovadis en 2019.&nbsp;<\/p>\n\n\n\n<p>Avec la signature de son rachat le 15 septembre 2022, MENUISERIE MAGNIN rejoint BRUNO MALERBA FINANCES, la holding de la soci\u00e9t\u00e9 MALERBA, fabricant r\u00e9f\u00e9rent de blocs-portes techniques m\u00e9talliques, bois et vitr\u00e9s, bas\u00e9 dans le Rh\u00f4ne et employeur r\u00e9gional de premier plan. Pour Bruno MALERBA, cette acquisition offre de nombreuses synergies avec les activit\u00e9s de MALERBA. En effet, la gamme de produits MAGNIN ESCALIERS vient judicieusement compl\u00e9ter l\u2019offre propos\u00e9e par MALERBA \u00e0 destination de sa client\u00e8le de menuisiers, artisans et poseurs. De plus, MALERBA ma\u00eetrise non seulement le travail du bois, mais aussi celui du m\u00e9tal et des composants vitr\u00e9s, offrant ainsi de belles perspectives \u00e0 MENUISERIE MAGNIN pour red\u00e9velopper, parfaire et \u00e9largir ses gammes d\u2019escaliers existantes.<\/p>\n\n\n\n<div class=\"wp-block-image\"><figure class=\"alignleft size-large is-resized\"><img loading=\"lazy\" src=\"https:\/\/i0.wp.com\/batimedianews.com\/live\/wp-content\/uploads\/2022\/09\/image-401.png?resize=164%2C176\" alt=\"\" class=\"wp-image-23500\" width=\"164\" height=\"176\" srcset=\"https:\/\/i0.wp.com\/batimedianews.com\/live\/wp-content\/uploads\/2022\/09\/image-401.png?w=284 284w, https:\/\/i0.wp.com\/batimedianews.com\/live\/wp-content\/uploads\/2022\/09\/image-401.png?resize=10%2C10 10w, https:\/\/i0.wp.com\/batimedianews.com\/live\/wp-content\/uploads\/2022\/09\/image-401.png?resize=206%2C220 206w\" sizes=\"(max-width: 600px) 91vw, (max-width: 900px) 600px, (max-width: 1060px) 50vw, (max-width: 1200px) 520px, (max-width: 1400px) 43vw, 600px\" data-recalc-dims=\"1\" \/><\/figure><\/div>\n\n\n\n<p>&nbsp;<strong>Bruno MALERBA pr\u00e9cise ses projets pour le futur imm\u00e9diat :<\/strong><\/p>\n\n\n\n<p><em>\u00ab Pour donner \u00e0 cette entreprise les moyens de se d\u00e9velopper, une extension d\u2019environ 1500 m\u00b2 est d\u2019ores et d\u00e9j\u00e0 pr\u00e9vue avec des investissements cons\u00e9quents dans un parc machine de derni\u00e8re g\u00e9n\u00e9ration. Par ailleurs, nous allons rapidement d\u00e9cliner une nouvelle identit\u00e9 visuelle, en coh\u00e9rence avec celle de MALERBA, en conservant le nom de MAGNIN. L\u2019objectif est de lancer, dans les mois qui viennent, gr\u00e2ce \u00e0 la synergie avec MALERBA et les autres entreprises de BRUNO MALERBA FINANCES, une gamme d\u2019escaliers mixtes bois-m\u00e9tal \u00e0 destination de nos clients menuisiers et en ligne avec les attentes des promoteurs immobiliers et des architectes. \u00bb<\/em><\/p>\n\n\n\n<p><\/p>\n","protected":false},"excerpt":{"rendered":"<p>Bruno MALERBA, Pr\u00e9sident de BRUNO MALERBA FINANCES, annonce l\u2019acquisition au 15 septembre 2022, de la soci\u00e9t\u00e9 MENUISERIE MAGNIN, dont le si\u00e8ge social est situ\u00e9 \u00e0 Charlieu dans la Loire (42). Avec ce rachat, l\u2019entreprise rejoint le giron des activit\u00e9s de BRUNO MALERBA FINANCES, qui inclut notamment la soci\u00e9t\u00e9 MALERBA, fabricant r\u00e9f\u00e9rent de blocs-portes techniques, bas\u00e9 [&hellip;]<\/p>\n","protected":false},"author":41,"featured_media":23502,"comment_status":"open","ping_status":"open","sticky":false,"template":"","format":"standard","meta":{"spay_email":""},"categories":[5,59,879,690,108],"tags":[],"jetpack_featured_media_url":"https:\/\/i2.wp.com\/batimedianews.com\/live\/wp-content\/uploads\/2022\/09\/Malerba_Magnin-Article.jpg?fit=1920%2C1080","jetpack_sharing_enabled":true,"jetpack_likes_enabled":true,"jetpack-related-posts":[{"id":46029,"url":"http:\/\/batimedianews.com\/live\/index.php\/2025\/07\/22\/2025-une-annee-determinante-pour-malerba\/","url_meta":{"origin":23497,"position":0},"title":"2025, une ann\u00e9e d\u00e9terminante pour MALERBA","date":"22 juillet 2025","format":false,"excerpt":"\u00a0MALERBA signe une ann\u00e9e 2025 riche de projets ambitieux et structurants pour le futur. C\u00f4t\u00e9 produits, apr\u00e8s le r\u00e9cent lancement de NUOVA, sa nouvelle porte de communication int\u00e9rieure, MALERBA annonce plusieurs produits pour la fin d\u2019ann\u00e9e \u00e0 d\u00e9couvrir sur le salon ARTIBAT. C\u00f4t\u00e9 industriel, l\u2019entreprise mise l\u00e0-encore sur l\u2019avenir avec\u2026","rel":"","context":"Dans &quot;Actualit\u00e9 Entreprises&quot;","img":{"alt_text":"","src":"https:\/\/i2.wp.com\/batimedianews.com\/live\/wp-content\/uploads\/2025\/07\/Malerba.jpg?fit=825%2C825&resize=350%2C200","width":350,"height":200},"classes":[]},{"id":9145,"url":"http:\/\/batimedianews.com\/live\/index.php\/2021\/04\/15\/densification-du-reseau-et-avantages-services-clients-malerba-distribution-sud-ouest-ouvre-ses-portes\/","url_meta":{"origin":23497,"position":1},"title":"DENSIFICATION DU R\u00c9SEAU ET AVANTAGES SERVICES CLIENTS : MALERBA DISTRIBUTION SUD-OUEST OUVRE SES PORTES","date":"15 avril 2021","format":false,"excerpt":"R\u00e9f\u00e9rence fran\u00e7aise depuis 1971 sur le march\u00e9 des bloc-portes techniques (m\u00e9talliques, bois et vitr\u00e9s), la soci\u00e9t\u00e9 MALERBA, fid\u00e8le \u00e0 sa politique de d\u00e9veloppement ax\u00e9 sur la proximit\u00e9 et le service client, a ouvert les portes, le 6 avril dernier, de son 7\u00e8me centre MALERBA DISTRIBUTION SUD-OUEST \u00e0 Le Haillan (33).\u2026","rel":"","context":"Dans &quot;Actualit\u00e9 Entreprises&quot;","img":{"alt_text":"","src":"https:\/\/i0.wp.com\/batimedianews.com\/live\/wp-content\/uploads\/2021\/04\/malerba_image.jpg?fit=620%2C441&resize=350%2C200","width":350,"height":200},"classes":[]},{"id":11570,"url":"http:\/\/batimedianews.com\/live\/index.php\/2021\/08\/28\/contribuer-a-un-monde-plus-sur\/","url_meta":{"origin":23497,"position":2},"title":"\u00ab CONTRIBUER \u00c0 UN MONDE PLUS S\u00dbR \u00bb","date":"28 ao\u00fbt 2021","format":false,"excerpt":"Dans le contexte in\u00e9dit de crise sanitaire actuelle, le stand MALERBA (Hall 4 Stand B37), sign\u00e9 de l\u2019Atelier Gilles Bail, a \u00e9t\u00e9 con\u00e7u pourassurer une circulation relativement fluide et respecter au mieux les distances de s\u00e9curit\u00e9. MALERBA sera pr\u00e9sent au salon ARTIBAT qui se tiendra les 13, 14 et 15\u2026","rel":"","context":"Dans &quot;Actualit\u00e9 Entreprises&quot;","img":{"alt_text":"","src":"https:\/\/i2.wp.com\/batimedianews.com\/live\/wp-content\/uploads\/2021\/08\/Malerba-Article.jpg?fit=512%2C512&resize=350%2C200","width":350,"height":200},"classes":[]},{"id":31619,"url":"http:\/\/batimedianews.com\/live\/index.php\/2023\/09\/22\/lindustriel-rhone-alpin-malerba-edite-son-premier-rapport-rse\/","url_meta":{"origin":23497,"position":3},"title":"L\u2019industriel RH\u00d4NE-ALPIN  MALERBA  \u00e9dite son premier rapport RSE","date":"22 septembre 2023","format":false,"excerpt":"\u00a0Riche de nombreuses initiatives en mati\u00e8re de RSE, MALERBA vient d\u2019\u00e9diter son premier rapport RSE \u00e9tabli sur la base des donn\u00e9es 2022. Un document exhaustif de 56 pages, v\u00e9ritable \u00e9tat des lieux \u00e0 360\u00b0, qui affiche clairement, outre des initiatives concr\u00e8tes d\u00e9j\u00e0 op\u00e9rationnelles, ses axes de travail et d\u2019am\u00e9lioration pour\u2026","rel":"","context":"Dans &quot;Actualit\u00e9 Entreprises&quot;","img":{"alt_text":"","src":"https:\/\/i1.wp.com\/batimedianews.com\/live\/wp-content\/uploads\/2023\/09\/Malerba-articles.jpg?fit=825%2C825&resize=350%2C200","width":350,"height":200},"classes":[]},{"id":12849,"url":"http:\/\/batimedianews.com\/live\/index.php\/2021\/10\/20\/malerba-contribuer-a-un-monde-plus-sur\/","url_meta":{"origin":23497,"position":4},"title":"MALERBA : CONTRIBUER \u00c0 UN MONDE PLUS S\u00dbR","date":"20 octobre 2021","format":false,"excerpt":"MALERBA, fabriquant de blocs-portes bois, m\u00e9tal et vitr\u00e9s, bas\u00e9 en r\u00e9gion Auvergne - Rh\u00f4ne-Alpes, a choisi ARTIBAT pour mettre en lumi\u00e8re deux nouvelles gammes de produits et une application. Reconnu pour son expertise dans le secteur sant\u00e9, l\u2019industriel profite \u00e9galement du salon pour lever le voile sur son programme hospitalier,\u2026","rel":"","context":"Dans &quot;Actualit\u00e9 Entreprises&quot;","img":{"alt_text":"","src":"https:\/\/i1.wp.com\/batimedianews.com\/live\/wp-content\/uploads\/2021\/10\/Malerba-Article.jpg?fit=512%2C512&resize=350%2C200","width":350,"height":200},"classes":[]},{"id":44788,"url":"http:\/\/batimedianews.com\/live\/index.php\/2025\/05\/06\/nuova-le-nouveau-concept-de-porte-de-communication-interieure-signe-malerba\/","url_meta":{"origin":23497,"position":5},"title":"NUOVA : le nouveau concept de porte de communication int\u00e9rieure sign\u00e9 MALERBA","date":"6 mai 2025","format":false,"excerpt":"MALERBA, fabricant fran\u00e7ais de r\u00e9f\u00e9rence, fait le pari, avec NUOVA, de proposer au march\u00e9 de la promotion immobili\u00e8re un concept de rupture. Fort du constat que les portes des logements neufs (collectifs et individuels) sont traditionnellement livr\u00e9es en finition neutre (blanc ou blanc laqu\u00e9), MALERBA initie l\u2019\u00e8re d\u2019une porte de\u2026","rel":"","context":"Dans &quot;Actualit\u00e9 Entreprises&quot;","img":{"alt_text":"","src":"https:\/\/i2.wp.com\/batimedianews.com\/live\/wp-content\/uploads\/2025\/05\/Malerba.jpg?fit=825%2C825&resize=350%2C200","width":350,"height":200},"classes":[]}],"_links":{"self":[{"href":"http:\/\/batimedianews.com\/live\/index.php\/wp-json\/wp\/v2\/posts\/23497"}],"collection":[{"href":"http:\/\/batimedianews.com\/live\/index.php\/wp-json\/wp\/v2\/posts"}],"about":[{"href":"http:\/\/batimedianews.com\/live\/index.php\/wp-json\/wp\/v2\/types\/post"}],"author":[{"embeddable":true,"href":"http:\/\/batimedianews.com\/live\/index.php\/wp-json\/wp\/v2\/users\/41"}],"replies":[{"embeddable":true,"href":"http:\/\/batimedianews.com\/live\/index.php\/wp-json\/wp\/v2\/comments?post=23497"}],"version-history":[{"count":2,"href":"http:\/\/batimedianews.com\/live\/index.php\/wp-json\/wp\/v2\/posts\/23497\/revisions"}],"predecessor-version":[{"id":23548,"href":"http:\/\/batimedianews.com\/live\/index.php\/wp-json\/wp\/v2\/posts\/23497\/revisions\/23548"}],"wp:featuredmedia":[{"embeddable":true,"href":"http:\/\/batimedianews.com\/live\/index.php\/wp-json\/wp\/v2\/media\/23502"}],"wp:attachment":[{"href":"http:\/\/batimedianews.com\/live\/index.php\/wp-json\/wp\/v2\/media?parent=23497"}],"wp:term":[{"taxonomy":"category","embeddable":true,"href":"http:\/\/batimedianews.com\/live\/index.php\/wp-json\/wp\/v2\/categories?post=23497"},{"taxonomy":"post_tag","embeddable":true,"href":"http:\/\/batimedianews.com\/live\/index.php\/wp-json\/wp\/v2\/tags?post=23497"}],"curies":[{"name":"wp","href":"https:\/\/api.w.org\/{rel}","templated":true}]}}