{"id":24586,"date":"2022-11-04T13:04:41","date_gmt":"2022-11-04T12:04:41","guid":{"rendered":"http:\/\/batimedianews.com\/live\/?p=24586"},"modified":"2023-07-15T14:58:41","modified_gmt":"2023-07-15T12:58:41","slug":"cyme-inaugure-a-bourges-sa-1-ere-residence-de-logements-collectifs-en-ossature-bois-et-deploie-son-modele-sur-de-nombreux-projets","status":"publish","type":"post","link":"http:\/\/batimedianews.com\/live\/index.php\/2022\/11\/04\/cyme-inaugure-a-bourges-sa-1-ere-residence-de-logements-collectifs-en-ossature-bois-et-deploie-son-modele-sur-de-nombreux-projets\/","title":{"rendered":"CYME inaugure \u00e0 Bourges sa 1 \u00e8re r\u00e9sidence de logements collectifs en ossature bois , et d\u00e9ploie son mod\u00e8le sur de nombreux projets !"},"content":{"rendered":"\n<p>Nouvel acteur de l\u2019habitat et sp\u00e9cialiste de la construction modulaire en bois CYME vient d\u2019inaugurer \u2002 Bourges sa toute premi\u00e8re r\u00e9sidence de 14 logements, enti\u00e8rement fabriqu\u00e9e hors site, dans son atelier d\u2019Auvergne.<\/p>\n\n\n\n<p>Un mod\u00e8le innovant et autofinanc\u00e9 qui prouve l\u2019efficacit\u00e9 et la qualit\u00e9 de ses solutions durables qui cassent les codes de la construction. Ce projet-pilote convainc et donne aujourd\u2019hui \u00e0 CYME la possibilit\u00e9 de conqu\u00e9rir de nouveaux march\u00e9s.<\/p>\n\n\n\n<div class=\"wp-block-image\"><figure class=\"alignleft size-large is-resized\"><img loading=\"lazy\" src=\"https:\/\/i0.wp.com\/batimedianews.com\/live\/wp-content\/uploads\/2022\/10\/image-280.png?resize=286%2C358\" alt=\"\" class=\"wp-image-24588\" width=\"286\" height=\"358\" srcset=\"https:\/\/i0.wp.com\/batimedianews.com\/live\/wp-content\/uploads\/2022\/10\/image-280.png?w=324 324w, https:\/\/i0.wp.com\/batimedianews.com\/live\/wp-content\/uploads\/2022\/10\/image-280.png?resize=8%2C10 8w, https:\/\/i0.wp.com\/batimedianews.com\/live\/wp-content\/uploads\/2022\/10\/image-280.png?resize=176%2C220 176w\" sizes=\"(max-width: 600px) 91vw, (max-width: 900px) 600px, (max-width: 1060px) 50vw, (max-width: 1200px) 520px, (max-width: 1400px) 43vw, 600px\" data-recalc-dims=\"1\" \/><figcaption>Vue de la fa\u00e7ade Sud Ouest des douze T1.<\/figcaption><\/figure><\/div>\n\n\n\n<div class=\"wp-block-image\"><figure class=\"alignleft size-large is-resized\"><img loading=\"lazy\" src=\"https:\/\/i2.wp.com\/batimedianews.com\/live\/wp-content\/uploads\/2022\/10\/image-281.png?resize=284%2C356\" alt=\"\" class=\"wp-image-24589\" width=\"284\" height=\"356\" srcset=\"https:\/\/i2.wp.com\/batimedianews.com\/live\/wp-content\/uploads\/2022\/10\/image-281.png?w=324 324w, https:\/\/i2.wp.com\/batimedianews.com\/live\/wp-content\/uploads\/2022\/10\/image-281.png?resize=8%2C10 8w, https:\/\/i2.wp.com\/batimedianews.com\/live\/wp-content\/uploads\/2022\/10\/image-281.png?resize=176%2C220 176w\" sizes=\"(max-width: 600px) 91vw, (max-width: 900px) 600px, (max-width: 1060px) 50vw, (max-width: 1200px) 520px, (max-width: 1400px) 43vw, 600px\" data-recalc-dims=\"1\" \/><figcaption>Vue de la fa\u00e7ade Nord Est des T3 duplex.<\/figcaption><\/figure><\/div>\n\n\n\n<p class=\"has-medium-font-size\"><strong>R\u00e9sidence Lahitolle de Bourges : un projet-pilote convaincant<\/strong><\/p>\n\n\n\n<p>Le 20 octobre dernier, se d\u00e9roulait l\u2019inauguration de la premi\u00e8re r\u00e9sidence CYME \u00e0 Bourges en pr\u00e9sence des investisseurs, \u00e9lus locaux et premiers locataires. Un pari gagn\u00e9 pour les 4 cofondateurs de l\u2019entreprise, qui avaient lanc\u00e9 et financ\u00e9 int\u00e9gralement ce projet-pilote un peu fou, afin de convaincre le march\u00e9 de la pertinence de leur solution de construction durable.<\/p>\n\n\n\n<p>L\u2019aventure a d\u00e9but\u00e9 il y a seulement 2 ans lorsqu\u2019Aur\u00e9lien Dahan, Pierre Kajjaj, Margaux Desombre et Margaux Ract ont cr\u00e9\u00e9 CYME pour r\u00e9volutionner la construction modulaire, autour d\u2019une id\u00e9e : proposer des b\u00e2tis \u00e9l\u00e9gants, qui se fondent dans leur environnement et sortent de l\u2019aspect exclusivement fonctionnel pour apporter une vraie dimension de confort et d\u2019esth\u00e9tisme. Des constructions en ossature bois, vertueuses pour la plan\u00e8te, et fabriqu\u00e9es en atelier, puis achemin\u00e9es par camion pour s\u2019\u00e9lever en parfaite harmonie dans un territoire.<\/p>\n\n\n\n<figure class=\"wp-block-image size-large\"><img loading=\"lazy\" width=\"648\" height=\"596\" src=\"https:\/\/i0.wp.com\/batimedianews.com\/live\/wp-content\/uploads\/2022\/10\/image-282.png?resize=648%2C596\" alt=\"\" class=\"wp-image-24590\" srcset=\"https:\/\/i0.wp.com\/batimedianews.com\/live\/wp-content\/uploads\/2022\/10\/image-282.png?w=648 648w, https:\/\/i0.wp.com\/batimedianews.com\/live\/wp-content\/uploads\/2022\/10\/image-282.png?resize=600%2C552 600w, https:\/\/i0.wp.com\/batimedianews.com\/live\/wp-content\/uploads\/2022\/10\/image-282.png?resize=10%2C10 10w, https:\/\/i0.wp.com\/batimedianews.com\/live\/wp-content\/uploads\/2022\/10\/image-282.png?resize=432%2C397 432w, https:\/\/i0.wp.com\/batimedianews.com\/live\/wp-content\/uploads\/2022\/10\/image-282.png?resize=396%2C364 396w, https:\/\/i0.wp.com\/batimedianews.com\/live\/wp-content\/uploads\/2022\/10\/image-282.png?resize=239%2C220 239w\" sizes=\"(max-width: 600px) 91vw, (max-width: 900px) 600px, (max-width: 1060px) 50vw, (max-width: 1200px) 520px, (max-width: 1400px) 43vw, 600px\" data-recalc-dims=\"1\" \/><figcaption>Vue de la fa\u00e7ade Sud des douze T1.<\/figcaption><\/figure>\n\n\n\n<p class=\"has-medium-font-size\"><strong>L\u2019alliance du design et de l\u2019excellence environnementale<\/strong><\/p>\n\n\n\n<p>Aujourd\u2019hui, la r\u00e9sidence de Bourges r\u00e9compense l\u2019audace de CYME. Ce b\u00e2timent de 14 logements, r\u00e9alis\u00e9 hors site, est con\u00e7u \u00e0 partir de mat\u00e9riaux biosourc\u00e9s : bois issu de for\u00eats d\u2019Auvergne g\u00e9r\u00e9es durablement et laine de bois pour l\u2019isolation, garantissant un confort thermique optimal. Quant aux fondations, plus l\u00e9g\u00e8res que celles habituellement utilis\u00e9es dans les constructions traditionnelles, elles utilisent une quantit\u00e9 r\u00e9duite de b\u00e9ton.<\/p>\n\n\n\n<p>Un proc\u00e9d\u00e9 de construction qui fait de cette r\u00e9sidence un mod\u00e8le exemplaire en termes de bilan carbone de la construction parfaitement adapt\u00e9 aux exigences de la nouvelle norme RE 2020.<\/p>\n\n\n\n<p>La r\u00e9sidence CYME pr\u00e9sente toutes les commodit\u00e9s attendues par les futurs locataires : appartements du T1 au T3 enti\u00e8rement \u00e9quip\u00e9s, espace laverie et hangar \u00e0 v\u00e9los. Situ\u00e9s \u00e0 proximit\u00e9 des p\u00f4les d\u2019enseignements sup\u00e9rieurs de la ville, ces logements s\u00e9duiront les \u00e9tudiants, mais pas seulement. Disposant d\u2019un toit terrasse et de grandes baies vitr\u00e9es orient\u00e9es au sud venant habiller les fa\u00e7ades, la r\u00e9sidence combine confort, esth\u00e9tisme et hautes performances \u00e9nerg\u00e9tiques. 12 appartements sur les 14 ont d\u2019ores et d\u00e9j\u00e0 trouv\u00e9 preneurs.<\/p>\n\n\n\n<div class=\"wp-block-image\"><figure class=\"alignleft size-large\"><img loading=\"lazy\" width=\"324\" height=\"408\" src=\"https:\/\/i2.wp.com\/batimedianews.com\/live\/wp-content\/uploads\/2022\/10\/image-283.png?resize=324%2C408\" alt=\"\" class=\"wp-image-24591\" srcset=\"https:\/\/i2.wp.com\/batimedianews.com\/live\/wp-content\/uploads\/2022\/10\/image-283.png?w=324 324w, https:\/\/i2.wp.com\/batimedianews.com\/live\/wp-content\/uploads\/2022\/10\/image-283.png?resize=8%2C10 8w, https:\/\/i2.wp.com\/batimedianews.com\/live\/wp-content\/uploads\/2022\/10\/image-283.png?resize=175%2C220 175w\" sizes=\"(max-width: 600px) 91vw, (max-width: 900px) 600px, (max-width: 1060px) 50vw, (max-width: 1200px) 520px, (max-width: 1400px) 43vw, 600px\" data-recalc-dims=\"1\" \/><figcaption>Vue sur la pi\u00e8ce \u00e0 vivre et la terrasse au RDC d\u2019un T3 duplex.<\/figcaption><\/figure><\/div>\n\n\n\n<figure class=\"wp-block-image size-large is-resized\"><img loading=\"lazy\" src=\"https:\/\/i2.wp.com\/batimedianews.com\/live\/wp-content\/uploads\/2022\/10\/image-284.png?resize=296%2C373\" alt=\"\" class=\"wp-image-24592\" width=\"296\" height=\"373\" srcset=\"https:\/\/i2.wp.com\/batimedianews.com\/live\/wp-content\/uploads\/2022\/10\/image-284.png?w=324 324w, https:\/\/i2.wp.com\/batimedianews.com\/live\/wp-content\/uploads\/2022\/10\/image-284.png?resize=8%2C10 8w, https:\/\/i2.wp.com\/batimedianews.com\/live\/wp-content\/uploads\/2022\/10\/image-284.png?resize=175%2C220 175w\" sizes=\"(max-width: 600px) 91vw, (max-width: 900px) 600px, (max-width: 1060px) 50vw, (max-width: 1200px) 520px, (max-width: 1400px) 43vw, 600px\" data-recalc-dims=\"1\" \/><figcaption>Vue d\u2019une cuisine d\u2019un T3 duplex au RDC.<\/figcaption><\/figure>\n\n\n\n<figure class=\"wp-block-image size-large\"><img loading=\"lazy\" width=\"644\" height=\"470\" src=\"https:\/\/i2.wp.com\/batimedianews.com\/live\/wp-content\/uploads\/2022\/10\/image-285.png?resize=644%2C470\" alt=\"\" class=\"wp-image-24593\" srcset=\"https:\/\/i2.wp.com\/batimedianews.com\/live\/wp-content\/uploads\/2022\/10\/image-285.png?w=644 644w, https:\/\/i2.wp.com\/batimedianews.com\/live\/wp-content\/uploads\/2022\/10\/image-285.png?resize=600%2C438 600w, https:\/\/i2.wp.com\/batimedianews.com\/live\/wp-content\/uploads\/2022\/10\/image-285.png?resize=10%2C7 10w, https:\/\/i2.wp.com\/batimedianews.com\/live\/wp-content\/uploads\/2022\/10\/image-285.png?resize=432%2C315 432w, https:\/\/i2.wp.com\/batimedianews.com\/live\/wp-content\/uploads\/2022\/10\/image-285.png?resize=396%2C289 396w, https:\/\/i2.wp.com\/batimedianews.com\/live\/wp-content\/uploads\/2022\/10\/image-285.png?resize=301%2C220 301w\" sizes=\"(max-width: 600px) 91vw, (max-width: 900px) 600px, (max-width: 1060px) 50vw, (max-width: 1200px) 520px, (max-width: 1400px) 43vw, 600px\" data-recalc-dims=\"1\" \/><figcaption>Vue de la fa\u00e7ade Nord des T3 duplex.<\/figcaption><\/figure>\n\n\n\n<p class=\"has-medium-font-size\"><strong>CYME acc\u00e9l\u00e8re son d\u00e9veloppement autour de projets h\u00e9t\u00e9roclites<\/strong><\/p>\n\n\n\n<p>Forte de ce premier projet r\u00e9ussi et s\u2019appuyant sur une \u00e9quipe de 15 collaborateurs, qui a doubl\u00e9 en 2 ans, CYME acc\u00e9l\u00e8re aujourd\u2019hui son d\u00e9veloppement. Diff\u00e9rents acteurs (collectivit\u00e9s, entreprises, particuliers) ont sollicit\u00e9 la soci\u00e9t\u00e9 pour des missions vari\u00e9es, dans de nombreux domaines.<\/p>\n\n\n\n<p>Engie Bioz a ainsi confi\u00e9 \u00e0 CYME la construction de 200 m2 de bureaux, qui seront accol\u00e9s \u00e0 sa deux futures usines de biom\u00e9thane en Auvergne. La mairie de Saint-Plaisir lui a command\u00e9 une r\u00e9sidence s\u00e9niors de 4 logements pour accueillir ses habitants. Ses \u00e9quipes s\u2019appr\u00eatent, par ailleurs, \u00e0 participer \u00e0 la construction de lotissements dans l\u2019Allier. Enfin, la jeune soci\u00e9t\u00e9 planche actuellement sur un projet encore plus ambitieux autour d\u2019une r\u00e9sidence \u00e9tudiante de plus de 60 logements dans l\u2019ouest de la France !<\/p>\n\n\n\n<p>La diversit\u00e9 de ces projets, partout en France, prouve la versatilit\u00e9 de l\u2019offre CYME, capable de s\u2019adapter \u2002 une multitude de besoins, de l\u2019individuel au collectif, du s\u00e9riel au \u00a0\u00bb sur-mesure \u00a0\u00bb : logements, bureaux, extension\u2026<\/p>\n\n\n\n<p>D\u00e9termin\u00e9\u2002\u00e0 promouvoir encore plus largement son mod\u00e8le d\u2019excellence, CYME propose une vision neuve de la construction responsable : plus op\u00e9rationnelle, plus ambitieuse et pour tous.<\/p>\n\n\n\n<figure class=\"wp-block-image size-large\"><img loading=\"lazy\" width=\"718\" height=\"494\" src=\"https:\/\/i0.wp.com\/batimedianews.com\/live\/wp-content\/uploads\/2022\/10\/image-286.png?resize=718%2C494\" alt=\"\" class=\"wp-image-24594\" srcset=\"https:\/\/i0.wp.com\/batimedianews.com\/live\/wp-content\/uploads\/2022\/10\/image-286.png?w=718 718w, https:\/\/i0.wp.com\/batimedianews.com\/live\/wp-content\/uploads\/2022\/10\/image-286.png?resize=600%2C413 600w, https:\/\/i0.wp.com\/batimedianews.com\/live\/wp-content\/uploads\/2022\/10\/image-286.png?resize=10%2C7 10w, https:\/\/i0.wp.com\/batimedianews.com\/live\/wp-content\/uploads\/2022\/10\/image-286.png?resize=432%2C297 432w, https:\/\/i0.wp.com\/batimedianews.com\/live\/wp-content\/uploads\/2022\/10\/image-286.png?resize=396%2C272 396w, https:\/\/i0.wp.com\/batimedianews.com\/live\/wp-content\/uploads\/2022\/10\/image-286.png?resize=660%2C454 660w, https:\/\/i0.wp.com\/batimedianews.com\/live\/wp-content\/uploads\/2022\/10\/image-286.png?resize=320%2C220 320w\" sizes=\"(max-width: 600px) 91vw, (max-width: 900px) 600px, (max-width: 1060px) 50vw, (max-width: 1200px) 520px, (max-width: 1400px) 43vw, 600px\" data-recalc-dims=\"1\" \/><figcaption>Vue du toit terrasse vers la Cath\u00e9drale Saint \u00c9tienne de Bourges et de la Facult\u00e9 de Droit.<\/figcaption><\/figure>\n\n\n\n<div class=\"wp-block-group has-background\" style=\"background-color:#f9f48c\"><div class=\"wp-block-group__inner-container\">\n<p style=\"font-size:14px\"><strong>A propos de CYME<\/strong><\/p>\n\n\n\n<p style=\"font-size:14px\">Au sortir du premier confinement, 5 profils se sont r\u00e9unis (entrepreneur, architecte, constructeur, financier et cr\u00e9atif), pour cr\u00e9er CYME autour de leur vision de l\u2019habitat durable. Tout \u00e0 la fois concepteur et constructeur, parfois m\u00eame promoteur, CYME construit de fa\u00e7on responsable, loue et vend des logements durables, modulables et mobiles, adapt\u00e9s aux territoires sur lesquels ils sont implant\u00e9s. C\u2019est en Auvergne, nich\u00e9e au coeur de for\u00eats g\u00e9r\u00e9es durablement o\u00f9 elle s\u2019approvisionne que CYME con\u00e7oit et fabrique ses modules. Les ossatures bois sont r\u00e9alis\u00e9es dans l\u2019Allier, au sein de son nouvel atelier construit pour le projet. \u00c0 Bourges, CYME pilote, con\u00e7oit et promeut actuellement son tout premier projet d\u2019habitat collectif, qui se veut le t\u00e9moin de son savoir-faire et des avantages de la construction modulaire.<\/p>\n\n\n\n<p><a href=\"http:\/\/www.batimedianews.com\/T\/Presentation_synthethique.pdf\">Dossier de pr\u00e9sentation de l&rsquo;entreprise <\/a><\/p>\n<\/div><\/div>\n\n\n\n<p><\/p>\n","protected":false},"excerpt":{"rendered":"<p>Nouvel acteur de l\u2019habitat et sp\u00e9cialiste de la construction modulaire en bois CYME vient d\u2019inaugurer \u2002 Bourges sa toute premi\u00e8re r\u00e9sidence de 14 logements, enti\u00e8rement fabriqu\u00e9e hors site, dans son atelier d\u2019Auvergne. Un mod\u00e8le innovant et autofinanc\u00e9 qui prouve l\u2019efficacit\u00e9 et la qualit\u00e9 de ses solutions durables qui cassent les codes de la construction. Ce [&hellip;]<\/p>\n","protected":false},"author":41,"featured_media":24596,"comment_status":"open","ping_status":"open","sticky":false,"template":"","format":"standard","meta":{"spay_email":""},"categories":[4,22,24,40,486,56,673,77,80,128],"tags":[2185],"jetpack_featured_media_url":"https:\/\/i2.wp.com\/batimedianews.com\/live\/wp-content\/uploads\/2022\/10\/Cyme-Article.jpg?fit=1920%2C1080","jetpack_sharing_enabled":true,"jetpack_likes_enabled":true,"jetpack-related-posts":[{"id":12130,"url":"http:\/\/batimedianews.com\/live\/index.php\/2021\/09\/20\/cyme-propulse-lhabitat-durable-dans-le-monde-dapres\/","url_meta":{"origin":24586,"position":0},"title":"CYME propulse l&rsquo;habitat durable dans le monde d&rsquo;apr\u00e8s !","date":"20 septembre 2021","format":false,"excerpt":"Tout \u00e0 la fois concepteur et constructeur, parfois m\u00eame promoteur, CYME arrive dans l'univers du b\u00e2timent avec une proposition singuli\u00e8re. Sa vision de l'habitat durable d\u00e9tonne, tant d'un point de vue structurel qu'esth\u00e9tique. Son concept balaie les id\u00e9es re\u00e7ues autour de la conception modulaire et ouvre de nouveaux champs des\u2026","rel":"","context":"Dans &quot;Actualit\u00e9 Entreprises&quot;","img":{"alt_text":"","src":"https:\/\/i1.wp.com\/batimedianews.com\/live\/wp-content\/uploads\/2021\/09\/Cyme-Article.jpg?fit=512%2C512&resize=350%2C200","width":350,"height":200},"classes":[]},{"id":34691,"url":"http:\/\/batimedianews.com\/live\/index.php\/2024\/01\/30\/cyme-se-lance-dans-les-tiny-houses-pour-offrir-une-alternative-aux-acteurs-du-tourisme-mais-pas-seulement\/","url_meta":{"origin":24586,"position":1},"title":"CYME se lance dans les Tiny Houses pour offrir une alternative aux acteurs du tourisme, mais pas seulement\u2026","date":"30 janvier 2024","format":false,"excerpt":"LA JEUNE ENTREPRISE CYME R\u00c9INVENTE DEPUIS 3 ANS LA CONSTRUCTION MODULAIRE EN BOIS HORS SITE AVEC UN SYST\u00c8ME CONSTRUCTIF ING\u00c9NIEUX ET BREVET\u00c9. FORTE DE BELLES R\u00c9ALISATIONS (R\u00c9SIDENCES \u00c9TUDIANTES, BUREAUX\u2026), ELLE FAIT AUJOURD\u2019HUI UNE NOUVELLE PROPOSITION IRR\u00c9SISTIBLE, \u00c0 LA FOIS ESTH\u00c9TIQUE, FONCTIONNELLE, \u00c9CONOME EN \u00c9NERGIE ET DURABLE : LES TINY HOUSES.\u2026","rel":"","context":"Dans &quot;Actualit\u00e9 Entreprises&quot;","img":{"alt_text":"","src":"https:\/\/i1.wp.com\/batimedianews.com\/live\/wp-content\/uploads\/2024\/01\/Cyme.jpg?fit=825%2C825&resize=350%2C200","width":350,"height":200},"classes":[]},{"id":25039,"url":"http:\/\/batimedianews.com\/live\/index.php\/2022\/11\/27\/le-batimedia-des-prescripteurs-de-novembre-2022\/","url_meta":{"origin":24586,"position":2},"title":"Le batim\u00e9dia des prescripteurs de Novembre 2022","date":"27 novembre 2022","format":false,"excerpt":"J'ai le plaisir de vous mettre \u00e0 disposition le dernier BMP - Batim\u00e9dia des prescripteurs, num\u00e9ro 301, de novembre 2022.L'objectif est de vous apporter une information technique de qualit\u00e9 sur les produits et services du b\u00e2timent.\u00a0Tr\u00e8s peu de pub, surtout des reportages, des espaces produits de fabricants , les informations\u2026","rel":"","context":"Dans &quot;Actualit\u00e9 Entreprises&quot;","img":{"alt_text":"","src":"https:\/\/i0.wp.com\/batimedianews.com\/live\/wp-content\/uploads\/2022\/11\/image-bmp301.png?fit=1200%2C1200&resize=350%2C200","width":350,"height":200},"classes":[]},{"id":49489,"url":"http:\/\/batimedianews.com\/live\/index.php\/2026\/03\/09\/bouygues-batiment-france-et-etex-annoncent-un-partenariat-strategique-pour-reduire-limpact-carbone-des-projets-de-ossature-bois\/","url_meta":{"origin":24586,"position":3},"title":"Bouygues B\u00e2timent France et Etex annoncent un partenariat strat\u00e9gique pour r\u00e9duire l\u2019impact carbone des projets de ossature bois.","date":"9 mars 2026","format":false,"excerpt":"Christophe Lemaitre, Directeur de la Construction Bois de Bouygues B\u00e2timent France, et Fr\u00e9d\u00e9ric Guetin, Directeur G\u00e9n\u00e9rald\u2019Etex Building Performance France (marque Siniat) Acteur majeur du BTP, Bouygues B\u00e2timent France s\u2019est associ\u00e9 \u00e0 Etex, un des leaders des mat\u00e9riaux de construction l\u00e9gers avec sa marque Siniat, afin d\u2019acc\u00e9l\u00e9rer le d\u00e9ploiement de solutions\u2026","rel":"","context":"Dans &quot;Actualit\u00e9 Entreprises&quot;","img":{"alt_text":"","src":"https:\/\/i0.wp.com\/batimedianews.com\/live\/wp-content\/uploads\/2026\/03\/Siniat_Bouygues.jpg?fit=825%2C825&resize=350%2C200","width":350,"height":200},"classes":[]},{"id":33388,"url":"http:\/\/batimedianews.com\/live\/index.php\/2023\/11\/27\/une-premiere-en-france-pour-la-construction-bois-bouygues-immobilier-et-sto-deploient-un-revetement-innovant-sur-une-facade-a-ossature-bois-sur-loperation-iksso-a-bordeaux\/","url_meta":{"origin":24586,"position":4},"title":"Une premi\u00e8re en France pour la construction bois : Bouygues Immobilier et Sto d\u00e9ploient un rev\u00eatement innovant sur une fa\u00e7ade \u00e0 ossature bois sur l\u2019op\u00e9ration IKSSO, \u00e0 Bordeaux","date":"27 novembre 2023","format":false,"excerpt":"Bouygues Immobilier et Sto ont obtenu la premi\u00e8re ATEx (Appr\u00e9ciation Technique d\u2019Exp\u00e9rimentation) pour la mise en oeuvre du syst\u00e8me de bardage ventil\u00e9 StoVentec avec finition enduite et parements coll\u00e9s (pierre naturelle, plaquette de terre cuite, c\u00e9ramique, mosa\u00efque de verre, etc.) sur Fa\u00e7ade \u00e0 Ossature bois (FOB). Elle est applicable sur\u2026","rel":"","context":"Dans &quot;Bois&quot;","img":{"alt_text":"","src":"https:\/\/i1.wp.com\/batimedianews.com\/live\/wp-content\/uploads\/2023\/11\/Sto-article.jpg?fit=825%2C825&resize=350%2C200","width":350,"height":200},"classes":[]},{"id":37435,"url":"http:\/\/batimedianews.com\/live\/index.php\/2024\/05\/28\/quarco-consolide-son-expertise-bois-avec-son-pole-dedie-et-des-chantiers-denvergure\/","url_meta":{"origin":24586,"position":5},"title":"QUARCO consolide son expertise bois avec son p\u00f4le d\u00e9di\u00e9 et des chantiers d\u2019envergure","date":"28 mai 2024","format":false,"excerpt":"Le savoir-faire de QUARCO en mati\u00e8re de structures et de constructions mixtes (bois-b\u00e9ton ou bois-m\u00e9tal) est \u00e0 ce jour reconnu. Le collectif cr\u00e9\u00e9 en septembre dernier renforce son \u00ab p\u00f4le bois \u00bb en misant sur la synergie des comp\u00e9tences, symboles de la qualit\u00e9 et de la force de l\u2019offre QUARCO\u2026","rel":"","context":"Dans &quot;Actualit\u00e9 Entreprises&quot;","img":{"alt_text":"","src":"https:\/\/i1.wp.com\/batimedianews.com\/live\/wp-content\/uploads\/2024\/05\/quarco-articles-.jpg?fit=825%2C825&resize=350%2C200","width":350,"height":200},"classes":[]}],"_links":{"self":[{"href":"http:\/\/batimedianews.com\/live\/index.php\/wp-json\/wp\/v2\/posts\/24586"}],"collection":[{"href":"http:\/\/batimedianews.com\/live\/index.php\/wp-json\/wp\/v2\/posts"}],"about":[{"href":"http:\/\/batimedianews.com\/live\/index.php\/wp-json\/wp\/v2\/types\/post"}],"author":[{"embeddable":true,"href":"http:\/\/batimedianews.com\/live\/index.php\/wp-json\/wp\/v2\/users\/41"}],"replies":[{"embeddable":true,"href":"http:\/\/batimedianews.com\/live\/index.php\/wp-json\/wp\/v2\/comments?post=24586"}],"version-history":[{"count":5,"href":"http:\/\/batimedianews.com\/live\/index.php\/wp-json\/wp\/v2\/posts\/24586\/revisions"}],"predecessor-version":[{"id":24617,"href":"http:\/\/batimedianews.com\/live\/index.php\/wp-json\/wp\/v2\/posts\/24586\/revisions\/24617"}],"wp:featuredmedia":[{"embeddable":true,"href":"http:\/\/batimedianews.com\/live\/index.php\/wp-json\/wp\/v2\/media\/24596"}],"wp:attachment":[{"href":"http:\/\/batimedianews.com\/live\/index.php\/wp-json\/wp\/v2\/media?parent=24586"}],"wp:term":[{"taxonomy":"category","embeddable":true,"href":"http:\/\/batimedianews.com\/live\/index.php\/wp-json\/wp\/v2\/categories?post=24586"},{"taxonomy":"post_tag","embeddable":true,"href":"http:\/\/batimedianews.com\/live\/index.php\/wp-json\/wp\/v2\/tags?post=24586"}],"curies":[{"name":"wp","href":"https:\/\/api.w.org\/{rel}","templated":true}]}}