{"id":246,"date":"2018-10-10T15:35:39","date_gmt":"2018-10-10T14:35:39","guid":{"rendered":"http:\/\/batimedialive.com\/?p=246"},"modified":"2018-10-10T15:35:39","modified_gmt":"2018-10-10T14:35:39","slug":"allplan-presente-allplan-2019-pour-architectes-et-ingenieurs","status":"publish","type":"post","link":"http:\/\/batimedianews.com\/live\/index.php\/2018\/10\/10\/allplan-presente-allplan-2019-pour-architectes-et-ingenieurs\/","title":{"rendered":"ALLPLAN PR\u00c9SENTE ALLPLAN 2019 POUR ARCHITECTES ET ING\u00c9NIEURS"},"content":{"rendered":"<p><strong>Nouvelle version du logiciel BIM avec de nombreuses nouvelles caract\u00e9ristiques et des flux de travail BIM optimis\u00e9s<\/strong><br \/>\nAllplan 2019, la nouvelle solution pour le Building Information Modeling (BIM) destin\u00e9e aux architectes et ing\u00e9nieurs du b\u00e2timent et des infrastructures, est d\u00e9sormais disponible. La nouvelle version comprend de nombreuses fonctions facilitant la conception de b\u00e2timents et de structures avec une grande complexit\u00e9 g\u00e9om\u00e9trique. Elle simplifie \u00e9galement la coop\u00e9ration entre les partenaires de conception au sein de projets BIM. Enfin, de nombreuses am\u00e9liorations augmentent le confort et la flexibilit\u00e9 des processus de travail. Le module d\u2019escalier pour architectes, r\u00e9cemment revu, permet la mod\u00e9lisation d\u2019escaliers complexes avec un gain de temps et de pr\u00e9cision.<br \/>\n<img loading=\"lazy\" class=\"alignnone size-full wp-image-247\" src=\"https:\/\/batimedialive.files.wordpress.com\/2018\/10\/allplan1.jpg?resize=550%2C434\" alt=\"allplan1\" width=\"550\" height=\"434\" srcset=\"https:\/\/i2.wp.com\/batimedianews.com\/live\/wp-content\/uploads\/2018\/10\/allplan1.jpg?w=550 550w, https:\/\/i2.wp.com\/batimedianews.com\/live\/wp-content\/uploads\/2018\/10\/allplan1.jpg?resize=300%2C237 300w, https:\/\/i2.wp.com\/batimedianews.com\/live\/wp-content\/uploads\/2018\/10\/allplan1.jpg?resize=10%2C8 10w, https:\/\/i2.wp.com\/batimedianews.com\/live\/wp-content\/uploads\/2018\/10\/allplan1.jpg?resize=432%2C341 432w, https:\/\/i2.wp.com\/batimedianews.com\/live\/wp-content\/uploads\/2018\/10\/allplan1.jpg?resize=396%2C312 396w, https:\/\/i2.wp.com\/batimedianews.com\/live\/wp-content\/uploads\/2018\/10\/allplan1.jpg?resize=279%2C220 279w\" sizes=\"(max-width: 600px) 91vw, (max-width: 900px) 600px, (max-width: 1060px) 50vw, (max-width: 1200px) 520px, (max-width: 1400px) 43vw, 600px\" data-recalc-dims=\"1\" \/><br \/>\n\u00ab Le BIM est r\u00e9ellement en passe de devenir le standard dans l\u2019industrie de la construction. Allplan 2019 fournit aux architectes et ing\u00e9nieurs un outil BIM assurant une collaboration optimale \u00e0 toutes les phases du processus BIM \u00bb, explique Richard Brotherton, Managing Director chez ALLPLAN.<br \/>\n<strong>Nouvelles caract\u00e9ristiques de l\u2019interface IFC4<\/strong><br \/>\nIFC est l\u2019interface standard pour les projets openBIM. La derni\u00e8re version IFC4 repr\u00e9sente une nouvelle am\u00e9lioration permettant l\u2019export d\u2019informations g\u00e9om\u00e9triques de base (\u00ab BaseQuantities \u00bb) dans les projets BIM. L\u2019interface utilisateur a \u00e9galement \u00e9t\u00e9 simplifi\u00e9e et compl\u00e9t\u00e9e par de nouvelles options, notamment la possibilit\u00e9 d\u2019\u00e9clater les parois et toitures \u00e0 plusieurs couches en \u00e9l\u00e9ments individuels.<br \/>\n<strong>Am\u00e9lioration des r\u00f4les d\u00e9finis par l\u2019utilisateur dans la barre d\u2019action<\/strong><br \/>\nLa barre d\u2019action fournit un acc\u00e8s standard aux fonctions sp\u00e9cifiques au r\u00f4le pour l\u2019architecture, le g\u00e9nie civil, le terrain, la construction et les ponts. Dans la nouvelle version, les r\u00e9glages standard peuvent \u00eatre individualis\u00e9s, tandis que les fonctions peuvent \u00eatre ajout\u00e9es, supprim\u00e9es ou restructur\u00e9es. La configuration gagne ainsi en flexibilit\u00e9.<\/p>\n<h3><strong>Les innovations essentielles pour architectes\u00a0<\/strong>:\u00a0<strong>Mod\u00e9lisation d\u2019escalier simple et rapide<\/strong><\/h3>\n<p>Avec le modeleur d\u2019escalier dans Allplan Architecture 2019, la cr\u00e9ation d\u2019escaliers devient simple et rapide. Les \u00e9l\u00e9ments d\u2019escaliers comme les marches, l\u2019ossature ou les longerons, mais aussi les propri\u00e9t\u00e9s, peuvent \u00eatre d\u00e9finis \u00e0 l\u2019aide d\u2019une palette distincte. Les axes, les coupes, les pas ou les distances sont facilement modifiables au moyen des poign\u00e9es. Cela permet \u00e0 la fois un gain de temps et une mod\u00e9lisation pr\u00e9cise des escaliers.<\/p>\n<h3><strong>Les innovations essentielles pour ing\u00e9nieurs :\u00a0<\/strong><strong>Allplan Bridge : Mod\u00e9lisation param\u00e9trique de tendons<\/strong><\/h3>\n<p>Avec l\u2019option Allplan Bridge pour ing\u00e9nieurs en ponts, pr\u00e9sent\u00e9e en avant-premi\u00e8re au printemps, les tendons peuvent d\u00e9sormais \u00eatre mod\u00e9lis\u00e9s de fa\u00e7on param\u00e9trique. En cas de changements sur le mod\u00e8le, la g\u00e9om\u00e9trie des tendons s\u2019adapte automatiquement.<br \/>\n<strong>Int\u00e9gration de catalogues de profil\u00e9s m\u00e9talliques via Allplan Bimplus<\/strong><br \/>\nDans Allplan Engineering 2019, les utilisateurs ont acc\u00e8s, en quelques clics, aux catalogues de profil\u00e9s m\u00e9talliques Nemetschek valables dans le monde entier, via Allplan Bimplus, pour faciliter les flux de travail avec les \u00e9l\u00e9ments m\u00e9talliques. Les profil\u00e9s m\u00e9talliques, y compris g\u00e9om\u00e9trie et attributs, sont disponibles dans Allplan. Le partage de ces catalogues avec d\u2019autres solutions logicielles Nemetschek, comme Scia Engineer, facilite le transfert de fichiers entre ces produits.<br \/>\n&nbsp;<\/p>\n<h3><strong>Allplan 2019 offre aux architectes et ing\u00e9nieurs :\u00a0<\/strong><strong>Travail d\u2019\u00e9quipe \u00e9prouv\u00e9 pour architectes et ing\u00e9nieurs<\/strong><\/h3>\n<p>Allplan 2019 comprend de nouvelles \u00e9l\u00e9vations et coupes qui am\u00e9liorent les d\u00e9tails de ferraillage. Gr\u00e2ce \u00e0 cette \u00e9volution, l\u2019acc\u00e8s en \u00e9criture au mod\u00e8le de construction devient inutile pour les d\u00e9tails de ferraillage. Cette version fournit des droits d\u2019acc\u00e8s bas\u00e9s sur les r\u00f4les et facilite la collaboration entre architectes et ing\u00e9nieurs sur un m\u00eame projet. Par exemple, les architectes ont un acc\u00e8s en \u00e9criture \u00e0 tous les composants ; les ing\u00e9nieurs ont un acc\u00e8s en \u00e9criture \u00e0 tout le ferraillage, ainsi qu\u2019un acc\u00e8s en lecture aux composants. Il est ainsi possible de travailler sur un mod\u00e8le de b\u00e2timent sur une base interdisciplinaire.<br \/>\n<strong>Gestion d\u2019\u00e9tages et de niveaux de b\u00e2timents complexes<\/strong><br \/>\nDans Allplan 2019, la gestion des niveaux et des \u00e9tages a \u00e9t\u00e9 enti\u00e8rement revue et compl\u00e9t\u00e9e par la palette de gestion de calques. La palette facilite la cr\u00e9ation et la modification des \u00e9tages et niveaux. Une fonction de pr\u00e9visualisation permet un retour visuel direct sur les changements con\u00e7us. La s\u00e9lection des niveaux est confortable, de m\u00eame que les noms et les hauteurs sont facilement modifiables.<br \/>\n<strong>Gamme optimis\u00e9e de propri\u00e9t\u00e9s et d\u2019objets<\/strong><br \/>\nLa nouvelle palette de propri\u00e9t\u00e9s permet le r\u00e9glage du format, de la visualisation et des attributs pour des composants tels que les parois, plafonds, fondations, toitures et pi\u00e8ces. La palette d\u2019objets permet le filtrage des objets selon leurs propri\u00e9t\u00e9s. L\u2019identification et la correction d\u2019objets dont les propri\u00e9t\u00e9s ont disparu, sont d\u00e9pass\u00e9es ou incorrectement attribu\u00e9es, sont facilit\u00e9es, ce qui renforce la qualit\u00e9 du mod\u00e8le de b\u00e2timent.<br \/>\n<strong>Large s\u00e9lectiond\u2019armatures<\/strong><br \/>\nPour garantir des dimensions pr\u00e9cises lors de la conception d\u00e9taill\u00e9e du ferraillage, les caract\u00e9ristiques sp\u00e9cifiques au fabricant doivent \u00eatre prises en compte pour les liaisons d\u2019armature. Des manchons Fortec et des coupleurs d&rsquo;armature HALFEN HBS-05 ont par cons\u00e9quent \u00e9t\u00e9 int\u00e9gr\u00e9s \u00e0 Allplan Engineering 2019. Des liaisons ind\u00e9pendantes d\u2019un fabricant ont aussi \u00e9t\u00e9 ajout\u00e9s dans le cas o\u00f9 le syst\u00e8me de joints n\u2019a pas encore \u00e9t\u00e9 d\u00e9fini.<br \/>\n<img loading=\"lazy\" class=\"alignnone size-full wp-image-248\" src=\"https:\/\/batimedialive.files.wordpress.com\/2018\/10\/allplan2.jpg?resize=554%2C449\" alt=\"allplan2\" width=\"554\" height=\"449\" srcset=\"https:\/\/i1.wp.com\/batimedianews.com\/live\/wp-content\/uploads\/2018\/10\/allplan2.jpg?w=554 554w, https:\/\/i1.wp.com\/batimedianews.com\/live\/wp-content\/uploads\/2018\/10\/allplan2.jpg?resize=300%2C243 300w, https:\/\/i1.wp.com\/batimedianews.com\/live\/wp-content\/uploads\/2018\/10\/allplan2.jpg?resize=10%2C8 10w, https:\/\/i1.wp.com\/batimedianews.com\/live\/wp-content\/uploads\/2018\/10\/allplan2.jpg?resize=432%2C350 432w, https:\/\/i1.wp.com\/batimedianews.com\/live\/wp-content\/uploads\/2018\/10\/allplan2.jpg?resize=396%2C321 396w, https:\/\/i1.wp.com\/batimedianews.com\/live\/wp-content\/uploads\/2018\/10\/allplan2.jpg?resize=271%2C220 271w\" sizes=\"(max-width: 600px) 91vw, (max-width: 900px) 600px, (max-width: 1060px) 50vw, (max-width: 1200px) 520px, (max-width: 1400px) 43vw, 600px\" data-recalc-dims=\"1\" \/><br \/>\n<strong>Disponibilit\u00e9<\/strong><br \/>\nAllplan Architecture 2019\u00a0et Allplan Engineering 2019, ainsi qu\u2019une version d\u2019essai gratuite de 30 jours sont d\u00e9sormais disponibles en t\u00e9l\u00e9chargement.<\/p>\n","protected":false},"excerpt":{"rendered":"<p>Nouvelle version du logiciel BIM avec de nombreuses nouvelles caract\u00e9ristiques et des flux de travail BIM optimis\u00e9s Allplan 2019, la nouvelle solution pour le Building Information Modeling (BIM) destin\u00e9e aux architectes et ing\u00e9nieurs du b\u00e2timent et des infrastructures, est d\u00e9sormais disponible. La nouvelle version comprend de nombreuses fonctions facilitant la conception de b\u00e2timents et de [&hellip;]<\/p>\n","protected":false},"author":2,"featured_media":250,"comment_status":"open","ping_status":"open","sticky":false,"template":"","format":"standard","meta":{"spay_email":""},"categories":[22],"tags":[148],"jetpack_featured_media_url":"https:\/\/i1.wp.com\/batimedianews.com\/live\/wp-content\/uploads\/2018\/10\/allplan3_600.jpg?fit=600%2C349","jetpack_sharing_enabled":true,"jetpack_likes_enabled":true,"jetpack-related-posts":[{"id":9278,"url":"http:\/\/batimedianews.com\/live\/index.php\/2021\/04\/27\/allplan-propose-des-processus-automatises-pour-la-conception-de-structures\/","url_meta":{"origin":246,"position":0},"title":"ALLPLAN propose des processus automatis\u00e9s pour la conception de structures","date":"27 avril 2021","format":false,"excerpt":"Allplan 2021-1 avec de nouvelles fonctions pour la gestion des r\u00e9servations, des armatures, des ponts et la plateforme de collaboration et de gestion desdonn\u00e9es Bimplus. Avec la version 2021-1 d'Allplan, les architectes peuvent d\u00e9sormais r\u00e9aliser leurs r\u00e9servations en une fraction du temps n\u00e9cessaire auparavant. Copyright: ALLPLAN Munich, le 15 avril\u2026","rel":"","context":"Dans &quot;Actualit\u00e9 Entreprises&quot;","img":{"alt_text":"","src":"https:\/\/i0.wp.com\/batimedianews.com\/live\/wp-content\/uploads\/2021\/04\/image-141.png?fit=796%2C448&resize=350%2C200","width":350,"height":200},"classes":[]},{"id":44001,"url":"http:\/\/batimedianews.com\/live\/index.php\/2025\/04\/03\/nemetschek-group-met-en-avant-lia-et-la-durabilite-comme-themes-cles-a-bim-world-2025-stand-d10-f11\/","url_meta":{"origin":246,"position":1},"title":"Nemetschek Group met en avant l\u2019IA et la durabilit\u00e9 comme th\u00e8mes cl\u00e9s \u00e0 BIM WORLD 2025 &#8211; Stand D10\/F11","date":"3 avril 2025","format":false,"excerpt":"Nemetschek Group sera une nouvelle fois pr\u00e9sent \u00e0 BIM WORLD, accompagn\u00e9 de ses marques ALLPLAN, Bluebeam, Graphisoft et Solibri. Cette \u00e9dition mettra particuli\u00e8rement en lumi\u00e8re le r\u00f4le croissant de l\u2019intelligence artificielle (IA) et de la durabilit\u00e9 dans le secteur AEC\/O, un axe strat\u00e9gique majeur pour le groupe, qui s\u2019engage activement\u2026","rel":"","context":"Dans &quot;Actualit\u00e9 Entreprises&quot;","img":{"alt_text":"","src":"https:\/\/i0.wp.com\/batimedianews.com\/live\/wp-content\/uploads\/2025\/03\/Nemetschek-articles-.jpg?fit=825%2C825&resize=350%2C200","width":350,"height":200},"classes":[]},{"id":30162,"url":"http:\/\/batimedianews.com\/live\/index.php\/2023\/07\/13\/le-portefeuille-de-produits-de-dynaco-est-desormais-disponible-dans-son-integralite-sur-bimobject-com\/","url_meta":{"origin":246,"position":2},"title":"Le portefeuille de produits de Dynaco est d\u00e9sormais disponible dans son int\u00e9gralit\u00e9 sur bimobject.com","date":"13 juillet 2023","format":false,"excerpt":"Juillet 2023 - Presque tous les produits de la gamme Dynaco sont d\u00e9sormais disponibles gratuitement en tant qu'objets BIM. Ces mod\u00e8les num\u00e9riques en 3D offrent aux ing\u00e9nieurs en b\u00e2timent et aux architectes des informations et de l'inspiration pour concevoir des b\u00e2timents plus rapidement, plus intelligemment et plus \u00e9cologiquement. Ils constituent\u2026","rel":"","context":"Dans &quot;Actualit\u00e9 Entreprises&quot;","img":{"alt_text":"","src":"https:\/\/i2.wp.com\/batimedianews.com\/live\/wp-content\/uploads\/2023\/07\/Dynaco-article.jpg?fit=1080%2C1080&resize=350%2C200","width":350,"height":200},"classes":[]},{"id":36396,"url":"http:\/\/batimedianews.com\/live\/index.php\/2024\/03\/20\/graphisoft-participe-au-salon-bim-world-le-3-et-4-avril-2024-a-paris-porte-de-versailles\/","url_meta":{"origin":246,"position":3},"title":"GRAPHISOFT participe au salon BIM World le 3 et 4 avril 2024 \u00e0 Paris porte de Versailles","date":"20 mars 2024","format":false,"excerpt":"Graphisoft, entreprise reconnue pour le d\u00e9veloppement de son logiciel Archicad\u00ae destin\u00e9 aux architectes, sera pr\u00e9sente au Salon BIM World, le 3 et 4 avril 2024.\u00a0 D\u00e9di\u00e9 \u00e0 la transformation digitale dans le domaine de la construction, l\u2019immobilier et l\u2019am\u00e9nagement urbain et v\u00e9ritable plateforme d\u2019innovation et de business au service de\u2026","rel":"","context":"Dans &quot;Actualit\u00e9 Entreprises&quot;","img":{"alt_text":"","src":"https:\/\/i0.wp.com\/batimedianews.com\/live\/wp-content\/uploads\/2024\/03\/Graphisoft.jpg?fit=825%2C825&resize=350%2C200","width":350,"height":200},"classes":[]},{"id":40438,"url":"http:\/\/batimedianews.com\/live\/index.php\/2024\/10\/16\/graphisoft-presente-sa-gamme-produits-2024-des-outils-innovants-pour-une-conception-architecturale-durable-et-optimisee-2\/","url_meta":{"origin":246,"position":4},"title":"GRAPHISOFT pr\u00e9sente sa gamme produits 2024 : des outils innovants pour une conception architecturale durable et optimis\u00e9e","date":"16 octobre 2024","format":false,"excerpt":"Graphisoft, leader dans le d\u00e9veloppement de solutions logicielles de mod\u00e9lisation des donn\u00e9es du b\u00e2timent (BIM) pour l'architecture et la conception pluridisciplinaire, lance sa derni\u00e8re gamme de produits, qui comprend des mises \u00e0 jour importantes des fonctionnalit\u00e9s d'Archicad, BIMcloud, BIMx et DDScad. Cette derni\u00e8re version aide les architectes et les ing\u00e9nieurs\u2026","rel":"","context":"Dans &quot;Actualit\u00e9 Entreprises&quot;","img":{"alt_text":"","src":"https:\/\/i2.wp.com\/batimedianews.com\/live\/wp-content\/uploads\/2024\/10\/Graphisoft.jpg?fit=825%2C825&resize=350%2C200","width":350,"height":200},"classes":[]},{"id":37312,"url":"http:\/\/batimedianews.com\/live\/index.php\/2024\/05\/17\/graphisoft-participe-au-salon-architectwork-les-5-et-6-juin-2024-a-la-halle-tony-garnier-a-lyon\/","url_meta":{"origin":246,"position":5},"title":"Graphisoft participe au salon ARCHITECT@WORK les 5 et 6 juin 2024 \u00e0 La Halle Tony Garnier A Lyon","date":"17 mai 2024","format":false,"excerpt":"Graphisoft, entreprise reconnue pour le d\u00e9veloppement de son logiciel Archicad\u00ae destin\u00e9 aux architectes, sera pr\u00e9sente au salon Architect@Work avec son partenaire local Idao Solution, les 5 et 6 juin prochains \u00e0 Lyon. Ce salon, \u00e9v\u00e9nement majeur du secteur, est r\u00e9serv\u00e9 aux architectes, architectes d\u2019int\u00e9rieur et autres prescripteurs, et aura comme\u2026","rel":"","context":"Dans &quot;Architect@work&quot;","img":{"alt_text":"","src":"https:\/\/i2.wp.com\/batimedianews.com\/live\/wp-content\/uploads\/2024\/05\/Graphisoft.jpg?fit=825%2C825&resize=350%2C200","width":350,"height":200},"classes":[]}],"_links":{"self":[{"href":"http:\/\/batimedianews.com\/live\/index.php\/wp-json\/wp\/v2\/posts\/246"}],"collection":[{"href":"http:\/\/batimedianews.com\/live\/index.php\/wp-json\/wp\/v2\/posts"}],"about":[{"href":"http:\/\/batimedianews.com\/live\/index.php\/wp-json\/wp\/v2\/types\/post"}],"author":[{"embeddable":true,"href":"http:\/\/batimedianews.com\/live\/index.php\/wp-json\/wp\/v2\/users\/2"}],"replies":[{"embeddable":true,"href":"http:\/\/batimedianews.com\/live\/index.php\/wp-json\/wp\/v2\/comments?post=246"}],"version-history":[{"count":0,"href":"http:\/\/batimedianews.com\/live\/index.php\/wp-json\/wp\/v2\/posts\/246\/revisions"}],"wp:featuredmedia":[{"embeddable":true,"href":"http:\/\/batimedianews.com\/live\/index.php\/wp-json\/wp\/v2\/media\/250"}],"wp:attachment":[{"href":"http:\/\/batimedianews.com\/live\/index.php\/wp-json\/wp\/v2\/media?parent=246"}],"wp:term":[{"taxonomy":"category","embeddable":true,"href":"http:\/\/batimedianews.com\/live\/index.php\/wp-json\/wp\/v2\/categories?post=246"},{"taxonomy":"post_tag","embeddable":true,"href":"http:\/\/batimedianews.com\/live\/index.php\/wp-json\/wp\/v2\/tags?post=246"}],"curies":[{"name":"wp","href":"https:\/\/api.w.org\/{rel}","templated":true}]}}