{"id":24629,"date":"2022-11-07T14:15:45","date_gmt":"2022-11-07T13:15:45","guid":{"rendered":"http:\/\/batimedianews.com\/live\/?p=24629"},"modified":"2023-07-15T14:58:40","modified_gmt":"2023-07-15T12:58:40","slug":"solarlux-a-equiphotel-2022-toitures-terrasses-vitrees-conformes-au-decret-du-30-mars-2022","status":"publish","type":"post","link":"http:\/\/batimedianews.com\/live\/index.php\/2022\/11\/07\/solarlux-a-equiphotel-2022-toitures-terrasses-vitrees-conformes-au-decret-du-30-mars-2022\/","title":{"rendered":"Solarlux \u00e0 EquipH\u00f4tel 2022: TOITURES TERRASSES VITR\u00c9ES CONFORMES AU D\u00c9CRET DU 30 MARS 2022"},"content":{"rendered":"\n<h2><strong> Salon EquipH\u00f4tel &#8211; Stand C77 pavillon 7.3<\/strong><\/h2>\n\n\n\n<figure class=\"wp-block-image size-large is-resized\"><a href=\"https:\/\/solarlux.com\/fr\/\" target=\"_blank\" rel=\"noopener\"><img loading=\"lazy\" src=\"https:\/\/i1.wp.com\/batimedianews.com\/live\/wp-content\/uploads\/2022\/10\/site.png?resize=154%2C135\" alt=\"\" class=\"wp-image-24555\" width=\"154\" height=\"135\" srcset=\"https:\/\/i1.wp.com\/batimedianews.com\/live\/wp-content\/uploads\/2022\/10\/site.png?w=294 294w, https:\/\/i1.wp.com\/batimedianews.com\/live\/wp-content\/uploads\/2022\/10\/site.png?resize=10%2C10 10w, https:\/\/i1.wp.com\/batimedianews.com\/live\/wp-content\/uploads\/2022\/10\/site.png?resize=251%2C220 251w\" sizes=\"(max-width: 600px) 91vw, (max-width: 900px) 600px, (max-width: 1060px) 50vw, (max-width: 1200px) 520px, (max-width: 1400px) 43vw, 600px\" data-recalc-dims=\"1\" \/><\/a><\/figure>\n\n\n\n<p>Le march\u00e9 des extensions est en pleine croissance. La th\u00e9matique du confort et du bien-\u00eatre poussent les maitres d\u2019ouvrages \u00e0 investir dans la cr\u00e9ation des espaces recevant du public confortables, modulables, ouverts sur l\u2019ext\u00e9rieur et utilisables toute l\u2019ann\u00e9e. Le d\u00e9r\u00e8glement climatique et le co\u00fbt de l\u2019\u00e9nergie s\u2019imposent \u00e0 nous avec l\u2019obligation de construire des espaces respectueux des enjeux environnementaux. Pour y faire face, depuis le 31 Mars 2022 il est interdit de chauffer ou climatiser les terrasses des caf\u00e9s, bars et restaurants, ou tout autre espace public ext\u00e9rieur dont les terrasses ne sont pas enti\u00e8rement couvertes et ferm\u00e9es.<br>En tant que sp\u00e9cialiste des extensions, SOLARLUX place ces tendances au coeur de sa strat\u00e9gie en proposant une offre de solutions techniques large, profonde et performante capable de solutionner tous les projets. Les toitures vitr\u00e9es SDL ATRIUM PLUS et SDL ACUBIS associ\u00e9es aux parois verticales de la gamme SOLARLUX sont sp\u00e9cialement con\u00e7ues pour cr\u00e9er des espaces publics prot\u00e9g\u00e9es et utilisables en toute saison conform\u00e9ment aux dispositions du d\u00e9cret n\u00b02022-452 du 30 mars 2022.<\/p>\n\n\n\n<figure class=\"wp-block-image size-large is-resized\"><img loading=\"lazy\" src=\"https:\/\/i0.wp.com\/batimedianews.com\/live\/wp-content\/uploads\/2022\/11\/image-4.png?resize=442%2C442\" alt=\"\" class=\"wp-image-24631\" width=\"442\" height=\"442\" srcset=\"https:\/\/i0.wp.com\/batimedianews.com\/live\/wp-content\/uploads\/2022\/11\/image-4.png?w=383 383w, https:\/\/i0.wp.com\/batimedianews.com\/live\/wp-content\/uploads\/2022\/11\/image-4.png?resize=300%2C300 300w, https:\/\/i0.wp.com\/batimedianews.com\/live\/wp-content\/uploads\/2022\/11\/image-4.png?resize=10%2C10 10w, https:\/\/i0.wp.com\/batimedianews.com\/live\/wp-content\/uploads\/2022\/11\/image-4.png?resize=220%2C220 220w\" sizes=\"(max-width: 600px) 91vw, (max-width: 900px) 600px, (max-width: 1060px) 50vw, (max-width: 1200px) 520px, (max-width: 1400px) 43vw, 600px\" data-recalc-dims=\"1\" \/><\/figure>\n\n\n\n<h2 class=\"has-sm-dark-primary-color has-text-color\"><a href=\"https:\/\/solarlux.com\/fr\/vue-densemble-de-nos-systemes\/vitrage-pour-terrasse-sdl-atri.html\" target=\"_blank\" rel=\"noreferrer noopener\">SDL ATRIUM PLUS, CR\u00c9\u00c9R DES ESPACES PROT\u00c9G\u00c9S AUX TOITURES VITR\u00c9ES<\/a><\/h2>\n\n\n\n<p>Le toit de terrasse SDL Atrium plus permet d\u2019am\u00e9nager tous les types de terrasse : la profondeur du toit, pouvant aller jusqu\u2019\u00e0 6,37 m, permet une protection \u00e9tendue. Avec une port\u00e9e maximale pouvant aller jusqu\u2019\u00e0 5,72 m, le syst\u00e8me est \u00e0 la fois l\u00e9ger et robuste. Adapt\u00e9 \u00e0 l\u2019architecture de la maison et des lieux recevant du public, le toit SDL Atrium plus est disponible comme toit en appentis, toit \u00e0 pignon ou aussi comme construction sp\u00e9ciale pr\u00e9sentant une inclinaison de 5 \u00e0 45 degr\u00e9s. La gamme \u00e9tendue des menuiseries pr\u00eates \u00e0 poser SOLARLUX permet de personnaliser tous les toits de terrasse pour cr\u00e9er des lieux utilisables en toutes saisons et conformes au d\u00e9cret du 31 Mars 2021 : il se transforme en verri\u00e8re vitr\u00e9e et prot\u00e9g\u00e9e au moyen des syst\u00e8mes coulissant, coulissant pivotant ou baie accord\u00e9on propos\u00e9e par SOLARLUX. Pour ce faire, les \u00e9l\u00e9ments coulissants ou coulissants pivotants peuvent \u00eatre encadr\u00e9s ou s\u00e9lectionn\u00e9s en version enti\u00e8rement vitr\u00e9s si vous exigez une transparence maximale. Peu importe la solution de vitrage que vous choisissez , la verri\u00e8re peut \u00eatre compl\u00e8tement ouverte en un tour de main pour profiter du beau temps, le toit de terrasse \u00e9tant le seul \u00e0 \u00eatre encore pr\u00e9sent. Les barrettes d\u2019\u00e9clairage int\u00e9gr\u00e9es aux chevrons conf\u00e8rent une ambiance harmonieuse, un syst\u00e8me de chauffage int\u00e9grable garantit une chaleur agr\u00e9able en cas de temp\u00e9ratures fra\u00eeches.<\/p>\n\n\n\n<figure class=\"wp-block-image size-large is-resized\"><img loading=\"lazy\" src=\"https:\/\/i0.wp.com\/batimedianews.com\/live\/wp-content\/uploads\/2022\/11\/image-5.png?resize=435%2C365\" alt=\"\" class=\"wp-image-24632\" width=\"435\" height=\"365\" srcset=\"https:\/\/i0.wp.com\/batimedianews.com\/live\/wp-content\/uploads\/2022\/11\/image-5.png?w=353 353w, https:\/\/i0.wp.com\/batimedianews.com\/live\/wp-content\/uploads\/2022\/11\/image-5.png?resize=10%2C8 10w, https:\/\/i0.wp.com\/batimedianews.com\/live\/wp-content\/uploads\/2022\/11\/image-5.png?resize=262%2C220 262w\" sizes=\"(max-width: 600px) 91vw, (max-width: 900px) 600px, (max-width: 1060px) 50vw, (max-width: 1200px) 520px, (max-width: 1400px) 43vw, 600px\" data-recalc-dims=\"1\" \/><\/figure>\n\n\n\n<h2 class=\"has-sm-dark-primary-color has-text-color\"><a href=\"https:\/\/solarlux.com\/fr\/vue-densemble-de-nos-systemes\/toit-de-terrasse-sdl-acubis.html\" target=\"_blank\" rel=\"noreferrer noopener\">SDL ACUBIS, LA TOITURE DE TERRASSE AUTONOME OU ADOSSEE<\/a><\/h2>\n\n\n\n<p>SDL ACUBIS est une toiture de terrasse vitr\u00e9e en aluminium de 2\u00b0 de pente qui permet de cr\u00e9er des espaces design autonomes ou adoss\u00e9s \u00e0 la construction existante, tels des toitures de terrasses ferm\u00e9es, ainsi que des v\u00e9randas non isol\u00e9es. Chaque d\u00e9tail compte, chaque profil\u00e9s et accessoires ont \u00e9t\u00e9 cr\u00e9\u00e9 pour garantir une esth\u00e9tique minimaliste et intemporelle sans n\u00e9gliger la stabilit\u00e9 et la durabilit\u00e9 de la construction.<\/p>\n\n\n\n<figure class=\"wp-block-image size-large is-resized\"><img loading=\"lazy\" src=\"https:\/\/i0.wp.com\/batimedianews.com\/live\/wp-content\/uploads\/2022\/11\/image-6.png?resize=435%2C290\" alt=\"\" class=\"wp-image-24633\" width=\"435\" height=\"290\" srcset=\"https:\/\/i0.wp.com\/batimedianews.com\/live\/wp-content\/uploads\/2022\/11\/image-6.png?w=382 382w, https:\/\/i0.wp.com\/batimedianews.com\/live\/wp-content\/uploads\/2022\/11\/image-6.png?resize=10%2C7 10w, https:\/\/i0.wp.com\/batimedianews.com\/live\/wp-content\/uploads\/2022\/11\/image-6.png?resize=330%2C220 330w\" sizes=\"(max-width: 600px) 91vw, (max-width: 900px) 600px, (max-width: 1060px) 50vw, (max-width: 1200px) 520px, (max-width: 1400px) 43vw, 600px\" data-recalc-dims=\"1\" \/><\/figure>\n\n\n\n<p>C\u00f4t\u00e9 toiture, SDL ACUBIS est \u00e9quip\u00e9e de chevrons en aluminium con\u00e7us pour s\u2019adapter aux projets de grande dimension gr\u00e2ce aux renforts en acier pr\u00e9vus \u00e0 cet effet. Ils peuvent recevoir des vitrages feuillet\u00e9s de 8, 10 ou 12mm ainsi que des syst\u00e8mes d\u2019\u00e9clairage int\u00e9gr\u00e9s aux c\u00e2blages invisibles et dissimul\u00e9s dans les profil\u00e9s de la structure. En fonction de la configuration du projet, la toiture de terrasse SDL ACUBIS est \u00e9quip\u00e9e d\u2019une r\u00e9hausse de toiture de 253mm sur 3 ou 4 c\u00f4t\u00e9s, rendant compl\u00e9tement invisibles les chevrons, c\u00f4t\u00e9 ext\u00e9rieur.<br>Afin de limiter au maximum les apports lumineux, SOLARLUX propose ses syst\u00e8mes de stores de protection int\u00e9rieurs pour la toiture et les parois verticales.<br>Soucieux de proposer une solution globale pour satisfaire les utilisateurs au quotidien, SDL ACUBIS peut recevoir un large panel de parois verticales de la gamme des menuiseries SOLARLUX telles que le coulissant SL20 E, le coulissant pivotant SL25 ou le syst\u00e8me de parois vitr\u00e9es servant de garde-corps SL25 R.<\/p>\n","protected":false},"excerpt":{"rendered":"<p>Salon EquipH\u00f4tel &#8211; Stand C77 pavillon 7.3 Le march\u00e9 des extensions est en pleine croissance. La th\u00e9matique du confort et du bien-\u00eatre poussent les maitres d\u2019ouvrages \u00e0 investir dans la cr\u00e9ation des espaces recevant du public confortables, modulables, ouverts sur l\u2019ext\u00e9rieur et utilisables toute l\u2019ann\u00e9e. Le d\u00e9r\u00e8glement climatique et le co\u00fbt de l\u2019\u00e9nergie s\u2019imposent \u00e0 [&hellip;]<\/p>\n","protected":false},"author":1,"featured_media":24639,"comment_status":"open","ping_status":"open","sticky":false,"template":"","format":"standard","meta":{"spay_email":""},"categories":[1376,707],"tags":[],"jetpack_featured_media_url":"https:\/\/i2.wp.com\/batimedianews.com\/live\/wp-content\/uploads\/2022\/11\/solarlux_equiphotel_article-1-scaled.jpg?fit=2560%2C1392","jetpack_sharing_enabled":true,"jetpack_likes_enabled":true,"jetpack-related-posts":[{"id":24723,"url":"http:\/\/batimedianews.com\/live\/index.php\/2022\/11\/15\/toitures-terrasses-vitrees-conforme-au-decret-du-30-mars-2022\/","url_meta":{"origin":24629,"position":0},"title":"Toitures terrasses vitr\u00e9es conformes au d\u00e9cret du 30 Mars 2022 &#8211; Salon EquipH\u2002tel &#8211; Stand C77 pavillon 7.3","date":"15 novembre 2022","format":false,"excerpt":"Le march\u00e9 des extensions est en pleine croissance. La th\u00e9matique du confort et du bien-\u00eatre poussent les maitres d\u2019ouvrages \u00e0 investir dans la cr\u00e9ation des espaces recevant du public confortables, modulables, ouverts sur l\u2019ext\u00e9rieur et utilisables toute l\u2019ann\u00e9e. Le d\u00e9r\u00e8glement climatique et le co\u00fbt de l\u2019\u00e9nergie s\u2019imposent \u00e0 nous avec\u2026","rel":"","context":"Dans &quot;Actualit\u00e9 Entreprises&quot;","img":{"alt_text":"","src":"https:\/\/i2.wp.com\/batimedianews.com\/live\/wp-content\/uploads\/2022\/11\/Solarlux-Article.jpg?fit=1080%2C1080&resize=350%2C200","width":350,"height":200},"classes":[]},{"id":18292,"url":"http:\/\/batimedianews.com\/live\/index.php\/2022\/03\/28\/ubbink-present-sur-le-salon-nordbat-du-30-mars-au-1er-avril2022-lille-grand-palais-stand-no35\/","url_meta":{"origin":24629,"position":1},"title":"Ubbink pr\u00e9sent sur le salon NORDBAT du 30 mars au 1er avril2022 \u2013Lille, Grand-Palais STAND N\u00b0O35","date":"28 mars 2022","format":false,"excerpt":"Rendez-vous sur le stand O35 pour d\u00e9couvrir les produits d\u2019Ubbink dans le domaine de la ventilation, l\u2019\u00e9nergie et le b\u00e2timent. Les \u00e9quipes d\u2019Ubbink seront \u00e0 votre disposition pour \u00e9changer sur les sp\u00e9cificit\u00e9s de ces solutions d\u00e9di\u00e9es \u00e0 la r\u00e9novation \u00e9nerg\u00e9tique du b\u00e2timent. Ubbink, sp\u00e9cialiste de la performance \u00e9nerg\u00e9tique et du\u2026","rel":"","context":"Dans &quot;Actualit\u00e9 Entreprises&quot;","img":{"alt_text":"","src":"https:\/\/i0.wp.com\/batimedianews.com\/live\/wp-content\/uploads\/2022\/03\/ubbink-Article.jpg?fit=512%2C512&resize=350%2C200","width":350,"height":200},"classes":[]},{"id":34429,"url":"http:\/\/batimedianews.com\/live\/index.php\/2024\/02\/01\/lagence-soprema-entreprises-de-clermont-ferrand-realise-les-toitures-terrasses-vegetalisees-du-plus-grand-planetarium-de-france-a-vulcania-saint-ours-63\/","url_meta":{"origin":24629,"position":2},"title":"L\u2019agence SOPREMA Entreprises de Clermont-Ferrand r\u00e9alise les toitures-terrasses v\u00e9g\u00e9talis\u00e9es du plus grand plan\u00e9tarium de France \u00e0 Vulcania (Saint-Ours &#8211; 63)","date":"1 f\u00e9vrier 2024","format":false,"excerpt":"Cr\u00e9dit photo : SOPREMA Entreprises - Photographe J. Damase\u00a0Ma\u00eetre d\u2019ouvrage : R\u00e9gion Auvergne Rh\u00f4ne-Alpes\u00a0Entreprise g\u00e9n\u00e9rale : EIFFAGE CONSTRUCTION - Architecte : AAGROUP\u00a0 En 2002 la R\u00e9gion Auvergne Rh\u00f4ne-Alpes ouvrait le parc \u00e0 th\u00e8me Vulcania au c\u0153ur des volcans \u00e0 Saint-Ours (63). Son architecture semi-enterr\u00e9e, imagin\u00e9e par l'architecte autrichien Hans Hollein,\u2026","rel":"","context":"Dans &quot;Actualit\u00e9 Entreprises&quot;","img":{"alt_text":"","src":"https:\/\/i0.wp.com\/batimedianews.com\/live\/wp-content\/uploads\/2024\/01\/SOPREMA.jpg?fit=863%2C863&resize=350%2C200","width":350,"height":200},"classes":[]},{"id":10799,"url":"http:\/\/batimedianews.com\/live\/index.php\/2021\/07\/13\/la-toiture-terrasse-vegetalisee-esthetique-et-ecologique\/","url_meta":{"origin":24629,"position":3},"title":"LA TOITURE-TERRASSE V\u00c9G\u00c9TALIS\u00c9E, ESTH\u00c9TIQUE ET \u00c9COLOGIQUE","date":"13 juillet 2021","format":false,"excerpt":"Initi\u00e9e il y a plus de 30 ans, la v\u00e9g\u00e9talisation des toitures-terrasses prend aujourd\u2019hui de l\u2019essor. Loin d\u2019un effet de mode, de plus en plus de toits d\u2019immeubles se couvrent de v\u00e9g\u00e9taux. Au-del\u00e0 d\u2019optimiser un espace non utilis\u00e9, cette pratique est \u00e9galement un atout en mati\u00e8re de performances thermiques et\u2026","rel":"","context":"Dans &quot;Actualit\u00e9 Entreprises&quot;","img":{"alt_text":"","src":"https:\/\/i2.wp.com\/batimedianews.com\/live\/wp-content\/uploads\/2021\/06\/BMI-Siplast-Article.jpg?fit=512%2C512&resize=350%2C200","width":350,"height":200},"classes":[]},{"id":3254,"url":"http:\/\/batimedianews.com\/live\/index.php\/2019\/10\/24\/pergola-ciel-ouvair-la-pergola-bio-thermique-despace-lounge\/","url_meta":{"origin":24629,"position":4},"title":"Pergola &#8211; Ciel Ouv&rsquo;Air\u00ae la pergola bio-thermique d&rsquo;Espace Lounge","date":"24 octobre 2019","format":false,"excerpt":"LA PERGOLA DEDI\u00c9E AUX PROFESSIONNELS DE L\u2019H\u00d4TELLERIE-RESTAURATION CIEL OUV\u2019AIR\u00ae d\u00e9velopp\u00e9e par la marque Espace Lounge\u00ae est une solution design et modulable, destin\u00e9e \u00e0 r\u00e9pondre aux besoins des professionnels de l\u2019h\u00f4tellerie-restauration. Brevet\u00e9e, cette pergola isol\u00e9e dite \u00ab bio-thermique \u00bb est un syst\u00e8me haut de gamme, fabriqu\u00e9 sur-mesure. A mi-chemin entre l\u2019indoor\u2026","rel":"","context":"Dans &quot;Actualit\u00e9 Entreprises&quot;","img":{"alt_text":"","src":"https:\/\/i2.wp.com\/batimedianews.com\/live\/wp-content\/uploads\/2019\/10\/espace8image.jpg?fit=873%2C873&resize=350%2C200","width":350,"height":200},"classes":[]},{"id":27123,"url":"http:\/\/batimedianews.com\/live\/index.php\/2023\/03\/21\/renovation-energetique-de-la-toiture-terrasse-dun-hypermarche-a-mers-les-bains-80-iko-insulations-fournit-dans-des-delais-courts-6500-m2-de-panneaux-disolation-thermique-iko-enertherm-alu\/","url_meta":{"origin":24629,"position":5},"title":"R\u00e9novation \u00e9nerg\u00e9tique de la toiture terrasse d&rsquo;un hypermarch\u00e9 \u00e0 Mers &#8211; les Bains (80) : IKO INSULATIONS fournit dans des d\u00e9lais courts 6500  M2 de panneaux d&rsquo;isolation thermique IKO ENERTHERM ALU","date":"21 mars 2023","format":false,"excerpt":"En 2022, l\u2019hypermarch\u00e9 AUCHAN, situ\u00e9 \u00e0 Mers-les-Bains (80), a entrepris des travaux de r\u00e9fection de sa toiture avec pour volont\u00e9 d\u2019optimiser les performances thermiques, de r\u00e9duire les consommations d\u2019\u00e9nergie, et de pr\u00e9server la p\u00e9rennit\u00e9 du b\u00e2timent. Le ma\u00eetre d\u2019ouvrage a fait appel au syndicat FIGA qui a mandat\u00e9 le bureau\u2026","rel":"","context":"Dans &quot;Actualit\u00e9 Entreprises&quot;","img":{"alt_text":"","src":"https:\/\/i2.wp.com\/batimedianews.com\/live\/wp-content\/uploads\/2023\/03\/IKOenertherm-Article.jpg?fit=1080%2C1080&resize=350%2C200","width":350,"height":200},"classes":[]}],"_links":{"self":[{"href":"http:\/\/batimedianews.com\/live\/index.php\/wp-json\/wp\/v2\/posts\/24629"}],"collection":[{"href":"http:\/\/batimedianews.com\/live\/index.php\/wp-json\/wp\/v2\/posts"}],"about":[{"href":"http:\/\/batimedianews.com\/live\/index.php\/wp-json\/wp\/v2\/types\/post"}],"author":[{"embeddable":true,"href":"http:\/\/batimedianews.com\/live\/index.php\/wp-json\/wp\/v2\/users\/1"}],"replies":[{"embeddable":true,"href":"http:\/\/batimedianews.com\/live\/index.php\/wp-json\/wp\/v2\/comments?post=24629"}],"version-history":[{"count":7,"href":"http:\/\/batimedianews.com\/live\/index.php\/wp-json\/wp\/v2\/posts\/24629\/revisions"}],"predecessor-version":[{"id":24643,"href":"http:\/\/batimedianews.com\/live\/index.php\/wp-json\/wp\/v2\/posts\/24629\/revisions\/24643"}],"wp:featuredmedia":[{"embeddable":true,"href":"http:\/\/batimedianews.com\/live\/index.php\/wp-json\/wp\/v2\/media\/24639"}],"wp:attachment":[{"href":"http:\/\/batimedianews.com\/live\/index.php\/wp-json\/wp\/v2\/media?parent=24629"}],"wp:term":[{"taxonomy":"category","embeddable":true,"href":"http:\/\/batimedianews.com\/live\/index.php\/wp-json\/wp\/v2\/categories?post=24629"},{"taxonomy":"post_tag","embeddable":true,"href":"http:\/\/batimedianews.com\/live\/index.php\/wp-json\/wp\/v2\/tags?post=24629"}],"curies":[{"name":"wp","href":"https:\/\/api.w.org\/{rel}","templated":true}]}}