{"id":24663,"date":"2022-11-10T14:10:43","date_gmt":"2022-11-10T13:10:43","guid":{"rendered":"http:\/\/batimedianews.com\/live\/?p=24663"},"modified":"2023-07-15T14:58:40","modified_gmt":"2023-07-15T12:58:40","slug":"lg-propose-des-formations-professionnelles-avec-sa-nouvelle-lg-academy","status":"publish","type":"post","link":"http:\/\/batimedianews.com\/live\/index.php\/2022\/11\/10\/lg-propose-des-formations-professionnelles-avec-sa-nouvelle-lg-academy\/","title":{"rendered":"LG PROPOSE DES FORMATIONS PROFESSIONNELLES AVEC SA NOUVELLE LG ACADEMY"},"content":{"rendered":"\n<p class=\"has-text-align-center\"><strong>&nbsp;<em>LG Electronics France ouvre son nouveau centre de formation LG Air Solution Academy, destin\u00e9 aux solutions de g\u00e9nie climatique pour les professionnels.&nbsp;<\/em><\/strong><\/p>\n\n\n\n<figure class=\"wp-block-image size-large\"><img loading=\"lazy\" width=\"720\" height=\"477\" src=\"https:\/\/i2.wp.com\/batimedianews.com\/live\/wp-content\/uploads\/2022\/11\/image-17.png?resize=720%2C477\" alt=\"\" class=\"wp-image-24664\" srcset=\"https:\/\/i2.wp.com\/batimedianews.com\/live\/wp-content\/uploads\/2022\/11\/image-17.png?resize=1024%2C679 1024w, https:\/\/i2.wp.com\/batimedianews.com\/live\/wp-content\/uploads\/2022\/11\/image-17.png?resize=600%2C398 600w, https:\/\/i2.wp.com\/batimedianews.com\/live\/wp-content\/uploads\/2022\/11\/image-17.png?resize=768%2C509 768w, https:\/\/i2.wp.com\/batimedianews.com\/live\/wp-content\/uploads\/2022\/11\/image-17.png?resize=10%2C7 10w, https:\/\/i2.wp.com\/batimedianews.com\/live\/wp-content\/uploads\/2022\/11\/image-17.png?resize=432%2C286 432w, https:\/\/i2.wp.com\/batimedianews.com\/live\/wp-content\/uploads\/2022\/11\/image-17.png?resize=396%2C262 396w, https:\/\/i2.wp.com\/batimedianews.com\/live\/wp-content\/uploads\/2022\/11\/image-17.png?resize=1120%2C742 1120w, https:\/\/i2.wp.com\/batimedianews.com\/live\/wp-content\/uploads\/2022\/11\/image-17.png?resize=660%2C437 660w, https:\/\/i2.wp.com\/batimedianews.com\/live\/wp-content\/uploads\/2022\/11\/image-17.png?resize=332%2C220 332w, https:\/\/i2.wp.com\/batimedianews.com\/live\/wp-content\/uploads\/2022\/11\/image-17.png?w=1156 1156w\" sizes=\"(max-width: 600px) 91vw, (max-width: 900px) 600px, (max-width: 1060px) 50vw, (max-width: 1200px) 520px, (max-width: 1400px) 43vw, 600px\" data-recalc-dims=\"1\" \/><\/figure>\n\n\n\n<p>&nbsp;<strong>COURBEVOIE <\/strong>\u2013 LG Electronics (LG) a officiellement inaugur\u00e9 ses nouveaux locaux \u00e0 Courbevoie la semaine derni\u00e8re et avec eux son tout nouveau centre de formation destin\u00e9 aux installateurs et distributeurs de ses solutions de g\u00e9nie climatique (climatisation et pompes \u00e0 chaleur), la LG Academy. LG proposait d\u00e9j\u00e0 depuis avril 2021 des formations en ligne ou en entreprise et a d\u2019ores et d\u00e9j\u00e0 form\u00e9 pr\u00e8s de 600 professionnels en un an. Avec l\u2019ouverture de ce nouveau centre de formation de plus de 400m2, accol\u00e9 aux locaux de LG Electronics France,&nbsp;dans l\u2019immeuble Workstation \u00e0 Courbevoie, la marque cor\u00e9enne a pour objectif d\u2019atteindre les 1 000 professionnels form\u00e9s d\u2019ici la fin d\u2019ann\u00e9e 2022.&nbsp;<\/p>\n\n\n\n<p>La <em>LG Air Solution Academy <\/em>est un centre de formation unique permettant d\u2019accompagner les professionnels, client de la marque ou non, et d\u2019ainsi de d\u00e9velopper leur expertise. Cette offre a pour but de familiariser les installateurs et les distributeurs avec les produits disponibles, de leur faire d\u00e9couvrir les nouveaut\u00e9s, de les former sur les sp\u00e9cificit\u00e9s des produits LG Air Solution afin d\u2019\u00eatre parfaitement autonomes dans leurs installations et de les informer sur les nouveaut\u00e9s du march\u00e9.&nbsp;<\/p>\n\n\n\n<p>Trois types de formations sont propos\u00e9s, avec toujours un volet th\u00e9orique et un volet pratique : formation sur les pompes \u00e0 Chaleur Air\/Eau Therma V et formation Mono-split et Multi-split R\u00e9sidentiel, sur une journ\u00e9e, et enfin, formation DRV syst\u00e8mes de pompe \u00e0 chaleur et r\u00e9cup\u00e9ration de chaleur, sur deux jours. Toutes ces sessions sont enti\u00e8rement gratuites et sont accessibles en pr\u00e9sentiel ou en ligne, pour tous les professionnels, sans crit\u00e8re de s\u00e9lection, sur simple inscription.&nbsp;<\/p>\n\n\n\n<p>Outre le fait de proposer aux installateurs et distributeurs des formations gratuites, LG formera aussi ses collaborateurs pour s\u2019assurer que le service client soit le plus irr\u00e9prochable possible, en accord avec son image de marque haut de gamme.&nbsp;<\/p>\n\n\n\n<p>\u00ab\u00a0<em>Je suis fier de ce nouveau centre de formation, LG a vraiment \u00e0 coeur de s&rsquo;adapter aux nouveaux modes de vie des consommateurs gr\u00e2ce \u00e0 ses produits et installations aux technologies innovantes. A l&rsquo;avenir, LG au niveau mondial sera en mesure de proposer des produits encore plus efficaces sur le plan \u00e9nerg\u00e9tique que ses mod\u00e8les actuels, aidant ainsi les utilisateurs \u00e0 limiter leur consommation d\u2019\u00e9nergie<\/em>\u00ab\u00a0, <strong>d\u00e9clare Johann Roy, directeur commercial de LG Electronics Chauffage &amp; Climatisation France.&nbsp;<\/strong><\/p>\n\n\n\n<p class=\"has-sm-color-tertiary-color has-text-color\"><strong>\u00c0 propos de LG Electronics, Inc.&nbsp;<\/strong><\/p>\n\n\n\n<p class=\"has-small-font-size\">LG Electronics Inc. est un leader mondial en mati\u00e8re d\u2019innovation technologique et industrielle implant\u00e9 dans presque tous les pays du monde et employant 75 000 personnes. LG est compos\u00e9 de cinq divisions : Home Appliance &amp; Air Solution, Home Entertainment, Mobile Communications, Vehicle Component Solutions et Business Solutions. Avec un chiffre d\u2019affaires total de 56 milliards de dollars en 2020, LG est l&rsquo;un des principaux fabricants d&rsquo;une large gamme de produits allant des t\u00e9l\u00e9viseurs, lave-linge, r\u00e9frig\u00e9rateurs, climatiseurs, appareils mobiles, signalisation num\u00e9rique et composants automobiles. LG est \u00e9galement connu pour ses produits haut de gamme LG SIGNATURE et LG ThinQ, int\u00e9grant des solutions d&rsquo;intelligence artificielle.&nbsp;<\/p>\n","protected":false},"excerpt":{"rendered":"<p>&nbsp;LG Electronics France ouvre son nouveau centre de formation LG Air Solution Academy, destin\u00e9 aux solutions de g\u00e9nie climatique pour les professionnels.&nbsp; &nbsp;COURBEVOIE \u2013 LG Electronics (LG) a officiellement inaugur\u00e9 ses nouveaux locaux \u00e0 Courbevoie la semaine derni\u00e8re et avec eux son tout nouveau centre de formation destin\u00e9 aux installateurs et distributeurs de ses solutions [&hellip;]<\/p>\n","protected":false},"author":41,"featured_media":24665,"comment_status":"open","ping_status":"open","sticky":false,"template":"","format":"standard","meta":{"spay_email":""},"categories":[35,67],"tags":[],"jetpack_featured_media_url":"https:\/\/i1.wp.com\/batimedianews.com\/live\/wp-content\/uploads\/2022\/11\/LG-Article.jpg?fit=1920%2C1080","jetpack_sharing_enabled":true,"jetpack_likes_enabled":true,"jetpack-related-posts":[{"id":44967,"url":"http:\/\/batimedianews.com\/live\/index.php\/2025\/05\/21\/lg-inaugure-la-lg-havac-academy-lyon-nouveau-centre-de-formation-dedie-aux-professionnels-du-cvc\/","url_meta":{"origin":24663,"position":0},"title":"LG inaugure la LG HVAC ACADEMY LYON : nouveau centre de formation d\u00e9di\u00e9 aux professionnels du CVC","date":"21 mai 2025","format":false,"excerpt":"Courbevoie, le 14 mai 2025 \u2013 LG Electronics annonce l\u2019ouverture officielle de la LG HVAC Academy Lyon, un nouvel espace de formation con\u00e7u pour accompagner les professionnels du secteur r\u00e9sidentiel et tertiaire dans la mont\u00e9e en comp\u00e9tences sur l\u2019ensemble des solutions HVAC de la marque. Implant\u00e9 \u00e0 Saint-Priest, au coeur\u2026","rel":"","context":"Dans &quot;Actualit\u00e9 Entreprises&quot;","img":{"alt_text":"","src":"https:\/\/i2.wp.com\/batimedianews.com\/live\/wp-content\/uploads\/2025\/05\/LG.jpg?fit=825%2C825&resize=350%2C200","width":350,"height":200},"classes":[]},{"id":45900,"url":"http:\/\/batimedianews.com\/live\/index.php\/2025\/07\/15\/lg-annonce-son-ambition-de-devenir-un-acteur-mondial-de-reference-en-solutions-hvac\/","url_meta":{"origin":24663,"position":1},"title":"LG annonce son ambition de devenir un acteur mondial de r\u00e9f\u00e9rence en solutions HVAC","date":"15 juillet 2025","format":false,"excerpt":"Acc\u00e9l\u00e9ration du leadership B2B\u00a0de LG\u00a0dans le secteur CVC gr\u00e2ce \u00e0 des solutions industrielles,\u00a0des acquisitions strat\u00e9giques et des cha\u00eenes de valeur localis\u00e9es COURBEVOIE, le\u00a010\u00a0juillet\u00a02025\u00a0\u2014\u00a0\u00c0 l'occasion\u00a0d'une conf\u00e9rence de presse\u00a0qui s'est\u00a0tenue le 8 juillet au LG\u00a0Sciencepark\u00a0en Cor\u00e9e du Sud, LG Electronics (LG) a pr\u00e9sent\u00e9\u00a0son plan\u00a0strat\u00e9gique visant \u00e0 transformer sa division ES en un\u2026","rel":"","context":"Dans &quot;Actualit\u00e9 Entreprises&quot;","img":{"alt_text":"","src":"https:\/\/i2.wp.com\/batimedianews.com\/live\/wp-content\/uploads\/2025\/07\/LG-1.jpg?fit=825%2C825&resize=350%2C200","width":350,"height":200},"classes":[]},{"id":42571,"url":"http:\/\/batimedianews.com\/live\/index.php\/2025\/02\/03\/lg-lance-son-nouveau-climatiseur-dualcool-ai-air-avec-des-technologies-dintelligence-artificielle-ameliorees\/","url_meta":{"origin":24663,"position":2},"title":"LG lance son nouveau climatiseur DUALCOOL\u2122 AI AIR avec des technologies d&rsquo;intelligence artificielle am\u00e9lior\u00e9es","date":"3 f\u00e9vrier 2025","format":false,"excerpt":"\u00a0Le nouveau DUALCOOL AI Air propose des solutions de climatisation innovantes, offrant un confort personnalis\u00e9 et une utilisation simplifi\u00e9e pour un bien-\u00eatre optimal.\u00a0 COURBEVOIE, le 29 janvier 2025 \u2014 LG Electronics (LG) pr\u00e9sente son tout nouveau mod\u00e8le de climatiseur r\u00e9sidentiel, le DUALCOOL\u2122 AI Air. Gr\u00e2ce \u00e0 ses technologies IA avanc\u00e9es,\u2026","rel":"","context":"Dans &quot;Actualit\u00e9 Entreprises&quot;","img":{"alt_text":"","src":"https:\/\/i2.wp.com\/batimedianews.com\/live\/wp-content\/uploads\/2025\/01\/LG-articles-.jpg?fit=825%2C825&resize=350%2C200","width":350,"height":200},"classes":[]},{"id":25457,"url":"http:\/\/batimedianews.com\/live\/index.php\/2022\/12\/30\/le-pdg-de-lg-partagera-la-vision-a-long-terme-de-lentreprise-lors-du-ces-2023\/","url_meta":{"origin":24663,"position":3},"title":"LE PDG DE LG PARTAGERA LA VISION A LONG-TERME DE L\u2019ENTREPRISE LORS DU CES 2023","date":"30 d\u00e9cembre 2022","format":false,"excerpt":"\u00a0Sous le slogan \" Life's Good \", la soci\u00e9t\u00e9 pr\u00e9sentera sa feuille de route et introduira de nouvelles gammes de produits pour 2023 lors de la prochaine conf\u00e9rence CES.\u00a0 COURBEVOIE \u2014 LG Electronics (LG) a annonc\u00e9 aujourd'hui qu'elle fera son retour au CES\u00ae, avec un stand physique et l\u2019organisation d\u2019une\u2026","rel":"","context":"Dans &quot;Actualit\u00e9 Entreprises&quot;","img":{"alt_text":"","src":"https:\/\/i2.wp.com\/batimedianews.com\/live\/wp-content\/uploads\/2022\/12\/LG-Article.jpg?fit=1080%2C1080&resize=350%2C200","width":350,"height":200},"classes":[]},{"id":22492,"url":"http:\/\/batimedianews.com\/live\/index.php\/2022\/08\/19\/lg-devoilera-ses-innovations-de-pointe-lifa-2022\/","url_meta":{"origin":24663,"position":4},"title":"LG d\u00e9voilera ses innovations de pointe l\u2019IFA 2022","date":"19 ao\u00fbt 2022","format":false,"excerpt":"\u00a0LG pr\u00e9sentera sa vision de la technologie r\u00e9invent\u00e9e, des styles de vie et des exp\u00e9riences \u00e0 l\u2019IFA qui fait son retour en pr\u00e9sentiel cette ann\u00e9e.\u00a0 COURBEVOIE \u2013 LG Electronics (LG) invite les consommateurs du monde entier \u00e0 d\u00e9couvrir ses derni\u00e8res innovations \u00e0 l\u2019IFA 2022 de Berlin, en Allemagne (du 2\u2026","rel":"","context":"Dans &quot;Actualit\u00e9 Entreprises&quot;","img":{"alt_text":"","src":"https:\/\/i2.wp.com\/batimedianews.com\/live\/wp-content\/uploads\/2022\/08\/LG-Article.jpg?fit=1080%2C1080&resize=350%2C200","width":350,"height":200},"classes":[]},{"id":26979,"url":"http:\/\/batimedianews.com\/live\/index.php\/2023\/03\/20\/lg-renforce-sa-position-sur-le-marche-europeen-du-chauffage-de-la-ventilation-et-de-la-climatisation-grace-a-des-solutions-ecoenergetiques\/","url_meta":{"origin":24663,"position":5},"title":"LG renforce sa position sur le march\u00e9 europ\u00e9en du chauffage , de la ventilation et de la climatisation gr\u00e2ce \u00e0 des solutions \u00e9co\u00e9nerg\u00e9tiques","date":"20 mars 2023","format":false,"excerpt":"\u00a0 Lors du salon ISH 2023, l'entreprise met en avant la nouvelle pompe \u00e0 chaleur \u00e0 source d'air Therma V utilisant un r\u00e9frig\u00e9rant \u00e0 faible GWP et le Multi V i \u00e9conome en \u00e9nergie au plus grand salon HVAC d'Europe.\u00a0 \u00a0COURBEVOIE - LG Electronics (LG) pr\u00e9sente ses derni\u00e8res solutions de\u2026","rel":"","context":"Dans &quot;Actualit\u00e9 Entreprises&quot;","img":{"alt_text":"","src":"https:\/\/i2.wp.com\/batimedianews.com\/live\/wp-content\/uploads\/2023\/03\/LG-Article.jpg?fit=1080%2C1080&resize=350%2C200","width":350,"height":200},"classes":[]}],"_links":{"self":[{"href":"http:\/\/batimedianews.com\/live\/index.php\/wp-json\/wp\/v2\/posts\/24663"}],"collection":[{"href":"http:\/\/batimedianews.com\/live\/index.php\/wp-json\/wp\/v2\/posts"}],"about":[{"href":"http:\/\/batimedianews.com\/live\/index.php\/wp-json\/wp\/v2\/types\/post"}],"author":[{"embeddable":true,"href":"http:\/\/batimedianews.com\/live\/index.php\/wp-json\/wp\/v2\/users\/41"}],"replies":[{"embeddable":true,"href":"http:\/\/batimedianews.com\/live\/index.php\/wp-json\/wp\/v2\/comments?post=24663"}],"version-history":[{"count":2,"href":"http:\/\/batimedianews.com\/live\/index.php\/wp-json\/wp\/v2\/posts\/24663\/revisions"}],"predecessor-version":[{"id":24722,"href":"http:\/\/batimedianews.com\/live\/index.php\/wp-json\/wp\/v2\/posts\/24663\/revisions\/24722"}],"wp:featuredmedia":[{"embeddable":true,"href":"http:\/\/batimedianews.com\/live\/index.php\/wp-json\/wp\/v2\/media\/24665"}],"wp:attachment":[{"href":"http:\/\/batimedianews.com\/live\/index.php\/wp-json\/wp\/v2\/media?parent=24663"}],"wp:term":[{"taxonomy":"category","embeddable":true,"href":"http:\/\/batimedianews.com\/live\/index.php\/wp-json\/wp\/v2\/categories?post=24663"},{"taxonomy":"post_tag","embeddable":true,"href":"http:\/\/batimedianews.com\/live\/index.php\/wp-json\/wp\/v2\/tags?post=24663"}],"curies":[{"name":"wp","href":"https:\/\/api.w.org\/{rel}","templated":true}]}}