{"id":24832,"date":"2022-11-16T10:23:36","date_gmt":"2022-11-16T09:23:36","guid":{"rendered":"http:\/\/batimedianews.com\/live\/?p=24832"},"modified":"2023-07-15T14:58:24","modified_gmt":"2023-07-15T12:58:24","slug":"artibat-2023-un-millesime-tres-prometteur-et-au-plus-proche-des-professionnels","status":"publish","type":"post","link":"http:\/\/batimedianews.com\/live\/index.php\/2022\/11\/16\/artibat-2023-un-millesime-tres-prometteur-et-au-plus-proche-des-professionnels\/","title":{"rendered":"ARTIBAT 2023 : un mill\u00e9sime tr\u00e8s prometteur et au plus proche des professionnels"},"content":{"rendered":"\n<div class=\"wp-block-image\"><figure class=\"alignright size-large\"><img loading=\"lazy\" width=\"720\" height=\"467\" src=\"https:\/\/i2.wp.com\/batimedianews.com\/live\/wp-content\/uploads\/2022\/11\/image-105.png?resize=720%2C467\" alt=\"\" class=\"wp-image-24834\" srcset=\"https:\/\/i2.wp.com\/batimedianews.com\/live\/wp-content\/uploads\/2022\/11\/image-105.png?w=940 940w, https:\/\/i2.wp.com\/batimedianews.com\/live\/wp-content\/uploads\/2022\/11\/image-105.png?resize=600%2C389 600w, https:\/\/i2.wp.com\/batimedianews.com\/live\/wp-content\/uploads\/2022\/11\/image-105.png?resize=768%2C498 768w, https:\/\/i2.wp.com\/batimedianews.com\/live\/wp-content\/uploads\/2022\/11\/image-105.png?resize=10%2C6 10w, https:\/\/i2.wp.com\/batimedianews.com\/live\/wp-content\/uploads\/2022\/11\/image-105.png?resize=432%2C280 432w, https:\/\/i2.wp.com\/batimedianews.com\/live\/wp-content\/uploads\/2022\/11\/image-105.png?resize=396%2C257 396w, https:\/\/i2.wp.com\/batimedianews.com\/live\/wp-content\/uploads\/2022\/11\/image-105.png?resize=660%2C428 660w, https:\/\/i2.wp.com\/batimedianews.com\/live\/wp-content\/uploads\/2022\/11\/image-105.png?resize=339%2C220 339w\" sizes=\"(max-width: 600px) 91vw, (max-width: 900px) 600px, (max-width: 1060px) 50vw, (max-width: 1200px) 520px, (max-width: 1400px) 43vw, 600px\" data-recalc-dims=\"1\" \/><\/figure><\/div>\n\n\n\n<p class=\"has-sm-light-tertiary-background-color has-background\"><strong>Avec 80 % de la surface d\u2019exposition occup\u00e9e \u00e0 un an de sa 18\u00e8me \u00e9dition et des secteurs d\u2019ores et d\u00e9j\u00e0 quasi complets, le salon des territoires ARTIBAT, port\u2002 par la CAPEB Pays de La Loire, confirme sa vocation de v\u00e9ritable plate-forme d\u2019\u00e9changes et d\u2019affaires, en prise directe avec les professionnels.<\/strong><\/p>\n\n\n\n<p>Salon de r\u00e9f\u00e9rence pour les professionnels du b\u00e2timent et des travaux publics depuis plus de trois d\u00e9cennies, ARTIBAT tiendra sa 18\u00e8me \u00e9dition au Parc Expo de Rennes les 18, 19 et 20 octobre 2023. R\u00e9unissant l\u2019exhaustivit\u00e9 de la chaine des professionnels (artisans, industriels, distributeurs et prescripteurs) qui construisent et qui r\u00e9novent, ARTIBAT s\u2019annonce d\u00e9j\u00e0 comme l\u2019\u00e9v\u00e8nement majeur de la construction en 2023.<\/p>\n\n\n\n<p>ARTIBAT et ses 65 000 m2 d\u2019exposition s\u2019impose en effet dans le paysage national avec 40 000 visiteurs attendus par les 1000 exposants r\u00e9partis sur 5 P\u00f4les : Gros oeuvre 14 000 m2, Second oeuvre 16 000 m2,\u2002\u00c9quipement 6 400 m2, Lot technique 8 600 m2 et Gros mat\u00e9riel TP sur 20 000 m2.<\/p>\n\n\n\n<p>L\u2019\u00e9dition 2023 ne va pas d\u00e9roger \u00e0 la r\u00e8gle et devrait \u00e0 nouveau confirmer son positionnement de salon de premier plan, o\u00f9 affaires et convivialit\u00e9 constituent les leviers d\u2019un rendez-vous incontournable.<\/p>\n\n\n\n<p>Ainsi, si ARTIBAT sera bien entendu l\u2019occasion de d\u00e9couvrir les nombreuses innovations des exposants, pr\u00e9cisons que la s\u00e9lection officielle du Jury d\u2019experts, mettant en lumi\u00e8re les nouveaut\u00e9s les plus pertinentes, utiles et performantes, commercialis\u00e9es depuis moins d\u2019un an, sera reconduite. D\u2019autres temps forts viendront jalonner cette 18\u00e8me \u00e9dition pour sensibiliser et accompagner les professionnels au coeur des enjeux sectoriels, d\u2019aujourd\u2019hui et de demain.<\/p>\n\n\n\n<div class=\"wp-block-image\"><figure class=\"alignleft size-large is-resized\"><img loading=\"lazy\" src=\"https:\/\/i2.wp.com\/batimedianews.com\/live\/wp-content\/uploads\/2022\/11\/image-106.png?resize=274%2C355\" alt=\"\" class=\"wp-image-24835\" width=\"274\" height=\"355\" srcset=\"https:\/\/i2.wp.com\/batimedianews.com\/live\/wp-content\/uploads\/2022\/11\/image-106.png?w=390 390w, https:\/\/i2.wp.com\/batimedianews.com\/live\/wp-content\/uploads\/2022\/11\/image-106.png?resize=8%2C10 8w, https:\/\/i2.wp.com\/batimedianews.com\/live\/wp-content\/uploads\/2022\/11\/image-106.png?resize=170%2C220 170w\" sizes=\"(max-width: 600px) 91vw, (max-width: 900px) 600px, (max-width: 1060px) 50vw, (max-width: 1200px) 520px, (max-width: 1400px) 43vw, 600px\" data-recalc-dims=\"1\" \/><\/figure><\/div>\n\n\n\n<p>Val\u00e9rie Sfartz, directrice g\u00e9n\u00e9rale d\u2019ARTIBAT, de pr\u00e9ciser : <em>\u00a0\u00bb Les projets que nous pr\u00e9parons pour ARTIBAT 2023 seront r\u00e9solument au plus proche des pr\u00e9occupations des professionnels et de leur quotidien pour les sensibiliser \u00e0 mieux construire, mieux r\u00e9nover dans une logique vertueuse pour l\u2019environnement .\u00a0\u00bb<\/em><\/p>\n\n\n\n<p><\/p>\n","protected":false},"excerpt":{"rendered":"<p>Avec 80 % de la surface d\u2019exposition occup\u00e9e \u00e0 un an de sa 18\u00e8me \u00e9dition et des secteurs d\u2019ores et d\u00e9j\u00e0 quasi complets, le salon des territoires ARTIBAT, port\u2002 par la CAPEB Pays de La Loire, confirme sa vocation de v\u00e9ritable plate-forme d\u2019\u00e9changes et d\u2019affaires, en prise directe avec les professionnels. Salon de r\u00e9f\u00e9rence pour [&hellip;]<\/p>\n","protected":false},"author":41,"featured_media":24837,"comment_status":"open","ping_status":"open","sticky":false,"template":"","format":"standard","meta":{"spay_email":""},"categories":[2,4,1899,1572,22,29,31,35,51,54,486,56,59,66,673,77,80,1061,89,449,93,779,108,124,128],"tags":[2201],"jetpack_featured_media_url":"https:\/\/i1.wp.com\/batimedianews.com\/live\/wp-content\/uploads\/2022\/11\/Artibat-Article.jpg?fit=1920%2C1080","jetpack_sharing_enabled":true,"jetpack_likes_enabled":true,"jetpack-related-posts":[{"id":319,"url":"http:\/\/batimedianews.com\/live\/index.php\/2018\/10\/16\/michel-brochu-artisan-menuisier-et-president-de-la-capeb-pays-de-la-loire-vous-invite-sur-artibat\/","url_meta":{"origin":24832,"position":0},"title":"Michel Brochu, artisan menuisier et pr\u00e9sident de la CAPEB Pays de la Loire, vous invite sur ARTIBAT","date":"16 octobre 2018","format":false,"excerpt":"\u00c0 une semaine du salon du b\u00e2timent et de la construction de l\u2019ouest, nous posons cinq questions \u00e0 Michel Brochu,\u00a0artisan menuisier et pr\u00e9sident de la CAPEB Pays de la Loire, qui organise le salon ARTIBAT et a \u00e0 coeur de repr\u00e9senter\u00a0toutes les entreprises du b\u00e2timent de la r\u00e9gion. Pourquoi les\u2026","rel":"","context":"Dans &quot;Artibat 2018&quot;","img":{"alt_text":"","src":"https:\/\/i1.wp.com\/batimedianews.com\/live\/wp-content\/uploads\/2018\/10\/artibat_image.jpg?fit=1016%2C617&resize=350%2C200","width":350,"height":200},"classes":[]},{"id":6007,"url":"http:\/\/batimedianews.com\/live\/index.php\/2020\/09\/24\/artibat-les-exposants-ont-repondu-presents-pour-ledition-2021\/","url_meta":{"origin":24832,"position":1},"title":"ARTIBAT : les exposants ont r\u00e9pondu pr\u00e9sents pour l\u2019\u00e9dition 2021","date":"24 septembre 2020","format":false,"excerpt":"Salon d\u2019affaires et des territoires par essence, ARTIBAT peut compter sur la fid\u00e9lit\u00e9 de ses exposants et le renouvellement de leur confiance suite au report du salon, initialement pr\u00e9vu en 2020, reprogramm\u00e9 aux 13, 14 et 15 octobre 2021. ARTIBAT, identifi\u00e9 comme une marque de confiance forte pour les industriels\u2026","rel":"","context":"Dans &quot;accessibilit\u00e9 Universelle&quot;","img":{"alt_text":"","src":"https:\/\/i2.wp.com\/batimedianews.com\/live\/wp-content\/uploads\/2020\/09\/artibat6.jpg?fit=937%2C937&resize=350%2C200","width":350,"height":200},"classes":[]},{"id":2842,"url":"http:\/\/batimedianews.com\/live\/index.php\/2019\/09\/26\/17eme-edition-du-salon-artibat-les-21-22-23-octobre-2020\/","url_meta":{"origin":24832,"position":2},"title":"17\u00e8me \u00e9dition du Salon ARTIBAT, les 21\/22\/23 octobre 2020","date":"26 septembre 2019","format":false,"excerpt":"Dynamique confirm\u00e9e pour l\u2019\u00e9v\u00e9nement f\u00e9d\u00e9rateur national de la fili\u00e8re BTP en 2020 Salon de r\u00e9f\u00e9rence et d\u2019affaires f\u00e9d\u00e9rant tous les deux ans les acteurs de la fili\u00e8re BTP, ARTIBAT s\u2019impose autant par sa dimension nationale due \u00e0 la pluralit\u00e9 et l\u2019envergure de ses exposants, que par les affaires g\u00e9n\u00e9r\u00e9es et\u2026","rel":"","context":"Dans &quot;Artibat 2020&quot;","img":{"alt_text":"","src":"https:\/\/i1.wp.com\/batimedianews.com\/live\/wp-content\/uploads\/2019\/09\/artibat6.jpg?fit=937%2C937&resize=350%2C200","width":350,"height":200},"classes":[]},{"id":13360,"url":"http:\/\/batimedianews.com\/live\/index.php\/2021\/10\/28\/artibat-2021-conforte-son-positionnement-de-salon-de-reference-pour-la-filiere\/","url_meta":{"origin":24832,"position":3},"title":"ARTIBAT 2021 conforte son positionnement de salon de r\u00e9f\u00e9rence pour la fili\u00e8re","date":"28 octobre 2021","format":false,"excerpt":"Dans un contexte de forte activit\u00e9 des entreprises, ARTIBAT 2021 a confirm\u00e9 toute sa dynamique avec plus de 900 exposants pour 39 852 visiteurs accueillis (dont 22 % le premier jour, 46 % le deuxi\u00e8me jour et 32 % le troisi\u00e8me jour). C\u00f4t\u00e9 r\u00e9partition, ARTIBAT conforte son positionnement habituel, avec\u2026","rel":"","context":"Dans &quot;Actualit\u00e9 Entreprises&quot;","img":{"alt_text":"","src":"https:\/\/i0.wp.com\/batimedianews.com\/live\/wp-content\/uploads\/2021\/10\/ARTIBAT-Article-1.jpg?fit=512%2C512&resize=350%2C200","width":350,"height":200},"classes":[]},{"id":13184,"url":"http:\/\/batimedianews.com\/live\/index.php\/2021\/10\/22\/demonstration-live-artibat-2021croissance-verte\/","url_meta":{"origin":24832,"position":4},"title":"D\u00c9MONSTRATION LIVE ARTIBAT 2021:CROISSANCE VERTE","date":"22 octobre 2021","format":false,"excerpt":"Croissance Verte pr\u00e9sente son accompagnement d\u00e9di\u00e9 aux professionnels du b\u00e2timent qualifi\u00e9s RGE lors du salon Artibat","rel":"","context":"Dans &quot;Artibat 2021&quot;","img":{"alt_text":"","src":"https:\/\/i2.wp.com\/batimedianews.com\/live\/wp-content\/uploads\/2021\/10\/CROISSANCE-VERTE_image.jpg?fit=1080%2C1080&resize=350%2C200","width":350,"height":200},"classes":[]},{"id":44474,"url":"http:\/\/batimedianews.com\/live\/index.php\/2025\/04\/17\/artibat-2025-pleins-phares-sur-les-premieres-tendances-et-les-animations-technologiques-au-service-des-professionnels-du-batiment\/","url_meta":{"origin":24832,"position":5},"title":"ARTIBAT 2025, Pleins phares sur les premi\u00e8res tendances et les animations technologiques au service des professionnels du b\u00e2timent","date":"17 avril 2025","format":false,"excerpt":"Plus grand \u00e9v\u00e8nement de la fili\u00e8re construction en 2025, Artibat tiendra sa 20\u00e8me \u00e9dition au Parc des Expositions de Rennes, du 22 au 24 octobre prochains. Malgr\u00e9 un contexte \u00e9conomique incertain, l\u2019incontournable rendez-vous d\u2019affaires des professionnels du BTP (1 000 exposants et 40 000 visiteurs) affiche d\u00e9j\u00e0 plus de 95%\u2026","rel":"","context":"Dans &quot;Actualit\u00e9 Entreprises&quot;","img":{"alt_text":"","src":"https:\/\/i0.wp.com\/batimedianews.com\/live\/wp-content\/uploads\/2025\/04\/Artibat.jpg?fit=825%2C825&resize=350%2C200","width":350,"height":200},"classes":[]}],"_links":{"self":[{"href":"http:\/\/batimedianews.com\/live\/index.php\/wp-json\/wp\/v2\/posts\/24832"}],"collection":[{"href":"http:\/\/batimedianews.com\/live\/index.php\/wp-json\/wp\/v2\/posts"}],"about":[{"href":"http:\/\/batimedianews.com\/live\/index.php\/wp-json\/wp\/v2\/types\/post"}],"author":[{"embeddable":true,"href":"http:\/\/batimedianews.com\/live\/index.php\/wp-json\/wp\/v2\/users\/41"}],"replies":[{"embeddable":true,"href":"http:\/\/batimedianews.com\/live\/index.php\/wp-json\/wp\/v2\/comments?post=24832"}],"version-history":[{"count":2,"href":"http:\/\/batimedianews.com\/live\/index.php\/wp-json\/wp\/v2\/posts\/24832\/revisions"}],"predecessor-version":[{"id":24873,"href":"http:\/\/batimedianews.com\/live\/index.php\/wp-json\/wp\/v2\/posts\/24832\/revisions\/24873"}],"wp:featuredmedia":[{"embeddable":true,"href":"http:\/\/batimedianews.com\/live\/index.php\/wp-json\/wp\/v2\/media\/24837"}],"wp:attachment":[{"href":"http:\/\/batimedianews.com\/live\/index.php\/wp-json\/wp\/v2\/media?parent=24832"}],"wp:term":[{"taxonomy":"category","embeddable":true,"href":"http:\/\/batimedianews.com\/live\/index.php\/wp-json\/wp\/v2\/categories?post=24832"},{"taxonomy":"post_tag","embeddable":true,"href":"http:\/\/batimedianews.com\/live\/index.php\/wp-json\/wp\/v2\/tags?post=24832"}],"curies":[{"name":"wp","href":"https:\/\/api.w.org\/{rel}","templated":true}]}}