{"id":24975,"date":"2022-11-23T12:47:55","date_gmt":"2022-11-23T11:47:55","guid":{"rendered":"http:\/\/batimedianews.com\/live\/?p=24975"},"modified":"2023-07-15T14:58:07","modified_gmt":"2023-07-15T12:58:07","slug":"sami-leve-4-millions-deuros-avec-plus-de-250-investisseurs-pour-accelerer-la-transition-bas-carbone-des-entreprises","status":"publish","type":"post","link":"http:\/\/batimedianews.com\/live\/index.php\/2022\/11\/23\/sami-leve-4-millions-deuros-avec-plus-de-250-investisseurs-pour-accelerer-la-transition-bas-carbone-des-entreprises\/","title":{"rendered":"Sami l\u00e8ve 4 millions d\u2019euros avec plus de 250 investisseurs pour acc\u00e9l\u00e9rer la transition bas-carbone des entreprises"},"content":{"rendered":"\n<p class=\"has-text-align-center\">\u25cf +400 entreprises utilisent la plateforme Sami pour mesurer et r\u00e9duire leur bilan carbone<\/p>\n\n\n\n<p class=\"has-text-align-center\">\u25cf 272 investisseurs ont rejoint l\u2019aventure Sami pour acc\u00e9l\u00e9rer le d\u00e9veloppement<\/p>\n\n\n\n<p class=\"has-text-align-center\">\u25cf La startup ouvre sa plateforme \u00e0 l\u2019ensemble des consultants carbone<\/p>\n\n\n\n<p class=\"has-text-align-center\">\u25cf Sami se lance sur le march\u00e9 belge et anglais d\u00e9but 2023<\/p>\n\n\n\n<p><em>Retour sur une lev\u00e9e de fonds pas vraiment comme les autres<\/em><\/p>\n\n\n\n<figure class=\"wp-block-image size-large\"><img loading=\"lazy\" width=\"720\" height=\"406\" src=\"https:\/\/i1.wp.com\/batimedianews.com\/live\/wp-content\/uploads\/2022\/11\/image-140.png?resize=720%2C406\" alt=\"\" class=\"wp-image-24976\" srcset=\"https:\/\/i1.wp.com\/batimedianews.com\/live\/wp-content\/uploads\/2022\/11\/image-140.png?resize=1024%2C577 1024w, https:\/\/i1.wp.com\/batimedianews.com\/live\/wp-content\/uploads\/2022\/11\/image-140.png?resize=600%2C338 600w, https:\/\/i1.wp.com\/batimedianews.com\/live\/wp-content\/uploads\/2022\/11\/image-140.png?resize=768%2C433 768w, https:\/\/i1.wp.com\/batimedianews.com\/live\/wp-content\/uploads\/2022\/11\/image-140.png?resize=10%2C6 10w, https:\/\/i1.wp.com\/batimedianews.com\/live\/wp-content\/uploads\/2022\/11\/image-140.png?resize=432%2C244 432w, https:\/\/i1.wp.com\/batimedianews.com\/live\/wp-content\/uploads\/2022\/11\/image-140.png?resize=396%2C223 396w, https:\/\/i1.wp.com\/batimedianews.com\/live\/wp-content\/uploads\/2022\/11\/image-140.png?resize=660%2C372 660w, https:\/\/i1.wp.com\/batimedianews.com\/live\/wp-content\/uploads\/2022\/11\/image-140.png?resize=390%2C220 390w, https:\/\/i1.wp.com\/batimedianews.com\/live\/wp-content\/uploads\/2022\/11\/image-140.png?w=1036 1036w\" sizes=\"(max-width: 600px) 91vw, (max-width: 900px) 600px, (max-width: 1060px) 50vw, (max-width: 1200px) 520px, (max-width: 1400px) 43vw, 600px\" data-recalc-dims=\"1\" \/><\/figure>\n\n\n\n<p>Paris, le 22 Novembre 2022 \u2013 \u201cLa transformation rapide des soci\u00e9t\u00e9s est la seule option possible au vu des progr\u00e8s insuffisants en mati\u00e8re d&rsquo;action climatique\u201d. C\u2019est le constat du <strong>dernier rapport<\/strong> du Programme des Nations Unies pour l&rsquo;environnement (PNUE). Il montre une fois de plus qu\u2019il faut agir vite et de mani\u00e8re collective afin de limiter au maximum l\u2019impact n\u00e9gatif du changement climatique, <strong>qui s\u2019annonce pire que pr\u00e9vu<\/strong>.<\/p>\n\n\n\n<p>\u201cLes entreprises sont capables d\u2019aller vite, elles peuvent mobiliser leurs collaborateurs qui sont aussi des citoyens. Il faut leur donner les outils n\u00e9cessaires pour facilement mesurer et r\u00e9duire leur impact carbone et agir pour le climat. Il faut le faire \u00e0 l\u2019\u00e9chelle, en embarquant un maximum d\u2019entreprises de toutes tailles et tous secteurs. Pour y arriver, il faut jouer collectif. C\u2019est notre vision chez Sami\u201d d\u00e9clare Tanguy Robert, co-fondateur.<\/p>\n\n\n\n<p>Le collectif est au coeur de l\u2019ADN de Sami, y compris en mati\u00e8re de capital.<\/p>\n\n\n\n<p>La startup annonce aujourd\u2019hui une lev\u00e9e de fonds atypique puisqu\u2019elle r\u00e9unit 272 investisseurs pour un montant de 4 millions d\u2019euros, sans fonds d\u2019investissement de capital-risque.<\/p>\n\n\n\n<p><strong>Une lev\u00e9e de fonds atypique, r\u00e9v\u00e9latrice de l\u2019ADN Sami<\/strong><\/p>\n\n\n\n<p>Cette lev\u00e9e de fonds late seed comprend pr\u00e9cis\u00e9ment 3,8M\u20ac d\u2019equity et 200k\u20ac de Bpifrance.<\/p>\n\n\n\n<p>Parmi les 272 investisseurs qui ont rejoint l\u2019aventure Sami, on compte 3 family offices, 42 business angels et 227 personnes via la plateforme de financement participatif Tudigo. On y retrouve beaucoup de clients Sami comme les fondateurs de Sellsy Alain Mevellec et Fr\u00e9d\u00e9ric Coulais, le fondateur de Morning <strong>Cl\u00e9ment Alteresco<\/strong> ou encore le fondateur d\u2019Effy <strong>Fr\u00e9d\u00e9ric Utzmann<\/strong>. Coline Debayle (Artips, Time for the Planet) et <strong>Thibault Lamarque<\/strong> (Castalie) participent \u00e9galement au tour.<\/p>\n\n\n\n<p><em>\u201cOn ne gagnera pas la lutte contre le changement climatique sans le pouvoir du nombre et les effets de r\u00e9seaux\u201d<\/em> d\u00e9clare <strong>Nicolas Crestin, co-fondateur de Sami.<\/strong> <em>\u201cAu-del\u00e0 de cette lev\u00e9e de fonds participative, nous avons \u00e0 coeur d\u2019ouvrir au plus grand nombre nos solutions et nos m\u00e9thodologies pour accompagner un maximum d\u2019entreprises vers une d\u00e9marche bas carbone. \u201c<\/em><\/p>\n\n\n\n<p>En effet, Sami a fait le choix d\u2019ouvrir sa solution \u00e0 l\u2019ensemble des cabinets de conseil et consultants ind\u00e9pendants, qui accompagnent de plus en plus leurs clients dans leur d\u00e9carbonation. C\u2019est l\u2019offre <strong>Sami Pro<\/strong>, lanc\u00e9e en beta \u00e0 l\u2019\u00e9t\u00e9 2022.<\/p>\n\n\n\n<p>Sami a \u00e9galement cr\u00e9\u00e9 un wikipedia open-source de comptabilit\u00e9 carbone, le <strong>Plan Carbone G\u00e9n\u00e9ral<\/strong>.<\/p>\n\n\n\n<p>Cette base documentaire est aujourd\u2019hui enrichie \u00e0 travers la communaut\u00e9 <strong>Open Carbon Practice<\/strong>, lanc\u00e9e en octobre dernier et regroupant plus de 150 professionnels de la comptabilit\u00e9 carbone. Le but est d\u2019en faire un socle m\u00e9thodologique commun pour que la profession compte mieux les \u00e9missions de gaz \u00e0 effet de serre. Mieux compter, pour mieux r\u00e9duire !<\/p>\n\n\n\n<p><strong>4 millions pour acc\u00e9l\u00e9rer la transition bas-carbone des entreprises<\/strong><\/p>\n\n\n\n<p>Sami accompagne plus de 400 entreprises en 2 ans d\u2019existence (Doctolib, Michel et Augustin, 20 Minutes, Showroompriv\u00e9\u2026) gr\u00e2ce \u00e0 une solution logicielle coupl\u00e9e \u00e0 un accompagnement d\u00e9di\u00e9\u2002d\u2019experts climat qui permet aujourd\u2019hui de piloter plus de 4 millions de tonnes de C02.<\/p>\n\n\n\n<p>Gr\u00e2ce \u00e0 ces 4 millions d\u2019euros, la climate-tech fran\u00e7aise va pouvoir continuer \u00e0 investir dans le d\u00e9veloppement de nouvelles fonctionnalit\u00e9s sur sa plateforme pour simplifier au maximum le calcul carbone et l\u2019impl\u00e9mentation d\u2019un plan de d\u00e9carbonation. Sami va \u00e9galement lancer officiellement son offre Sami Pro aupr\u00e8s des consultants carbone et s\u2019\u00e9tendre \u00e0 l\u2019\u00e9tranger : Royaume-Uni et Belgique sont pr\u00e9vus d\u00e9but 2023, avant un \u00e9ventuel lancement aux Etats-Unis, \u00e0 l\u2019\u00e9tude.<\/p>\n\n\n\n<p>Objectif : embarquer 1500 entreprises et 300 consultants carbone sur la plateforme d\u2019ici fin 2023 !<\/p>\n\n\n\n<p>Sami compte aujourd\u2019hui une quarantaine de collaborateurs partout en France et pr\u00e9voit de recruter environ 50 personnes en 2023.<\/p>\n\n\n\n<p><strong><em>A propos de Sami<\/em><\/strong><\/p>\n\n\n\n<p>Lanc\u00e9e au mois de mars 2020, la start-up fran\u00e7aise Sami d\u00e9ploie son expertise climat via sa plateforme technologique et son accompagnement individualis\u00e9 aupr\u00e8s de plus de 400 clients (PME, ETI, grands groupes) soucieux de mesurer et de r\u00e9duire leurs \u00e9missions de CO2.<\/p>\n\n\n\n<p>Sami est un acteur majeur de la comptabilit\u00e9 carbone en France et a notamment cr\u00e9\u00e9 le Plan Carbone G\u00e9n\u00e9ral, un guide open-source de r\u00e9f\u00e9rence permettant \u00e0 l\u2019ensemble des acteurs d\u2019am\u00e9liorer et d\u2019acc\u00e9l\u00e9rer la r\u00e9alisation de bilans carbone pour les entreprises.<\/p>\n","protected":false},"excerpt":{"rendered":"<p>\u25cf +400 entreprises utilisent la plateforme Sami pour mesurer et r\u00e9duire leur bilan carbone \u25cf 272 investisseurs ont rejoint l\u2019aventure Sami pour acc\u00e9l\u00e9rer le d\u00e9veloppement \u25cf La startup ouvre sa plateforme \u00e0 l\u2019ensemble des consultants carbone \u25cf Sami se lance sur le march\u00e9 belge et anglais d\u00e9but 2023 Retour sur une lev\u00e9e de fonds pas [&hellip;]<\/p>\n","protected":false},"author":41,"featured_media":24978,"comment_status":"open","ping_status":"open","sticky":false,"template":"","format":"standard","meta":{"spay_email":""},"categories":[4,16,486,77,1727,122,124,895],"tags":[2209,1063],"jetpack_featured_media_url":"https:\/\/i2.wp.com\/batimedianews.com\/live\/wp-content\/uploads\/2022\/11\/Sami-Article.jpg?fit=1920%2C1080","jetpack_sharing_enabled":true,"jetpack_likes_enabled":true,"jetpack-related-posts":[{"id":25653,"url":"http:\/\/batimedianews.com\/live\/index.php\/2023\/01\/26\/hirsch-isolation-et-kompozite-sallient-pour-diffuser-la-donnee-carbone-individuelle-de-pres-de-1-000-isolants\/","url_meta":{"origin":24975,"position":0},"title":"HIRSCH Isolation et Kompozite s\u2019allient pour diffuser la donn\u00e9e carbone individuelle de pr\u00e8s de 1 000 isolants","date":"26 janvier 2023","format":false,"excerpt":"Depuis le 1er janvier 2022, la RE2020 est entr\u00e9e en vigueur en France et impose aux concepteurs et aux constructeurs des b\u00e2timents neufs d\u2019optimiser l\u2019empreinte carbone de leurs projets. La r\u00e9glementation pr\u00e9voit, en outre, des seuils \u00e0 ne pas d\u00e9passer, avec une trajectoire de d\u00e9carbonation de -35 % dans les\u2026","rel":"","context":"Dans &quot;Actualit\u00e9 Entreprises&quot;","img":{"alt_text":"","src":"https:\/\/i0.wp.com\/batimedianews.com\/live\/wp-content\/uploads\/2023\/01\/Hirsch-isolation-Article-1.png?fit=1146%2C447&resize=350%2C200","width":350,"height":200},"classes":[]},{"id":46677,"url":"http:\/\/batimedianews.com\/live\/index.php\/2025\/09\/25\/mecanisme-dajustement-carbone-aux-frontieres-cemineu-reaffirme-son-soutien-a-un-dispositif-indispensable-pour-soutenir-la-transition-bas-carbone-du-ciment\/","url_meta":{"origin":24975,"position":1},"title":"M\u00c9CANISME D&rsquo;AJUSTEMENT CARBONE AUX FRONTI\u00c8RES &#8211; CEM&rsquo;IN&rsquo;EU r\u00e9affirme son soutien \u00e0 un dispositif indispensable pour soutenir la transition bas carbone du ciment","date":"25 septembre 2025","format":false,"excerpt":"Nantes, le\u00a015\u00a0septembre 2025\u00a0-\u00a0Le 1er\u00a0janvier 2026, le m\u00e9canisme d'ajustement carbone aux fronti\u00e8res\u00a0(MACF ou CBAM en anglais)\u00a0de l'Union\u00a0Europ\u00e9enne\u00a0entrera\u00a0effectivement\u00a0dans sa phase op\u00e9rationnelle.\u00a0Avec le march\u00e9 europ\u00e9en du carbone (ETS), l'UE\u00a0est d\u00e9sormais dot\u00e9e\u00a0des outils indispensables \u00e0 l'atteinte de ses objectifs de d\u00e9carbonation de l'industrie, tout en pr\u00e9servant la comp\u00e9titivit\u00e9 des acteurs en Europe. Les politiques\u2026","rel":"","context":"Dans &quot;Actualit\u00e9 Entreprises&quot;","img":{"alt_text":"","src":"https:\/\/i0.wp.com\/batimedianews.com\/live\/wp-content\/uploads\/2025\/09\/Cemineuarticle.jpg?fit=825%2C825&resize=350%2C200","width":350,"height":200},"classes":[]},{"id":15320,"url":"http:\/\/batimedianews.com\/live\/index.php\/2022\/01\/31\/kompozite-la-plateforme-digitale-daide-a-la-conception-de-batiments-bas-carbone\/","url_meta":{"origin":24975,"position":2},"title":"Kompozite, la plateforme digitale d\u2019aide \u00e0 la conception de b\u00e2timents bas carbone","date":"31 janvier 2022","format":false,"excerpt":"Kompozite, start-up fran\u00e7aise engag\u00e9e dans la transition vers le b\u00e2timent durable Contexte Avec plus de 30% des \u00e9missions nationales de gaz \u00e0 effet de serre et pr\u00e8s de la moiti\u00e9 des consommations d'\u00e9nergie finale, le secteur du B\u00e2timent est l'un des plus gros contributeurs au r\u00e9chauffement climatique. L'\u00c9tat fran\u00e7ais, avec\u2026","rel":"","context":"Dans &quot;Actualit\u00e9 Entreprises&quot;","img":{"alt_text":"","src":"https:\/\/i0.wp.com\/batimedianews.com\/live\/wp-content\/uploads\/2022\/01\/kompozite-Article.jpg?fit=512%2C512&resize=350%2C200","width":350,"height":200},"classes":[]},{"id":49634,"url":"http:\/\/batimedianews.com\/live\/index.php\/2026\/03\/17\/jackodure-et-jackoboard-des-solutions-certifiees-pour-accelerer-la-transition-bas-carbonne\/","url_meta":{"origin":24975,"position":3},"title":"JACKODUR\u00ae et JACKOBOARD\u00ae : des solutions certifi\u00e9es REDcert\u00b2 pour acc\u00e9l\u00e9rer la transition bas carbone","date":"17 mars 2026","format":false,"excerpt":"NOUVEAU : les gammes JACKODUR\u00ae et JACKOBOARD\u00ae confirment officiellement leur trajectoire bas carbone. Des solutions d\u00e9sormais certifi\u00e9es REDcert\u00b2 int\u00e9grant du polystyr\u00e8ne recycl\u00e9, pour des performances inchang\u00e9es et une empreinte carbone r\u00e9duite jusqu\u2019\u00e0 \u2013 67 %.\u00a0 JACKON Insulation by BEWI inscrit d\u00e9sormais officiellement ses gammes JACKODUR\u00ae et JACKOBOARD\u00ae\u00a0 dans une trajectoire\u2026","rel":"","context":"Dans &quot;Actualit\u00e9 Entreprises&quot;","img":{"alt_text":"","src":"https:\/\/i1.wp.com\/batimedianews.com\/live\/wp-content\/uploads\/2026\/03\/Jackon.jpg?fit=825%2C825&resize=350%2C200","width":350,"height":200},"classes":[]},{"id":33319,"url":"http:\/\/batimedianews.com\/live\/index.php\/2023\/11\/24\/engie-solutions-et-credit-agricole-transitions-et-energies-sassocient-pour-faciliter-lacces-aux-marches-globaux-de-performance-energetique-des-batiments-publics\/","url_meta":{"origin":24975,"position":4},"title":"ENGIE Solutions et Cr\u00e9dit Agricole Transitions et Energies s\u2019associent pour faciliter l\u2019acc\u00e8s aux March\u00e9s Globaux de Performance \u00c9nerg\u00e9tique des b\u00e2timents publics","date":"24 novembre 2023","format":false,"excerpt":"Mercredi 22 novembre - A l\u2019occasion du Salon des Maires et des Collectivit\u00e9s Locales, Damien T\u00e9rouanne, Directeur G\u00e9n\u00e9ral D\u00e9l\u00e9gu\u00e9 ENGIE Solutions et Eric Campos, Directeur g\u00e9n\u00e9ral de Cr\u00e9dit Agricole Transitions & \u00c9nergies ont sign\u00e9 un protocole d\u2019accord en vue de proposer une offre de paiement diff\u00e9r\u00e9 aux collectivit\u00e9s souhaitant lancer\u2026","rel":"","context":"Dans &quot;Actualit\u00e9 Entreprises&quot;","img":{"alt_text":"","src":"https:\/\/i0.wp.com\/batimedianews.com\/live\/wp-content\/uploads\/2023\/11\/CA_EngieImage-articles.jpg?fit=825%2C825&resize=350%2C200","width":350,"height":200},"classes":[]},{"id":8538,"url":"http:\/\/batimedianews.com\/live\/index.php\/2021\/03\/09\/nouvelles-solutions-constructives-en-beton-bas-carbone-developpees-sous-la-marque-lowcarbotys-pour-diminuer-lempreinte-carbone-du-beton\/","url_meta":{"origin":24975,"position":5},"title":"Nouvelles solutions constructives en b\u00e9ton bas carbone  d\u00e9velopp\u00e9es sous la marque LOWCARBOTYS\u00ae   pour diminuer l\u2019empreinte carbone du b\u00e9ton","date":"9 mars 2021","format":false,"excerpt":"La recherche de solutions permettant de diminuer l\u2019empreinte carbone des syst\u00e8mes constructifs en b\u00e9ton figure parmi les priorit\u00e9s du Cerib. Des travaux exp\u00e9rimentaux lanc\u00e9s \u00e0 la demande de l\u2019Industrie du B\u00e9ton sont initi\u00e9s dans ce sens. Ils s\u2019appuient notamment sur des collaborations avec l\u2019IMT de Douai et d\u2019Al\u00e8s, concr\u00e9tis\u00e9es par\u2026","rel":"","context":"Dans &quot;Actualit\u00e9 Entreprises&quot;","img":{"alt_text":"","src":"https:\/\/i0.wp.com\/batimedianews.com\/live\/wp-content\/uploads\/2021\/02\/image-178.png?fit=734%2C470&resize=350%2C200","width":350,"height":200},"classes":[]}],"_links":{"self":[{"href":"http:\/\/batimedianews.com\/live\/index.php\/wp-json\/wp\/v2\/posts\/24975"}],"collection":[{"href":"http:\/\/batimedianews.com\/live\/index.php\/wp-json\/wp\/v2\/posts"}],"about":[{"href":"http:\/\/batimedianews.com\/live\/index.php\/wp-json\/wp\/v2\/types\/post"}],"author":[{"embeddable":true,"href":"http:\/\/batimedianews.com\/live\/index.php\/wp-json\/wp\/v2\/users\/41"}],"replies":[{"embeddable":true,"href":"http:\/\/batimedianews.com\/live\/index.php\/wp-json\/wp\/v2\/comments?post=24975"}],"version-history":[{"count":2,"href":"http:\/\/batimedianews.com\/live\/index.php\/wp-json\/wp\/v2\/posts\/24975\/revisions"}],"predecessor-version":[{"id":25006,"href":"http:\/\/batimedianews.com\/live\/index.php\/wp-json\/wp\/v2\/posts\/24975\/revisions\/25006"}],"wp:featuredmedia":[{"embeddable":true,"href":"http:\/\/batimedianews.com\/live\/index.php\/wp-json\/wp\/v2\/media\/24978"}],"wp:attachment":[{"href":"http:\/\/batimedianews.com\/live\/index.php\/wp-json\/wp\/v2\/media?parent=24975"}],"wp:term":[{"taxonomy":"category","embeddable":true,"href":"http:\/\/batimedianews.com\/live\/index.php\/wp-json\/wp\/v2\/categories?post=24975"},{"taxonomy":"post_tag","embeddable":true,"href":"http:\/\/batimedianews.com\/live\/index.php\/wp-json\/wp\/v2\/tags?post=24975"}],"curies":[{"name":"wp","href":"https:\/\/api.w.org\/{rel}","templated":true}]}}