{"id":24979,"date":"2022-11-25T08:24:16","date_gmt":"2022-11-25T07:24:16","guid":{"rendered":"http:\/\/batimedianews.com\/live\/?p=24979"},"modified":"2023-07-15T14:58:07","modified_gmt":"2023-07-15T12:58:07","slug":"premier-bilan-de-lannee-2022","status":"publish","type":"post","link":"http:\/\/batimedianews.com\/live\/index.php\/2022\/11\/25\/premier-bilan-de-lannee-2022\/","title":{"rendered":"Premier bilan de l\u2019ann\u00e9e 2022"},"content":{"rendered":"\n<p><strong>Dressant un premier bilan de l\u2019exercice 2022, Markus Stump, Directeur G\u00e9n\u00e9ral d\u2019H\u00f6rmann France, confirme que la dynamique du march\u00e9 fran\u00e7ais lui permet d\u2019atteindre les objectifs fix\u00e9s, toutes activit\u00e9s confondues, Habitat, Industrie &amp; Services.&nbsp;<\/strong><\/p>\n\n\n\n<figure class=\"wp-block-image size-large\"><img loading=\"lazy\" width=\"720\" height=\"388\" src=\"https:\/\/i1.wp.com\/batimedianews.com\/live\/wp-content\/uploads\/2022\/11\/image-141.png?resize=720%2C388\" alt=\"\" class=\"wp-image-24980\" srcset=\"https:\/\/i1.wp.com\/batimedianews.com\/live\/wp-content\/uploads\/2022\/11\/image-141.png?resize=1024%2C552 1024w, https:\/\/i1.wp.com\/batimedianews.com\/live\/wp-content\/uploads\/2022\/11\/image-141.png?resize=600%2C323 600w, https:\/\/i1.wp.com\/batimedianews.com\/live\/wp-content\/uploads\/2022\/11\/image-141.png?resize=768%2C414 768w, https:\/\/i1.wp.com\/batimedianews.com\/live\/wp-content\/uploads\/2022\/11\/image-141.png?resize=1536%2C828 1536w, https:\/\/i1.wp.com\/batimedianews.com\/live\/wp-content\/uploads\/2022\/11\/image-141.png?resize=2048%2C1104 2048w, https:\/\/i1.wp.com\/batimedianews.com\/live\/wp-content\/uploads\/2022\/11\/image-141.png?resize=10%2C5 10w, https:\/\/i1.wp.com\/batimedianews.com\/live\/wp-content\/uploads\/2022\/11\/image-141.png?resize=432%2C233 432w, https:\/\/i1.wp.com\/batimedianews.com\/live\/wp-content\/uploads\/2022\/11\/image-141.png?resize=396%2C213 396w, https:\/\/i1.wp.com\/batimedianews.com\/live\/wp-content\/uploads\/2022\/11\/image-141.png?resize=1120%2C603 1120w, https:\/\/i1.wp.com\/batimedianews.com\/live\/wp-content\/uploads\/2022\/11\/image-141.png?resize=660%2C356 660w, https:\/\/i1.wp.com\/batimedianews.com\/live\/wp-content\/uploads\/2022\/11\/image-141.png?resize=408%2C220 408w, https:\/\/i1.wp.com\/batimedianews.com\/live\/wp-content\/uploads\/2022\/11\/image-141.png?w=1440 1440w, https:\/\/i1.wp.com\/batimedianews.com\/live\/wp-content\/uploads\/2022\/11\/image-141.png?w=2160 2160w\" sizes=\"(max-width: 600px) 91vw, (max-width: 900px) 600px, (max-width: 1060px) 50vw, (max-width: 1200px) 520px, (max-width: 1400px) 43vw, 600px\" data-recalc-dims=\"1\" \/><figcaption>H\u00f6rmann propose une large gamme de portes d\u2019int\u00e9rieur neutres en carbone.<\/figcaption><\/figure>\n\n\n\n<p>Dans le d\u00e9tail, si l\u2019activit\u00e9 Habitat (portes d\u2019entr\u00e9e, portes de garage, motorisation) a v\u00e9cu un d\u00e9marrage en trombe, \u00e0 l\u2018instar de l\u2019ann\u00e9e 2021, elle s\u2019est caract\u00e9ris\u00e9e par un coup de frein vers juin, puis par un tassement des nouvelles commandes, stabilis\u00e9 sur les derniers mois. Une l\u00e9g\u00e8re d\u00e9ception pour ce segment note toutefois Markus Stump, m\u00eame s\u2019il pond\u00e8re que l\u2019objectif 2022 \u00e9tait ambitieux, l\u2019activit\u00e9 Habitat s\u2019inscrit dans la lign\u00e9e d\u2019une tr\u00e8s belle ann\u00e9e 2021. Pr\u00e9cisons de plus que Tubauto a de son c\u00f4t\u00e9 suivi la tendance de l\u2019activit\u00e9 H\u00f6rmann Habitat avec une surprise \u00e0 la cl\u00e9 : la nette progression des volumes dans la porte de garage basculante, certes, un produit basique mais toujours demand\u00e9.<\/p>\n\n\n\n<p>C\u00f4t\u00e9 Industrie et Service, le dynamisme a \u00e9t\u00e9 constant tout au long de l\u2019ann\u00e9e, malgr\u00e9 d\u2019\u00e9normes difficult\u00e9s d\u2019approvisionnements en mati\u00e8res premi\u00e8res et composants \u00e9lectriques (des constats \u00e9galement valables pour la branche Habitat).&nbsp;<\/p>\n\n\n\n<p>Une tendance qui s\u2019inscrit aussi en probable reflet des premiers r\u00e9sultats de la r\u00e9organisation initi\u00e9e il y a un an. Rappelons que celle-ci reposait notamment sur la mise en avant de deux activit\u00e9s H\u00f6rmann distinctes (Habitat et Industrie &amp; Service), par la cr\u00e9ation d\u2019une agence centralis\u00e9e et d\u00e9di\u00e9e \u00e0 l\u2019activit\u00e9 Industrie et Service, ainsi que par la cr\u00e9ation d\u2019une plateforme logistique unique sur Sens, int\u00e9gr\u00e9e chez Tubauto. Mentionnons d\u2019ailleurs qu\u2019une extension de 5 000 m2 couverts de cette plate-forme est d\u2019ores et d\u00e9j\u00e0 annonc\u00e9e pour 2023\/2024.&nbsp;<\/p>\n\n\n\n<p>Autres b\u00e9n\u00e9fices de cette r\u00e9organisation selon Markus Stump, la structuration et l\u2019optimisation des \u00e9quipes, aux comp\u00e9tences d\u00e9di\u00e9es et r\u00e9pondant aux enjeux, qui ont su monter leur niveau d\u2019exigence, en d\u00e9veloppant polyvalence et m\u00e9thode.<\/p>\n\n\n\n<p>Nouvelle illustration de cette strat\u00e9gie d\u2019intensification de services, H\u00f6rmann annonce \u00e9galement la future cr\u00e9ation d\u2019un centre de formation m\u00ealant th\u00e9orique et pratique, sur sa business unit Industrie &amp; Service de Lyon. Un centre qui permettra de former \u00e0 la fois les propres collaborateurs et techniciens H\u00f6rmann mais \u00e9galement les clients sur un espace d\u00e9volu de 300 m\u00b2 pour la partie pratique.<\/p>\n\n\n\n<figure class=\"wp-block-image size-large\"><img loading=\"lazy\" width=\"720\" height=\"232\" src=\"https:\/\/i2.wp.com\/batimedianews.com\/live\/wp-content\/uploads\/2022\/11\/image-142.png?resize=720%2C232\" alt=\"\" class=\"wp-image-24981\" srcset=\"https:\/\/i2.wp.com\/batimedianews.com\/live\/wp-content\/uploads\/2022\/11\/image-142.png?w=776 776w, https:\/\/i2.wp.com\/batimedianews.com\/live\/wp-content\/uploads\/2022\/11\/image-142.png?resize=600%2C193 600w, https:\/\/i2.wp.com\/batimedianews.com\/live\/wp-content\/uploads\/2022\/11\/image-142.png?resize=768%2C247 768w, https:\/\/i2.wp.com\/batimedianews.com\/live\/wp-content\/uploads\/2022\/11\/image-142.png?resize=10%2C3 10w, https:\/\/i2.wp.com\/batimedianews.com\/live\/wp-content\/uploads\/2022\/11\/image-142.png?resize=432%2C139 432w, https:\/\/i2.wp.com\/batimedianews.com\/live\/wp-content\/uploads\/2022\/11\/image-142.png?resize=396%2C128 396w, https:\/\/i2.wp.com\/batimedianews.com\/live\/wp-content\/uploads\/2022\/11\/image-142.png?resize=660%2C213 660w, https:\/\/i2.wp.com\/batimedianews.com\/live\/wp-content\/uploads\/2022\/11\/image-142.png?resize=683%2C220 683w\" sizes=\"(max-width: 600px) 91vw, (max-width: 900px) 600px, (max-width: 1060px) 50vw, (max-width: 1200px) 520px, (max-width: 1400px) 43vw, 600px\" data-recalc-dims=\"1\" \/><figcaption>Le Centre de Formation Industrie &amp; Service sera dot\u00e9 d\u2019\u00e9quipements en situation pour la partie pratique.<\/figcaption><\/figure>\n\n\n\n<div class=\"wp-block-image\"><figure class=\"alignleft size-large is-resized\"><img loading=\"lazy\" src=\"https:\/\/i2.wp.com\/batimedianews.com\/live\/wp-content\/uploads\/2022\/11\/image-144.png?resize=213%2C213\" alt=\"\" class=\"wp-image-24983\" width=\"213\" height=\"213\" srcset=\"https:\/\/i2.wp.com\/batimedianews.com\/live\/wp-content\/uploads\/2022\/11\/image-144.png?resize=1024%2C1024 1024w, https:\/\/i2.wp.com\/batimedianews.com\/live\/wp-content\/uploads\/2022\/11\/image-144.png?resize=600%2C600 600w, https:\/\/i2.wp.com\/batimedianews.com\/live\/wp-content\/uploads\/2022\/11\/image-144.png?resize=300%2C300 300w, https:\/\/i2.wp.com\/batimedianews.com\/live\/wp-content\/uploads\/2022\/11\/image-144.png?resize=768%2C768 768w, https:\/\/i2.wp.com\/batimedianews.com\/live\/wp-content\/uploads\/2022\/11\/image-144.png?resize=1536%2C1536 1536w, https:\/\/i2.wp.com\/batimedianews.com\/live\/wp-content\/uploads\/2022\/11\/image-144.png?resize=2048%2C2048 2048w, https:\/\/i2.wp.com\/batimedianews.com\/live\/wp-content\/uploads\/2022\/11\/image-144.png?resize=10%2C10 10w, https:\/\/i2.wp.com\/batimedianews.com\/live\/wp-content\/uploads\/2022\/11\/image-144.png?resize=432%2C432 432w, https:\/\/i2.wp.com\/batimedianews.com\/live\/wp-content\/uploads\/2022\/11\/image-144.png?resize=396%2C396 396w, https:\/\/i2.wp.com\/batimedianews.com\/live\/wp-content\/uploads\/2022\/11\/image-144.png?resize=1120%2C1120 1120w, https:\/\/i2.wp.com\/batimedianews.com\/live\/wp-content\/uploads\/2022\/11\/image-144.png?resize=660%2C660 660w, https:\/\/i2.wp.com\/batimedianews.com\/live\/wp-content\/uploads\/2022\/11\/image-144.png?resize=220%2C220 220w, https:\/\/i2.wp.com\/batimedianews.com\/live\/wp-content\/uploads\/2022\/11\/image-144.png?w=1440 1440w, https:\/\/i2.wp.com\/batimedianews.com\/live\/wp-content\/uploads\/2022\/11\/image-144.png?w=2160 2160w\" sizes=\"(max-width: 600px) 91vw, (max-width: 900px) 600px, (max-width: 1060px) 50vw, (max-width: 1200px) 520px, (max-width: 1400px) 43vw, 600px\" data-recalc-dims=\"1\" \/><\/figure><\/div>\n\n\n\n<p>&nbsp;Markus Stump de pr\u00e9ciser : \u00ab <em>Comme tous les industriels qui d\u00e9pendent \u00e9norm\u00e9ment des mati\u00e8res premi\u00e8res comme l\u2019acier et l\u2019aluminium, nous avons subi une explosion de nos prix d\u2019achats que nous avons pu r\u00e9percuter seulement pour partie \u00e0 nos clients. Se sont rajout\u00e9s encore les composants \u00e9lectroniques, les emballages en carton et plastique, etc. Sans parler de l\u2019impact \u00e9nerg\u00e9tique &#8211; pas encore fini \u2013 et, par d\u00e9finition, non encore r\u00e9percut\u00e9 dans les prix, tout comme l\u2019impact des hausses de salaires pr\u00e9vues en 2023. \u00bb <\/em>Et de conclure, <em>\u00ab Le march\u00e9 fran\u00e7ais est toujours aussi dynamique et nous permet d\u2019atteindre notre budget fix\u00e9 pour 2022 <\/em>\u00bb.&nbsp;<\/p>\n\n\n\n<p class=\"has-medium-font-size\"><strong>H\u00f6rmann : une d\u00e9marche environnementale et de d\u00e9carbonation exemplaire<\/strong><\/p>\n\n\n\n<p>Rappelons qu\u2019H\u00f6rmann s\u2019av\u00e8re d\u00e9j\u00e0 op\u00e9rationnel pour la RE2020 et la r\u00e9duction des \u00e9missions de carbone, avec une gamme compl\u00e8te de portes int\u00e9rieures neutres en carbone. Un des objectifs du Groupe est d\u2019ailleurs de proposer \u00e0 termes, une offre compl\u00e8te, Habitat et Industrie, d\u00e9carbon\u00e9e. Et les initiatives vertueuses du Groupe en faveur de la d\u00e9carbonation sont l\u00e9gion. Outre une d\u00e9marche ISO 50.001 en cours de d\u00e9ploiement devant g\u00e9n\u00e9rer un gain \u00e9nerg\u00e9tique de quelque 1 700 tonnes (soit l\u2019\u00e9quivalent de 136 000 h\u00eatres plant\u00e9s), le Groupe s\u2019approvisionne en int\u00e9gralit\u00e9 chez un fournisseur d\u2019\u00e9lectricit\u00e9 100 % verte (centrales \u00e9oliennes et hydrauliques), source d\u2019une \u00e9conomie annuelle de plus de 35 000 tonnes de CO2. Notons, de plus, qu\u2019H\u00f6rmann a aussi remplac\u00e9, dans ses diff\u00e9rents sites industriels, le fioul par du gaz naturel pour une \u00e9conomie de 40 % de CO2 (360 tonnes), et que 1 400 tonnes ont pu \u00eatre pr\u00e9serv\u00e9es via l\u2019exploitation de centrales thermiques et de radiateurs chauff\u00e9s par pile \u00e0 combustible, de r\u00e9gulations et syst\u00e8mes de filtration d\u2019air. Sans compter sur le versement de multiples subventions dans plusieurs pays en faveur du reboisement (Uruguay \u00e9quivalence de 127 416 tonnes), ou de projets \u00e9oliens comme en Inde (pour une \u00e9quivalence de 190 160 tonnes)\u2026 Et le groupe H\u00f6rmann va encore plus loin en lan\u00e7ant r\u00e9cemment, sur son plus grand site de production allemand, H\u00f6rmann KG Ichterhausen, un plan de d\u00e9veloppement durable pour r\u00e9duire les \u00e9missions li\u00e9es \u00e0 la production mais aussi en faveur de l\u2019exploitation d\u2019\u00e9nergies renouvelables.&nbsp;<\/p>\n\n\n\n<div class=\"wp-block-image\"><figure class=\"alignleft size-large is-resized\"><img loading=\"lazy\" src=\"https:\/\/i0.wp.com\/batimedianews.com\/live\/wp-content\/uploads\/2022\/11\/image-145.png?resize=294%2C109\" alt=\"\" class=\"wp-image-24984\" width=\"294\" height=\"109\" srcset=\"https:\/\/i0.wp.com\/batimedianews.com\/live\/wp-content\/uploads\/2022\/11\/image-145.png?resize=1024%2C384 1024w, https:\/\/i0.wp.com\/batimedianews.com\/live\/wp-content\/uploads\/2022\/11\/image-145.png?resize=600%2C225 600w, https:\/\/i0.wp.com\/batimedianews.com\/live\/wp-content\/uploads\/2022\/11\/image-145.png?resize=768%2C288 768w, https:\/\/i0.wp.com\/batimedianews.com\/live\/wp-content\/uploads\/2022\/11\/image-145.png?resize=10%2C4 10w, https:\/\/i0.wp.com\/batimedianews.com\/live\/wp-content\/uploads\/2022\/11\/image-145.png?resize=432%2C162 432w, https:\/\/i0.wp.com\/batimedianews.com\/live\/wp-content\/uploads\/2022\/11\/image-145.png?resize=1120%2C420 1120w, https:\/\/i0.wp.com\/batimedianews.com\/live\/wp-content\/uploads\/2022\/11\/image-145.png?resize=660%2C248 660w, https:\/\/i0.wp.com\/batimedianews.com\/live\/wp-content\/uploads\/2022\/11\/image-145.png?resize=587%2C220 587w, https:\/\/i0.wp.com\/batimedianews.com\/live\/wp-content\/uploads\/2022\/11\/image-145.png?w=1269 1269w\" sizes=\"(max-width: 600px) 91vw, (max-width: 900px) 600px, (max-width: 1060px) 50vw, (max-width: 1200px) 520px, (max-width: 1400px) 43vw, 600px\" data-recalc-dims=\"1\" \/><\/figure><\/div>\n\n\n\n<p>Un projet de production locale et d\u2019utilisation de chaleur issue de l\u2019hydrog\u00e8ne qui est d\u2019ailleurs co-financ\u00e9 par la r\u00e9gion de Thuringe et l\u2019Union Europ\u00e9enne dans le cadre du Fond Europ\u00e9en de D\u00e9veloppement R\u00e9gional (FEDER). Un projet pilote que le Groupe souhaite d\u2019ailleurs dupliquer sur l\u2019ensemble de ses unit\u00e9s de production.<\/p>\n\n\n\n<p>En France, \u00e0 Sens, mentionnons que la filiale Tubauto vient \u00e9galement de consacrer un million d\u2019euros (2021) pour le remplacement de sa cabine de peinture blanche avec l\u2019acquisition d\u2019une cabine mono-teinte sur-mesure pourvue des derni\u00e8res technologies. Un investissement qui se traduit par un recyclage de 99,9 % de la poudre (\u00e9conomie de 20 % par rapport \u00e0 l\u2019ancienne machine datant de 30 ans), mais aussi par un gain de consommation d\u2019\u00e9nergie de l\u2019ordre de 40 % \u00e0 aspiration \u00e9quivalente, gr\u00e2ce \u00e0 la mise en veille du syst\u00e8me en l\u2019absence de portes. Se dotant de l\u2019une des cabines les plus grandes et rapides de France, Tubauto se donne les moyens de conforter son leadership pour les ann\u00e9es \u00e0 venir dans la fabrication de portes de garage.<\/p>\n\n\n\n<figure class=\"wp-block-image size-large\"><img loading=\"lazy\" width=\"720\" height=\"257\" src=\"https:\/\/i2.wp.com\/batimedianews.com\/live\/wp-content\/uploads\/2022\/11\/image-146.png?resize=720%2C257\" alt=\"\" class=\"wp-image-24985\" srcset=\"https:\/\/i2.wp.com\/batimedianews.com\/live\/wp-content\/uploads\/2022\/11\/image-146.png?resize=1024%2C365 1024w, https:\/\/i2.wp.com\/batimedianews.com\/live\/wp-content\/uploads\/2022\/11\/image-146.png?resize=600%2C214 600w, https:\/\/i2.wp.com\/batimedianews.com\/live\/wp-content\/uploads\/2022\/11\/image-146.png?resize=768%2C274 768w, https:\/\/i2.wp.com\/batimedianews.com\/live\/wp-content\/uploads\/2022\/11\/image-146.png?resize=1536%2C548 1536w, https:\/\/i2.wp.com\/batimedianews.com\/live\/wp-content\/uploads\/2022\/11\/image-146.png?resize=2048%2C731 2048w, https:\/\/i2.wp.com\/batimedianews.com\/live\/wp-content\/uploads\/2022\/11\/image-146.png?resize=10%2C4 10w, https:\/\/i2.wp.com\/batimedianews.com\/live\/wp-content\/uploads\/2022\/11\/image-146.png?resize=432%2C154 432w, https:\/\/i2.wp.com\/batimedianews.com\/live\/wp-content\/uploads\/2022\/11\/image-146.png?resize=396%2C141 396w, https:\/\/i2.wp.com\/batimedianews.com\/live\/wp-content\/uploads\/2022\/11\/image-146.png?resize=1120%2C400 1120w, https:\/\/i2.wp.com\/batimedianews.com\/live\/wp-content\/uploads\/2022\/11\/image-146.png?resize=660%2C236 660w, https:\/\/i2.wp.com\/batimedianews.com\/live\/wp-content\/uploads\/2022\/11\/image-146.png?resize=616%2C220 616w, https:\/\/i2.wp.com\/batimedianews.com\/live\/wp-content\/uploads\/2022\/11\/image-146.png?w=1440 1440w, https:\/\/i2.wp.com\/batimedianews.com\/live\/wp-content\/uploads\/2022\/11\/image-146.png?w=2160 2160w\" sizes=\"(max-width: 600px) 91vw, (max-width: 900px) 600px, (max-width: 1060px) 50vw, (max-width: 1200px) 520px, (max-width: 1400px) 43vw, 600px\" data-recalc-dims=\"1\" \/><\/figure>\n\n\n\n<div class=\"wp-block-image\"><figure class=\"alignright size-large is-resized\"><img loading=\"lazy\" src=\"https:\/\/i1.wp.com\/batimedianews.com\/live\/wp-content\/uploads\/2022\/11\/image-147.png?w=720\" alt=\"\" class=\"wp-image-24986\" width=\"-332\" height=\"-844\" srcset=\"https:\/\/i1.wp.com\/batimedianews.com\/live\/wp-content\/uploads\/2022\/11\/image-147.png?w=400 400w, https:\/\/i1.wp.com\/batimedianews.com\/live\/wp-content\/uploads\/2022\/11\/image-147.png?resize=236%2C600 236w, https:\/\/i1.wp.com\/batimedianews.com\/live\/wp-content\/uploads\/2022\/11\/image-147.png?resize=4%2C10 4w, https:\/\/i1.wp.com\/batimedianews.com\/live\/wp-content\/uploads\/2022\/11\/image-147.png?resize=396%2C1008 396w, https:\/\/i1.wp.com\/batimedianews.com\/live\/wp-content\/uploads\/2022\/11\/image-147.png?resize=86%2C220 86w\" sizes=\"(max-width: 600px) 91vw, (max-width: 900px) 600px, (max-width: 1060px) 50vw, (max-width: 1200px) 520px, (max-width: 1400px) 43vw, 600px\" data-recalc-dims=\"1\" \/><figcaption>Ci-dessus, la nouvelle cabine de peinture Tubauto (1 million d\u2019euros d\u2019investissement), une des plus grandes et rapides de l\u2019Hexagone.<\/figcaption><\/figure><\/div>\n\n\n\n<figure class=\"wp-block-image size-large is-resized\"><img loading=\"lazy\" src=\"https:\/\/i1.wp.com\/batimedianews.com\/live\/wp-content\/uploads\/2022\/11\/image-149.png?resize=508%2C337\" alt=\"\" class=\"wp-image-24988\" width=\"508\" height=\"337\" srcset=\"https:\/\/i1.wp.com\/batimedianews.com\/live\/wp-content\/uploads\/2022\/11\/image-149.png?resize=1024%2C680 1024w, https:\/\/i1.wp.com\/batimedianews.com\/live\/wp-content\/uploads\/2022\/11\/image-149.png?resize=600%2C399 600w, https:\/\/i1.wp.com\/batimedianews.com\/live\/wp-content\/uploads\/2022\/11\/image-149.png?resize=768%2C510 768w, https:\/\/i1.wp.com\/batimedianews.com\/live\/wp-content\/uploads\/2022\/11\/image-149.png?resize=1536%2C1020 1536w, https:\/\/i1.wp.com\/batimedianews.com\/live\/wp-content\/uploads\/2022\/11\/image-149.png?resize=2048%2C1360 2048w, https:\/\/i1.wp.com\/batimedianews.com\/live\/wp-content\/uploads\/2022\/11\/image-149.png?resize=10%2C7 10w, https:\/\/i1.wp.com\/batimedianews.com\/live\/wp-content\/uploads\/2022\/11\/image-149.png?resize=432%2C287 432w, https:\/\/i1.wp.com\/batimedianews.com\/live\/wp-content\/uploads\/2022\/11\/image-149.png?resize=396%2C263 396w, https:\/\/i1.wp.com\/batimedianews.com\/live\/wp-content\/uploads\/2022\/11\/image-149.png?resize=1120%2C744 1120w, https:\/\/i1.wp.com\/batimedianews.com\/live\/wp-content\/uploads\/2022\/11\/image-149.png?resize=660%2C438 660w, https:\/\/i1.wp.com\/batimedianews.com\/live\/wp-content\/uploads\/2022\/11\/image-149.png?resize=331%2C220 331w, https:\/\/i1.wp.com\/batimedianews.com\/live\/wp-content\/uploads\/2022\/11\/image-149.png?w=1440 1440w, https:\/\/i1.wp.com\/batimedianews.com\/live\/wp-content\/uploads\/2022\/11\/image-149.png?w=2160 2160w\" sizes=\"(max-width: 600px) 91vw, (max-width: 900px) 600px, (max-width: 1060px) 50vw, (max-width: 1200px) 520px, (max-width: 1400px) 43vw, 600px\" data-recalc-dims=\"1\" \/><figcaption>Illustration de la d\u00e9marche de reboisement H\u00f6rmann initi\u00e9e en Uruguay.<\/figcaption><\/figure>\n\n\n\n<figure class=\"wp-block-image size-large\"><img loading=\"lazy\" width=\"720\" height=\"259\" src=\"https:\/\/i1.wp.com\/batimedianews.com\/live\/wp-content\/uploads\/2022\/11\/image-148.png?resize=720%2C259\" alt=\"\" class=\"wp-image-24987\" srcset=\"https:\/\/i1.wp.com\/batimedianews.com\/live\/wp-content\/uploads\/2022\/11\/image-148.png?resize=1024%2C369 1024w, https:\/\/i1.wp.com\/batimedianews.com\/live\/wp-content\/uploads\/2022\/11\/image-148.png?resize=600%2C216 600w, https:\/\/i1.wp.com\/batimedianews.com\/live\/wp-content\/uploads\/2022\/11\/image-148.png?resize=768%2C276 768w, https:\/\/i1.wp.com\/batimedianews.com\/live\/wp-content\/uploads\/2022\/11\/image-148.png?resize=10%2C4 10w, https:\/\/i1.wp.com\/batimedianews.com\/live\/wp-content\/uploads\/2022\/11\/image-148.png?resize=432%2C156 432w, https:\/\/i1.wp.com\/batimedianews.com\/live\/wp-content\/uploads\/2022\/11\/image-148.png?resize=396%2C143 396w, https:\/\/i1.wp.com\/batimedianews.com\/live\/wp-content\/uploads\/2022\/11\/image-148.png?resize=1120%2C403 1120w, https:\/\/i1.wp.com\/batimedianews.com\/live\/wp-content\/uploads\/2022\/11\/image-148.png?resize=660%2C238 660w, https:\/\/i1.wp.com\/batimedianews.com\/live\/wp-content\/uploads\/2022\/11\/image-148.png?resize=611%2C220 611w, https:\/\/i1.wp.com\/batimedianews.com\/live\/wp-content\/uploads\/2022\/11\/image-148.png?w=1200 1200w\" sizes=\"(max-width: 600px) 91vw, (max-width: 900px) 600px, (max-width: 1060px) 50vw, (max-width: 1200px) 520px, (max-width: 1400px) 43vw, 600px\" data-recalc-dims=\"1\" \/><figcaption>Une gamme de portes int\u00e9rieures neutre en carbone.<\/figcaption><\/figure>\n\n\n\n<p class=\"has-medium-font-size\"><strong>Sp\u00e9cial distribution, un nouveau segment avec la cr\u00e9ation des Partenaires Distributeurs Habitat<\/strong><\/p>\n\n\n\n<div class=\"wp-block-image\"><figure class=\"alignleft size-large is-resized\"><img loading=\"lazy\" src=\"https:\/\/i2.wp.com\/batimedianews.com\/live\/wp-content\/uploads\/2022\/11\/image-150.png?resize=233%2C61\" alt=\"\" class=\"wp-image-24989\" width=\"233\" height=\"61\" srcset=\"https:\/\/i2.wp.com\/batimedianews.com\/live\/wp-content\/uploads\/2022\/11\/image-150.png?resize=768%2C206 768w, https:\/\/i2.wp.com\/batimedianews.com\/live\/wp-content\/uploads\/2022\/11\/image-150.png?resize=1536%2C412 1536w, https:\/\/i2.wp.com\/batimedianews.com\/live\/wp-content\/uploads\/2022\/11\/image-150.png?resize=10%2C3 10w, https:\/\/i2.wp.com\/batimedianews.com\/live\/wp-content\/uploads\/2022\/11\/image-150.png?resize=396%2C106 396w, https:\/\/i2.wp.com\/batimedianews.com\/live\/wp-content\/uploads\/2022\/11\/image-150.png?resize=660%2C177 660w, https:\/\/i2.wp.com\/batimedianews.com\/live\/wp-content\/uploads\/2022\/11\/image-150.png?zoom=2&amp;resize=233%2C61 466w\" sizes=\"(max-width: 600px) 91vw, (max-width: 900px) 600px, (max-width: 1060px) 50vw, (max-width: 1200px) 520px, (max-width: 1400px) 43vw, 600px\" data-recalc-dims=\"1\" \/><\/figure><\/div>\n\n\n\n<figure class=\"wp-block-image size-large is-resized\"><img loading=\"lazy\" src=\"https:\/\/i1.wp.com\/batimedianews.com\/live\/wp-content\/uploads\/2022\/11\/image-151.png?resize=476%2C256\" alt=\"\" class=\"wp-image-24990\" width=\"476\" height=\"256\" srcset=\"https:\/\/i1.wp.com\/batimedianews.com\/live\/wp-content\/uploads\/2022\/11\/image-151.png?resize=1024%2C552 1024w, https:\/\/i1.wp.com\/batimedianews.com\/live\/wp-content\/uploads\/2022\/11\/image-151.png?resize=600%2C323 600w, https:\/\/i1.wp.com\/batimedianews.com\/live\/wp-content\/uploads\/2022\/11\/image-151.png?resize=768%2C414 768w, https:\/\/i1.wp.com\/batimedianews.com\/live\/wp-content\/uploads\/2022\/11\/image-151.png?resize=1536%2C828 1536w, https:\/\/i1.wp.com\/batimedianews.com\/live\/wp-content\/uploads\/2022\/11\/image-151.png?resize=2048%2C1104 2048w, https:\/\/i1.wp.com\/batimedianews.com\/live\/wp-content\/uploads\/2022\/11\/image-151.png?resize=10%2C5 10w, https:\/\/i1.wp.com\/batimedianews.com\/live\/wp-content\/uploads\/2022\/11\/image-151.png?resize=432%2C233 432w, https:\/\/i1.wp.com\/batimedianews.com\/live\/wp-content\/uploads\/2022\/11\/image-151.png?resize=396%2C213 396w, https:\/\/i1.wp.com\/batimedianews.com\/live\/wp-content\/uploads\/2022\/11\/image-151.png?resize=1120%2C603 1120w, https:\/\/i1.wp.com\/batimedianews.com\/live\/wp-content\/uploads\/2022\/11\/image-151.png?resize=660%2C356 660w, https:\/\/i1.wp.com\/batimedianews.com\/live\/wp-content\/uploads\/2022\/11\/image-151.png?resize=408%2C220 408w, https:\/\/i1.wp.com\/batimedianews.com\/live\/wp-content\/uploads\/2022\/11\/image-151.png?w=1440 1440w, https:\/\/i1.wp.com\/batimedianews.com\/live\/wp-content\/uploads\/2022\/11\/image-151.png?w=2160 2160w\" sizes=\"(max-width: 600px) 91vw, (max-width: 900px) 600px, (max-width: 1060px) 50vw, (max-width: 1200px) 520px, (max-width: 1400px) 43vw, 600px\" data-recalc-dims=\"1\" \/><\/figure>\n\n\n\n<div class=\"wp-block-image\"><figure class=\"alignleft size-large is-resized\"><img loading=\"lazy\" src=\"https:\/\/i1.wp.com\/batimedianews.com\/live\/wp-content\/uploads\/2022\/11\/image-154.png?resize=359%2C228\" alt=\"\" class=\"wp-image-24993\" width=\"359\" height=\"228\" srcset=\"https:\/\/i1.wp.com\/batimedianews.com\/live\/wp-content\/uploads\/2022\/11\/image-154.png?resize=1024%2C652 1024w, https:\/\/i1.wp.com\/batimedianews.com\/live\/wp-content\/uploads\/2022\/11\/image-154.png?resize=600%2C382 600w, https:\/\/i1.wp.com\/batimedianews.com\/live\/wp-content\/uploads\/2022\/11\/image-154.png?resize=768%2C489 768w, https:\/\/i1.wp.com\/batimedianews.com\/live\/wp-content\/uploads\/2022\/11\/image-154.png?resize=10%2C6 10w, https:\/\/i1.wp.com\/batimedianews.com\/live\/wp-content\/uploads\/2022\/11\/image-154.png?resize=432%2C275 432w, https:\/\/i1.wp.com\/batimedianews.com\/live\/wp-content\/uploads\/2022\/11\/image-154.png?resize=396%2C252 396w, https:\/\/i1.wp.com\/batimedianews.com\/live\/wp-content\/uploads\/2022\/11\/image-154.png?resize=660%2C420 660w, https:\/\/i1.wp.com\/batimedianews.com\/live\/wp-content\/uploads\/2022\/11\/image-154.png?resize=346%2C220 346w, https:\/\/i1.wp.com\/batimedianews.com\/live\/wp-content\/uploads\/2022\/11\/image-154.png?w=1100 1100w\" sizes=\"(max-width: 600px) 91vw, (max-width: 900px) 600px, (max-width: 1060px) 50vw, (max-width: 1200px) 520px, (max-width: 1400px) 43vw, 600px\" data-recalc-dims=\"1\" \/><\/figure><\/div>\n\n\n\n<figure class=\"wp-block-image size-large is-resized\"><img loading=\"lazy\" src=\"https:\/\/i1.wp.com\/batimedianews.com\/live\/wp-content\/uploads\/2022\/11\/image-158.png?resize=358%2C238\" alt=\"\" class=\"wp-image-24999\" width=\"358\" height=\"238\" srcset=\"https:\/\/i1.wp.com\/batimedianews.com\/live\/wp-content\/uploads\/2022\/11\/image-158.png?resize=1024%2C683 1024w, https:\/\/i1.wp.com\/batimedianews.com\/live\/wp-content\/uploads\/2022\/11\/image-158.png?resize=600%2C400 600w, https:\/\/i1.wp.com\/batimedianews.com\/live\/wp-content\/uploads\/2022\/11\/image-158.png?resize=768%2C512 768w, https:\/\/i1.wp.com\/batimedianews.com\/live\/wp-content\/uploads\/2022\/11\/image-158.png?resize=1536%2C1024 1536w, https:\/\/i1.wp.com\/batimedianews.com\/live\/wp-content\/uploads\/2022\/11\/image-158.png?resize=2048%2C1365 2048w, https:\/\/i1.wp.com\/batimedianews.com\/live\/wp-content\/uploads\/2022\/11\/image-158.png?resize=10%2C7 10w, https:\/\/i1.wp.com\/batimedianews.com\/live\/wp-content\/uploads\/2022\/11\/image-158.png?resize=432%2C288 432w, https:\/\/i1.wp.com\/batimedianews.com\/live\/wp-content\/uploads\/2022\/11\/image-158.png?resize=396%2C264 396w, https:\/\/i1.wp.com\/batimedianews.com\/live\/wp-content\/uploads\/2022\/11\/image-158.png?resize=1120%2C747 1120w, https:\/\/i1.wp.com\/batimedianews.com\/live\/wp-content\/uploads\/2022\/11\/image-158.png?resize=660%2C440 660w, https:\/\/i1.wp.com\/batimedianews.com\/live\/wp-content\/uploads\/2022\/11\/image-158.png?resize=330%2C220 330w, https:\/\/i1.wp.com\/batimedianews.com\/live\/wp-content\/uploads\/2022\/11\/image-158.png?w=1440 1440w, https:\/\/i1.wp.com\/batimedianews.com\/live\/wp-content\/uploads\/2022\/11\/image-158.png?w=2160 2160w\" sizes=\"(max-width: 600px) 91vw, (max-width: 900px) 600px, (max-width: 1060px) 50vw, (max-width: 1200px) 520px, (max-width: 1400px) 43vw, 600px\" data-recalc-dims=\"1\" \/><\/figure>\n\n\n\n<p><strong>H\u00f6rmann : un engagement p\u00e9renne aussi dans le sponsoring sportif&nbsp;<\/strong><\/p>\n\n\n\n<div class=\"wp-block-image\"><figure class=\"alignleft size-large\"><img loading=\"lazy\" width=\"107\" height=\"160\" src=\"https:\/\/i2.wp.com\/batimedianews.com\/live\/wp-content\/uploads\/2022\/11\/image-155.png?resize=107%2C160\" alt=\"\" class=\"wp-image-24994\" srcset=\"https:\/\/i2.wp.com\/batimedianews.com\/live\/wp-content\/uploads\/2022\/11\/image-155.png?w=107 107w, https:\/\/i2.wp.com\/batimedianews.com\/live\/wp-content\/uploads\/2022\/11\/image-155.png?resize=7%2C10 7w\" sizes=\"(max-width: 600px) 91vw, (max-width: 900px) 600px, (max-width: 1060px) 50vw, (max-width: 1200px) 520px, (max-width: 1400px) 43vw, 600px\" data-recalc-dims=\"1\" \/><\/figure><\/div>\n\n\n\n<p>Depuis 25 ans, le groupe H\u00f6rmann s\u2019impose en fid\u00e8le partenaire d\u2019\u00e9v\u00e9nements sportifs de premiers plans. Citons, entre autres, le sponsoring de l\u2019\u00e9quipe de foot allemande, celui de matches de football internationaux (championnats d\u2019Europe, Coupe du Monde) ou encore de la Coupe du Monde de biathlon BMW IBU ou de la Coupe du Monde de saut \u00e0 ski FIS. Pour 2022, H\u00f6rmann r\u00e9it\u00e8re son engagement sur le long terme pour la Coupe du Monde de biathlon o\u00f9 il est sponsor principal depuis 2016 aux c\u00f4t\u00e9s de marques comme BMW, Viessmann&#8230; Un \u00e9v\u00e9nement international accueilli du 12 au 18 d\u00e9cembre 2022 en France, au stade Sylvie Becaert du Grand-Bornand, pour l\u2019une des 10 \u00e9tapes du championnat. Au programme, 4 jours d\u2019\u00e9preuves pour les 250 athl\u00e8tes repr\u00e9sentant 30 nations, plus de 65.000 spectateurs attendus et plus de 120 millions de t\u00e9l\u00e9spectateurs. De quoi conforter encore la notori\u00e9t\u00e9 H\u00f6rmann en France et \u00e0 l\u2019international.<\/p>\n\n\n\n<figure class=\"wp-block-image size-large\"><img loading=\"lazy\" width=\"720\" height=\"480\" src=\"https:\/\/i0.wp.com\/batimedianews.com\/live\/wp-content\/uploads\/2022\/11\/image-156.png?resize=720%2C480\" alt=\"\" class=\"wp-image-24997\" srcset=\"https:\/\/i0.wp.com\/batimedianews.com\/live\/wp-content\/uploads\/2022\/11\/image-156.png?resize=1024%2C683 1024w, https:\/\/i0.wp.com\/batimedianews.com\/live\/wp-content\/uploads\/2022\/11\/image-156.png?resize=600%2C400 600w, https:\/\/i0.wp.com\/batimedianews.com\/live\/wp-content\/uploads\/2022\/11\/image-156.png?resize=768%2C512 768w, https:\/\/i0.wp.com\/batimedianews.com\/live\/wp-content\/uploads\/2022\/11\/image-156.png?resize=10%2C7 10w, https:\/\/i0.wp.com\/batimedianews.com\/live\/wp-content\/uploads\/2022\/11\/image-156.png?resize=432%2C288 432w, https:\/\/i0.wp.com\/batimedianews.com\/live\/wp-content\/uploads\/2022\/11\/image-156.png?resize=396%2C264 396w, https:\/\/i0.wp.com\/batimedianews.com\/live\/wp-content\/uploads\/2022\/11\/image-156.png?resize=660%2C440 660w, https:\/\/i0.wp.com\/batimedianews.com\/live\/wp-content\/uploads\/2022\/11\/image-156.png?resize=330%2C220 330w, https:\/\/i0.wp.com\/batimedianews.com\/live\/wp-content\/uploads\/2022\/11\/image-156.png?w=1080 1080w\" sizes=\"(max-width: 600px) 91vw, (max-width: 900px) 600px, (max-width: 1060px) 50vw, (max-width: 1200px) 520px, (max-width: 1400px) 43vw, 600px\" data-recalc-dims=\"1\" \/><\/figure>\n\n\n\n<p><strong>La convention H\u00f6rmann Industrie et Service mobilisatrice et r\u00e9ussie<\/strong><\/p>\n\n\n\n<div class=\"wp-block-image\"><figure class=\"alignleft size-large is-resized\"><img loading=\"lazy\" src=\"https:\/\/i0.wp.com\/batimedianews.com\/live\/wp-content\/uploads\/2022\/11\/image-157.png?resize=287%2C76\" alt=\"\" class=\"wp-image-24998\" width=\"287\" height=\"76\" srcset=\"https:\/\/i0.wp.com\/batimedianews.com\/live\/wp-content\/uploads\/2022\/11\/image-157.png?resize=1024%2C275 1024w, https:\/\/i0.wp.com\/batimedianews.com\/live\/wp-content\/uploads\/2022\/11\/image-157.png?resize=600%2C161 600w, https:\/\/i0.wp.com\/batimedianews.com\/live\/wp-content\/uploads\/2022\/11\/image-157.png?resize=768%2C206 768w, https:\/\/i0.wp.com\/batimedianews.com\/live\/wp-content\/uploads\/2022\/11\/image-157.png?resize=1536%2C412 1536w, https:\/\/i0.wp.com\/batimedianews.com\/live\/wp-content\/uploads\/2022\/11\/image-157.png?resize=10%2C3 10w, https:\/\/i0.wp.com\/batimedianews.com\/live\/wp-content\/uploads\/2022\/11\/image-157.png?resize=432%2C116 432w, https:\/\/i0.wp.com\/batimedianews.com\/live\/wp-content\/uploads\/2022\/11\/image-157.png?resize=396%2C106 396w, https:\/\/i0.wp.com\/batimedianews.com\/live\/wp-content\/uploads\/2022\/11\/image-157.png?resize=1120%2C301 1120w, https:\/\/i0.wp.com\/batimedianews.com\/live\/wp-content\/uploads\/2022\/11\/image-157.png?resize=660%2C177 660w, https:\/\/i0.wp.com\/batimedianews.com\/live\/wp-content\/uploads\/2022\/11\/image-157.png?resize=710%2C191 710w, https:\/\/i0.wp.com\/batimedianews.com\/live\/wp-content\/uploads\/2022\/11\/image-157.png?w=1770 1770w, https:\/\/i0.wp.com\/batimedianews.com\/live\/wp-content\/uploads\/2022\/11\/image-157.png?w=1440 1440w\" sizes=\"(max-width: 600px) 91vw, (max-width: 900px) 600px, (max-width: 1060px) 50vw, (max-width: 1200px) 520px, (max-width: 1400px) 43vw, 600px\" data-recalc-dims=\"1\" \/><\/figure><\/div>\n\n\n\n<p>Notons aussi l\u2019autre temps fort commercial, cette fois d\u00e9di\u00e9 aux partenaires Industrie et Service, avec la convention nationale \u00e9ponyme qui s\u2019est tenue en r\u00e9gion lyonnaise fin juin dernier et qui regroupait, pour chacune des deux sessions, une trentaine de partenaires professionnels. L\u2019occasion pour les \u00e9quipes commerciales H\u00f6rmann de networker et de f\u00e9d\u00e9rer leurs clients lors d\u2019une r\u00e9union pl\u00e9ni\u00e8re et divers ateliers, le tout comme de tradition, dans une ambiance alliant convivialit\u00e9 et professionnalisme.<\/p>\n\n\n\n<figure class=\"wp-block-image size-large\"><img loading=\"lazy\" width=\"720\" height=\"375\" src=\"https:\/\/i0.wp.com\/batimedianews.com\/live\/wp-content\/uploads\/2022\/11\/image-159.png?resize=720%2C375\" alt=\"\" class=\"wp-image-25000\" srcset=\"https:\/\/i0.wp.com\/batimedianews.com\/live\/wp-content\/uploads\/2022\/11\/image-159.png?resize=1024%2C534 1024w, https:\/\/i0.wp.com\/batimedianews.com\/live\/wp-content\/uploads\/2022\/11\/image-159.png?resize=600%2C313 600w, https:\/\/i0.wp.com\/batimedianews.com\/live\/wp-content\/uploads\/2022\/11\/image-159.png?resize=768%2C401 768w, https:\/\/i0.wp.com\/batimedianews.com\/live\/wp-content\/uploads\/2022\/11\/image-159.png?resize=1536%2C802 1536w, https:\/\/i0.wp.com\/batimedianews.com\/live\/wp-content\/uploads\/2022\/11\/image-159.png?resize=10%2C5 10w, https:\/\/i0.wp.com\/batimedianews.com\/live\/wp-content\/uploads\/2022\/11\/image-159.png?resize=432%2C225 432w, https:\/\/i0.wp.com\/batimedianews.com\/live\/wp-content\/uploads\/2022\/11\/image-159.png?resize=396%2C207 396w, https:\/\/i0.wp.com\/batimedianews.com\/live\/wp-content\/uploads\/2022\/11\/image-159.png?resize=1120%2C585 1120w, https:\/\/i0.wp.com\/batimedianews.com\/live\/wp-content\/uploads\/2022\/11\/image-159.png?resize=660%2C344 660w, https:\/\/i0.wp.com\/batimedianews.com\/live\/wp-content\/uploads\/2022\/11\/image-159.png?resize=421%2C220 421w, https:\/\/i0.wp.com\/batimedianews.com\/live\/wp-content\/uploads\/2022\/11\/image-159.png?w=1640 1640w, https:\/\/i0.wp.com\/batimedianews.com\/live\/wp-content\/uploads\/2022\/11\/image-159.png?w=1440 1440w\" sizes=\"(max-width: 600px) 91vw, (max-width: 900px) 600px, (max-width: 1060px) 50vw, (max-width: 1200px) 520px, (max-width: 1400px) 43vw, 600px\" data-recalc-dims=\"1\" \/><\/figure>\n\n\n\n<div class=\"wp-block-image\"><figure class=\"alignleft size-large is-resized\"><img loading=\"lazy\" src=\"https:\/\/i2.wp.com\/batimedianews.com\/live\/wp-content\/uploads\/2022\/11\/image-160.png?resize=317%2C142\" alt=\"\" class=\"wp-image-25001\" width=\"317\" height=\"142\" srcset=\"https:\/\/i2.wp.com\/batimedianews.com\/live\/wp-content\/uploads\/2022\/11\/image-160.png?w=780 780w, https:\/\/i2.wp.com\/batimedianews.com\/live\/wp-content\/uploads\/2022\/11\/image-160.png?resize=600%2C269 600w, https:\/\/i2.wp.com\/batimedianews.com\/live\/wp-content\/uploads\/2022\/11\/image-160.png?resize=768%2C345 768w, https:\/\/i2.wp.com\/batimedianews.com\/live\/wp-content\/uploads\/2022\/11\/image-160.png?resize=10%2C4 10w, https:\/\/i2.wp.com\/batimedianews.com\/live\/wp-content\/uploads\/2022\/11\/image-160.png?resize=432%2C194 432w, https:\/\/i2.wp.com\/batimedianews.com\/live\/wp-content\/uploads\/2022\/11\/image-160.png?resize=396%2C178 396w, https:\/\/i2.wp.com\/batimedianews.com\/live\/wp-content\/uploads\/2022\/11\/image-160.png?resize=660%2C296 660w, https:\/\/i2.wp.com\/batimedianews.com\/live\/wp-content\/uploads\/2022\/11\/image-160.png?resize=490%2C220 490w\" sizes=\"(max-width: 600px) 91vw, (max-width: 900px) 600px, (max-width: 1060px) 50vw, (max-width: 1200px) 520px, (max-width: 1400px) 43vw, 600px\" data-recalc-dims=\"1\" \/><\/figure><\/div>\n\n\n\n<p><strong>H\u00f6rmann : prochain rendez-vous<\/strong> <strong>\u00e0 la Bau<\/strong><\/p>\n\n\n\n<p>Enfin, H\u00f6rmann donne rendez-vous \u00e0 la BAU, du 17 au 21 avril 2023, Hall B3, stand 302 avec une surface d\u2019exposition de 1 600 m2 d\u00e9di\u00e9es aux nouveaut\u00e9s H\u00f6rmann, qu\u2019il s\u2019agisse d\u2019Habitat (portes de fonction, portes de loft, portes d\u2019int\u00e9rieur, ou encore abris de jardin), et d\u2019Industrie \u00e9quipement de quai, portes de fonctions, contr\u00f4le d\u2019acc\u00e8s).<\/p>\n\n\n\n<p class=\"has-sm-light-tertiary-background-color has-background\">Leader europ\u00e9en dans la fabrication des portes, blocs-portes, huisseries et motorisations pour l\u2019industrie, le tertiaire et l\u2019habitat, l\u2019entreprise familiale H\u00f6rmann poursuit sa croissance. Forte aujourd\u2019hui d\u2019un r\u00e9seau compos\u00e9 de plus de 100 sites de distribution et de nombreux distributeurs r\u00e9partis dans 40 pays d\u2019Europe, d\u2019Am\u00e9rique du Nord et d\u2019Asie, de plus de 6 000 collaborateurs et de 38 usines hautement sp\u00e9cialis\u00e9es, H\u00f6rmann d\u00e9veloppe annuellement un CA total de plus d\u2019un milliard d\u2019euros. Une r\u00e9ussite port\u00e9e par son engagement sans cesse renouvel\u00e9 en faveur de l\u2019innovation, de la qualit\u00e9 et de la proximit\u00e9 client.<\/p>\n","protected":false},"excerpt":{"rendered":"<p>Dressant un premier bilan de l\u2019exercice 2022, Markus Stump, Directeur G\u00e9n\u00e9ral d\u2019H\u00f6rmann France, confirme que la dynamique du march\u00e9 fran\u00e7ais lui permet d\u2019atteindre les objectifs fix\u00e9s, toutes activit\u00e9s confondues, Habitat, Industrie &amp; Services.&nbsp; Dans le d\u00e9tail, si l\u2019activit\u00e9 Habitat (portes d\u2019entr\u00e9e, portes de garage, motorisation) a v\u00e9cu un d\u00e9marrage en trombe, \u00e0 l\u2018instar de l\u2019ann\u00e9e [&hellip;]<\/p>\n","protected":false},"author":41,"featured_media":25003,"comment_status":"open","ping_status":"open","sticky":false,"template":"","format":"standard","meta":{"spay_email":""},"categories":[4,868,866,486,56,66,73,76,77,80,690,108,119,124,128],"tags":[],"jetpack_featured_media_url":"https:\/\/i1.wp.com\/batimedianews.com\/live\/wp-content\/uploads\/2022\/11\/HORMANN-Article.jpg?fit=1920%2C1080","jetpack_sharing_enabled":true,"jetpack_likes_enabled":true,"jetpack-related-posts":[{"id":19207,"url":"http:\/\/batimedianews.com\/live\/index.php\/2022\/04\/21\/hormann-et-tubauto-un-engagement-environnement-exemplaire-pour-des-portes-neutres-en-carbone\/","url_meta":{"origin":24979,"position":0},"title":"H\u00f6rmann et Tubauto : un engagement environnement exemplaire pour des portes neutres en carbone","date":"21 avril 2022","format":false,"excerpt":"\u00a0Le Groupe H\u00f6rmann, leader europ\u00e9en dans la fabrication des portes, blocs-portes, huisseries et motorisations pour l\u2019industrie, le tertiaire et l\u2019habitat, s\u2019est engag\u00e9 depuis des ann\u00e9es dans la sauvegarde du climat et de l\u2019environnement. \u00c0 l\u2019heure de la RE2020 et de la r\u00e9duction des \u00e9missions de carbone, H\u00f6rmann est d\u00e9j\u00e0 op\u00e9rationnel\u2026","rel":"","context":"Dans &quot;Actualit\u00e9 Entreprises&quot;","img":{"alt_text":"","src":"https:\/\/i1.wp.com\/batimedianews.com\/live\/wp-content\/uploads\/2022\/04\/Hormann-Article.jpg?fit=1080%2C1080&resize=350%2C200","width":350,"height":200},"classes":[]},{"id":48358,"url":"http:\/\/batimedianews.com\/live\/index.php\/2025\/12\/15\/hormann-lance-son-centre-de-formations-habitat-a-gron\/","url_meta":{"origin":24979,"position":1},"title":"H\u00f6rmann lance son Centre de Formations Habitat \u00e0 Gron","date":"15 d\u00e9cembre 2025","format":false,"excerpt":"\u00a0Apr\u00e8s l\u2019ouverture de son Centre de formations Industrie \u00e0 Pusignan en mars 2024, H\u00f6rmann France persiste dans l\u2019accompagnement de la mont\u00e9e en comp\u00e9tence des professionnels. Le leader europ\u00e9en accueille d\u00e9sormais, en plus, au sein de son si\u00e8ge social de Gron, son Centre de formations sp\u00e9cialement d\u00e9volu \u00e0 ses offres Habitat.\u2026","rel":"","context":"Dans &quot;Actualit\u00e9 Entreprises&quot;","img":{"alt_text":"","src":"https:\/\/i1.wp.com\/batimedianews.com\/live\/wp-content\/uploads\/2025\/12\/Hormann.jpg?fit=825%2C825&resize=350%2C200","width":350,"height":200},"classes":[]},{"id":16307,"url":"http:\/\/batimedianews.com\/live\/index.php\/2022\/02\/22\/portes-dentree-portes-de-garage-sectionnelles-et-domotique-a-prix-promotionnels-la-nouvelle-campagne-du-leader-hormann-est-lancee\/","url_meta":{"origin":24979,"position":2},"title":"Portes d\u2019entr\u00e9e, portes de garage sectionnelles et domotique \u00e0 prix promotionnels, la nouvelle campagne du leader H\u00f6rmann est lanc\u00e9e","date":"22 f\u00e9vrier 2022","format":false,"excerpt":"La porte de garage sectionnelle motoris\u00e9e RenoMatic est commercialis\u00e9e \u00e0 partir de 998 euros TTC \u00a0Envie de changer de porte d\u2019entr\u00e9e, de disposer d\u2019une nouvelle porte de garage motoris\u00e9e et gagner en confort comme en s\u00e9curit\u00e9, le tout \u00e0 prix r\u00e9solument attractif ? C\u2019est toute la promesse qu\u2019H\u00f6rmann, le leader\u2026","rel":"","context":"Dans &quot;Domotique&quot;","img":{"alt_text":"","src":"https:\/\/i2.wp.com\/batimedianews.com\/live\/wp-content\/uploads\/2022\/02\/Hormann-Article.jpg?fit=512%2C512&resize=350%2C200","width":350,"height":200},"classes":[]},{"id":22769,"url":"http:\/\/batimedianews.com\/live\/index.php\/2022\/09\/07\/thermosafe-decoral-les-nouvelles-portes-dentree-aluminium-hormann-qui-allient-design-securite-et-performances\/","url_meta":{"origin":24979,"position":3},"title":"Thermosafe Decoral : les nouvelles portes d\u2019entr\u00e9e aluminium H\u00f6rmann qui allient design, s\u00e9curit\u00e9 et performances","date":"7 septembre 2022","format":false,"excerpt":"https:\/\/youtu.be\/VFqtejVU790 La porte d\u2019entr\u00e9e ThermoSafe Decoral ici pr\u00e9sent\u00e9e en d\u00e9cor bois de grange est commercialis\u00e9e au prixpublic indicatif \u00e0 partir de 4 062 \u20ac (porte ThermoSafe motif 860, option poign\u00e9e HOE 501 et rosace decylindre RAL 9005 noir, sans parties fixes). Nouvelle d\u00e9monstration de l\u2019esprit d\u2019innovation et du sens pouss\u00e9\u2026","rel":"","context":"Dans &quot;Actualit\u00e9 Entreprises&quot;","img":{"alt_text":"","src":"https:\/\/i1.wp.com\/batimedianews.com\/live\/wp-content\/uploads\/2022\/09\/Hormann-Article.jpg?fit=1080%2C1080&resize=350%2C200","width":350,"height":200},"classes":[]},{"id":3097,"url":"http:\/\/batimedianews.com\/live\/index.php\/2019\/10\/04\/hormann-cote-habitat\/","url_meta":{"origin":24979,"position":4},"title":"H\u00f6rmann c\u00f4t\u00e9 habitat","date":"4 octobre 2019","format":false,"excerpt":"H\u00f6rmann : une nouvelle campagne promotionnelle pour 2019 Comme de tradition, le leader europ\u00e9en H\u00f6rmann initie chaque ann\u00e9e sa grande campagne promotionnelle annuelle. Et 2019 se d\u00e9marque par une largeur de r\u00e9f\u00e9rences impliqu\u00e9es jamais propos\u00e9e pour cet \u00e9v\u00e9nement. Cette promotion H\u00f6rmann 2019 concerne ainsi des solutions en portes d\u2019entr\u00e9es en\u2026","rel":"","context":"Dans &quot;accessibilit\u00e9 Universelle&quot;","img":{"alt_text":"","src":"https:\/\/i0.wp.com\/batimedianews.com\/live\/wp-content\/uploads\/2019\/10\/horm3image.jpg?fit=1094%2C494&resize=350%2C200","width":350,"height":200},"classes":[]},{"id":26893,"url":"http:\/\/batimedianews.com\/live\/index.php\/2023\/03\/20\/hormann-france-et-gp-portail-un-partenariat-iconique-exclusif-pour-assortir-portail-porte-de-garage-et-porte-dentree\/","url_meta":{"origin":24979,"position":5},"title":"H\u00f6rmann France et GP Portail : un partenariat iconique exclusif pour assortir portail, porte de garage et porte d\u2019entr\u00e9e","date":"20 mars 2023","format":false,"excerpt":"Fruit de la collaboration entre deux entreprises de renom, H\u00f6rmann France, leader sur le march\u00e9 de la porte de garage et GP Portail, fabricant fran\u00e7ais de portails aluminium, acier et PVC, portillons et cl\u00f4tures sur-mesure, la nouvelle gamme propose un \u00e9ventail de solutions particuli\u00e8rement esth\u00e9tiques permettant de parfaitement harmoniser portail,\u2026","rel":"","context":"Dans &quot;Actualit\u00e9 Entreprises&quot;","img":{"alt_text":"","src":"https:\/\/i1.wp.com\/batimedianews.com\/live\/wp-content\/uploads\/2023\/03\/Hormann-Article.jpg?fit=1080%2C1080&resize=350%2C200","width":350,"height":200},"classes":[]}],"_links":{"self":[{"href":"http:\/\/batimedianews.com\/live\/index.php\/wp-json\/wp\/v2\/posts\/24979"}],"collection":[{"href":"http:\/\/batimedianews.com\/live\/index.php\/wp-json\/wp\/v2\/posts"}],"about":[{"href":"http:\/\/batimedianews.com\/live\/index.php\/wp-json\/wp\/v2\/types\/post"}],"author":[{"embeddable":true,"href":"http:\/\/batimedianews.com\/live\/index.php\/wp-json\/wp\/v2\/users\/41"}],"replies":[{"embeddable":true,"href":"http:\/\/batimedianews.com\/live\/index.php\/wp-json\/wp\/v2\/comments?post=24979"}],"version-history":[{"count":5,"href":"http:\/\/batimedianews.com\/live\/index.php\/wp-json\/wp\/v2\/posts\/24979\/revisions"}],"predecessor-version":[{"id":25070,"href":"http:\/\/batimedianews.com\/live\/index.php\/wp-json\/wp\/v2\/posts\/24979\/revisions\/25070"}],"wp:featuredmedia":[{"embeddable":true,"href":"http:\/\/batimedianews.com\/live\/index.php\/wp-json\/wp\/v2\/media\/25003"}],"wp:attachment":[{"href":"http:\/\/batimedianews.com\/live\/index.php\/wp-json\/wp\/v2\/media?parent=24979"}],"wp:term":[{"taxonomy":"category","embeddable":true,"href":"http:\/\/batimedianews.com\/live\/index.php\/wp-json\/wp\/v2\/categories?post=24979"},{"taxonomy":"post_tag","embeddable":true,"href":"http:\/\/batimedianews.com\/live\/index.php\/wp-json\/wp\/v2\/tags?post=24979"}],"curies":[{"name":"wp","href":"https:\/\/api.w.org\/{rel}","templated":true}]}}