{"id":26116,"date":"2023-02-15T09:07:48","date_gmt":"2023-02-15T08:07:48","guid":{"rendered":"http:\/\/batimedianews.com\/live\/?p=26116"},"modified":"2023-07-15T15:04:31","modified_gmt":"2023-07-15T13:04:31","slug":"innovation-tp-lentreprise-charier-etrenne-le-premier-tracteur-de-travaux-publics-a-hydrogene-vert","status":"publish","type":"post","link":"http:\/\/batimedianews.com\/live\/index.php\/2023\/02\/15\/innovation-tp-lentreprise-charier-etrenne-le-premier-tracteur-de-travaux-publics-a-hydrogene-vert\/","title":{"rendered":"INNOVATION TP &#8211; L\u2019Entreprise CHARIER \u00e9trenne le premier tracteur de travaux publics \u00e0 hydrog\u00e8ne vert"},"content":{"rendered":"\n<p><strong>Apr\u00e8s deux ann\u00e9es de recherches et d\u2019exp\u00e9rimentations, l\u2019Entreprise CHARIER inaugure son tracteur de chantier roulant \u00e0 l\u2019hydrog\u00e8ne vert*. Premier prototype connu en Europe, cet engin est une v\u00e9ritable innovation pour le secteur des travaux publics.<\/strong><\/p>\n\n\n\n<p><strong>Son exp\u00e9rimentation depuis plusieurs semaines sur le chantier d\u2019extension du Port de La Turballe est le premier pas concret d\u2019une fili\u00e8re TP hydrog\u00e8ne qui ne demande qu\u2019\u00e0 se d\u00e9velopper.<\/strong><\/p>\n\n\n\n<figure class=\"wp-block-image size-large\"><img loading=\"lazy\" width=\"720\" height=\"433\" src=\"https:\/\/i2.wp.com\/batimedianews.com\/live\/wp-content\/uploads\/2023\/02\/image-63.png?resize=720%2C433\" alt=\"\" class=\"wp-image-26117\" srcset=\"https:\/\/i2.wp.com\/batimedianews.com\/live\/wp-content\/uploads\/2023\/02\/image-63.png?w=932 932w, https:\/\/i2.wp.com\/batimedianews.com\/live\/wp-content\/uploads\/2023\/02\/image-63.png?resize=600%2C361 600w, https:\/\/i2.wp.com\/batimedianews.com\/live\/wp-content\/uploads\/2023\/02\/image-63.png?resize=768%2C461 768w, https:\/\/i2.wp.com\/batimedianews.com\/live\/wp-content\/uploads\/2023\/02\/image-63.png?resize=10%2C6 10w, https:\/\/i2.wp.com\/batimedianews.com\/live\/wp-content\/uploads\/2023\/02\/image-63.png?resize=432%2C260 432w, https:\/\/i2.wp.com\/batimedianews.com\/live\/wp-content\/uploads\/2023\/02\/image-63.png?resize=396%2C238 396w, https:\/\/i2.wp.com\/batimedianews.com\/live\/wp-content\/uploads\/2023\/02\/image-63.png?resize=660%2C397 660w, https:\/\/i2.wp.com\/batimedianews.com\/live\/wp-content\/uploads\/2023\/02\/image-63.png?resize=366%2C220 366w\" sizes=\"(max-width: 600px) 91vw, (max-width: 900px) 600px, (max-width: 1060px) 50vw, (max-width: 1200px) 520px, (max-width: 1400px) 43vw, 600px\" data-recalc-dims=\"1\" \/><\/figure>\n\n\n\n<p class=\"has-small-font-size\"><em>De gauche \u00e0 droite : Thierry Mac\u00e9, Directeur P\u00f4les Grands Travaux &amp; D\u00e9construction de l&rsquo;entreprise CHARIER, Gildas Guguen, Directeur G\u00e9n\u00e9ral du Syndicat Mixte des Ports de Loire-Atlantique, Lydia MEIGNEN, Pr\u00e9sidente du Syndicat Mixte des Ports de Loire-Atlantique, Paul BAZIREAU, Pr\u00e9sident du Directoire de l\u2019Entreprise CHARIER, Franck LOUVRIER, Vice-Pr\u00e9sident de la R\u00e9gion Pays de la Loire &#8211; D\u00e9l\u00e9gu\u00e9 \u00e0 la croissance verte et \u00e0 l\u2019innovation, Claire HUGUES, Vice-Pr\u00e9sidente de la R\u00e9gion Pays de la Loire &#8211; D\u00e9l\u00e9gu\u00e9e aux affaires maritimes et Jean VIDAL &#8211; Directeur G\u00e9n\u00e9ral D\u00e9l\u00e9gu\u00e9 de l\u2019Entreprise CHARIER<\/em><\/p>\n\n\n\n<p>Engag\u00e9e dans une d\u00e9marche RSE depuis pr\u00e8s de 20 ans et entreprise \u00e0 mission depuis 2022, l\u2019Entreprise CHARIER a \u00e0 coeur d\u2019int\u00e9grer les enjeux sociaux, environnementaux et soci\u00e9taux dans chacun de ses projets.<\/p>\n\n\n\n<p>Inscrite dans une d\u00e9marche continue pour limiter son impact environnemental, CHARIER multiplie les actions et vise une r\u00e9duction de son empreinte carbone de 50 % d\u2019ici 2030, en misant notamment sur la transition \u00e9nerg\u00e9tique et l\u2019innovation : <\/p>\n\n\n\n<ul><li>d\u00e9veloppement des innovations SATIS (utilisation de fibres de chanvre pour limiter la consommation d\u2019enrob\u00e9s) et H\u00e9lianthe (r\u00e9cup\u00e9ration de la chaleur des parkings pour des solutions de chauffage) ; <\/li><li>formation et sensibilisation \u00e0 l\u2019\u00e9co-conduite, en partenariat avec Wenow ; <\/li><li>renouvellement du parc mat\u00e9riel (engins de chantier nouvelle g\u00e9n\u00e9ration) et automobile (v\u00e9hicules \u00e9lectriques) ;<\/li><li>test de biocarburants\u2026<\/li><\/ul>\n\n\n\n<p class=\"has-medium-font-size\"><strong>Un projet in\u00e9dit et complexe<\/strong><\/p>\n\n\n\n<p>Pour aller plus loin dans sa d\u00e9marche RSE et cr\u00e9er une r\u00e9elle prise de conscience au sein de la fili\u00e8re TP, l\u2019Entreprise CHARIER, en collaboration avec d\u2019autres acteurs de la r\u00e9gion, a imagin\u00e9 et con\u00e7u un tracteur de chantier roulant \u00e0 l\u2019hydrog\u00e8ne vert. L\u2019objectif : embarquer un maximum d\u2019acteurs pour cr\u00e9er une fili\u00e8re hydrog\u00e8ne renouvelable p\u00e9renne pour les travaux publics en Pays de la Loire.<\/p>\n\n\n\n<p>\u00ab <em>Nous avions la volont\u00e9 de trouver une solution qui permettrait de remplacer le gasoil dans les engins de chantiers tout en r\u00e9pondant \u00e0 leur besoin de forte puissance. Des d\u00e9marches ont \u00e9t\u00e9 men\u00e9es aupr\u00e8s des constructeurs habituels pour \u00e9valuer leur aptitude \u00e0 fournir des engins \u00e0 hydrog\u00e8ne pour les TP : il s\u2019est av\u00e9r\u00e9 qu\u2019aucun d\u2019eux n\u2019\u00e9tait en mesure de proposer un v\u00e9hicule de ce type. <\/em>\u00bb ajoute Paul BAZIREAU, Pr\u00e9sident du directoire CHARIER.<\/p>\n\n\n\n<figure class=\"wp-block-image size-large\"><img loading=\"lazy\" width=\"720\" height=\"256\" src=\"https:\/\/i0.wp.com\/batimedianews.com\/live\/wp-content\/uploads\/2023\/02\/image-64.png?resize=720%2C256\" alt=\"\" class=\"wp-image-26118\" srcset=\"https:\/\/i0.wp.com\/batimedianews.com\/live\/wp-content\/uploads\/2023\/02\/image-64.png?resize=1024%2C364 1024w, https:\/\/i0.wp.com\/batimedianews.com\/live\/wp-content\/uploads\/2023\/02\/image-64.png?resize=600%2C213 600w, https:\/\/i0.wp.com\/batimedianews.com\/live\/wp-content\/uploads\/2023\/02\/image-64.png?resize=768%2C273 768w, https:\/\/i0.wp.com\/batimedianews.com\/live\/wp-content\/uploads\/2023\/02\/image-64.png?resize=10%2C4 10w, https:\/\/i0.wp.com\/batimedianews.com\/live\/wp-content\/uploads\/2023\/02\/image-64.png?resize=432%2C154 432w, https:\/\/i0.wp.com\/batimedianews.com\/live\/wp-content\/uploads\/2023\/02\/image-64.png?resize=396%2C141 396w, https:\/\/i0.wp.com\/batimedianews.com\/live\/wp-content\/uploads\/2023\/02\/image-64.png?resize=1120%2C398 1120w, https:\/\/i0.wp.com\/batimedianews.com\/live\/wp-content\/uploads\/2023\/02\/image-64.png?resize=660%2C235 660w, https:\/\/i0.wp.com\/batimedianews.com\/live\/wp-content\/uploads\/2023\/02\/image-64.png?resize=618%2C220 618w, https:\/\/i0.wp.com\/batimedianews.com\/live\/wp-content\/uploads\/2023\/02\/image-64.png?w=1130 1130w\" sizes=\"(max-width: 600px) 91vw, (max-width: 900px) 600px, (max-width: 1060px) 50vw, (max-width: 1200px) 520px, (max-width: 1400px) 43vw, 600px\" data-recalc-dims=\"1\" \/><\/figure>\n\n\n\n<p class=\"has-medium-font-size\"><strong>Une aventure collective<\/strong><\/p>\n\n\n\n<p>En 2020, CHARIER s\u2019est rapproch\u00e9e de la soci\u00e9t\u00e9 vend\u00e9enne e-N\u00e9o, qui avait d\u00e9j\u00e0 transform\u00e9 des v\u00e9hicules thermiques en \u00e9lectrique et entam\u00e9 une exp\u00e9rience dans la transformation de v\u00e9hicules lourds du gasoil vers l\u2019hydrog\u00e8ne. Cette rencontre a act\u00e9 le projet de cr\u00e9ation de l\u2019engin hydrog\u00e8ne CHARIER.<\/p>\n\n\n\n<p>\u00ab<em> Nous avons missionn\u00e9 e-N\u00e9o pour transformer un tracteur agricole d\u2019occasion en une version fonctionnant \u00e0 l\u2019hydrog\u00e8ne. Le moteur thermique a \u00e9t\u00e9 remplac\u00e9 par un moteur \u00e9lectrique aliment\u00e9 par une batterie qui elle-m\u00eame est recharg\u00e9e par une pile \u00e0 combustible. Au-del\u00e0 de la fabrication du tracteur nous avons d\u00fb r\u00e9soudre plusieurs probl\u00e9matiques : la production d\u2019hydrog\u00e8ne vert ; son transport et son stockage sur le chantier. <\/em>\u00bb pr\u00e9cise <strong>Arnault PEUGNIEZ, Directeur Mat\u00e9riel et Achats CHARIER<\/strong>.<\/p>\n\n\n\n<p>CHARIER a alors embarqu\u00e9 deux nouvelles soci\u00e9t\u00e9s du territoire dans son aventure. La soci\u00e9t\u00e9 nantaise Lhyfe en charge de transformer l\u2019\u00e9lectricit\u00e9 verte, cr\u00e9\u00e9e par les \u00e9oliennes, en hydrog\u00e8ne depuis son usine \u00e0 Bouin (Vend\u00e9e) et la soci\u00e9t\u00e9 nantaise Europe Technologies, responsable de l\u2019acheminement de l\u2019hydrog\u00e8ne dans ses conteneurs vers une station de distribution exp\u00e9rimentale install\u00e9e sur le site de l\u2019agence CHARIER de La Turballe, \u00e0 quelques kilom\u00e8tres du chantier.<\/p>\n\n\n\n<p>Pour cette innovation, l\u2019Entreprise CHARIER a \u00e9t\u00e9 doublement r\u00e9compens\u00e9e :<\/p>\n\n\n\n<p>Prix \u00ab Sobri\u00e9t\u00e9 et d\u00e9carbonation des engins \u00bb aux Troph\u00e9es des TP 2022 de la FNTP (F\u00e9d\u00e9ration Nationale des Travaux Publics)<\/p>\n\n\n\n<p>Prix de l\u2019Ancrage Territorial du Prix Impact Entreprise Pays de la Loire 2022<\/p>\n\n\n\n<p>Le projet est \u00e9galement soutenu par la R\u00e9gion Pays de la Loire dans le cadre de l\u2019appel \u00e0 projets \u00ab Ecosyst\u00e8mes territoriaux hydrog\u00e8ne \u00bb.<\/p>\n\n\n\n<p class=\"has-small-font-size\">*\u00c9galement appel\u00e9 hydrog\u00e8ne renouvelable : <a href=\"https:\/\/agirpourlatransition.ademe.fr\/entreprises\/potentiel-hydrogene-bas-carbone-renouvelable\">https:\/\/agirpourlatransition.ademe.fr\/entreprises\/potentiel-hydrogene-bas-carbone-renouvelable<\/a><\/p>\n\n\n\n<div class=\"wp-block-group\"><div class=\"wp-block-group__inner-container\">\n<p class=\"has-small-font-size\">A propos<\/p>\n\n\n\n<p class=\"has-small-font-size\">L\u2019Entreprise CHARIER a \u00e9t\u00e9 fond\u00e9e en 1897 \u00e0 Montoir-de-Bretagne (44). En 2020, elle installe son nouveau si\u00e8ge social \u00e0 Cou\u00ebron, dans un b\u00e2timent passif. Elle compte aujourd\u2019hui 1 700 salari\u00e9s. Entreprise familiale dont l\u2019actionnariat est d\u00e9tenu \u00e0 100 % par la famille CHARIER, elle a r\u00e9alis\u00e9 un chiffre d\u2019affaires consolid\u00e9 de 334 M\u20ac en 2021. Depuis 2013, elle est dirig\u00e9e par Paul BAZIREAU, Pr\u00e9sident du Directoire. Elle intervient d\u00e9sormais dans six m\u00e9tiers compl\u00e9mentaires : Carri\u00e8res &amp; Recyclage de Mat\u00e9riaux, G\u00e9nie Civil, Grands Terrassements, Routes &amp; Travaux Urbains, Espaces verts &amp; Paysage, D\u00e9construction &amp; D\u00e9samiantage. Elle s\u2019appuie sur un r\u00e9seau de 22 agences de travaux, 38 sites de gestion de d\u00e9chets inertes, 15 carri\u00e8res, 11 usines d\u2019enrob\u00e9s dont 2 mobiles et une usine d\u2019\u00e9mulsion, 15 sites certifi\u00e9s ISO 14001. Elle recycle 393 000 tonnes de d\u00e9chets inertes par an et r\u00e9alise 99 % de ses achats en France et 58 % dans ses r\u00e9gions (chiffres 2021). Pionni\u00e8re de la Responsabilit\u00e9 Soci\u00e9tale des Entreprises d\u00e8s 2005, l\u2019Entreprise a adopt\u00e9 en 2022 le statut d\u2019Entreprise \u00e0 Mission.<\/p>\n<\/div><\/div>\n\n\n\n<p><\/p>\n","protected":false},"excerpt":{"rendered":"<p>Apr\u00e8s deux ann\u00e9es de recherches et d\u2019exp\u00e9rimentations, l\u2019Entreprise CHARIER inaugure son tracteur de chantier roulant \u00e0 l\u2019hydrog\u00e8ne vert*. Premier prototype connu en Europe, cet engin est une v\u00e9ritable innovation pour le secteur des travaux publics. Son exp\u00e9rimentation depuis plusieurs semaines sur le chantier d\u2019extension du Port de La Turballe est le premier pas concret d\u2019une [&hellip;]<\/p>\n","protected":false},"author":41,"featured_media":26120,"comment_status":"open","ping_status":"open","sticky":false,"template":"","format":"standard","meta":{"spay_email":""},"categories":[4,2255,77],"tags":[2265],"jetpack_featured_media_url":"https:\/\/i1.wp.com\/batimedianews.com\/live\/wp-content\/uploads\/2023\/02\/CHARIER-Article.jpg?fit=1920%2C1080","jetpack_sharing_enabled":true,"jetpack_likes_enabled":true,"jetpack-related-posts":[{"id":26454,"url":"http:\/\/batimedianews.com\/live\/index.php\/2023\/02\/21\/lhydrogene-se-developpe-dabord-en-mobilite\/","url_meta":{"origin":26116,"position":0},"title":"L\u2019hydrog\u00e8ne se d\u00e9veloppe d\u2019abord en mobilit\u00e9","date":"21 f\u00e9vrier 2023","format":false,"excerpt":"Le salon Hyvolution l\u2019a clairement montr\u00e9\u00a0: l\u2019essentiel des efforts de d\u00e9veloppements de l\u2019hydrog\u00e8ne s\u2019adresse avant tout \u00e0 la mobilit\u00e9 d\u00e9carbon\u00e9e. Pascal Poggi Le Fran\u00e7ais Hyvia a \u00e9t\u00e9 cr\u00e9\u00e9 par Renault et l\u2019am\u00e9ricain Plug pour proposer des solutions de mobilit\u00e9 hydrog\u00e8ne \u00e0 partir de piles \u00e0 combustible. Il fournit \u00e9galement des\u2026","rel":"","context":"Dans &quot;hydrog\u00e8ne&quot;","img":{"alt_text":"","src":"https:\/\/i1.wp.com\/batimedianews.com\/live\/wp-content\/uploads\/2023\/02\/article-pascal-3-1.jpeg?fit=1200%2C1200&resize=350%2C200","width":350,"height":200},"classes":[]},{"id":14909,"url":"http:\/\/batimedianews.com\/live\/index.php\/2022\/01\/17\/transition-energetique-btp-evenementiel-loxam-recoit-son-premier-generateur-electro-hydrogene-geh2-eodev\/","url_meta":{"origin":26116,"position":1},"title":"Transition \u00e9nerg\u00e9tique \u2013 BTP \u2013 Ev\u00e9nementiel LOXAM re\u00e7oit son premier g\u00e9n\u00e9rateur \u00e9lectro-hydrog\u00e8ne GEH2\u00ae EODev","date":"17 janvier 2022","format":false,"excerpt":"\u00a7\u00a0\u00a0Le mardi 11 janvier s'est d\u00e9roul\u00e9e la remise officielle du tout premier g\u00e9n\u00e9rateur \u00e9lectro-hydrog\u00e8ne GEH2\u00ae\u00a0EODev\u00a0aux couleurs de son client\u00a0LOXAM.\u00a0 \u00a7\u00a0\u00a0LOXAM, leader de la location de mat\u00e9riel, devient le 1er\u00a0acteur du secteur \u00e0 proposer une alternative fonctionnant \u00e0 l'hydrog\u00e8ne pour la production d'\u00e9lectricit\u00e9 hors r\u00e9seau.\u00a0\u00a0 \u00a7\u00a0\u00a0L'ambition pour les deux entreprises :\u2026","rel":"","context":"Dans &quot;Chantiers&quot;","img":{"alt_text":"","src":"https:\/\/i0.wp.com\/batimedianews.com\/live\/wp-content\/uploads\/2022\/01\/Loxam-Article.jpg?fit=512%2C512&resize=350%2C200","width":350,"height":200},"classes":[]},{"id":30064,"url":"http:\/\/batimedianews.com\/live\/index.php\/2023\/07\/10\/bdr-thermea-avec-de-dietrich-partenaire-majeur-du-lab-hynovateur\/","url_meta":{"origin":26116,"position":2},"title":"BDR THERMEA avec DE DIETRICH, partenaire majeur du lab hynovateur","date":"10 juillet 2023","format":false,"excerpt":"\u00a0Pour se pr\u00e9parer \u00e0 l\u2019enjeu de la r\u00e9volution des gaz renouvelables et de l\u2019hydrog\u00e8ne, le distributeur de gaz R-GDS (Strasbourg \u2013 67) a d\u00e9cid\u00e9 de se doter d\u2019une plateforme technique enti\u00e8rement d\u00e9di\u00e9e \u00e0 la formation des \u00e9quipes, \u00e0 l\u2019innovation et \u00e0 l\u2019exp\u00e9rimentation : le R-hyfie (Recherche Hydrog\u00e8ne, formation, injection et\u2026","rel":"","context":"Dans &quot;Actualit\u00e9 Entreprises&quot;","img":{"alt_text":"","src":"https:\/\/i1.wp.com\/batimedianews.com\/live\/wp-content\/uploads\/2023\/07\/BDR-Thermea-article.jpg?fit=1080%2C1080&resize=350%2C200","width":350,"height":200},"classes":[]},{"id":28220,"url":"http:\/\/batimedianews.com\/live\/index.php\/2023\/04\/27\/save-the-date-forum-hydrogen-business-for-climate-3eme-edition-les-3-et-4-octobre-a-belfort-90\/","url_meta":{"origin":26116,"position":3},"title":"SAVE THE DATE &#8211; Forum Hydrogen Business for Climate &#8211; 3\u00e8me \u00e9dition &#8211; les 3 et 4 octobre \u00e0 Belfort (90) &#8211;","date":"27 avril 2023","format":false,"excerpt":"Les inscriptions sont ouvertes ! La Bourgogne Franche-Comt\u00e9 accueillera, les 3 et 4 octobre au Centre des Congr\u00e8s ATRIA de Belfort, le Forum Hydrogen Business for Climate. Ce forum est le rendez-vous donne rendez-vous \u00e0 incontournable de tous les d\u00e9cideurs publics et priv\u00e9s, experts, porteurs et acteurs des innovations &\u2026","rel":"","context":"Dans &quot;Actualit\u00e9 Entreprises&quot;","img":{"alt_text":"","src":"https:\/\/i0.wp.com\/batimedianews.com\/live\/wp-content\/uploads\/2023\/04\/Forum-Hydrogen-Article.jpg?fit=1080%2C1080&resize=350%2C200","width":350,"height":200},"classes":[]},{"id":34907,"url":"http:\/\/batimedianews.com\/live\/index.php\/2024\/02\/01\/hydrogene-vert-une-realite-en-occitanie\/","url_meta":{"origin":26116,"position":4},"title":"Hydrog\u00e8ne vert, une r\u00e9alit\u00e9 en Occitanie","date":"1 f\u00e9vrier 2024","format":false,"excerpt":"EDITO Carole Delga, pr\u00e9sidente de la R\u00e9gion Occitanie et d\u2019Ad\u2019Occ Visionnaire, la R\u00e9gion Occitanie l\u2019a \u00e9t\u00e9 en identifiant tr\u00e8s t\u00f4t le potentiel de l\u2019hydrog\u00e8ne vert dans la d\u00e9carbonation de l\u2019\u00e9nergie et le d\u00e9veloppement des \u00e9nergies renouvelables. Pionni\u00e8re, elle a, d\u00e8s 2019, adopt\u00e9 un Plan Hydrog\u00e8ne vert de 150 M\u20ac, le\u2026","rel":"","context":"Dans &quot;Actualit\u00e9 Entreprises&quot;","img":{"alt_text":"","src":"https:\/\/i2.wp.com\/batimedianews.com\/live\/wp-content\/uploads\/2024\/01\/ADOCC_Hyvolution.jpg?fit=825%2C825&resize=350%2C200","width":350,"height":200},"classes":[]},{"id":35000,"url":"http:\/\/batimedianews.com\/live\/index.php\/2024\/02\/14\/roth2-leader-francais-du-stockage-de-gaz-a-tres-haute-pression-accelere-dans-le-domaine-de-lhydrogene\/","url_meta":{"origin":26116,"position":5},"title":"RotH2, leader fran\u00e7ais du stockage de gaz \u00e0 tr\u00e8s haute pression, acc\u00e9l\u00e8re dans le domaine de l\u2019hydrog\u00e8ne","date":"14 f\u00e9vrier 2024","format":false,"excerpt":"La soci\u00e9t\u00e9 fran\u00e7aise RotH2, sp\u00e9cialis\u00e9e dans la fabrication de bouteilles et de modules de stockage \u00e0 tr\u00e8s haute pression pour des gaz techniques et notamment l\u2019hydrog\u00e8ne vert, poursuit son d\u00e9veloppement avec la mise sur le march\u00e9 de microstations de ravitaillement. Elle est la seule entreprise fran\u00e7aise \u00e0 maitriser l\u2019ensemble du\u2026","rel":"","context":"Dans &quot;Actualit\u00e9 Entreprises&quot;","img":{"alt_text":"","src":"https:\/\/i0.wp.com\/batimedianews.com\/live\/wp-content\/uploads\/2024\/02\/ROTH2.jpg?fit=825%2C825&resize=350%2C200","width":350,"height":200},"classes":[]}],"_links":{"self":[{"href":"http:\/\/batimedianews.com\/live\/index.php\/wp-json\/wp\/v2\/posts\/26116"}],"collection":[{"href":"http:\/\/batimedianews.com\/live\/index.php\/wp-json\/wp\/v2\/posts"}],"about":[{"href":"http:\/\/batimedianews.com\/live\/index.php\/wp-json\/wp\/v2\/types\/post"}],"author":[{"embeddable":true,"href":"http:\/\/batimedianews.com\/live\/index.php\/wp-json\/wp\/v2\/users\/41"}],"replies":[{"embeddable":true,"href":"http:\/\/batimedianews.com\/live\/index.php\/wp-json\/wp\/v2\/comments?post=26116"}],"version-history":[{"count":2,"href":"http:\/\/batimedianews.com\/live\/index.php\/wp-json\/wp\/v2\/posts\/26116\/revisions"}],"predecessor-version":[{"id":26237,"href":"http:\/\/batimedianews.com\/live\/index.php\/wp-json\/wp\/v2\/posts\/26116\/revisions\/26237"}],"wp:featuredmedia":[{"embeddable":true,"href":"http:\/\/batimedianews.com\/live\/index.php\/wp-json\/wp\/v2\/media\/26120"}],"wp:attachment":[{"href":"http:\/\/batimedianews.com\/live\/index.php\/wp-json\/wp\/v2\/media?parent=26116"}],"wp:term":[{"taxonomy":"category","embeddable":true,"href":"http:\/\/batimedianews.com\/live\/index.php\/wp-json\/wp\/v2\/categories?post=26116"},{"taxonomy":"post_tag","embeddable":true,"href":"http:\/\/batimedianews.com\/live\/index.php\/wp-json\/wp\/v2\/tags?post=26116"}],"curies":[{"name":"wp","href":"https:\/\/api.w.org\/{rel}","templated":true}]}}