{"id":26121,"date":"2023-02-15T09:11:14","date_gmt":"2023-02-15T08:11:14","guid":{"rendered":"http:\/\/batimedianews.com\/live\/?p=26121"},"modified":"2023-07-15T15:04:31","modified_gmt":"2023-07-15T13:04:31","slug":"construction-decarbonee-vicat-met-en-oeuvre-carat-sa-derniere-innovation-sur-le-chantier-de-la-direction-regionale-de-leon-grosse-a-bron-69","status":"publish","type":"post","link":"http:\/\/batimedianews.com\/live\/index.php\/2023\/02\/15\/construction-decarbonee-vicat-met-en-oeuvre-carat-sa-derniere-innovation-sur-le-chantier-de-la-direction-regionale-de-leon-grosse-a-bron-69\/","title":{"rendered":"Construction d\u00e9carbon\u00e9e : Vicat met en \u0153uvre Carat, sa derni\u00e8re innovation, sur le chantier de la Direction r\u00e9gionale de L\u00e9on Grosse \u00e0 Bron (69)"},"content":{"rendered":"\n<p><strong>Dans le cadre de la construction de la Direction r\u00e9gionale de L\u00e9on Grosse, Groupe diversifi\u00e9 du BTP, le cimentier fran\u00e7ais Vicat met en \u0153uvre Carat, sa derni\u00e8re innovation bas carbone, \u00e0 grande \u00e9chelle et d\u00e9passe ainsi les standards de la construction.<\/strong><\/p>\n\n\n\n<p><strong>Ce liant carbo-n\u00e9gatif, permet d\u2019obtenir des b\u00e9tons tr\u00e8s bas carbone, avec une r\u00e9duction de pr\u00e8s de 90% de l\u2019empreinte carbone par m3 de b\u00e9ton.<\/strong><\/p>\n\n\n\n<p>Ce projet ambitieux d\u00e9velopp\u00e9 entre Vicat et L\u00e9on Grosse illustre l\u2019engagement de ces deux acteurs incontournables pour la d\u00e9carbonation du secteur de la construction.<\/p>\n\n\n\n<p class=\"has-text-align-center\"><strong>Alors que les coulages de b\u00e9ton sont en cours<\/strong>, le groupe Vicat vous convie \u00e0<strong> un point presse et une visite du chantier<\/strong><\/p>\n\n\n\n<div class=\"wp-block-group\"><div class=\"wp-block-group__inner-container\">\n<div class=\"wp-block-group has-sm-light-primary-color has-sm-dark-primary-background-color has-text-color has-background\"><div class=\"wp-block-group__inner-container\">\n<p class=\"has-text-align-center has-large-font-size\"><strong>le Jeudi 16 f\u00e9vrier 2023 \u00e0 10h30<\/strong><\/p>\n\n\n\n<p class=\"has-text-align-center\">sur le chantier de la Direction r\u00e9gionale de L\u00e9on Grosse<\/p>\n\n\n\n<p class=\"has-text-align-center\">21 bis avenue Salvador Allende &#8211; 69500 BRON<\/p>\n<\/div><\/div>\n<\/div><\/div>\n\n\n\n<p class=\"has-text-align-center has-medium-font-size\"><strong>Au programme<\/strong><\/p>\n\n\n\n<ul><li><strong>Pr\u00e9sentation du projet<\/strong>, ses enjeux et ses caract\u00e9ristiques<\/li><li><strong>Session de questions-r\u00e9ponses<\/strong><\/li><li><strong>Visite du chantier et d\u00e9monstration<\/strong> du coulage de la solution Carat<\/li><li><strong>Cocktail d\u00e9jeunatoire<\/strong><\/li><\/ul>\n\n\n\n<p class=\"has-text-align-center\"><strong>Merci de confirmer votre pr\u00e9sence \u00e0 la visite aupr\u00e8s de Lison Douvegheant<\/strong><\/p>\n\n\n\n<p class=\"has-text-align-center\"><strong>presse-vicat@monet-rp.com &#8211; 04 78 37 34 64<\/strong><\/p>\n\n\n\n<p class=\"has-text-align-center has-medium-font-size\"><strong>Informations pratiques :<\/strong><\/p>\n\n\n\n<p>Horaires pour les m\u00e9dias nationaux venant de Paris, via la gare de Lyon Part-Dieu (avec prise en charge \u00e0 l\u2019arriv\u00e9e \u00e0 Lyon)<\/p>\n\n\n\n<p>\u2022 Aller : D\u00e9part de Paris Gare de Lyon \u00e0 7h48 &#8211; arriv\u00e9e \u00e0 Lyon Part-Dieu \u00e0 9h56<\/p>\n\n\n\n<p>\u2022 Retour : D\u00e9part de Lyon Part-Dieu \u00e0 14h04 &#8211; arriv\u00e9e \u00e0 Paris Gare de Lyon \u00e0 16h12<\/p>\n\n\n\n<p><strong>\u00c0 propos de Vicat :<\/strong><\/p>\n\n\n\n<p class=\"has-small-font-size\">Depuis pr\u00e8s de 200 ans, Vicat est un acteur industriel de r\u00e9f\u00e9rence dans le domaine des mat\u00e9riaux de construction min\u00e9raux et biosourc\u00e9s. Engag\u00e9e sur une trajectoire de neutralit\u00e9 carbone sur sa cha\u00eene de valeur d\u2019ici \u00e0 2050, l\u2019entreprise familiale (cot\u00e9e en bourse) exerce aujourd\u2019hui 3 m\u00e9tiers principaux que sont le Ciment, le B\u00e9ton Pr\u00eat \u00e0 l\u2019Emploi (BPE) et les Granulats, ainsi que des activit\u00e9s compl\u00e9mentaires \u00e0 ces m\u00e9tiers de base. Le groupe cimentier emploie pr\u00e8s de 9 500 personnes et a r\u00e9alis\u00e9 un chiffre d\u2019affaires consolid\u00e9 de 3,123 milliards d\u2019euros en 2021. Pr\u00e9sent dans 12 pays \u2013 France, Suisse, Italie, \u00c9tats-Unis, Turquie, \u00c9gypte, S\u00e9n\u00e9gal, Mali, Mauritanie, Kazakhstan, Inde et Br\u00e9sil \u2013 Vicat r\u00e9alise plus de 60 % de son chiffre d\u2019affaires \u00e0 l\u2019international.<\/p>\n","protected":false},"excerpt":{"rendered":"<p>Dans le cadre de la construction de la Direction r\u00e9gionale de L\u00e9on Grosse, Groupe diversifi\u00e9 du BTP, le cimentier fran\u00e7ais Vicat met en \u0153uvre Carat, sa derni\u00e8re innovation bas carbone, \u00e0 grande \u00e9chelle et d\u00e9passe ainsi les standards de la construction. Ce liant carbo-n\u00e9gatif, permet d\u2019obtenir des b\u00e9tons tr\u00e8s bas carbone, avec une r\u00e9duction de [&hellip;]<\/p>\n","protected":false},"author":41,"featured_media":26123,"comment_status":"open","ping_status":"open","sticky":false,"template":"","format":"standard","meta":{"spay_email":""},"categories":[4,866,77,749],"tags":[],"jetpack_featured_media_url":"https:\/\/i2.wp.com\/batimedianews.com\/live\/wp-content\/uploads\/2023\/02\/Vicat-Article.jpg?fit=1920%2C1080","jetpack_sharing_enabled":true,"jetpack_likes_enabled":true,"jetpack-related-posts":[{"id":7602,"url":"http:\/\/batimedianews.com\/live\/index.php\/2021\/01\/01\/groupe-vicat-nouvelle-plateforme-multi-activites-au-sud-de-lyon-69\/","url_meta":{"origin":26121,"position":0},"title":"Groupe Vicat : nouvelle plateforme multi-activit\u00e9s au Sud de Lyon (69)","date":"1 janvier 2021","format":false,"excerpt":"En juin 2020, le groupe Vicat a ouvert un nouveau site multi-activit\u00e9s et multimodal sur le Port Edouard-Herriot, situ\u00e9 sur la commune de Saint-Fons (69), au Sud de Lyon. Pour la premi\u00e8re fois, les principales expertises du groupe Vicat sont r\u00e9unies autour d\u2019un m\u00eame lieu : granulats, ciment, b\u00e9ton, transport\u2026","rel":"","context":"Dans &quot;Actualit\u00e9 Entreprises&quot;","img":{"alt_text":"","src":"https:\/\/i0.wp.com\/batimedianews.com\/live\/wp-content\/uploads\/2020\/12\/image-207.png?fit=672%2C434&resize=350%2C200","width":350,"height":200},"classes":[]},{"id":16672,"url":"http:\/\/batimedianews.com\/live\/index.php\/2022\/03\/03\/vicat-et-beton-direct-associent-leurs-expertises-pour-developper-les-ventes-en-ligne-de-beton-pret-a-l-emploi\/","url_meta":{"origin":26121,"position":1},"title":"Vicat et B\u00e9ton Direct associent leurs expertises  pour d\u00e9velopper les ventes en ligne de b\u00e9ton pr\u00eat-\u00e0-l &#8217;emploi","date":"3 mars 2022","format":false,"excerpt":"Depuis janvier 2022, Vicat, acteur de r\u00e9f\u00e9rence dans les mat\u00e9riaux de construction min\u00e9raux et biosourc\u00e9s, a rejoint\u00a0B\u00e9ton Direct, plateforme num\u00e9rique de vente en ligne de b\u00e9ton pr\u00eat-\u00e0-l 'emploi destin\u00e9e aux particuliers. L'association de ces deux entreprises r\u00e9f\u00e9rentes repr\u00e9sente une opportunit\u00e9 pour ces deux acteurs d'asseoir leurs positions respectives sur un\u2026","rel":"","context":"Dans &quot;Actualit\u00e9 Entreprises&quot;","img":{"alt_text":"","src":"https:\/\/i0.wp.com\/batimedianews.com\/live\/wp-content\/uploads\/2022\/02\/Vicat-Article.jpg?fit=512%2C512&resize=350%2C200","width":350,"height":200},"classes":[]},{"id":40441,"url":"http:\/\/batimedianews.com\/live\/index.php\/2024\/10\/16\/le-groupe-vicat-et-le-groupe-koramic-annoncent-le-rapprochement-strategique-des-activites-de-leurs-filiales-respectives-vpi-et-cermix\/","url_meta":{"origin":26121,"position":2},"title":"Le groupe Vicat et le groupe Koramic annoncent le rapprochement strat\u00e9gique des activit\u00e9s de leurs filiales respectives VPI et Cermix","date":"16 octobre 2024","format":false,"excerpt":"Ce projet pr\u00e9voit l'int\u00e9gration des activit\u00e9s chimie de la construction VPI de Vicat et Cermix de Koramic sous l'\u00e9gide du groupe Vicat et sous r\u00e9serve de l'autorisation de l'Autorit\u00e9 de la Concurrence\u00a0 Fond\u00e9s sur des valeurs familiales et un savoir-faire historique, les groupes Vicat et Koramic partagent une vision commune\u2026","rel":"","context":"Dans &quot;Association&quot;","img":{"alt_text":"","src":"https:\/\/i2.wp.com\/batimedianews.com\/live\/wp-content\/uploads\/2024\/10\/Cermix-articles-.jpg?fit=825%2C825&resize=350%2C200","width":350,"height":200},"classes":[]},{"id":29070,"url":"http:\/\/batimedianews.com\/live\/index.php\/2023\/06\/05\/vpi-filiale-du-groupe-vicat-enrichi-sa-gamme-de-solutions-sols-et-carrelage-avec-collimix-revolution\/","url_meta":{"origin":26121,"position":3},"title":"VPI, filiale du groupe Vicat, enrichi sa gamme de solutions Sols et Carrelage avec COLLIMIX R\u00c9VOLUTION","date":"5 juin 2023","format":false,"excerpt":"\u00a0Fid\u00e8le \u00e0 l\u2019ADN du groupe Vicat, VPI con\u00e7oit et d\u00e9veloppe des solutions innovantes afin de r\u00e9pondre aux besoins de ses clients. COLLIMIX R\u00c9VOLUTION, un mortier colle in\u00e9dit, avec brevet d\u00e9pos\u00e9 illustre les savoir-faire techniques et scientifiques de VPI gr\u00e2ce \u00e0 : un rendement jusqu\u2019\u00e0 deux fois sup\u00e9rieur \u00e0 celui d\u2019un\u2026","rel":"","context":"Dans &quot;Actualit\u00e9 Entreprises&quot;","img":{"alt_text":"","src":"https:\/\/i2.wp.com\/batimedianews.com\/live\/wp-content\/uploads\/2023\/06\/VPI-Article.jpg?fit=1080%2C1080&resize=350%2C200","width":350,"height":200},"classes":[]},{"id":82,"url":"http:\/\/batimedianews.com\/live\/index.php\/2018\/09\/21\/vicat-hugues-chomel-nomme-directeur-financier-du-groupe-vicat\/","url_meta":{"origin":26121,"position":4},"title":"Vicat &#8211; Hugues Chomel nomm\u00e9 Directeur financier du Groupe Vicat","date":"21 septembre 2018","format":false,"excerpt":"Paris La D\u00e9fense, le 21 septembre 2018 : le Groupe Vicat (Euronext Paris :\u00a0FR0000031775 \u2013 VCT) annonce la nomination d\u2019Hugues Chomel comme\u00a0Directeur financier du Groupe, en remplacement de Jean-Pierre Souchet,\u00a0Directeur g\u00e9n\u00e9ral adjoint, qui devient Conseiller du Pr\u00e9sident Directeur G\u00e9n\u00e9ral. Hugues Chomel \u00e9tait Directeur financier d\u00e9l\u00e9gu\u00e9 du Groupe Vicat depuis 2013.\u00a0Il\u2026","rel":"","context":"Dans &quot;Nominations&quot;","img":{"alt_text":"","src":"http:\/\/batimedialive.files.wordpress.com\/2018\/09\/logo_vicat.jpg?w=350&h=200&crop=1","width":350,"height":200},"classes":[]},{"id":45919,"url":"http:\/\/batimedianews.com\/live\/index.php\/2025\/07\/16\/france-ciment-rappelle-son-engagement-a-la-decarbonation-du-secteur-et-appelle-de-ses-voeux-la-publication-au-plus-vite-de-la-revision-de-la-norme-beton\/","url_meta":{"origin":26121,"position":5},"title":"France Ciment rappelle son engagement \u00e0 la d\u00e9carbonation du secteur et appelle de ses v\u0153ux la publication au plus vite de la r\u00e9vision de la norme b\u00e9ton","date":"16 juillet 2025","format":false,"excerpt":"Apr\u00e8s avoir collabor\u00e9 activement \u00e0 la r\u00e9vision de la norme B\u00e9ton (NF EN 206+A2\/CN), la fili\u00e8re cimenti\u00e8re s'inqui\u00e8te du d\u00e9lai anormalement long pour sa publication. Cela contribue \u00e0 augmenter le retard dans la d\u00e9carbonation du secteur.\u00a0 France Ciment souhaite la publication de la norme\u00a0en l'\u00e9tat le plus rapidement possible et\u2026","rel":"","context":"Dans &quot;Actualit\u00e9 Entreprises&quot;","img":{"alt_text":"","src":"https:\/\/i1.wp.com\/batimedianews.com\/live\/wp-content\/uploads\/2025\/07\/FranceCiment-copie.jpg?fit=825%2C825&resize=350%2C200","width":350,"height":200},"classes":[]}],"_links":{"self":[{"href":"http:\/\/batimedianews.com\/live\/index.php\/wp-json\/wp\/v2\/posts\/26121"}],"collection":[{"href":"http:\/\/batimedianews.com\/live\/index.php\/wp-json\/wp\/v2\/posts"}],"about":[{"href":"http:\/\/batimedianews.com\/live\/index.php\/wp-json\/wp\/v2\/types\/post"}],"author":[{"embeddable":true,"href":"http:\/\/batimedianews.com\/live\/index.php\/wp-json\/wp\/v2\/users\/41"}],"replies":[{"embeddable":true,"href":"http:\/\/batimedianews.com\/live\/index.php\/wp-json\/wp\/v2\/comments?post=26121"}],"version-history":[{"count":3,"href":"http:\/\/batimedianews.com\/live\/index.php\/wp-json\/wp\/v2\/posts\/26121\/revisions"}],"predecessor-version":[{"id":26128,"href":"http:\/\/batimedianews.com\/live\/index.php\/wp-json\/wp\/v2\/posts\/26121\/revisions\/26128"}],"wp:featuredmedia":[{"embeddable":true,"href":"http:\/\/batimedianews.com\/live\/index.php\/wp-json\/wp\/v2\/media\/26123"}],"wp:attachment":[{"href":"http:\/\/batimedianews.com\/live\/index.php\/wp-json\/wp\/v2\/media?parent=26121"}],"wp:term":[{"taxonomy":"category","embeddable":true,"href":"http:\/\/batimedianews.com\/live\/index.php\/wp-json\/wp\/v2\/categories?post=26121"},{"taxonomy":"post_tag","embeddable":true,"href":"http:\/\/batimedianews.com\/live\/index.php\/wp-json\/wp\/v2\/tags?post=26121"}],"curies":[{"name":"wp","href":"https:\/\/api.w.org\/{rel}","templated":true}]}}