{"id":26229,"date":"2023-02-16T10:46:53","date_gmt":"2023-02-16T09:46:53","guid":{"rendered":"http:\/\/batimedianews.com\/live\/?p=26229"},"modified":"2023-07-15T15:04:17","modified_gmt":"2023-07-15T13:04:17","slug":"nouvelle-generation-dappareils-de-mesure-compacts-et-connectes-testo-pour-le-secteur-cvc-lassurance-dun-travail-rapide-simple-et-precis","status":"publish","type":"post","link":"http:\/\/batimedianews.com\/live\/index.php\/2023\/02\/16\/nouvelle-generation-dappareils-de-mesure-compacts-et-connectes-testo-pour-le-secteur-cvc-lassurance-dun-travail-rapide-simple-et-precis\/","title":{"rendered":"Nouvelle g\u00e9n\u00e9ration d\u2019appareils de mesure compacts et connect\u00e9s Testo pour le secteur CVC l\u2019assurance d\u2019un travail rapide, simple et pr\u00e9cis"},"content":{"rendered":"\n<figure class=\"wp-block-image size-large\"><img loading=\"lazy\" width=\"720\" height=\"477\" src=\"https:\/\/i2.wp.com\/batimedianews.com\/live\/wp-content\/uploads\/2023\/02\/image-107.png?resize=720%2C477\" alt=\"\" class=\"wp-image-26230\" srcset=\"https:\/\/i2.wp.com\/batimedianews.com\/live\/wp-content\/uploads\/2023\/02\/image-107.png?resize=1024%2C678 1024w, https:\/\/i2.wp.com\/batimedianews.com\/live\/wp-content\/uploads\/2023\/02\/image-107.png?resize=600%2C397 600w, https:\/\/i2.wp.com\/batimedianews.com\/live\/wp-content\/uploads\/2023\/02\/image-107.png?resize=768%2C509 768w, https:\/\/i2.wp.com\/batimedianews.com\/live\/wp-content\/uploads\/2023\/02\/image-107.png?resize=1536%2C1017 1536w, https:\/\/i2.wp.com\/batimedianews.com\/live\/wp-content\/uploads\/2023\/02\/image-107.png?resize=2048%2C1356 2048w, https:\/\/i2.wp.com\/batimedianews.com\/live\/wp-content\/uploads\/2023\/02\/image-107.png?resize=10%2C7 10w, https:\/\/i2.wp.com\/batimedianews.com\/live\/wp-content\/uploads\/2023\/02\/image-107.png?resize=432%2C286 432w, https:\/\/i2.wp.com\/batimedianews.com\/live\/wp-content\/uploads\/2023\/02\/image-107.png?resize=396%2C262 396w, https:\/\/i2.wp.com\/batimedianews.com\/live\/wp-content\/uploads\/2023\/02\/image-107.png?resize=1120%2C742 1120w, https:\/\/i2.wp.com\/batimedianews.com\/live\/wp-content\/uploads\/2023\/02\/image-107.png?resize=660%2C437 660w, https:\/\/i2.wp.com\/batimedianews.com\/live\/wp-content\/uploads\/2023\/02\/image-107.png?resize=332%2C220 332w, https:\/\/i2.wp.com\/batimedianews.com\/live\/wp-content\/uploads\/2023\/02\/image-107.png?w=1440 1440w\" sizes=\"(max-width: 600px) 91vw, (max-width: 900px) 600px, (max-width: 1060px) 50vw, (max-width: 1200px) 520px, (max-width: 1400px) 43vw, 600px\" data-recalc-dims=\"1\" \/><\/figure>\n\n\n\n<p>Que ce soit dans le cadre d\u2019installation, d\u2019entretien ou de maintenance, les professionnels du secteur du chauffage, de la ventilation et de la climatisation sont toujours en qu\u00eate d\u2019outils facilitant leur quotidien.<\/p>\n\n\n\n<p>Proche de leurs attentes, Testo fait \u00e9voluer sa gamme d\u2019appareils de mesure pour le secteur CVC. Plus compacts, \u00e9quip\u00e9s d\u2019un grand \u00e9cran intuitif, les onze nouveaux appareils, connect\u00e9s \u00e0 l\u2019appli testo Smart sur leur smartphone, fournissent des r\u00e9sultats de mesure pr\u00e9cis, de mani\u00e8re simple, rapide et conviviale. De quoi satisfaire tous leurs besoins !<\/p>\n\n\n\n<p class=\"has-medium-font-size\">Des appareils pour chaque grandeur de mesure et chaque application :<\/p>\n\n\n\n<p class=\"has-text-color has-medium-font-size\" style=\"color:#f78f36\"><strong>Installations de climatisation et de ventilation : mesurer le flux et le d\u00e9bit volumique<\/strong><\/p>\n\n\n\n<p>Le bon r\u00e9glage des centrales de traitement d\u2019air et des syst\u00e8mes de VMC est essentiel dans un b\u00e2timent pour garantir une quantit\u00e9 suffisante d\u2019air frais et l\u2019\u00e9vacuation de l\u2019air vici\u00e9 dans les pi\u00e8ces.<\/p>\n\n\n\n<p>Testo propose trois nouveaux appareils de mesure permettant de r\u00e9aliser ces t\u00e2ches de mani\u00e8re plus rapide, simple et pr\u00e9cise et avec le soutien de l\u2019App testo Smart :<\/p>\n\n\n\n<ul><li>\u2022 <strong>testo 417, an\u00e9mom\u00e8tre num\u00e9rique \u00e0 h\u00e9lice de 100 mm<\/strong> pour la mesure du flux, du d\u00e9bit volumique et de la temp\u00e9rature aux entr\u00e9es et sorties d\u2019air,<\/li><\/ul>\n\n\n\n<ul><li>\u2022 <strong>testo 416, an\u00e9mom\u00e8tre num\u00e9rique \u00e0 h\u00e9lice de 16 mm<\/strong> pour la mesure du flux et le calcul du d\u00e9bit volumique dans le conduit d\u2019air,<\/li><\/ul>\n\n\n\n<ul><li>\u2022 <strong>testo 425, an\u00e9mom\u00e8tre num\u00e9rique \u00e0 fil chaud<\/strong> pour la mesure du flux, de la temp\u00e9rature et le calcul du d\u00e9bit volumique dans le conduit d\u2019air.<\/li><\/ul>\n\n\n\n<figure class=\"wp-block-image size-large\"><img loading=\"lazy\" width=\"720\" height=\"171\" src=\"https:\/\/i1.wp.com\/batimedianews.com\/live\/wp-content\/uploads\/2023\/02\/image-108.png?resize=720%2C171\" alt=\"\" class=\"wp-image-26231\" srcset=\"https:\/\/i1.wp.com\/batimedianews.com\/live\/wp-content\/uploads\/2023\/02\/image-108.png?resize=1024%2C243 1024w, https:\/\/i1.wp.com\/batimedianews.com\/live\/wp-content\/uploads\/2023\/02\/image-108.png?resize=600%2C143 600w, https:\/\/i1.wp.com\/batimedianews.com\/live\/wp-content\/uploads\/2023\/02\/image-108.png?resize=768%2C182 768w, https:\/\/i1.wp.com\/batimedianews.com\/live\/wp-content\/uploads\/2023\/02\/image-108.png?resize=10%2C2 10w, https:\/\/i1.wp.com\/batimedianews.com\/live\/wp-content\/uploads\/2023\/02\/image-108.png?resize=432%2C103 432w, https:\/\/i1.wp.com\/batimedianews.com\/live\/wp-content\/uploads\/2023\/02\/image-108.png?resize=396%2C94 396w, https:\/\/i1.wp.com\/batimedianews.com\/live\/wp-content\/uploads\/2023\/02\/image-108.png?resize=1120%2C266 1120w, https:\/\/i1.wp.com\/batimedianews.com\/live\/wp-content\/uploads\/2023\/02\/image-108.png?resize=660%2C157 660w, https:\/\/i1.wp.com\/batimedianews.com\/live\/wp-content\/uploads\/2023\/02\/image-108.png?resize=710%2C169 710w, https:\/\/i1.wp.com\/batimedianews.com\/live\/wp-content\/uploads\/2023\/02\/image-108.png?w=1490 1490w, https:\/\/i1.wp.com\/batimedianews.com\/live\/wp-content\/uploads\/2023\/02\/image-108.png?w=1440 1440w\" sizes=\"(max-width: 600px) 91vw, (max-width: 900px) 600px, (max-width: 1060px) 50vw, (max-width: 1200px) 520px, (max-width: 1400px) 43vw, 600px\" data-recalc-dims=\"1\" \/><\/figure>\n\n\n\n<p class=\"has-text-color has-medium-font-size\" style=\"color:#f78f36\"><strong>Confort thermique et qualit\u00e9 d\u2019air int\u00e9rieur<\/strong><\/p>\n\n\n\n<p>Passant quotidiennement 90% de notre temps \u00e0 l\u2019int\u00e9rieur d\u2019un b\u00e2timent, b\u00e9n\u00e9ficier d\u2019une qualit\u00e9 de l\u2019air int\u00e9rieur optimale et d\u2019un confort thermique est primordial pour la sant\u00e9 et le bien-\u00eatre des occupants.<\/p>\n\n\n\n<p>Pour surveiller la qualit\u00e9 de l\u2019air et assurer un climat sain dans les pi\u00e8ces, la nouvelle gamme de Testo comprend :<\/p>\n\n\n\n<p><strong>\u2022 testo 535, un nouvel appareil de mesure du CO2<\/strong><\/p>\n\n\n\n<p>testo 535 mesure pr\u00e9cis\u00e9ment la concentration de dioxyde de carbone dans l\u2019air int\u00e9rieur. En cas de d\u00e9passement des limites, une alarme sonore retentit. <\/p>\n\n\n\n<p>Gr\u00e2ce aux capteurs infrarouges stables \u00e0 long terme, les valeurs de mesure sont reproductibles et comparables m\u00eame sur de longues p\u00e9riodes. Le calcul des moyennes temporelles et multipoints est effectu\u00e9 directement dans l\u2019appareil.<\/p>\n\n\n\n<p>Connect\u00e9 \u00e0 l\u2019App. testo Smart, les valeurs de mesure sont affich\u00e9es sur le smartphone de l\u2019utilisateur sous forme de tableau ou de graphique. Les r\u00e9sultats sont enregistr\u00e9s et document\u00e9s dans l\u2019application ce qui permet de g\u00e9n\u00e9rer des rapports directement sur site et envoy\u00e9s par e-mail.<\/p>\n\n\n\n<figure class=\"wp-block-image size-large\"><img loading=\"lazy\" width=\"720\" height=\"183\" src=\"https:\/\/i2.wp.com\/batimedianews.com\/live\/wp-content\/uploads\/2023\/02\/image-109.png?resize=720%2C183\" alt=\"\" class=\"wp-image-26232\" srcset=\"https:\/\/i2.wp.com\/batimedianews.com\/live\/wp-content\/uploads\/2023\/02\/image-109.png?resize=1024%2C260 1024w, https:\/\/i2.wp.com\/batimedianews.com\/live\/wp-content\/uploads\/2023\/02\/image-109.png?resize=600%2C153 600w, https:\/\/i2.wp.com\/batimedianews.com\/live\/wp-content\/uploads\/2023\/02\/image-109.png?resize=768%2C195 768w, https:\/\/i2.wp.com\/batimedianews.com\/live\/wp-content\/uploads\/2023\/02\/image-109.png?resize=1536%2C391 1536w, https:\/\/i2.wp.com\/batimedianews.com\/live\/wp-content\/uploads\/2023\/02\/image-109.png?resize=10%2C3 10w, https:\/\/i2.wp.com\/batimedianews.com\/live\/wp-content\/uploads\/2023\/02\/image-109.png?resize=432%2C110 432w, https:\/\/i2.wp.com\/batimedianews.com\/live\/wp-content\/uploads\/2023\/02\/image-109.png?resize=396%2C101 396w, https:\/\/i2.wp.com\/batimedianews.com\/live\/wp-content\/uploads\/2023\/02\/image-109.png?resize=1120%2C285 1120w, https:\/\/i2.wp.com\/batimedianews.com\/live\/wp-content\/uploads\/2023\/02\/image-109.png?resize=660%2C168 660w, https:\/\/i2.wp.com\/batimedianews.com\/live\/wp-content\/uploads\/2023\/02\/image-109.png?resize=710%2C181 710w, https:\/\/i2.wp.com\/batimedianews.com\/live\/wp-content\/uploads\/2023\/02\/image-109.png?w=1628 1628w, https:\/\/i2.wp.com\/batimedianews.com\/live\/wp-content\/uploads\/2023\/02\/image-109.png?w=1440 1440w\" sizes=\"(max-width: 600px) 91vw, (max-width: 900px) 600px, (max-width: 1060px) 50vw, (max-width: 1200px) 520px, (max-width: 1400px) 43vw, 600px\" data-recalc-dims=\"1\" \/><\/figure>\n\n\n\n<p><strong>\u2022 testo 545, nouveau luxm\u00e8tre num\u00e9rique<\/strong> pour la mesure de l\u2019\u00e9clairement lumineux (lux) conform\u00e9ment \u00e0 la courbe lambda-V, pour toutes les sources d\u2019\u00e9clairage courantes. L\u2019\u00e9clairement lumineux participant activement au bien-\u00eatre et \u00e0 la productivit\u00e9 notamment sur les lieux de travail, testo 545 est compatible avec quasiment toutes les LED du march\u00e9 pour en mesurer leur efficacit\u00e9. Gr\u00e2ce \u00e0 la fonction de calcul automatique des moyennes temporelles et multipoints du luxm\u00e8tre, le professionnel visualise toutes les informations importantes d\u2019un coup d\u2019oeil.<\/p>\n\n\n\n<p><strong>\u2022 testo 625, thermo-hygrom\u00e8tre num\u00e9rique <\/strong>pour la mesure de la temp\u00e9rature de l\u2019air et de l\u2019humidit\u00e9 relative de l\u2019air.<\/p>\n\n\n\n<p class=\"has-text-color has-medium-font-size\" style=\"color:#f78f36\"><strong>Installations de chauffage : mesure de pression et de temp\u00e9rature<\/strong><\/p>\n\n\n\n<figure class=\"wp-block-image size-large\"><img loading=\"lazy\" width=\"720\" height=\"196\" src=\"https:\/\/i2.wp.com\/batimedianews.com\/live\/wp-content\/uploads\/2023\/02\/image-110.png?resize=720%2C196\" alt=\"\" class=\"wp-image-26233\" srcset=\"https:\/\/i2.wp.com\/batimedianews.com\/live\/wp-content\/uploads\/2023\/02\/image-110.png?resize=1024%2C279 1024w, https:\/\/i2.wp.com\/batimedianews.com\/live\/wp-content\/uploads\/2023\/02\/image-110.png?resize=600%2C163 600w, https:\/\/i2.wp.com\/batimedianews.com\/live\/wp-content\/uploads\/2023\/02\/image-110.png?resize=768%2C209 768w, https:\/\/i2.wp.com\/batimedianews.com\/live\/wp-content\/uploads\/2023\/02\/image-110.png?resize=10%2C3 10w, https:\/\/i2.wp.com\/batimedianews.com\/live\/wp-content\/uploads\/2023\/02\/image-110.png?resize=432%2C118 432w, https:\/\/i2.wp.com\/batimedianews.com\/live\/wp-content\/uploads\/2023\/02\/image-110.png?resize=396%2C108 396w, https:\/\/i2.wp.com\/batimedianews.com\/live\/wp-content\/uploads\/2023\/02\/image-110.png?resize=1120%2C305 1120w, https:\/\/i2.wp.com\/batimedianews.com\/live\/wp-content\/uploads\/2023\/02\/image-110.png?resize=660%2C180 660w, https:\/\/i2.wp.com\/batimedianews.com\/live\/wp-content\/uploads\/2023\/02\/image-110.png?resize=710%2C193 710w, https:\/\/i2.wp.com\/batimedianews.com\/live\/wp-content\/uploads\/2023\/02\/image-110.png?w=1520 1520w, https:\/\/i2.wp.com\/batimedianews.com\/live\/wp-content\/uploads\/2023\/02\/image-110.png?w=1440 1440w\" sizes=\"(max-width: 600px) 91vw, (max-width: 900px) 600px, (max-width: 1060px) 50vw, (max-width: 1200px) 520px, (max-width: 1400px) 43vw, 600px\" data-recalc-dims=\"1\" \/><\/figure>\n\n\n\n<p>Les nouveaux appareils de mesure compacts de testo assistent, de fa\u00e7on fiable, les professionnels lors des deux mesures les plus importantes sur les installations de chauffage :<\/p>\n\n\n\n<p><strong>\u2022 testo 512-1 et testo 512-2, manom\u00e8tres diff\u00e9rentiels num\u00e9riques<\/strong><\/p>\n\n\n\n<p>Les manom\u00e8tres 512 contr\u00f4lent, rapidement et pr\u00e9cis\u00e9ment, la pression de gaz sur les br\u00fbleurs par la mesure de la pression de gaz dynamique et au repos, \u00e9l\u00e9ment indispensable pour la maintenance.<\/p>\n\n\n\n<p>testo 512 assure \u00e9galement la <strong>mesure de pression g\u00e9n\u00e9rale<\/strong>, le <strong>contr\u00f4le des filtres<\/strong> et la <strong>mesure au moyen d\u2019un tube de Pitiot dans le conduit d\u2019air<\/strong>.<\/p>\n\n\n\n<p>\u2022 <strong>testo 922, appareil num\u00e9rique de mesure de la temp\u00e9rature diff\u00e9rentielle<\/strong> avec deux entr\u00e9es thermocouple de type K (2 sondes TC de type K fournies). Id\u00e9al pour la mesure des temp\u00e9ratures aller et retour des r\u00e9partiteurs de circuit de chauffage, testo 922 est adapt\u00e9 \u00e0 de nombreux domaines d\u2019utilisation gr\u00e2ce \u00e0 la grande \u00e9tendue de mesure de -50\u00b0C \u00e0 1 000\u00b0C.<\/p>\n\n\n\n<p>\u2022 <strong>testo 925, appareil num\u00e9rique de mesure de la temp\u00e9rature<\/strong> \u00e0 1 canal, avec la sonde thermocouple de type K (1 sonde TC de type K fournie).<\/p>\n\n\n\n<p class=\"has-medium-font-size\"><strong>App. testo Smart, l\u2019assistant indispensable des pros<\/strong><\/p>\n\n\n\n<p>Gratuite, l\u2019application testo Smart, t\u00e9l\u00e9charg\u00e9e sur le smartphone ou la tablette du professionnel, lui permet de tirer le meilleur profit de son nouvel appareil de mesure gr\u00e2ce aux fonctions suivantes :<\/p>\n\n\n\n<ul><li>. configuration rapide de l\u2019appareil de mesure,<\/li><li>. affichage de la courbe de mesure, sous forme de tableau ou graphique, pour une visualisation facilit\u00e9e des valeurs,<\/li><li>. enregistrement des donn\u00e9es de mesure et des clients,<\/li><li>. cr\u00e9ation ais\u00e9e de rapports directement sur site et envoi par e-mail<\/li><\/ul>\n\n\n\n<p>Ing\u00e9nieuse, elle fait office de second \u00e9cran, permet \u00e9galement l\u2019\u00e9change de donn\u00e9es avec le logiciel PC testo DataControl et offre des mises \u00e0 jour et extensions en continu.<\/p>\n\n\n\n<p><strong>Extr\u00eamement riche, la nouvelle gamme d\u2019appareils de mesure de Testo offre des possibilit\u00e9s infinies aux professionnels du secteur de la climatisation, de la ventilation et du chauffage.<\/strong><\/p>\n\n\n\n<div class=\"wp-block-group\"><div class=\"wp-block-group__inner-container\">\n<div class=\"wp-block-group has-luminous-vivid-amber-to-luminous-vivid-orange-gradient-background has-background\"><div class=\"wp-block-group__inner-container\">\n<p class=\"has-small-font-size\"><strong><em>Testo France<\/em><\/strong><\/p>\n\n\n\n<p class=\"has-small-font-size\"><em>Leader national et mondial sur le march\u00e9 des appareils de mesures, Testo a su s\u2019imposer comme partenaire privil\u00e9gi\u00e9 de bien des professionnels \u00e0 travers le monde.<\/em><\/p>\n\n\n\n<p class=\"has-small-font-size\"><em>Tout a commenc\u00e9 en Allemagne en 1957 avec une id\u00e9e toute simple : un thermom\u00e8tre \u00e9lectronique \u00e9labor\u00e9 \u00e0 partir d\u2019une technologie nouvelle pour l\u2019\u00e9poque.<\/em><\/p>\n\n\n\n<p class=\"has-small-font-size\"><em>Aujourd\u2019hui, Testo est une marque reconnue dans le monde entier avec plus de 33 filiales pour la repr\u00e9senter. En France, Testo doit ses 40 ans de succ\u00e8s \u00e0 sa technologie de pointe et d\u2019innovation mais aussi aux hommes qui constituent le capital qui fera toujours la diff\u00e9rence.<\/em><\/p>\n<\/div><\/div>\n<\/div><\/div>\n","protected":false},"excerpt":{"rendered":"<p>Que ce soit dans le cadre d\u2019installation, d\u2019entretien ou de maintenance, les professionnels du secteur du chauffage, de la ventilation et de la climatisation sont toujours en qu\u00eate d\u2019outils facilitant leur quotidien. Proche de leurs attentes, Testo fait \u00e9voluer sa gamme d\u2019appareils de mesure pour le secteur CVC. Plus compacts, \u00e9quip\u00e9s d\u2019un grand \u00e9cran intuitif, [&hellip;]<\/p>\n","protected":false},"author":41,"featured_media":26235,"comment_status":"open","ping_status":"open","sticky":false,"template":"","format":"standard","meta":{"spay_email":""},"categories":[4,48,2269,1403],"tags":[2268],"jetpack_featured_media_url":"https:\/\/i2.wp.com\/batimedianews.com\/live\/wp-content\/uploads\/2023\/02\/testoArticle.jpg?fit=1920%2C1080","jetpack_sharing_enabled":true,"jetpack_likes_enabled":true,"jetpack-related-posts":[{"id":38309,"url":"http:\/\/batimedianews.com\/live\/index.php\/2024\/06\/21\/testo-enrichit-son-application-testo-smart-par-deux-nouvelles-fonctionnalites-efficacite-et-gain-de-temps-garantis\/","url_meta":{"origin":26229,"position":0},"title":"Testo enrichit son Application testo Smart par deux nouvelles fonctionnalit\u00e9s : efficacit\u00e9 et gain de temps garantis !","date":"21 juin 2024","format":false,"excerpt":"Le r\u00e9glage des centrales de traitement d\u2019air et des syst\u00e8mes de ventilation est essentiel dans un b\u00e2timent pour garantir une bonne qualit\u00e9 de l\u2019air \u00e0 ses occupants. Pour faciliter le travail des techniciens de maintenance en a\u00e9raulique et des exploitants lors de leur mise en service et de leur r\u00e9glage,\u2026","rel":"","context":"Dans &quot;Actualit\u00e9 Entreprises&quot;","img":{"alt_text":"","src":"https:\/\/i1.wp.com\/batimedianews.com\/live\/wp-content\/uploads\/2024\/06\/testo.jpg?fit=825%2C825&resize=350%2C200","width":350,"height":200},"classes":[]},{"id":39655,"url":"http:\/\/batimedianews.com\/live\/index.php\/2024\/09\/12\/a-interclima-testo-devoile-un-florilege-dappareils-de-mesure-pour-tous-les-professionnels-du-genie-climatique\/","url_meta":{"origin":26229,"position":1},"title":"A Interclima, Testo d\u00e9voile un floril\u00e8ge d\u2019appareils de mesure pour tous les professionnels du g\u00e9nie climatique","date":"12 septembre 2024","format":false,"excerpt":"\u00a0testo 317-5\u00a0\u00a0testo 318 Testo, fabricant d\u2019appareils de mesure de renom, d\u00e9voile sur le salon INTERCLIMA ses derni\u00e8res innovations afin de r\u00e9pondre aux d\u00e9fis des acteurs du g\u00e9nie climatique. Pour faciliter leur quotidien, le vid\u00e9oscope testo 318 assure une inspection visuelle et une identification rapide de corps \u00e9trangers dans des endroits\u2026","rel":"","context":"Dans &quot;Actualit\u00e9 Entreprises&quot;","img":{"alt_text":"","src":"https:\/\/i0.wp.com\/batimedianews.com\/live\/wp-content\/uploads\/2024\/09\/testo.jpg?fit=825%2C825&resize=350%2C200","width":350,"height":200},"classes":[]},{"id":9858,"url":"http:\/\/batimedianews.com\/live\/index.php\/2021\/05\/17\/thermometre-915i-avec-sondes-de-mesure-interchangeables\/","url_meta":{"origin":26229,"position":2},"title":"Thermom\u00e8tre 915i avec sondes de mesure interchangeables","date":"17 mai 2021","format":false,"excerpt":"Testo compl\u00e8te sa gamme de Smart Probes sans fil pour des mesures de temp\u00e9rature encore plus rapides, flexibles et simples Afin de faciliter le travail des professionnels du secteur du b\u00e2timent et du g\u00e9nie climatique, Testo, leader mondial des appareils de mesure, compl\u00e8te sa gamme de Smart Probes avec testo\u2026","rel":"","context":"Dans &quot;Actualit\u00e9 Entreprises&quot;","img":{"alt_text":"","src":"https:\/\/i2.wp.com\/batimedianews.com\/live\/wp-content\/uploads\/2021\/05\/testo-Article.jpg?fit=512%2C512&resize=350%2C200","width":350,"height":200},"classes":[]},{"id":15351,"url":"http:\/\/batimedianews.com\/live\/index.php\/2022\/01\/31\/moniteur-de-co2-ambiant-portable-et-economique-surveillance-et-mesure-en-temps-reel-de-la-qualite-de-lair-interieur\/","url_meta":{"origin":26229,"position":3},"title":"Moniteur de CO2 ambiant portable et \u00e9conomique : surveillance et mesure en temps r\u00e9el de la qualit\u00e9 de l\u2019air int\u00e9rieur","date":"31 janvier 2022","format":false,"excerpt":"Afin d\u2019offrir une r\u00e9ponse adapt\u00e9e aux contraintes des \u00e9coles, des restaurants et petits \u00e9tablissements recevant du public, Testo, fabricant reconnu, compl\u00e8te sa gamme d\u2019appareils de mesure d\u00e9di\u00e9s \u00e0 la surveillance et la qualit\u00e9 de l\u2019air int\u00e9rieur en distribuant un nouveau moniteur de CO2 ambiant \u00e9conomique et facile \u00e0 d\u00e9ployer. Les\u2026","rel":"","context":"Dans &quot;Actualit\u00e9 Entreprises&quot;","img":{"alt_text":"","src":"https:\/\/i1.wp.com\/batimedianews.com\/live\/wp-content\/uploads\/2022\/01\/testo-Article.jpg?fit=512%2C512&resize=350%2C200","width":350,"height":200},"classes":[]},{"id":32606,"url":"http:\/\/batimedianews.com\/live\/index.php\/2023\/10\/26\/nouvelle-formation-testo-pompe-a-chaleur-et-climatisation-bonnes-pratiques-et-mesures-obligatoires\/","url_meta":{"origin":26229,"position":4},"title":"Nouvelle formation Testo : Pompe \u00e0 chaleur et climatisation : Bonnes pratiques et mesures obligatoires","date":"26 octobre 2023","format":false,"excerpt":"\u00a0Dans le cadre de la transition \u00e9cologique, les pouvoirs publics encouragent l\u2019installation de pompes \u00e0 chaleur dans l\u2019habitat. Afin d\u2019aider les professionnels \u00e0 bien ma\u00eetriser les aspects r\u00e9glementaires et pratiques sur les mesures \u00e0 r\u00e9aliser lors de la mise en service ou dans le cadre de la maintenance d\u2019une PAC,\u2026","rel":"","context":"Dans &quot;Actualit\u00e9 Entreprises&quot;","img":{"alt_text":"","src":"https:\/\/i1.wp.com\/batimedianews.com\/live\/wp-content\/uploads\/2023\/10\/testo-Image-articles-.jpg?fit=550%2C300&resize=350%2C200","width":350,"height":200},"classes":[]},{"id":43464,"url":"http:\/\/batimedianews.com\/live\/index.php\/2025\/03\/12\/testo-174-t-bt-le-nouveau-mini-enregistreur-de-donnees-de-temperature-intelligent-pour-des-resultats-de-mesures-cibles-et-precis\/","url_meta":{"origin":26229,"position":5},"title":"testo 174 T BT, le nouveau mini-enregistreur de donn\u00e9es de temp\u00e9rature intelligent pour des r\u00e9sultats de mesures cibl\u00e9s et pr\u00e9cis","date":"12 mars 2025","format":false,"excerpt":"\u00a0Pour contr\u00f4ler \u00e0 distance les conditions d\u2019ambiance et r\u00e9aliser temporairement un suivi des temp\u00e9ratures \u00e0 l\u2019int\u00e9rieur d\u2019un b\u00e2timent lors de la mise en service ou de la maintenance de syst\u00e8mes CVC-R, Testo met \u00e0 la disposition des exploitants son nouveau mini-enregistreur de donn\u00e9es de temp\u00e9rature Bluetooth testo 174 T BT\u2026","rel":"","context":"Dans &quot;Actualit\u00e9 Entreprises&quot;","img":{"alt_text":"","src":"https:\/\/i1.wp.com\/batimedianews.com\/live\/wp-content\/uploads\/2025\/03\/testo.jpg?fit=825%2C825&resize=350%2C200","width":350,"height":200},"classes":[]}],"_links":{"self":[{"href":"http:\/\/batimedianews.com\/live\/index.php\/wp-json\/wp\/v2\/posts\/26229"}],"collection":[{"href":"http:\/\/batimedianews.com\/live\/index.php\/wp-json\/wp\/v2\/posts"}],"about":[{"href":"http:\/\/batimedianews.com\/live\/index.php\/wp-json\/wp\/v2\/types\/post"}],"author":[{"embeddable":true,"href":"http:\/\/batimedianews.com\/live\/index.php\/wp-json\/wp\/v2\/users\/41"}],"replies":[{"embeddable":true,"href":"http:\/\/batimedianews.com\/live\/index.php\/wp-json\/wp\/v2\/comments?post=26229"}],"version-history":[{"count":2,"href":"http:\/\/batimedianews.com\/live\/index.php\/wp-json\/wp\/v2\/posts\/26229\/revisions"}],"predecessor-version":[{"id":26274,"href":"http:\/\/batimedianews.com\/live\/index.php\/wp-json\/wp\/v2\/posts\/26229\/revisions\/26274"}],"wp:featuredmedia":[{"embeddable":true,"href":"http:\/\/batimedianews.com\/live\/index.php\/wp-json\/wp\/v2\/media\/26235"}],"wp:attachment":[{"href":"http:\/\/batimedianews.com\/live\/index.php\/wp-json\/wp\/v2\/media?parent=26229"}],"wp:term":[{"taxonomy":"category","embeddable":true,"href":"http:\/\/batimedianews.com\/live\/index.php\/wp-json\/wp\/v2\/categories?post=26229"},{"taxonomy":"post_tag","embeddable":true,"href":"http:\/\/batimedianews.com\/live\/index.php\/wp-json\/wp\/v2\/tags?post=26229"}],"curies":[{"name":"wp","href":"https:\/\/api.w.org\/{rel}","templated":true}]}}