{"id":2710,"date":"2019-09-11T17:19:21","date_gmt":"2019-09-11T15:19:21","guid":{"rendered":"http:\/\/batimedianews.com\/live\/?p=2710"},"modified":"2021-10-20T12:56:29","modified_gmt":"2021-10-20T10:56:29","slug":"batimat-nouveaute-edilteco-presente-la-chape-xxs","status":"publish","type":"post","link":"http:\/\/batimedianews.com\/live\/index.php\/2019\/09\/11\/batimat-nouveaute-edilteco-presente-la-chape-xxs\/","title":{"rendered":"Batimat Nouveaut\u00e9 &#8211; Edilteco pr\u00e9sente LA CHAPE XXs,"},"content":{"rendered":"\n<h2>deux fois plus l\u00e9g\u00e8re qu&rsquo;une chape traditionnelle<\/h2>\n\n\n\n<p style=\"text-align:justify\">C\u2019est \u00e0 l\u2019occasion du salon BATIMAT qu\u2019EDILTECO\u00ae a choisi de lancer et de pr\u00e9senter, en avant-premi\u00e8re,  LA CHAPE XXs\u00ae : une chape pr\u00eate \u00e0 l\u2019emploi, compatible avec tous les rev\u00eatements de sols et qui offre un gain de poids d\u2018environ 50 % par rapport \u00e0 une chape traditionnelle.<br> La densit\u00e9 du m\u00e9lange &#8211; 1200 kg\/m3 &#8211; est deux fois plus l\u00e9g\u00e8re qu\u2018une chape traditionnelle.<\/p>\n\n\n\n<h2>UNE CHAPE L\u00c9G\u00c8RE ET POLYVALENTE<\/h2>\n\n\n\n<p style=\"text-align:justify\"> Solution innovante, LA CHAPE XXs\u00ae est pr\u00eate \u00e0 l\u2019emploi et compatible avec tous les rev\u00eatements de sols. Cette chape l\u00e9g\u00e8re et fibr\u00e9e est destin\u00e9e \u00e0 am\u00e9liorer l\u2019affaiblissement acoustique de tous les rev\u00eatements de sol.<br> LA CHAPE XXs\u00ae doit sa l\u00e9g\u00e8ret\u00e9 aux billes de polystyr\u00e8ne vierge expans\u00e9 et enrob\u00e9es de l\u2019adjuvant EIA (Diam\u00e8tre 2 &#8211; 3 mm). La densit\u00e9 du m\u00e9lange &#8211; 1200 kg\/m3 \u2013 est deux fois plus l\u00e9g\u00e8re qu\u2018une chape traditionnelle et admet une \u00e9paisseur d\u2019application minimale de 1 cm (en pose adh\u00e9rente sur b\u00e9ton).<br> Gr\u00e2ce \u00e0 sa l\u00e9g\u00e8ret\u00e9, LA CHAPE XXs\u00ae ne surcharge pas les structures. Une l\u00e9g\u00e8ret\u00e9 qui ne se fait pas au d\u00e9triment d\u2019une grande qualit\u00e9 de robustesse : fibr\u00e9e, elle poss\u00e8de de hautes propri\u00e9t\u00e9s m\u00e9caniques.<\/p>\n\n\n\n<p style=\"text-align:justify\">Sa simplicit\u00e9 de mise en oeuvre va permettre de l\u2019utiliser pour de nombreux usages : chapes adh\u00e9rentes ou d\u00e9solidaris\u00e9es, rattrapages de niveaux, formes de pentes, isolation acoustique aux bruits de chocs, dressage de surface et mise \u00e0 niveau des planchers ; en toiture \u00e0 pente nulle ou pente jusqu\u2019\u00e0 15 %, avec recouvrement par membrane \u00e9tanche (DTU 43.1).<\/p>\n\n\n\n<figure class=\"wp-block-image\"><img loading=\"lazy\" width=\"720\" height=\"396\" src=\"https:\/\/i1.wp.com\/batimedianews.com\/live\/wp-content\/uploads\/2019\/09\/edilteco1.jpg?resize=720%2C396\" alt=\"\" class=\"wp-image-2711\" srcset=\"https:\/\/i1.wp.com\/batimedianews.com\/live\/wp-content\/uploads\/2019\/09\/edilteco1.jpg?w=739 739w, https:\/\/i1.wp.com\/batimedianews.com\/live\/wp-content\/uploads\/2019\/09\/edilteco1.jpg?resize=300%2C165 300w, https:\/\/i1.wp.com\/batimedianews.com\/live\/wp-content\/uploads\/2019\/09\/edilteco1.jpg?resize=10%2C5 10w, https:\/\/i1.wp.com\/batimedianews.com\/live\/wp-content\/uploads\/2019\/09\/edilteco1.jpg?resize=432%2C237 432w, https:\/\/i1.wp.com\/batimedianews.com\/live\/wp-content\/uploads\/2019\/09\/edilteco1.jpg?resize=396%2C218 396w, https:\/\/i1.wp.com\/batimedianews.com\/live\/wp-content\/uploads\/2019\/09\/edilteco1.jpg?resize=660%2C363 660w, https:\/\/i1.wp.com\/batimedianews.com\/live\/wp-content\/uploads\/2019\/09\/edilteco1.jpg?resize=400%2C220 400w\" sizes=\"(max-width: 600px) 91vw, (max-width: 900px) 600px, (max-width: 1060px) 50vw, (max-width: 1200px) 520px, (max-width: 1400px) 43vw, 600px\" data-recalc-dims=\"1\" \/><figcaption>Billes de polystyr\u00e8ne vierge expans\u00e9 et enrob\u00e9es de l\u2019adjuvant EIA \u00a9Copyright EDILTECO\u00ae France. Tous droits r\u00e9serv\u00e9s.<br> Photographie Non Contractuelle.<\/figcaption><\/figure>\n\n\n\n<h2>UNE ISOLATION ACOUSTIQUE OPTIMALE<\/h2>\n\n\n\n<figure class=\"wp-block-image\"><img loading=\"lazy\" width=\"720\" height=\"620\" src=\"https:\/\/i0.wp.com\/batimedianews.com\/live\/wp-content\/uploads\/2019\/09\/edilteco2.jpg?resize=720%2C620\" alt=\"\" class=\"wp-image-2712\" srcset=\"https:\/\/i0.wp.com\/batimedianews.com\/live\/wp-content\/uploads\/2019\/09\/edilteco2.jpg?w=737 737w, https:\/\/i0.wp.com\/batimedianews.com\/live\/wp-content\/uploads\/2019\/09\/edilteco2.jpg?resize=300%2C258 300w, https:\/\/i0.wp.com\/batimedianews.com\/live\/wp-content\/uploads\/2019\/09\/edilteco2.jpg?resize=10%2C10 10w, https:\/\/i0.wp.com\/batimedianews.com\/live\/wp-content\/uploads\/2019\/09\/edilteco2.jpg?resize=432%2C372 432w, https:\/\/i0.wp.com\/batimedianews.com\/live\/wp-content\/uploads\/2019\/09\/edilteco2.jpg?resize=396%2C341 396w, https:\/\/i0.wp.com\/batimedianews.com\/live\/wp-content\/uploads\/2019\/09\/edilteco2.jpg?resize=660%2C569 660w, https:\/\/i0.wp.com\/batimedianews.com\/live\/wp-content\/uploads\/2019\/09\/edilteco2.jpg?resize=255%2C220 255w\" sizes=\"(max-width: 600px) 91vw, (max-width: 900px) 600px, (max-width: 1060px) 50vw, (max-width: 1200px) 520px, (max-width: 1400px) 43vw, 600px\" data-recalc-dims=\"1\" \/><\/figure>\n\n\n\n<p style=\"text-align:justify\"> Destin\u00e9e aux applications int\u00e9rieures et ext\u00e9rieures, LA CHAPE XXs\u00ae permet d\u2019isoler et de traiter acoustiquement les diff\u00e9rents types de supports existants dans les immeubles collectifs et les maisons individuelles, en conformit\u00e9 avec la NF EN 13813.<br> Ses performances en mati\u00e8re d\u2019affaiblissement acoustique (17 dB en \u00e9paisseur 5 cm) permettent une absorption efficace des bruits de chocs (talons, chute d\u2019objets, d\u00e9placement de mobiliers etc.).<br> LA CHAPE XXs\u00ae est la solution id\u00e9ale pour tous les travaux neufs ou de r\u00e9novation.<\/p>\n\n\n\n<h2>UNE MISE EN OEUVRE PLUS SIMPLE<\/h2>\n\n\n\n<p style=\"text-align:justify\"> En plus de ses performances isolantes LA CHAPE XXs\u00ae pr\u00e9sente une grande facilit\u00e9 de mise en oeuvre, permettant de r\u00e9duire les d\u00e9lais de pose.<br> Cette simplification est li\u00e9e au fait que LA CHAPE XXs\u00ae est parfaitement pompable sur de longues distances et \u00e0 grande hauteur. Sa consistance mousseuse permet une application efficace lors de la mise \u00e0 niveau et une parfaite plan\u00e9it\u00e9. Son mode d\u2019application est similaire aux r\u00e8gles du DTU 26.2.<\/p>\n\n\n\n<figure class=\"wp-block-image\"><img loading=\"lazy\" width=\"720\" height=\"692\" src=\"https:\/\/i2.wp.com\/batimedianews.com\/live\/wp-content\/uploads\/2019\/09\/edilteco3.jpg?resize=720%2C692\" alt=\"\" class=\"wp-image-2713\" srcset=\"https:\/\/i2.wp.com\/batimedianews.com\/live\/wp-content\/uploads\/2019\/09\/edilteco3.jpg?w=742 742w, https:\/\/i2.wp.com\/batimedianews.com\/live\/wp-content\/uploads\/2019\/09\/edilteco3.jpg?resize=300%2C288 300w, https:\/\/i2.wp.com\/batimedianews.com\/live\/wp-content\/uploads\/2019\/09\/edilteco3.jpg?resize=10%2C10 10w, https:\/\/i2.wp.com\/batimedianews.com\/live\/wp-content\/uploads\/2019\/09\/edilteco3.jpg?resize=432%2C415 432w, https:\/\/i2.wp.com\/batimedianews.com\/live\/wp-content\/uploads\/2019\/09\/edilteco3.jpg?resize=396%2C381 396w, https:\/\/i2.wp.com\/batimedianews.com\/live\/wp-content\/uploads\/2019\/09\/edilteco3.jpg?resize=660%2C634 660w, https:\/\/i2.wp.com\/batimedianews.com\/live\/wp-content\/uploads\/2019\/09\/edilteco3.jpg?resize=229%2C220 229w\" sizes=\"(max-width: 600px) 91vw, (max-width: 900px) 600px, (max-width: 1060px) 50vw, (max-width: 1200px) 520px, (max-width: 1400px) 43vw, 600px\" data-recalc-dims=\"1\" \/><\/figure>\n\n\n\n<p> La qualit\u00e9 du m\u00e9lange est tr\u00e8s homog\u00e8ne et reste parfaitement constante tout au long du chantier. Le sac de 26,5 kg de LA CHAPE XXs\u00ae permet de r\u00e9aliser un volume de 23 litres de mortier environ.<\/p>\n\n\n\n<figure class=\"wp-block-image\"><img loading=\"lazy\" width=\"720\" height=\"687\" src=\"https:\/\/i0.wp.com\/batimedianews.com\/live\/wp-content\/uploads\/2019\/09\/edilteco4.jpg?resize=720%2C687\" alt=\"\" class=\"wp-image-2714\" srcset=\"https:\/\/i0.wp.com\/batimedianews.com\/live\/wp-content\/uploads\/2019\/09\/edilteco4.jpg?w=741 741w, https:\/\/i0.wp.com\/batimedianews.com\/live\/wp-content\/uploads\/2019\/09\/edilteco4.jpg?resize=300%2C286 300w, https:\/\/i0.wp.com\/batimedianews.com\/live\/wp-content\/uploads\/2019\/09\/edilteco4.jpg?resize=10%2C10 10w, https:\/\/i0.wp.com\/batimedianews.com\/live\/wp-content\/uploads\/2019\/09\/edilteco4.jpg?resize=432%2C412 432w, https:\/\/i0.wp.com\/batimedianews.com\/live\/wp-content\/uploads\/2019\/09\/edilteco4.jpg?resize=396%2C378 396w, https:\/\/i0.wp.com\/batimedianews.com\/live\/wp-content\/uploads\/2019\/09\/edilteco4.jpg?resize=660%2C630 660w, https:\/\/i0.wp.com\/batimedianews.com\/live\/wp-content\/uploads\/2019\/09\/edilteco4.jpg?resize=231%2C220 231w\" sizes=\"(max-width: 600px) 91vw, (max-width: 900px) 600px, (max-width: 1060px) 50vw, (max-width: 1200px) 520px, (max-width: 1400px) 43vw, 600px\" data-recalc-dims=\"1\" \/><\/figure>\n\n\n\n<p><br> Une fois mise en oeuvre, LA CHAPE XXs\u00ae est pr\u00eate \u00e0 recevoir directement un carrelage coll\u00e9 ou un autre rev\u00eatement. 24 heures suffisent pour la d\u00e9pose d\u2019un rev\u00eatement c\u00e9ramique, 36 heures pour un sol souple et textile sur ragr\u00e9age et 48 heures pour un parquet flottant.<\/p>\n\n\n\n<p style=\"text-align:justify\">Autre avantage, LA CHAPE XXs\u00ae peut \u00eatre utilis\u00e9e \u00e0 partir  d\u2019une faible \u00e9paisseur : 1 cm en pose adh\u00e9rente sur b\u00e9ton,  2 cm en pose d\u00e9solidaris\u00e9e sur bois, 5 cm sur SCAM  \u2264 0,5 cm y compris au-del\u00e0 de tout \u00e9l\u00e9ment noy\u00e9 dans  LA CHAPE XXs\u00ae (gaines, canalisations, etc.).<br> Pour l\u2019applicateur c\u2019est donc un gain de temps suppl\u00e9mentaire  dans le coulage de la chape, l\u2019assurance d\u2019une  finition parfaitement lisse et homog\u00e8ne des sols et la  possibilit\u00e9 d\u2019usages multiples.<\/p>\n\n\n\n<p style=\"text-align:justify\">Polyvalente, LA CHAPE XXs\u00ae est utilis\u00e9e pour  tout type de chantiers, en maison individuelle  ou en immeuble collectif, pour des travaux  neufs ou en r\u00e9novation, et sur tout type de  rev\u00eatements de sol: plancher b\u00e9ton ou bois,  dalle b\u00e9ton, carrelage coll\u00e9, carrelage scell\u00e9,  parquet flottant, parquet coll\u00e9, rev\u00eatement  stratifi\u00e9, moquette ou encore sol souple\u2026<\/p>\n\n\n\n<pre class=\"wp-block-preformatted\"> CARACT\u00c9RISTIQUES TECHNIQUES\n Composition : Agr\u00e9gats, billes de POLITERM\u00ae FEIN + liant hydraulique (ciment), inerte sp\u00e9cial, fibres et adjuvants.\n Densit\u00e9 : 1200 kg\/m3.\n Affaiblissement acoustique : 17 dB en \u00e9paisseur 5 cm (estimation).\n D\u00e9lais d\u2019attente : Trafic pi\u00e9ton : 12 heures.\n Agr\u00e9ments &amp; Normes : Marquage CE selon NF EN 13813 : CT-C12-F6\n R\u00e9action au feu (NF EN 13501) : A1 (M0) incombustible.\n Niveau d\u2019\u00e9mission de substances volatiles dans l\u2019air int\u00e9rieur : A+ \u00ab tr\u00e8s faibles \u00e9missions \u00bb  selon arr\u00eat\u00e9 du 19\/04\/2011.<\/pre>\n\n\n\n<p><\/p>\n","protected":false},"excerpt":{"rendered":"<p>deux fois plus l\u00e9g\u00e8re qu&rsquo;une chape traditionnelle C\u2019est \u00e0 l\u2019occasion du salon BATIMAT qu\u2019EDILTECO\u00ae a choisi de lancer et de pr\u00e9senter, en avant-premi\u00e8re, LA CHAPE XXs\u00ae : une chape pr\u00eate \u00e0 l\u2019emploi, compatible avec tous les rev\u00eatements de sols et qui offre un gain de poids d\u2018environ 50 % par rapport \u00e0 une chape traditionnelle. [&hellip;]<\/p>\n","protected":false},"author":1,"featured_media":2716,"comment_status":"open","ping_status":"open","sticky":false,"template":"","format":"standard","meta":{"spay_email":""},"categories":[4,5,140,519,84],"tags":[],"jetpack_featured_media_url":"https:\/\/i1.wp.com\/batimedianews.com\/live\/wp-content\/uploads\/2019\/09\/edilteco.jpg?fit=969%2C667","jetpack_sharing_enabled":true,"jetpack_likes_enabled":true,"jetpack-related-posts":[{"id":3163,"url":"http:\/\/batimedianews.com\/live\/index.php\/2019\/10\/25\/batimat-edilteco-group-et-edilteco-france-presentent-3-innovations\/","url_meta":{"origin":2710,"position":0},"title":"Batimat &#8211; Edilteco Group et Edilteco France pr\u00e9sentent 3 innovations","date":"25 octobre 2019","format":false,"excerpt":"Leader europ\u00e9en et 1er fabricant fran\u00e7ais de chapes, mortiers et b\u00e9tons l\u00e9gers, sp\u00e9cialiste de syst\u00e8mes innovants d\u2019isolation thermique ext\u00e9rieur (ITE), producteur de polystyr\u00e8ne sous ACERMI pour les syst\u00e8mes ITE, EDILTECO\u00ae Group et sa filiale fran\u00e7aise EDILTECO\u00ae France renouv\u00e8lent leur pr\u00e9sence sur l\u2019\u00e9dition 2019 du salon BATIMAT, avec un stand dans\u2026","rel":"","context":"Dans &quot;Actualit\u00e9 Entreprises&quot;","img":{"alt_text":"","src":"https:\/\/i2.wp.com\/batimedianews.com\/live\/wp-content\/uploads\/2019\/10\/edilteco7.jpg?fit=861%2C557&resize=350%2C200","width":350,"height":200},"classes":[]},{"id":12653,"url":"http:\/\/batimedianews.com\/live\/index.php\/2021\/10\/08\/salon-artibat-edilteco-france-presente-son-nouveau-politerm-r\/","url_meta":{"origin":2710,"position":1},"title":"SALON ARTIBAT, EDILTECO\u00ae FRANCE PR\u00c9SENTE SON NOUVEAU POLITERM\u00ae R","date":"8 octobre 2021","format":false,"excerpt":"EDILTECO\u00ae France sera exposant du salon Artibat, au sein du P\u00f4le Gros OEuvre, Hall 10A - Stand D52.\u00a0 Le fabricant y pr\u00e9sentera notamment le nouveau Politerm\u00ae R, proc\u00e9d\u00e9 d\u2019agr\u00e9gat isolant id\u00e9al pour \u00e9laborer une multiplicit\u00e9 de formules de chapes, de mortiers et b\u00e9tons l\u00e9gers thermo-acoustiques.\u00a0 Cette nouvelle version Politerm\u00ae R\u2026","rel":"","context":"Dans &quot;Artibat 2021&quot;","img":{"alt_text":"","src":"https:\/\/i2.wp.com\/batimedianews.com\/live\/wp-content\/uploads\/2021\/10\/Edilteco-Article.jpg?fit=512%2C512&resize=350%2C200","width":350,"height":200},"classes":[]},{"id":39822,"url":"http:\/\/batimedianews.com\/live\/index.php\/2024\/09\/23\/nouveaute-batimat-la-chape-olimixx-green-dedilteco-france-la-chape-legere-vertueuse-a-base-de-noyaux-dolive-pour-alleger-les-structures\/","url_meta":{"origin":2710,"position":2},"title":"Nouveaut\u00e9 Batimat : la chape OliMIXX\u00ae Green d\u2019EDILTECO\u00ae France, la chape l\u00e9g\u00e8re vertueuse \u00e0 base de noyaux d\u2019olive pour all\u00e9ger les structures !","date":"23 septembre 2024","format":false,"excerpt":"EDILTECO\u00ae France \u00e9largit sa gamme Green avec l\u2019introduction d\u2019un nouveau mortier l\u00e9ger, la chape OliMIXX Green qui sera pr\u00e9sent\u00e9e en avant-premi\u00e8re lors du salon Batimat.\u00a0 Ce produit innovant se distingue par sa composition unique, int\u00e9grant des noyaux d\u2019olive concass\u00e9s, issus du recyclage de l\u2019industrie ol\u00e9icole. Cette adjonction ing\u00e9nieuse permet non\u2026","rel":"","context":"Dans &quot;Actualit\u00e9 Entreprises&quot;","img":{"alt_text":"","src":"https:\/\/i0.wp.com\/batimedianews.com\/live\/wp-content\/uploads\/2024\/09\/EDILTECO-articles-1-1.jpg?fit=825%2C825&resize=350%2C200","width":350,"height":200},"classes":[]},{"id":39479,"url":"http:\/\/batimedianews.com\/live\/index.php\/2024\/09\/09\/batimat-2024-edilteco-france-presente-ses-innovations-pour-lisolation-des-facades-et-lamelioration-acoustique-des-sols\/","url_meta":{"origin":2710,"position":3},"title":"BATIMAT 2024 : EDILTECO\u00ae FRANCE pr\u00e9sente ses innovations pour l\u2019isolation des fa\u00e7ades et l\u2019am\u00e9lioration acoustique des sols","date":"9 septembre 2024","format":false,"excerpt":"EDILTECO\u00ae France sera pr\u00e9sente au salon Batimat Porte de Versailles, du 30 septembre au 03 octobre 2024, Hall 1, all\u00e9e N66, o\u00f9 l\u2019entreprise exposera ses derni\u00e8res innovations en mati\u00e8re d\u2019isolation thermique, d\u2019am\u00e9lioration acoustique et de solutions l\u00e9g\u00e8res respectueuses de l\u2019environnement.\u00a0 Dans sa qu\u00eate d\u2019innovation, l\u2019entreprise valorise les \u00e9conomies d\u2019\u00e9nergie, la\u2026","rel":"","context":"Dans &quot;Acoustique&quot;","img":{"alt_text":"","src":"https:\/\/i1.wp.com\/batimedianews.com\/live\/wp-content\/uploads\/2024\/09\/Edilteco-articles-.jpg?fit=825%2C825&resize=350%2C200","width":350,"height":200},"classes":[]},{"id":22404,"url":"http:\/\/batimedianews.com\/live\/index.php\/2022\/08\/17\/edilteco-group-et-edilteco-france-exposants-du-salon-batimat\/","url_meta":{"origin":2710,"position":4},"title":"EDILTECO Group et EDILTECO France exposants du salon BATIMAT","date":"17 ao\u00fbt 2022","format":false,"excerpt":"Le d\u00e9veloppement durable comme dynamique de cette nouvelle \u00e9dition Leader europ\u00e9en et 1er fabricant fran\u00e7ais de chapes, mortiers et b\u00e9tons l\u00e9gers, pr\u00eats \u00e0 l\u2019emploi et thermo-acoustiques, producteur de polystyr\u00e8ne sous ACERMI pour les syst\u00e8mes ITE, les entrevous et plaques de sol, sp\u00e9cialiste de syst\u00e8mes innovants d\u2019Isolation Thermique Ext\u00e9rieur (ITE) et\u2026","rel":"","context":"Dans &quot;Actualit\u00e9 Entreprises&quot;","img":{"alt_text":"","src":"https:\/\/i1.wp.com\/batimedianews.com\/live\/wp-content\/uploads\/2022\/08\/EDILTECO-Article.jpg?fit=1080%2C1080&resize=350%2C200","width":350,"height":200},"classes":[]},{"id":34191,"url":"http:\/\/batimedianews.com\/live\/index.php\/2024\/01\/10\/edycem-lance-sa-nouvelle-chape-fluide-kalkiss-hpc-une-reponse-technique-adaptee-aux-projets-classes-u4p3e3c2\/","url_meta":{"origin":2710,"position":5},"title":"EDYCEM lance sa nouvelle chape fluide KALKISS\u00ae HPC  : une r\u00e9ponse technique adapt\u00e9e aux projets classes \u00ab U4P3E3C2 \u00bb","date":"10 janvier 2024","format":false,"excerpt":"\u00a0A l\u2019\u00e9coute des besoins du terrain, EDYCEM, l\u2019activit\u00e9 b\u00e9ton du Groupe HERIGE, enrichit une nouvelle fois sa gamme de chapes fluides KALKISS\u00ae, d\u00e9j\u00e0 compos\u00e9e de trois r\u00e9f\u00e9rences* pour r\u00e9pondre au plus grand nombre d\u2019applications. La nouvelle chape fluide KALKISS\u00ae HPC est destin\u00e9e aux sols int\u00e9rieurs hors planchers chauffants.\u00a0 Sa r\u00e9sistance\u2026","rel":"","context":"Dans &quot;Actualit\u00e9 Entreprises&quot;","img":{"alt_text":"","src":"https:\/\/i2.wp.com\/batimedianews.com\/live\/wp-content\/uploads\/2024\/01\/Edycem.jpg?fit=825%2C825&resize=350%2C200","width":350,"height":200},"classes":[]}],"_links":{"self":[{"href":"http:\/\/batimedianews.com\/live\/index.php\/wp-json\/wp\/v2\/posts\/2710"}],"collection":[{"href":"http:\/\/batimedianews.com\/live\/index.php\/wp-json\/wp\/v2\/posts"}],"about":[{"href":"http:\/\/batimedianews.com\/live\/index.php\/wp-json\/wp\/v2\/types\/post"}],"author":[{"embeddable":true,"href":"http:\/\/batimedianews.com\/live\/index.php\/wp-json\/wp\/v2\/users\/1"}],"replies":[{"embeddable":true,"href":"http:\/\/batimedianews.com\/live\/index.php\/wp-json\/wp\/v2\/comments?post=2710"}],"version-history":[{"count":2,"href":"http:\/\/batimedianews.com\/live\/index.php\/wp-json\/wp\/v2\/posts\/2710\/revisions"}],"predecessor-version":[{"id":2717,"href":"http:\/\/batimedianews.com\/live\/index.php\/wp-json\/wp\/v2\/posts\/2710\/revisions\/2717"}],"wp:featuredmedia":[{"embeddable":true,"href":"http:\/\/batimedianews.com\/live\/index.php\/wp-json\/wp\/v2\/media\/2716"}],"wp:attachment":[{"href":"http:\/\/batimedianews.com\/live\/index.php\/wp-json\/wp\/v2\/media?parent=2710"}],"wp:term":[{"taxonomy":"category","embeddable":true,"href":"http:\/\/batimedianews.com\/live\/index.php\/wp-json\/wp\/v2\/categories?post=2710"},{"taxonomy":"post_tag","embeddable":true,"href":"http:\/\/batimedianews.com\/live\/index.php\/wp-json\/wp\/v2\/tags?post=2710"}],"curies":[{"name":"wp","href":"https:\/\/api.w.org\/{rel}","templated":true}]}}