{"id":2723,"date":"2019-09-12T17:03:12","date_gmt":"2019-09-12T15:03:12","guid":{"rendered":"http:\/\/batimedianews.com\/live\/?p=2723"},"modified":"2021-10-20T12:56:18","modified_gmt":"2021-10-20T10:56:18","slug":"depollution-et-la-renovation-des-monuments-historiques","status":"publish","type":"post","link":"http:\/\/batimedianews.com\/live\/index.php\/2019\/09\/12\/depollution-et-la-renovation-des-monuments-historiques\/","title":{"rendered":"D\u00c9POLLUTION ET LA R\u00c9NOVATION DES MONUMENTS HISTORIQUES"},"content":{"rendered":"\n<h2>UNE INNOVATION TECHNOLOGIQUE avec CLEAN GALENA de Remmers <\/h2>\n\n\n\n<figure class=\"wp-block-image\"><img loading=\"lazy\" width=\"720\" height=\"377\" src=\"https:\/\/i2.wp.com\/batimedianews.com\/live\/wp-content\/uploads\/2019\/09\/remmers2.jpg?resize=720%2C377\" alt=\"\" class=\"wp-image-2724\" srcset=\"https:\/\/i2.wp.com\/batimedianews.com\/live\/wp-content\/uploads\/2019\/09\/remmers2.jpg?resize=1024%2C536 1024w, https:\/\/i2.wp.com\/batimedianews.com\/live\/wp-content\/uploads\/2019\/09\/remmers2.jpg?resize=300%2C157 300w, https:\/\/i2.wp.com\/batimedianews.com\/live\/wp-content\/uploads\/2019\/09\/remmers2.jpg?resize=768%2C402 768w, https:\/\/i2.wp.com\/batimedianews.com\/live\/wp-content\/uploads\/2019\/09\/remmers2.jpg?resize=10%2C5 10w, https:\/\/i2.wp.com\/batimedianews.com\/live\/wp-content\/uploads\/2019\/09\/remmers2.jpg?resize=432%2C226 432w, https:\/\/i2.wp.com\/batimedianews.com\/live\/wp-content\/uploads\/2019\/09\/remmers2.jpg?resize=396%2C207 396w, https:\/\/i2.wp.com\/batimedianews.com\/live\/wp-content\/uploads\/2019\/09\/remmers2.jpg?resize=1120%2C586 1120w, https:\/\/i2.wp.com\/batimedianews.com\/live\/wp-content\/uploads\/2019\/09\/remmers2.jpg?resize=660%2C345 660w, https:\/\/i2.wp.com\/batimedianews.com\/live\/wp-content\/uploads\/2019\/09\/remmers2.jpg?resize=420%2C220 420w, https:\/\/i2.wp.com\/batimedianews.com\/live\/wp-content\/uploads\/2019\/09\/remmers2.jpg?w=1364 1364w\" sizes=\"(max-width: 600px) 91vw, (max-width: 900px) 600px, (max-width: 1060px) 50vw, (max-width: 1200px) 520px, (max-width: 1400px) 43vw, 600px\" data-recalc-dims=\"1\" \/><\/figure>\n\n\n\n<p style=\"text-align:justify\">CLEAN GALENA reproduit \u00e0 grande \u00e9chelle le \u00abnettoyage \u00e0 la compresse\u00bb que les restaurateurs  r\u00e9servent aux oeuvres d\u2019art.  Aujourd\u2019hui, ce proc\u00e9d\u00e9 a \u00e9t\u00e9 d\u00e9velopp\u00e9 pour les fa\u00e7ades ext\u00e9rieures des \u00e9difices en pierre,  souffrant de pollutions urbaines au plomb.*<br> CLEAN GALENA a convaincu le jury du prestigieux \u00abPrix BAKA pour l\u2019innovation\u00bb et a re\u00e7u son  prix des mains du secr\u00e9taire aupr\u00e8s du Ministre de l\u2019Int\u00e9rieur allemand, Gunther Adler, lors  de la derni\u00e8re \u00e9dition du salon en Janvier 2019 \u00e0 Munich.<\/p>\n\n\n\n<h2> LE PRODUIT<\/h2>\n\n\n\n<p> Clean Galena est une compresse de nettoyage sans \u00e9missions. Le produit ne contient ni de  carbonate d\u2019ammonium ni de EDTA.<br> Les mati\u00e8res actives de CLEAN GALENA sont des agents complexants biod\u00e9gradables,  inoffensifs pour l\u2019environnement.<\/p>\n\n\n\n<h2> LE MODE D\u2019EMPLOI<\/h2>\n\n\n\n<p style=\"text-align:justify\"> Apr\u00e8s avoir humidifi\u00e9 la surface \u00e0 nettoyer avec un brumisateur, le produit est projet\u00e9 avec  une machine \u00e0 air comprim\u00e9. La compresse ainsi constitu\u00e9e doit rester sur la surface entre  24 et 72h. Une fois s\u00e8che, il suffit de la d\u00e9coller\u2026\u2026.telle un v\u00e9ritable masque de beaut\u00e9 !<br> Apr\u00e8s l\u2019\u00e9limination de la compresse, on doit nettoyer la surface \u00e0 l\u2019aide d\u2019une \u00e9ponge, avec  de l\u2019eau claire.<\/p>\n\n\n\n<h2> LES AVANTAGES<\/h2>\n\n\n\n<p> \u2022 Pas de poussi\u00e8re<br> \u2022 Pas d\u2019\u00e9mission de substances dangereuses<br> \u2022 Les substances polluantes se collent \u00e0 la compresse et s\u2019enl\u00e8vent  facilement<br> \u2022 Un gain de temps appr\u00e9ciable<\/p>\n\n\n\n<h2> LES +<\/h2>\n\n\n\n<p> Le b\u00e2timent peut rester ouvert, continuer \u00e0 \u00eatre occup\u00e9 et fonctionner pendant toute la  dur\u00e9e du traitement.<br> L\u2019utilisation est sans aucun danger pour les techniciens charg\u00e9s du nettoyage.  Un produit \u00ab 2 en 1 \u00bb: d\u00e9plombe et nettoie \u00e0 la fois.<\/p>\n\n\n\n<ul><li>Selon le Code du Travail et le Code de Sant\u00e9 Publique, lors de travaux ou de d\u00e9molition, le diagnostic plomb  avant travaux est obligatoire et sa r\u00e9alisation doit \u00eatre demand\u00e9e par le ma\u00eetre d\u2019ouvrage.<\/li><\/ul>\n\n\n\n<figure class=\"wp-block-image\"><img loading=\"lazy\" width=\"720\" height=\"258\" src=\"https:\/\/i1.wp.com\/batimedianews.com\/live\/wp-content\/uploads\/2019\/09\/remmers3.jpg?resize=720%2C258\" alt=\"\" class=\"wp-image-2725\" srcset=\"https:\/\/i1.wp.com\/batimedianews.com\/live\/wp-content\/uploads\/2019\/09\/remmers3.jpg?resize=1024%2C367 1024w, https:\/\/i1.wp.com\/batimedianews.com\/live\/wp-content\/uploads\/2019\/09\/remmers3.jpg?resize=300%2C108 300w, https:\/\/i1.wp.com\/batimedianews.com\/live\/wp-content\/uploads\/2019\/09\/remmers3.jpg?resize=768%2C275 768w, https:\/\/i1.wp.com\/batimedianews.com\/live\/wp-content\/uploads\/2019\/09\/remmers3.jpg?resize=10%2C4 10w, https:\/\/i1.wp.com\/batimedianews.com\/live\/wp-content\/uploads\/2019\/09\/remmers3.jpg?resize=432%2C155 432w, https:\/\/i1.wp.com\/batimedianews.com\/live\/wp-content\/uploads\/2019\/09\/remmers3.jpg?resize=396%2C142 396w, https:\/\/i1.wp.com\/batimedianews.com\/live\/wp-content\/uploads\/2019\/09\/remmers3.jpg?resize=1120%2C402 1120w, https:\/\/i1.wp.com\/batimedianews.com\/live\/wp-content\/uploads\/2019\/09\/remmers3.jpg?resize=660%2C237 660w, https:\/\/i1.wp.com\/batimedianews.com\/live\/wp-content\/uploads\/2019\/09\/remmers3.jpg?resize=613%2C220 613w, https:\/\/i1.wp.com\/batimedianews.com\/live\/wp-content\/uploads\/2019\/09\/remmers3.jpg?w=1355 1355w\" sizes=\"(max-width: 600px) 91vw, (max-width: 900px) 600px, (max-width: 1060px) 50vw, (max-width: 1200px) 520px, (max-width: 1400px) 43vw, 600px\" data-recalc-dims=\"1\" \/><\/figure>\n\n\n\n<h2>LE MUS\u00c9E CARNAVALET &#8211; HISTOIRE DE PARIS<\/h2>\n\n\n\n<p style=\"text-align:justify\"> Le mus\u00e9e Carnavalet est le grand mus\u00e9e historique de la ville de Paris. Ses collections, qui  comprennent plus de 600.000 oeuvres en font l\u2019un des principaux mus\u00e9es fran\u00e7ais. Boiseries  et d\u00e9cors, tableaux, dessins et estampes, affiches, photographies, monnaies et m\u00e9dailles,  sculptures, pi\u00e8ces de mobilier, objets d\u2019art et d\u2019histoire\u2026 sont pr\u00e9sent\u00e9s dans un cadre  historique exceptionnel. Le visiteur voyage \u00e0 travers Paris de la Pr\u00e9histoire \u00e0 nos jours.<br> Sa restauration constitue un projet prioritaire pour la ville de Paris et l\u2019actuel maire de  Paris qui veut en faire \u00abune \u00e9tape incontournable pour les visiteurs fran\u00e7ais et \u00e9trangers se  rendant \u00e0 Paris.\u00bb<br> La r\u00e9alisation de ce chantier fut un enjeu ph\u00e9nom\u00e9nal et un r\u00e9el d\u00e9fi compte tenu de l\u2019\u00e9norme  pr\u00e9sence de plomb sur les fa\u00e7ades.<br> Une \u00e9quipe de 15 techniciens de restauration s\u2019est attel\u00e9e au chantier pendant 26 mois,  d\u2019octobre 2017 \u00e0 f\u00e9vrier 2019, pour nettoyer 4000 m\u00b2 et rendre au Mus\u00e9e sa beaut\u00e9 originale.<\/p>\n\n\n\n<p> Cr\u00e9\u00e9e en 1946 par Henri Chevalier, tailleur de pierre, compagnon du Tour de France,  l\u2019entreprise H. Chevalier s\u2019est sp\u00e9cialis\u00e9e \u00e0 l\u2019origine dans la restauration des  monuments historiques en pierre de taille.<br> Sous l\u2019impulsion des deux g\u00e9n\u00e9rations suivantes, elle s\u2019est ensuite  d\u00e9velopp\u00e9e dans  le domaine de la ma\u00e7onnerie et du gros-oeuvre pour la r\u00e9novation du patrimoine  b\u00e2ti et la r\u00e9habilitation lourde.<br> Depuis janvier 2014, l\u2019Atelier Chevalier s\u2019est sp\u00e9cialis\u00e9 dans la restauration de d\u00e9cors  sculpt\u00e9s et de sculptures neuves.<br> <br> \u00c9QUIPE MOE\/MOA : Ma\u00eetrise d\u2019ouvrage : Ville de Paris, Architecte  mandataire : Fran\u00e7ois Chatillon Architecte,  Architecte associ\u00e9 : Sn\u00f8hetta, Mus\u00e9ographe agence : Nathalie Crini\u00e8re<\/p>\n\n\n\n<p><\/p>\n","protected":false},"excerpt":{"rendered":"<p>UNE INNOVATION TECHNOLOGIQUE avec CLEAN GALENA de Remmers CLEAN GALENA reproduit \u00e0 grande \u00e9chelle le \u00abnettoyage \u00e0 la compresse\u00bb que les restaurateurs r\u00e9servent aux oeuvres d\u2019art. Aujourd\u2019hui, ce proc\u00e9d\u00e9 a \u00e9t\u00e9 d\u00e9velopp\u00e9 pour les fa\u00e7ades ext\u00e9rieures des \u00e9difices en pierre, souffrant de pollutions urbaines au plomb.* CLEAN GALENA a convaincu le jury du prestigieux \u00abPrix [&hellip;]<\/p>\n","protected":false},"author":1,"featured_media":2726,"comment_status":"open","ping_status":"open","sticky":false,"template":"","format":"standard","meta":{"spay_email":""},"categories":[486,77,108,124],"tags":[523,522,521,520],"jetpack_featured_media_url":"https:\/\/i0.wp.com\/batimedianews.com\/live\/wp-content\/uploads\/2019\/09\/remmers6.jpg?fit=1796%2C849","jetpack_sharing_enabled":true,"jetpack_likes_enabled":true,"jetpack-related-posts":[{"id":42425,"url":"http:\/\/batimedianews.com\/live\/index.php\/2025\/01\/29\/les-fontaines-de-degraissage-mewa-soffrent-une-nouvelle-fonctionnalite\/","url_meta":{"origin":2723,"position":0},"title":"Les fontaines de d\u00e9graissage Mewa s\u2019offrent une nouvelle fonctionnalit\u00e9","date":"29 janvier 2025","format":false,"excerpt":"Mewa enrichit son offre de fontaines de d\u00e9graissage respectueuses de l\u2019environnement. Les fontaines Mewa Eco-Clean Mini et Mewa Eco-Clean Maxi peuvent d\u00e9sormais \u00eatre \u00e9quip\u00e9es d\u2019une cabine en acier inoxydable, sp\u00e9cifiquement con\u00e7ue pour le nettoyage par jet puls\u00e9. Cette innovation permet un nettoyage de pi\u00e8ces encore plus rapide et efficace. La\u2026","rel":"","context":"Dans &quot;Actualit\u00e9 Entreprises&quot;","img":{"alt_text":"","src":"https:\/\/i2.wp.com\/batimedianews.com\/live\/wp-content\/uploads\/2025\/01\/Mewa.jpg?fit=825%2C825&resize=350%2C200","width":350,"height":200},"classes":[]},{"id":23579,"url":"http:\/\/batimedianews.com\/live\/index.php\/2022\/09\/27\/palazzetti-nouvelle-plateforme-t3\/","url_meta":{"origin":2723,"position":1},"title":"PALAZZETTI Nouvelle plateforme T3","date":"27 septembre 2022","format":false,"excerpt":"L\u2019\u00e9volution de la combustion comme synth\u00e8se de performances, d\u2019efficacit\u00e9 et d\u2019\u00e9conomies \u00e9nerg\u00e9tiques Aujourd\u2019hui, les produits Palazzetti sont de v\u00e9ritables installations de chauffage, intuitives et performantes, en mesure de chauffer des habitations enti\u00e8res de mani\u00e8re efficace, en toute aisance et avec un impact tr\u00e8s faible sur l\u2019environnement gr\u00e2ce au contr\u00f4le des\u2026","rel":"","context":"Dans &quot;Actualit\u00e9 Entreprises&quot;","img":{"alt_text":"","src":"https:\/\/i2.wp.com\/batimedianews.com\/live\/wp-content\/uploads\/2022\/09\/Palazzetti-Article3.jpg?fit=1080%2C1080&resize=350%2C200","width":350,"height":200},"classes":[]},{"id":16970,"url":"http:\/\/batimedianews.com\/live\/index.php\/2022\/03\/07\/reduire-sa-consommation-denergie-avec-lifx\/","url_meta":{"origin":2723,"position":2},"title":"R\u00e9duire sa consommation d\u2019\u00e9nergie avec LIFX","date":"7 mars 2022","format":false,"excerpt":"Alors que les prix de l\u2019\u00e9lectricit\u00e9 ou du gaz montent en fl\u00e8che, et que le t\u00e9l\u00e9travail est majoritaire, la priorit\u00e9\u2002 num\u00e9ro un pour la plupart d\u2019entre nous est de trouver des moyens pour r\u00e9duire sa consommation d'\u00e9nergie. Aujourd\u2019hui, les produits connect\u00e9s peuvent apporter un premier \u00e9l\u00e9ment de r\u00e9ponse \u00e0 cette\u2026","rel":"","context":"Dans &quot;Actualit\u00e9 Entreprises&quot;","img":{"alt_text":"","src":"https:\/\/i1.wp.com\/batimedianews.com\/live\/wp-content\/uploads\/2022\/03\/LIFX-Article.jpg?fit=512%2C512&resize=350%2C200","width":350,"height":200},"classes":[]},{"id":23569,"url":"http:\/\/batimedianews.com\/live\/index.php\/2022\/09\/27\/palazzetti-poele-ecofire-clelia\/","url_meta":{"origin":2723,"position":3},"title":"PALAZZETTI po\u00eale Ecofire  Clelia","date":"27 septembre 2022","format":false,"excerpt":"Un design moderne pour un condens\u00e9 de technologie, de fiabilit\u00e9 et de performances Clelia est le nouveau po\u00eale \u00e0 granul\u00e9s Ecofire\u00ae \u00e9tanche de Palazzetti qui allie un design moderne \u00e0 une grande efficacit\u00e9 gr\u00e2ce \u00e0 son rev\u00eatement en acier laqu\u00e9 et \u00e0 ses c\u00f4t\u00e9s arrondis qui en adoucissent la forme.\u2026","rel":"","context":"Dans &quot;Actualit\u00e9 Entreprises&quot;","img":{"alt_text":"","src":"https:\/\/i0.wp.com\/batimedianews.com\/live\/wp-content\/uploads\/2022\/09\/Palazzetti-Article.jpg?fit=1080%2C1080&resize=350%2C200","width":350,"height":200},"classes":[]},{"id":8675,"url":"http:\/\/batimedianews.com\/live\/index.php\/2021\/03\/09\/actiplast-obtient-la-premiere-certification-iscc-pour-ses-formules-pvc-responsables\/","url_meta":{"origin":2723,"position":4},"title":"ACTIPLAST OBTIENT LA PREMI\u00c8RE CERTIFICATION ISCC+ POUR SES FORMULES PVC RESPONSABLES","date":"9 mars 2021","format":false,"excerpt":"\u00a0Actiplast, expert de la formulation PVC, vient d\u2019obtenir ISCC+, la certification internationale de durabilit\u00e9 carbone.\u00a0 Elle d\u00e9montre que depuis la formulation des mati\u00e8res premi\u00e8res (issues de biomasse ou de d\u00e9chets et r\u00e9sidus) jusqu'au process de transformation, la tra\u00e7abilit\u00e9 est assur\u00e9e, en conformit\u00e9 avec le standard international de durabilit\u00e9. \u00ab Nous\u2026","rel":"","context":"Dans &quot;Actiplast&quot;","img":{"alt_text":"","src":"https:\/\/i0.wp.com\/batimedianews.com\/live\/wp-content\/uploads\/2021\/03\/image-13.png?fit=724%2C484&resize=350%2C200","width":350,"height":200},"classes":[]},{"id":11491,"url":"http:\/\/batimedianews.com\/live\/index.php\/2021\/08\/27\/retrait-de-lamiante-les-solutions-lapro-environnement-en-video\/","url_meta":{"origin":2723,"position":5},"title":"RETRAIT DE L\u2019AMIANTE : LES SOLUTIONS LAPRO ENVIRONNEMENT EN VID\u00c9O!","date":"27 ao\u00fbt 2021","format":false,"excerpt":"Lapro Environnement, le distributeur de mat\u00e9riels et de services d\u00e9di\u00e9s au retrait de mat\u00e9riaux polluants (amiante, plomb) et au nettoyage de sites industriels, a r\u00e9cemment lanc\u00e9e sa cha\u00eene Youtube. Des vid\u00e9os courtes et pragmatiques sont r\u00e9guli\u00e8rement ajout\u00e9es pour enrichir cet espace d\u2019information compl\u00e9mentaire au site internet ainsi qu\u2019au catalogue du\u2026","rel":"","context":"Dans &quot;Actualit\u00e9 Entreprises&quot;","img":{"alt_text":"","src":"https:\/\/i2.wp.com\/batimedianews.com\/live\/wp-content\/uploads\/2021\/08\/LAPRO-Article.jpg?fit=512%2C512&resize=350%2C200","width":350,"height":200},"classes":[]}],"_links":{"self":[{"href":"http:\/\/batimedianews.com\/live\/index.php\/wp-json\/wp\/v2\/posts\/2723"}],"collection":[{"href":"http:\/\/batimedianews.com\/live\/index.php\/wp-json\/wp\/v2\/posts"}],"about":[{"href":"http:\/\/batimedianews.com\/live\/index.php\/wp-json\/wp\/v2\/types\/post"}],"author":[{"embeddable":true,"href":"http:\/\/batimedianews.com\/live\/index.php\/wp-json\/wp\/v2\/users\/1"}],"replies":[{"embeddable":true,"href":"http:\/\/batimedianews.com\/live\/index.php\/wp-json\/wp\/v2\/comments?post=2723"}],"version-history":[{"count":2,"href":"http:\/\/batimedianews.com\/live\/index.php\/wp-json\/wp\/v2\/posts\/2723\/revisions"}],"predecessor-version":[{"id":2728,"href":"http:\/\/batimedianews.com\/live\/index.php\/wp-json\/wp\/v2\/posts\/2723\/revisions\/2728"}],"wp:featuredmedia":[{"embeddable":true,"href":"http:\/\/batimedianews.com\/live\/index.php\/wp-json\/wp\/v2\/media\/2726"}],"wp:attachment":[{"href":"http:\/\/batimedianews.com\/live\/index.php\/wp-json\/wp\/v2\/media?parent=2723"}],"wp:term":[{"taxonomy":"category","embeddable":true,"href":"http:\/\/batimedianews.com\/live\/index.php\/wp-json\/wp\/v2\/categories?post=2723"},{"taxonomy":"post_tag","embeddable":true,"href":"http:\/\/batimedianews.com\/live\/index.php\/wp-json\/wp\/v2\/tags?post=2723"}],"curies":[{"name":"wp","href":"https:\/\/api.w.org\/{rel}","templated":true}]}}