{"id":2729,"date":"2019-09-13T09:00:34","date_gmt":"2019-09-13T07:00:34","guid":{"rendered":"http:\/\/batimedianews.com\/live\/?p=2729"},"modified":"2021-10-20T12:56:13","modified_gmt":"2021-10-20T10:56:13","slug":"europamiante-participera-au-80eme-congres-hlm-et-presentera-une-autre-facon-dentreprendre","status":"publish","type":"post","link":"http:\/\/batimedianews.com\/live\/index.php\/2019\/09\/13\/europamiante-participera-au-80eme-congres-hlm-et-presentera-une-autre-facon-dentreprendre\/","title":{"rendered":"EUROPAMIANTE PARTICIPERA AU 80\u00c8ME CONGR\u00c8S HLM ET PR\u00c9SENTERA UNE AUTRE FA\u00c7ON D\u2019ENTREPRENDRE"},"content":{"rendered":"\n<p style=\"text-align:justify\">Le Congr\u00e8s HLM est un \u00e9v\u00e9nement incontournable  pour faire le point et envisager l\u2019avenir de la  politique du logement et de l\u2019habitat social.<br> Pour sa 80\u00e8me \u00e9dition, qui se d\u00e9roulera du 24 au  26 septembre 2019 \u00e0 Paris (Porte de Versailles), les  organismes HLM, les banques, les assureurs, les  architectes, les entreprises priv\u00e9es du b\u00e2timent, les  instances territoriales et les associations r\u00e9gionales  vont se r\u00e9unir pour confronter leurs exp\u00e9riences,  partager leurs points de vue, et valoriser les  solutions qui vont am\u00e9liorer l\u2019habitat social de  demain.<br> EuropAmiante, l\u2019expert du d\u00e9samiantage, sera  pr\u00e9sent pour mettre en avant son expertise des  interventions en milieux occup\u00e9s et \u00e0 risques,  \u00e9voquer son engagement social et partager  son t\u00e9moignage sur une autre fa\u00e7on de piloter  l\u2019entreprise : l\u2019auto-gouvernance.<\/p>\n\n\n\n<h2>L\u2019expert des interventions en  milieux occup\u00e9s et \u00e0 risques<\/h2>\n\n\n\n<p style=\"text-align:justify\">Sp\u00e9cialis\u00e9e dans le d\u00e9samiantage, la d\u00e9pollution, la d\u00e9construction  et le d\u00e9plombage, EuropAmiante est surtout connue pour ses  interventions en milieux occup\u00e9s et \u00e0 risques.<br> Gr\u00e2ce \u00e0 ses \u00e9quipes hautement qualifi\u00e9es et \u00e0 d\u2019importants moyens  mat\u00e9riels, elle assure la ma\u00eetrise de l\u2019ensemble de la cha\u00eene amiante  sans aucune sous-traitance.<br> Une expertise tr\u00e8s appr\u00e9ci\u00e9e par ses nombreux clients parmi lesquels  figurent notamment la Pr\u00e9fecture d\u2019Ile-de-France, le Minist\u00e8re de  l\u2019Int\u00e9rieur (gendarmeries et commissariats), le Palais de l\u2019Elys\u00e9e\u2026  Ce savoir-faire commence d\u2019ailleurs \u00e0 se faire conna\u00eetre au-del\u00e0 de  nos fronti\u00e8res. EuropAmiante a pu s\u2019ouvrir \u00e0 l\u2019internationalisation  avec une premi\u00e8re exp\u00e9rience \u00e0 l\u2019\u00e9tranger avec le d\u00e9samiantage  de l\u2019Ambassade de France \u00e0 Islamabad au Pakistan. Une op\u00e9ration  couronn\u00e9e de succ\u00e8s qui lui a valu l\u2019attribution du Troph\u00e9e Or  dans la cat\u00e9gorie Visa pour  l\u2019international du Grand Prix des Chefs  d\u2019Entreprise en 2018.<\/p>\n\n\n\n<h2>La valorisation de l\u2019humain \u00e0 tous les niveaux<\/h2>\n\n\n\n<p style=\"text-align:justify\">Leur point commun ? Elles ont toutes l\u2019humain en leur centre.<br> C\u2019est pour cela que, depuis sa cr\u00e9ation, EuropAmiante investit sur la  qualit\u00e9 de vie au travail. Il s\u2019agit de cr\u00e9er un cadre de travail agr\u00e9able,  \u00e9panouissant et accueillant, dans lequel chaque collaborateur se  sente bien.<br> De nombreux am\u00e9nagements ont ainsi \u00e9t\u00e9 effectu\u00e9s dans ses locaux :  cr\u00e9ation d\u2019une salle de sport pour se d\u00e9fouler et se faire plaisir tout en  entretenant sa forme, d\u2019une salle de sieste Zen avec fauteuil massant\/  relaxant pour se d\u00e9tendre et se reposer, d\u2019un Bio Resto avec Chef  cuisinier pour \u00e9changer et se r\u00e9galer\u2026<br> Acteur \u00e9co-responsable et d\u00e9j\u00e0 membre du club PME &amp;  D\u00e9veloppement Durable, EuropAmiante m\u00e8ne aussi des actions \u00e0  taille humaine impliquant collaborateurs, clients et partenaires dans  sa d\u00e9marche.<\/p>\n\n\n\n<h2>EuropAmiante, ambassadeur de l\u2019auto-gouvernance<\/h2>\n\n\n\n<p style=\"text-align:justify\">Les entreprises fran\u00e7aises sont-elles moins comp\u00e9titives car victimes  d\u2019une pesante hi\u00e9rarchie en strates, trop pesante et paralysante ?<br> \u00c0 contre-courant des pratiques majoritaires actuelles, EuropAmiante  pr\u00f4ne l\u2019auto-gouvernance, une fa\u00e7on de piloter l\u2019entreprise qui  redonne le pouvoir \u00e0 l\u2019organisation en \u00e9quipe.<br> En pratique, gr\u00e2ce \u00e0 une constitution commune et des r\u00e8gles du jeu  claires pour tous, les employ\u00e9s sont port\u00e9s par la vision commune  de l\u2019entreprise. Des outils concrets sont \u00e9galement disponibles pour  cartographier le fonctionnement et les interactions de chacun.<br> Cette approche qui bouscule les codes de la hi\u00e9rarchie traditionnelle,  pr\u00e9sente de nombreux avantages :<br> \u2022 Les salari\u00e9s deviennent plus autonomes et plus responsables,<br> \u2022 Ils sont polyvalents,<br> \u2022 Le travail retrouve du sens et de la valeur,<br> \u2022 Les clients sont satisfaits d\u2019avoir affaire \u00e0 une \u00e9quipe restreinte  d\u2019interlocuteurs.<\/p>\n\n\n\n<p style=\"text-align:justify\">Cette organisation responsabilisante et participative est aussi propice  \u00e0 la r\u00e9flexion strat\u00e9gique. Consciente de la dur\u00e9e de vie limit\u00e9e du  march\u00e9 du d\u00e9samiantage, EuropAmiante s\u2019int\u00e9resse aujourd\u2019hui \u00e0 des  activit\u00e9s connexes port\u00e9es par ses collaborateurs. Tout l\u2019enjeu est alors  de bien accompagner et de cadrer la mise en oeuvre de ces projets.<br> EuropAmiante compte sur cette nouvelle organisation qui facilitera  le lancement de nouvelles activit\u00e9s : le d\u00e9plombage des immeubles  avant 1947, la maintenance des toitures industrielles, le transport  des d\u00e9chets de mati\u00e8res dangereuses\u2026 Autant de niches qui vont  permettre \u00e0 EuropAmiante de d\u00e9velopper son savoir-faire et son  exp\u00e9rience.<\/p>\n\n\n\n<h2>\u00c0 propos de Carine Rouvier, la  fondatrice d\u2019EuropAmiante<\/h2>\n\n\n\n<div class=\"wp-block-image\"><figure class=\"alignleft is-resized\"><img loading=\"lazy\" src=\"https:\/\/i0.wp.com\/batimedianews.com\/live\/wp-content\/uploads\/2019\/09\/rouvier.jpg?resize=142%2C143\" alt=\"\" class=\"wp-image-2730\" width=\"142\" height=\"143\" srcset=\"https:\/\/i0.wp.com\/batimedianews.com\/live\/wp-content\/uploads\/2019\/09\/rouvier.jpg?w=428 428w, https:\/\/i0.wp.com\/batimedianews.com\/live\/wp-content\/uploads\/2019\/09\/rouvier.jpg?resize=150%2C150 150w, https:\/\/i0.wp.com\/batimedianews.com\/live\/wp-content\/uploads\/2019\/09\/rouvier.jpg?resize=297%2C300 297w, https:\/\/i0.wp.com\/batimedianews.com\/live\/wp-content\/uploads\/2019\/09\/rouvier.jpg?resize=10%2C10 10w, https:\/\/i0.wp.com\/batimedianews.com\/live\/wp-content\/uploads\/2019\/09\/rouvier.jpg?resize=396%2C401 396w, https:\/\/i0.wp.com\/batimedianews.com\/live\/wp-content\/uploads\/2019\/09\/rouvier.jpg?resize=217%2C220 217w\" sizes=\"(max-width: 600px) 91vw, (max-width: 900px) 600px, (max-width: 1060px) 50vw, (max-width: 1200px) 520px, (max-width: 1400px) 43vw, 600px\" data-recalc-dims=\"1\" \/><\/figure><\/div>\n\n\n\n<blockquote class=\"wp-block-quote\"><p>\u00ab LES \u00c9QUIPES TRAVAILLENT EN  \u201cCELLULES PROJETS\u201d. ELLES G\u00c8RENT  AINSI LES CHANTIERS DE A \u00c0 Z ,  DANS TOUTES LEURS DIMENSIONS :  OP\u00c9RATIONNEL, S\u00c9CURIT\u00c9 ET QUALIT\u00c9,   RESSOURCES HUMAINES, COMMERCIAL. \u00bb<br> Carine Rouvier, fondatrice d\u2019EuropAmiante<\/p><\/blockquote>\n\n\n\n<p style=\"text-align:justify\">Carine Rouvier a le temp\u00e9rament d\u2019une pionni\u00e8re ! Elle est la  toute premi\u00e8re femme \u00e0 avoir os\u00e9 s\u2019aventurer dans un domaine  jusque l\u00e0 exclusivement masculin : la cr\u00e9ation d\u2019une entreprise de  d\u00e9samiantage.<br> L\u2019aventure d\u2019EuropAmiante d\u00e9bute en effet il y a plus de 10 ans. Apr\u00e8s  une premi\u00e8re exp\u00e9rience de Directrice Administrative et Financi\u00e8re  dans la restauration, Carine a rachet\u00e9 une entreprise de r\u00e9novation,  Heres Maintenance B\u00e2timent.<br> Dans ce cadre, elle se charge d\u2019un chantier de d\u00e9samiantage et  d\u00e9couvre tout le potentiel de ce secteur en pleine expansion. Elle  cr\u00e9e alors EuropAmiante en 2008.<\/p>\n\n\n\n<blockquote class=\"wp-block-quote\"><p>Carine souligne :<br> \u00ab Aujourd\u2019hui, je suis fi\u00e8re de constater que notre  soci\u00e9t\u00e9 se porte tr\u00e8s bien et fait vivre 150 familles !<br> Cet engagement social a toujours \u00e9t\u00e9 un moteur pour  moi, m\u00eame si, en tant que Pr\u00e9sidente et Directrice  G\u00e9n\u00e9rale, je continue de viser la rentabilit\u00e9 et  d\u2019envisager la croissance \u00e0 long terme. \u00bb<\/p><\/blockquote>\n\n\n\n<p>Partie de z\u00e9ro, elle a r\u00e9ussi en 10 ans, avec le soutien de son \u00e9quipe,<br>\n\u00e0 propulser EuropAmiante comme une r\u00e9f\u00e9rence dans son secteur<br>\net \u00e0 se hisser au 15\u00e8me rang au niveau national et 3\u00e8me rang en Ile-de-<br>\nFrance. L\u2019entreprise sp\u00e9cialis\u00e9e en d\u00e9samiantage a ainsi r\u00e9alis\u00e9 10 M\u20ac<br>\nde chiffre d\u2019affaires en 2018 et pr\u00e9voit d\u2019atteindre 13 M\u20ac en 2019.<br>\nCarine ambitionne d\u00e9sormais d\u2019asseoir la notori\u00e9t\u00e9 d\u2019EuropAmiante<br>\net d\u2019obtenir de nouveaux march\u00e9s pour accro\u00eetre son d\u00e9veloppement<\/p>\n","protected":false},"excerpt":{"rendered":"<p>Le Congr\u00e8s HLM est un \u00e9v\u00e9nement incontournable pour faire le point et envisager l\u2019avenir de la politique du logement et de l\u2019habitat social. Pour sa 80\u00e8me \u00e9dition, qui se d\u00e9roulera du 24 au 26 septembre 2019 \u00e0 Paris (Porte de Versailles), les organismes HLM, les banques, les assureurs, les architectes, les entreprises priv\u00e9es du b\u00e2timent, [&hellip;]<\/p>\n","protected":false},"author":1,"featured_media":2731,"comment_status":"open","ping_status":"open","sticky":false,"template":"","format":"standard","meta":{"spay_email":""},"categories":[9,29,108],"tags":[526,527,525,524],"jetpack_featured_media_url":"https:\/\/i0.wp.com\/batimedianews.com\/live\/wp-content\/uploads\/2019\/09\/europeamiante1image.jpg?fit=1830%2C1011","jetpack_sharing_enabled":true,"jetpack_likes_enabled":true,"jetpack-related-posts":[{"id":11491,"url":"http:\/\/batimedianews.com\/live\/index.php\/2021\/08\/27\/retrait-de-lamiante-les-solutions-lapro-environnement-en-video\/","url_meta":{"origin":2729,"position":0},"title":"RETRAIT DE L\u2019AMIANTE : LES SOLUTIONS LAPRO ENVIRONNEMENT EN VID\u00c9O!","date":"27 ao\u00fbt 2021","format":false,"excerpt":"Lapro Environnement, le distributeur de mat\u00e9riels et de services d\u00e9di\u00e9s au retrait de mat\u00e9riaux polluants (amiante, plomb) et au nettoyage de sites industriels, a r\u00e9cemment lanc\u00e9e sa cha\u00eene Youtube. Des vid\u00e9os courtes et pragmatiques sont r\u00e9guli\u00e8rement ajout\u00e9es pour enrichir cet espace d\u2019information compl\u00e9mentaire au site internet ainsi qu\u2019au catalogue du\u2026","rel":"","context":"Dans &quot;Actualit\u00e9 Entreprises&quot;","img":{"alt_text":"","src":"https:\/\/i2.wp.com\/batimedianews.com\/live\/wp-content\/uploads\/2021\/08\/LAPRO-Article.jpg?fit=512%2C512&resize=350%2C200","width":350,"height":200},"classes":[]},{"id":58,"url":"http:\/\/batimedianews.com\/live\/index.php\/2018\/09\/21\/ogga-presente-ses-solutions-smarthome-qui-transforment-les-immeubles-en-batiments-communicants-et-intelligents\/","url_meta":{"origin":2729,"position":1},"title":"OGGA pr\u00e9sente ses solutions \u00ab SmartHome \u00bb qui transforment les immeubles en b\u00e2timents communicants et intelligents.","date":"21 septembre 2018","format":false,"excerpt":"A l\u2019occasion du Congr\u00e8s HLM, qui se tiendra du 9 au 11 octobre prochain \u00e0 Marseille, OGGA pr\u00e9sentera sa gamme de produits innovants qui rendent les b\u00e2timents intelligents, tout en ma\u00eetrisant les d\u00e9penses \u00e9nerg\u00e9tiques\u00a0: Eco-Touch, Eco-Link, Eco-Collect et Eco-Pilot.","rel":"","context":"Dans &quot;Smart Home&quot;","img":{"alt_text":"","src":"https:\/\/i0.wp.com\/batimedianews.com\/live\/wp-content\/uploads\/2018\/09\/ogga-rend-les-immeubles-communicants-et-intelligents-1.jpg?fit=1010%2C1010&resize=350%2C200","width":350,"height":200},"classes":[]},{"id":23216,"url":"http:\/\/batimedianews.com\/live\/index.php\/2022\/09\/16\/linterphone-vog5-durmet-presente-au-congres-hlm\/","url_meta":{"origin":2729,"position":2},"title":"L&rsquo;interphone \u00abVOG5\u00bb d&rsquo;Urmet pr\u00e9sent\u00e9 au congr\u00e8s HLM","date":"16 septembre 2022","format":false,"excerpt":"V\u00e9ritable alli\u00e9 pour\u00a0r\u00e9duire la consommation d'\u00e9nergie et\u00a0favoriser l'accessibilit\u00e9 et l'adaptabilit\u00e9 des logements aux personnes en situation de handicap,\u00a0le moniteur\u00a0interphone VOG5\u00a0pr\u00e9sente des fonctionnalit\u00e9s exclusives.\u00a0Urmet qui dispose de la\u00a0gamme la plus large du march\u00e9 en\u00a0interphone\u00a0GSM\u00a0sans fil\u00a0ou hybride,\u00a0n'en oublie pas pour autant le filaire\u00a0qui reste la\u00a0solution\u00a0r\u00e9pondant aux besoins des bailleurs sociaux, notamment dans\u2026","rel":"","context":"Dans &quot;Actualit\u00e9 Entreprises&quot;","img":{"alt_text":"","src":"https:\/\/i0.wp.com\/batimedianews.com\/live\/wp-content\/uploads\/2022\/09\/Urmet-Article.jpg?fit=1080%2C1080&resize=350%2C200","width":350,"height":200},"classes":[]},{"id":198,"url":"http:\/\/batimedianews.com\/live\/index.php\/2018\/10\/04\/salon-hexpo-myral-presente-la-finition-en-joint-debout-destinee-aux-logements-collectifs\/","url_meta":{"origin":2729,"position":3},"title":"Salon H&#039;Expo : Myral pr\u00e9sente la finition en joint debout destin\u00e9e aux logements collectifs","date":"4 octobre 2018","format":false,"excerpt":"Myral,\u00a0expert en isolation thermique par l'ext\u00e9rieur\u00a0et\u00a0acteur\u00a0majeur\u00a0du logement social,\u00a0sera pr\u00e9sent\u00a0au\u00a079\u00e8me\u00a0Congr\u00e8s de l'Union sociale pour\u00a0l'habitat\u00a0qui se tiendra cette ann\u00e9e\u00a0du\u00a09 au 11 octobre\u00a0au\u00a0Parc Chanot \u00e0 Marseille. > L'\u00e9quipe prescription pr\u00e9sentera\u00a0la\u00a0nouvelle solution \u00e0 l'esth\u00e9tique joint debout. Une innovation simple de mise en\u00a0\u0153uvre et \u00e9conomique qui, seule ou mix\u00e9e, offre un style moderne et contemporain\u2026","rel":"","context":"Dans &quot;Isolation&quot;","img":{"alt_text":"","src":"https:\/\/i1.wp.com\/batimedianews.com\/live\/wp-content\/uploads\/2018\/10\/unnamed.jpg?fit=384%2C256&resize=350%2C200","width":350,"height":200},"classes":[]},{"id":31141,"url":"http:\/\/batimedianews.com\/live\/index.php\/2023\/09\/11\/la-societe-rairies-montrieux-presente-au-salon-hexpo\/","url_meta":{"origin":2729,"position":4},"title":"La soci\u00e9t\u00e9 Rairies Montrieux pr\u00e9sente au salon H&rsquo;Expo","date":"11 septembre 2023","format":false,"excerpt":"LA SOCI\u00c9T\u00c9 RAIRIES MONTRIEUX sera pr\u00e9sente au salon H'Expo,\u00a0qui se tiendra du 3 au 5 octobre au parc des Expositions de la Beaujoire\u00a0\u00e0 Nantes.\u00a0 Le salon H\u2019Expo est aujourd\u2019hui l\u2019\u00e9v\u00e8nement national incontournable d\u00e9di\u00e9 aux professionnels de l\u2019habitat social, il s\u2019inscrit dans un \u00e9v\u00e8nement global qui est le Congr\u00e8s de l\u2019Union\u2026","rel":"","context":"Dans &quot;Actualit\u00e9 Entreprises&quot;","img":{"alt_text":"","src":"https:\/\/i1.wp.com\/batimedianews.com\/live\/wp-content\/uploads\/2023\/09\/Rairies-Montrieux-articles.jpg?fit=825%2C825&resize=350%2C200","width":350,"height":200},"classes":[]},{"id":17717,"url":"http:\/\/batimedianews.com\/live\/index.php\/2022\/03\/23\/logement-les-candidates-et-candidats-a-la-presidentielle-et-leurs-representants-auditionnes\/","url_meta":{"origin":2729,"position":5},"title":"Logement : les candidates et candidats \u00e0 la Pr\u00e9sidentielle et leurs repr\u00e9sentants auditionn\u00e9s","date":"23 mars 2022","format":false,"excerpt":"L\u2019Union sociale pour l\u2019habitat, la Fondation Abb\u00e9 Pierre, la F\u00e9d\u00e9ration fran\u00e7aise du B\u00e2timent, France urbaine et Intercommunalit\u00e9s de France, rassembl\u00e9s dans le cadre de l\u2019\u00ab Alliance pour le logement, grande cause nationale du quinquennat \u00bb, ont formul\u00e9 21 propositions articul\u00e9es autour de 7 axes. Le 9 mars \u00e0 Paris, ils\u2026","rel":"","context":"Dans &quot;Actualit\u00e9 Entreprises&quot;","img":{"alt_text":"","src":"https:\/\/i1.wp.com\/batimedianews.com\/live\/wp-content\/uploads\/2022\/03\/UnionSocialePour-LHabitat-Article.jpg?fit=512%2C512&resize=350%2C200","width":350,"height":200},"classes":[]}],"_links":{"self":[{"href":"http:\/\/batimedianews.com\/live\/index.php\/wp-json\/wp\/v2\/posts\/2729"}],"collection":[{"href":"http:\/\/batimedianews.com\/live\/index.php\/wp-json\/wp\/v2\/posts"}],"about":[{"href":"http:\/\/batimedianews.com\/live\/index.php\/wp-json\/wp\/v2\/types\/post"}],"author":[{"embeddable":true,"href":"http:\/\/batimedianews.com\/live\/index.php\/wp-json\/wp\/v2\/users\/1"}],"replies":[{"embeddable":true,"href":"http:\/\/batimedianews.com\/live\/index.php\/wp-json\/wp\/v2\/comments?post=2729"}],"version-history":[{"count":1,"href":"http:\/\/batimedianews.com\/live\/index.php\/wp-json\/wp\/v2\/posts\/2729\/revisions"}],"predecessor-version":[{"id":2732,"href":"http:\/\/batimedianews.com\/live\/index.php\/wp-json\/wp\/v2\/posts\/2729\/revisions\/2732"}],"wp:featuredmedia":[{"embeddable":true,"href":"http:\/\/batimedianews.com\/live\/index.php\/wp-json\/wp\/v2\/media\/2731"}],"wp:attachment":[{"href":"http:\/\/batimedianews.com\/live\/index.php\/wp-json\/wp\/v2\/media?parent=2729"}],"wp:term":[{"taxonomy":"category","embeddable":true,"href":"http:\/\/batimedianews.com\/live\/index.php\/wp-json\/wp\/v2\/categories?post=2729"},{"taxonomy":"post_tag","embeddable":true,"href":"http:\/\/batimedianews.com\/live\/index.php\/wp-json\/wp\/v2\/tags?post=2729"}],"curies":[{"name":"wp","href":"https:\/\/api.w.org\/{rel}","templated":true}]}}